{"id":231946,"date":"2026-04-26T10:55:00","date_gmt":"2026-04-26T13:55:00","guid":{"rendered":"https:\/\/www.correiobraziliense.com.br\/cbradar\/?p=231946"},"modified":"2026-04-25T12:06:08","modified_gmt":"2026-04-25T15:06:08","slug":"o-tempero-simples-que-muita-gente-usa-no-arroz-mas-quase-nunca-pensa-em-colocar-no-ovo-mexido","status":"publish","type":"post","link":"https:\/\/www.correiobraziliense.com.br\/cbradar\/o-tempero-simples-que-muita-gente-usa-no-arroz-mas-quase-nunca-pensa-em-colocar-no-ovo-mexido\/","title":{"rendered":"O tempero simples que muita gente usa no arroz, mas quase nunca pensa em colocar no ovo mexido"},"content":{"rendered":"\n<p>Muitas pessoas buscam maneiras pr\u00e1ticas de transformar as refei\u00e7\u00f5es b\u00e1sicas em experi\u00eancias nutritivas e saborosas sem gastar muito tempo na cozinha. Um ingrediente muito comum no preparo do arroz branco pode elevar drasticamente o valor biol\u00f3gico das prote\u00ednas consumidas logo nas primeiras horas do dia. Essa pequena mudan\u00e7a no tempero promove benef\u00edcios para o corpo humano de maneira discreta.<\/p>\n\n\n\n<h2 class=\"wp-block-heading\">Qual \u00e9 o segredo desse tempero comum no arroz?<\/h2>\n\n\n\n<p>A <strong>C\u00farcuma<\/strong> \u00e9 frequentemente utilizada para dar cor e um sabor terroso ao arroz, mas seu potencial nos ovos mexidos \u00e9 ignorado por muitos cozinheiros. Esse condimento cont\u00e9m compostos que auxiliam na digest\u00e3o e combatem processos inflamat\u00f3rios naturais que podem surgir no organismo durante per\u00edodos de cansa\u00e7o extremo. Sua versatilidade permite combina\u00e7\u00f5es arom\u00e1ticas excelentes para todos os indiv\u00edduos saud\u00e1veis.<\/p>\n\n\n\n<p>Adicionar uma pitada dessa raiz em p\u00f3 logo ap\u00f3s quebrar as gemas cria um contraste visual vibrante que estimula o apetite de forma saud\u00e1vel. Os pigmentos naturais presentes no vegetal funcionam como agentes protetores das c\u00e9lulas cerebrais contra o desgaste provocado pelos radicais livres em excesso. O resultado \u00e9 um prato matinal muito mais completo e nutritivo para qualquer refei\u00e7\u00e3o.<\/p>\n\n\n\n<figure class=\"wp-block-image size-full\"><img decoding=\"async\" width=\"1280\" height=\"720\" src=\"https:\/\/www.correiobraziliense.com.br\/cbradar\/wp-content\/uploads\/2026\/04\/Gemini_Generated_Image_e5lggqe5lggqe5lg-1-1.png\" alt=\"O tempero simples que muita gente usa no arroz, mas quase nunca pensa em colocar no ovo mexido\" class=\"wp-image-231955\" srcset=\"https:\/\/www.correiobraziliense.com.br\/cbradar\/wp-content\/uploads\/2026\/04\/Gemini_Generated_Image_e5lggqe5lggqe5lg-1-1.png 1280w, https:\/\/www.correiobraziliense.com.br\/cbradar\/wp-content\/uploads\/2026\/04\/Gemini_Generated_Image_e5lggqe5lggqe5lg-1-1-300x169.png 300w, https:\/\/www.correiobraziliense.com.br\/cbradar\/wp-content\/uploads\/2026\/04\/Gemini_Generated_Image_e5lggqe5lggqe5lg-1-1-768x432.png 768w, https:\/\/www.correiobraziliense.com.br\/cbradar\/wp-content\/uploads\/2026\/04\/Gemini_Generated_Image_e5lggqe5lggqe5lg-1-1-750x422.png 750w, https:\/\/www.correiobraziliense.com.br\/cbradar\/wp-content\/uploads\/2026\/04\/Gemini_Generated_Image_e5lggqe5lggqe5lg-1-1-1140x641.png 1140w\" sizes=\"(max-width: 1280px) 100vw, 1280px\" \/><\/figure>\n\n\n\n<h2 class=\"wp-block-heading\">Como a combina\u00e7\u00e3o potencializa a absor\u00e7\u00e3o de nutrientes?<\/h2>\n\n\n\n<p>A presen\u00e7a de gorduras naturais na gema favorece a assimila\u00e7\u00e3o dos componentes ativos do tempero pelo sistema circulat\u00f3rio humano com grande facilidade metab\u00f3lica. Quando ingeridos juntos, esses ingredientes trabalham em sinergia para fortalecer a imunidade e garantir que os minerais essenciais sejam aproveitados integralmente pelas estruturas \u00f3sseas. Manter essa uni\u00e3o \u00e9 uma estrat\u00e9gia biol\u00f3gica inteligente e simples para viver plenamente.<\/p>\n\n\n\n<p>O calor moderado da frigideira ajuda a liberar as subst\u00e2ncias ben\u00e9ficas sem destruir as vitaminas sens\u00edveis presentes nos ovos frescos colhidos recentemente do campo. Essa estabilidade t\u00e9rmica \u00e9 fundamental para que o organismo receba todos os antioxidantes necess\u00e1rios para manter a pele e os cabelos fortes e brilhantes. Cozinhar com consci\u00eancia transforma ingredientes humildes em verdadeiros elixires vitais de fato.<\/p>\n\n\n\n<h2 class=\"wp-block-heading\">Quais s\u00e3o os benef\u00edcios de temperar com intelig\u00eancia?<\/h2>\n\n\n\n<p>Mudar o h\u00e1bito de temperar apenas com sal permite que o paladar explore novas camadas sensoriais e aprecie melhor os alimentos naturais dispon\u00edveis. A introdu\u00e7\u00e3o de condimentos diversificados reduz a necessidade de s\u00f3dio em excesso, protegendo o sistema cardiovascular contra press\u00f5es elevadas e desgastes arteriais perigosos. Pequenas substitui\u00e7\u00f5es di\u00e1rias geram um grande al\u00edvio para a sa\u00fade sist\u00eamica de qualquer ser.<\/p>\n\n\n\n<p>Principais raz\u00f5es para diversificar as especiarias na dieta:<\/p>\n\n\n\n<ul class=\"wp-block-list\">\n<li>Melhora do funcionamento do trato gastrointestinal.<\/li>\n\n\n\n<li>Aumento da ingest\u00e3o de fitoqu\u00edmicos protetores.<\/li>\n\n\n\n<li>Redu\u00e7\u00e3o da depend\u00eancia de intensificadores artificiais.<\/li>\n\n\n\n<li>Estabiliza\u00e7\u00e3o dos n\u00edveis de glicose no sangue.<\/li>\n\n\n\n<li>Promo\u00e7\u00e3o de uma longevidade f\u00edsica saud\u00e1vel.<\/li>\n<\/ul>\n\n\n\n<h2 class=\"wp-block-heading\">De que maneira o tempero auxilia no foco mental?<\/h2>\n\n\n\n<p>Subst\u00e2ncias encontradas em ra\u00edzes como a <strong>C\u00farcuma<\/strong> atravessam barreiras importantes no c\u00e9rebro para promover a limpeza de res\u00edduos metab\u00f3licos acumulados durante o sono profundo. Essa faxina biol\u00f3gica \u00e9 crucial para que os neur\u00f4nios funcionem com clareza e rapidez durante as atividades intelectuais mais exigentes. Manter a mente afiada requer nutrientes que protejam as conex\u00f5es nervosas internas de forma muito eficiente.<\/p>\n\n\n\n<p>A redu\u00e7\u00e3o do estresse oxidativo nas c\u00e9lulas nervosas permite uma melhor comunica\u00e7\u00e3o qu\u00edmica entre as diversas \u00e1reas respons\u00e1veis pela mem\u00f3ria e pelo aprendizado constante. Quando o corpo est\u00e1 bem nutrido com antioxidantes naturais, a disposi\u00e7\u00e3o para enfrentar novos desafios cresce de maneira est\u00e1vel e duradoura. O tempero do arroz torna-se assim um combust\u00edvel essencial para o sucesso intelectual de todos.<\/p>\n\n\n\n<figure class=\"wp-block-image size-full\"><img decoding=\"async\" width=\"1280\" height=\"720\" src=\"https:\/\/www.correiobraziliense.com.br\/cbradar\/wp-content\/uploads\/2026\/04\/Gemini_Generated_Image_uigok0uigok0uigo-1-1.png\" alt=\"O tempero simples que muita gente usa no arroz, mas quase nunca pensa em colocar no ovo mexido\" class=\"wp-image-231956\" srcset=\"https:\/\/www.correiobraziliense.com.br\/cbradar\/wp-content\/uploads\/2026\/04\/Gemini_Generated_Image_uigok0uigok0uigo-1-1.png 1280w, https:\/\/www.correiobraziliense.com.br\/cbradar\/wp-content\/uploads\/2026\/04\/Gemini_Generated_Image_uigok0uigok0uigo-1-1-300x169.png 300w, https:\/\/www.correiobraziliense.com.br\/cbradar\/wp-content\/uploads\/2026\/04\/Gemini_Generated_Image_uigok0uigok0uigo-1-1-768x432.png 768w, https:\/\/www.correiobraziliense.com.br\/cbradar\/wp-content\/uploads\/2026\/04\/Gemini_Generated_Image_uigok0uigok0uigo-1-1-750x422.png 750w, https:\/\/www.correiobraziliense.com.br\/cbradar\/wp-content\/uploads\/2026\/04\/Gemini_Generated_Image_uigok0uigok0uigo-1-1-1140x641.png 1140w\" sizes=\"(max-width: 1280px) 100vw, 1280px\" \/><figcaption class=\"wp-element-caption\">Adicionar c\u00farcuma aos ovos mexidos aumenta o valor nutricional e melhora a sa\u00fade geral<\/figcaption><\/figure>\n\n\n\n<p>Leia tamb\u00e9m: <a href=\"https:\/\/www.correiobraziliense.com.br\/cbradar\/peixes-em-conserva-com-boa-quantidade-de-proteina-para-refeicoes-rapidas-e-mais-satisfatorias\/\" target=\"_blank\" rel=\"noreferrer noopener\">Peixes em conserva com boa quantidade de prote\u00edna para refei\u00e7\u00f5es r\u00e1pidas e mais satisfat\u00f3rias<\/a><\/p>\n\n\n\n<h2 class=\"wp-block-heading\">Como integrar esse h\u00e1bito na rotina alimentar?<\/h2>\n\n\n\n<p>Basta reservar um pequeno pote com o condimento ao lado do fog\u00e3o para facilitar o uso durante o preparo matinal de forma autom\u00e1tica. O segredo para a consist\u00eancia \u00e9 tornar o acesso visual aos temperos naturais uma parte integrante da decora\u00e7\u00e3o da cozinha. Pequenos lembretes ajudam a fixar novos comportamentos que beneficiam a sa\u00fade f\u00edsica por muitos anos sempre.<\/p>\n\n\n\n<p>Informa\u00e7\u00f5es da <strong>National Institutes of Health<\/strong> indicam que a inclus\u00e3o de ervas e especiarias na dieta \u00e9 fundamental para a preven\u00e7\u00e3o de doen\u00e7as metab\u00f3licas severas. Adotar um <a target=\"_blank\" rel=\"noreferrer noopener\" href=\"https:\/\/www.nccih.nih.gov\/health\/turmeric\">estilo de vida saud\u00e1vel<\/a> permite que o ser humano mantenha a vitalidade necess\u00e1ria para desfrutar de momentos felizes. Respeitar o pr\u00f3prio ritmo e as necessidades do organismo \u00e9 um ato de puro carinho.<\/p>\n","protected":false},"excerpt":{"rendered":"<p>Muitas pessoas buscam maneiras pr\u00e1ticas de transformar as refei\u00e7\u00f5es b\u00e1sicas em experi\u00eancias nutritivas e saborosas sem gastar muito tempo na cozinha. Um ingrediente muito comum no preparo do arroz branco pode elevar drasticamente o valor biol\u00f3gico das prote\u00ednas consumidas logo nas primeiras horas do dia. Essa pequena mudan\u00e7a no tempero promove benef\u00edcios para o corpo [&hellip;]<\/p>\n","protected":false},"author":21,"featured_media":231954,"comment_status":"open","ping_status":"open","sticky":false,"template":"","format":"standard","meta":{"_yoast_wpseo_focuskw":"Benef\u00edcios da c\u00farcuma","_yoast_wpseo_title":"","_yoast_wpseo_metadesc":"Um tempero comum pode transformar ovos simples em uma refei\u00e7\u00e3o mais nutritiva e funcional trazendo benef\u00edcios surpreendentes ao organismo","jnews-multi-image_gallery":[],"jnews_single_post":{"format":"standard"},"jnews_primary_category":[],"jnews_social_meta":[],"jnews_override_counter":[],"footnotes":""},"categories":[119],"post_tag":[],"class_list":["post-231946","post","type-post","status-publish","format-standard","has-post-thumbnail","hentry","category-bem-estar"],"yoast_head":"<!-- This site is optimized with the Yoast SEO plugin v24.6 - https:\/\/yoast.com\/wordpress\/plugins\/seo\/ -->\n<title>O tempero simples que muita gente usa no arroz, mas quase nunca pensa em colocar no ovo mexido - Correio Braziliense - Radar<\/title>\n<meta name=\"description\" content=\"Um tempero comum pode transformar ovos simples em uma refei\u00e7\u00e3o mais nutritiva e funcional trazendo benef\u00edcios surpreendentes ao organismo\" \/>\n<meta name=\"robots\" content=\"index, follow, max-snippet:-1, max-image-preview:large, max-video-preview:-1\" \/>\n<link rel=\"canonical\" href=\"https:\/\/www.correiobraziliense.com.br\/cbradar\/o-tempero-simples-que-muita-gente-usa-no-arroz-mas-quase-nunca-pensa-em-colocar-no-ovo-mexido\/\" \/>\n<meta property=\"og:locale\" content=\"pt_BR\" \/>\n<meta property=\"og:type\" content=\"article\" \/>\n<meta property=\"og:title\" content=\"O tempero simples que muita gente usa no arroz, mas quase nunca pensa em colocar no ovo mexido - Correio Braziliense - Radar\" \/>\n<meta property=\"og:description\" content=\"Um tempero comum pode transformar ovos simples em uma refei\u00e7\u00e3o mais nutritiva e funcional trazendo benef\u00edcios surpreendentes ao organismo\" \/>\n<meta property=\"og:url\" content=\"https:\/\/www.correiobraziliense.com.br\/cbradar\/o-tempero-simples-que-muita-gente-usa-no-arroz-mas-quase-nunca-pensa-em-colocar-no-ovo-mexido\/\" \/>\n<meta property=\"og:site_name\" content=\"Correio Braziliense - Radar\" \/>\n<meta property=\"article:published_time\" content=\"2026-04-26T13:55:00+00:00\" \/>\n<meta property=\"og:image\" content=\"https:\/\/www.correiobraziliense.com.br\/cbradar\/wp-content\/uploads\/2026\/04\/Gemini_Generated_Image_pd0hjipd0hjipd0h-1-1.png\" \/>\n\t<meta property=\"og:image:width\" content=\"1280\" \/>\n\t<meta property=\"og:image:height\" content=\"720\" \/>\n\t<meta property=\"og:image:type\" content=\"image\/png\" \/>\n<meta name=\"author\" content=\"Patrick Silva\" \/>\n<meta name=\"twitter:card\" content=\"summary_large_image\" \/>\n<meta name=\"twitter:label1\" content=\"Escrito por\" \/>\n\t<meta name=\"twitter:data1\" content=\"Patrick Silva\" \/>\n\t<meta name=\"twitter:label2\" content=\"Est. tempo de leitura\" \/>\n\t<meta name=\"twitter:data2\" content=\"5 minutos\" \/>\n<!-- \/ Yoast SEO plugin. -->","yoast_head_json":{"title":"O tempero simples que muita gente usa no arroz, mas quase nunca pensa em colocar no ovo mexido - Correio Braziliense - Radar","description":"Um tempero comum pode transformar ovos simples em uma refei\u00e7\u00e3o mais nutritiva e funcional trazendo benef\u00edcios surpreendentes ao organismo","robots":{"index":"index","follow":"follow","max-snippet":"max-snippet:-1","max-image-preview":"max-image-preview:large","max-video-preview":"max-video-preview:-1"},"canonical":"https:\/\/www.correiobraziliense.com.br\/cbradar\/o-tempero-simples-que-muita-gente-usa-no-arroz-mas-quase-nunca-pensa-em-colocar-no-ovo-mexido\/","og_locale":"pt_BR","og_type":"article","og_title":"O tempero simples que muita gente usa no arroz, mas quase nunca pensa em colocar no ovo mexido - Correio Braziliense - Radar","og_description":"Um tempero comum pode transformar ovos simples em uma refei\u00e7\u00e3o mais nutritiva e funcional trazendo benef\u00edcios surpreendentes ao organismo","og_url":"https:\/\/www.correiobraziliense.com.br\/cbradar\/o-tempero-simples-que-muita-gente-usa-no-arroz-mas-quase-nunca-pensa-em-colocar-no-ovo-mexido\/","og_site_name":"Correio Braziliense - Radar","article_published_time":"2026-04-26T13:55:00+00:00","og_image":[{"width":1280,"height":720,"url":"https:\/\/www.correiobraziliense.com.br\/cbradar\/wp-content\/uploads\/2026\/04\/Gemini_Generated_Image_pd0hjipd0hjipd0h-1-1.png","type":"image\/png"}],"author":"Patrick Silva","twitter_card":"summary_large_image","twitter_misc":{"Escrito por":"Patrick Silva","Est. tempo de leitura":"5 minutos"},"schema":{"@context":"https:\/\/schema.org","@graph":[{"@type":"WebPage","@id":"https:\/\/www.correiobraziliense.com.br\/cbradar\/o-tempero-simples-que-muita-gente-usa-no-arroz-mas-quase-nunca-pensa-em-colocar-no-ovo-mexido\/","url":"https:\/\/www.correiobraziliense.com.br\/cbradar\/o-tempero-simples-que-muita-gente-usa-no-arroz-mas-quase-nunca-pensa-em-colocar-no-ovo-mexido\/","name":"O tempero simples que muita gente usa no arroz, mas quase nunca pensa em colocar no ovo mexido - Correio Braziliense - Radar","isPartOf":{"@id":"https:\/\/www.correiobraziliense.com.br\/cbradar\/#website"},"primaryImageOfPage":{"@id":"https:\/\/www.correiobraziliense.com.br\/cbradar\/o-tempero-simples-que-muita-gente-usa-no-arroz-mas-quase-nunca-pensa-em-colocar-no-ovo-mexido\/#primaryimage"},"image":{"@id":"https:\/\/www.correiobraziliense.com.br\/cbradar\/o-tempero-simples-que-muita-gente-usa-no-arroz-mas-quase-nunca-pensa-em-colocar-no-ovo-mexido\/#primaryimage"},"thumbnailUrl":"https:\/\/www.correiobraziliense.com.br\/cbradar\/wp-content\/uploads\/2026\/04\/Gemini_Generated_Image_pd0hjipd0hjipd0h-1-1.png","datePublished":"2026-04-26T13:55:00+00:00","author":{"@id":"https:\/\/www.correiobraziliense.com.br\/cbradar\/#\/schema\/person\/5440b72be9c7eb74f446c846479dc4da"},"description":"Um tempero comum pode transformar ovos simples em uma refei\u00e7\u00e3o mais nutritiva e funcional trazendo benef\u00edcios surpreendentes ao organismo","breadcrumb":{"@id":"https:\/\/www.correiobraziliense.com.br\/cbradar\/o-tempero-simples-que-muita-gente-usa-no-arroz-mas-quase-nunca-pensa-em-colocar-no-ovo-mexido\/#breadcrumb"},"inLanguage":"pt-BR","potentialAction":[{"@type":"ReadAction","target":["https:\/\/www.correiobraziliense.com.br\/cbradar\/o-tempero-simples-que-muita-gente-usa-no-arroz-mas-quase-nunca-pensa-em-colocar-no-ovo-mexido\/"]}]},{"@type":"ImageObject","inLanguage":"pt-BR","@id":"https:\/\/www.correiobraziliense.com.br\/cbradar\/o-tempero-simples-que-muita-gente-usa-no-arroz-mas-quase-nunca-pensa-em-colocar-no-ovo-mexido\/#primaryimage","url":"https:\/\/www.correiobraziliense.com.br\/cbradar\/wp-content\/uploads\/2026\/04\/Gemini_Generated_Image_pd0hjipd0hjipd0h-1-1.png","contentUrl":"https:\/\/www.correiobraziliense.com.br\/cbradar\/wp-content\/uploads\/2026\/04\/Gemini_Generated_Image_pd0hjipd0hjipd0h-1-1.png","width":1280,"height":720,"caption":"Adicionar c\u00farcuma aos ovos mexidos aumenta o valor nutricional e melhora a sa\u00fade geral"},{"@type":"BreadcrumbList","@id":"https:\/\/www.correiobraziliense.com.br\/cbradar\/o-tempero-simples-que-muita-gente-usa-no-arroz-mas-quase-nunca-pensa-em-colocar-no-ovo-mexido\/#breadcrumb","itemListElement":[{"@type":"ListItem","position":1,"name":"In\u00edcio","item":"https:\/\/www.correiobraziliense.com.br\/cbradar\/"},{"@type":"ListItem","position":2,"name":"O tempero simples que muita gente usa no arroz, mas quase nunca pensa em colocar no ovo mexido"}]},{"@type":"WebSite","@id":"https:\/\/www.correiobraziliense.com.br\/cbradar\/#website","url":"https:\/\/www.correiobraziliense.com.br\/cbradar\/","name":"Correio Braziliense - Radar","description":"Acompanhe as \u00faltimas not\u00edcias e fique bem informado sobre tudo o que acontece no Brasil e no mundo.","potentialAction":[{"@type":"SearchAction","target":{"@type":"EntryPoint","urlTemplate":"https:\/\/www.correiobraziliense.com.br\/cbradar\/?s={search_term_string}"},"query-input":{"@type":"PropertyValueSpecification","valueRequired":true,"valueName":"search_term_string"}}],"inLanguage":"pt-BR"},{"@type":"Person","@id":"https:\/\/www.correiobraziliense.com.br\/cbradar\/#\/schema\/person\/5440b72be9c7eb74f446c846479dc4da","name":"Patrick Silva","image":{"@type":"ImageObject","inLanguage":"pt-BR","@id":"https:\/\/www.correiobraziliense.com.br\/cbradar\/#\/schema\/person\/image\/","url":"https:\/\/secure.gravatar.com\/avatar\/944109df296fc087785c9715fd5f80b2?s=96&d=mm&r=g","contentUrl":"https:\/\/secure.gravatar.com\/avatar\/944109df296fc087785c9715fd5f80b2?s=96&d=mm&r=g","caption":"Patrick Silva"},"sameAs":["https:\/\/www.correiobraziliense.com.br\/cbradar\/"],"url":"https:\/\/www.correiobraziliense.com.br\/cbradar\/author\/patrick-silva\/"}]}},"_links":{"self":[{"href":"https:\/\/www.correiobraziliense.com.br\/cbradar\/wp-json\/wp\/v2\/posts\/231946","targetHints":{"allow":["GET"]}}],"collection":[{"href":"https:\/\/www.correiobraziliense.com.br\/cbradar\/wp-json\/wp\/v2\/posts"}],"about":[{"href":"https:\/\/www.correiobraziliense.com.br\/cbradar\/wp-json\/wp\/v2\/types\/post"}],"author":[{"embeddable":true,"href":"https:\/\/www.correiobraziliense.com.br\/cbradar\/wp-json\/wp\/v2\/users\/21"}],"replies":[{"embeddable":true,"href":"https:\/\/www.correiobraziliense.com.br\/cbradar\/wp-json\/wp\/v2\/comments?post=231946"}],"version-history":[{"count":1,"href":"https:\/\/www.correiobraziliense.com.br\/cbradar\/wp-json\/wp\/v2\/posts\/231946\/revisions"}],"predecessor-version":[{"id":231957,"href":"https:\/\/www.correiobraziliense.com.br\/cbradar\/wp-json\/wp\/v2\/posts\/231946\/revisions\/231957"}],"wp:featuredmedia":[{"embeddable":true,"href":"https:\/\/www.correiobraziliense.com.br\/cbradar\/wp-json\/wp\/v2\/media\/231954"}],"wp:attachment":[{"href":"https:\/\/www.correiobraziliense.com.br\/cbradar\/wp-json\/wp\/v2\/media?parent=231946"}],"wp:term":[{"taxonomy":"category","embeddable":true,"href":"https:\/\/www.correiobraziliense.com.br\/cbradar\/wp-json\/wp\/v2\/categories?post=231946"},{"taxonomy":"post_tag","embeddable":true,"href":"https:\/\/www.correiobraziliense.com.br\/cbradar\/wp-json\/wp\/v2\/post_tag?post=231946"}],"curies":[{"name":"wp","href":"https:\/\/api.w.org\/{rel}","templated":true}]}}