{"id":231967,"date":"2026-04-27T06:55:00","date_gmt":"2026-04-27T09:55:00","guid":{"rendered":"https:\/\/www.correiobraziliense.com.br\/cbradar\/?p=231967"},"modified":"2026-04-25T12:03:26","modified_gmt":"2026-04-25T15:03:26","slug":"os-alongamentos-que-voce-deve-fazer-ao-fim-do-dia-para-soltar-a-coluna-e-as-pernas","status":"publish","type":"post","link":"https:\/\/www.correiobraziliense.com.br\/cbradar\/os-alongamentos-que-voce-deve-fazer-ao-fim-do-dia-para-soltar-a-coluna-e-as-pernas\/","title":{"rendered":"Os alongamentos que voc\u00ea deve fazer ao fim do dia para soltar a coluna e as pernas"},"content":{"rendered":"\n<p>Os alongamentos ao fim do dia ajudam a reduzir a tens\u00e3o acumulada na coluna e nas pernas ap\u00f3s longos per\u00edodos sentado ou em p\u00e9. Essa pr\u00e1tica melhora a circula\u00e7\u00e3o, alivia rigidez muscular e contribui para um descanso mais confort\u00e1vel. Com movimentos simples e consistentes, o corpo recupera mobilidade e reduz desconfortos do cotidiano de forma progressiva.<\/p>\n\n\n\n<h2 class=\"wp-block-heading\">Quais alongamentos ajudam a aliviar a coluna no fim do dia?<\/h2>\n\n\n\n<p>Alongamentos suaves para a <a href=\"https:\/\/www.correiobraziliense.com.br\/cbradar\/como-aliviar-a-rigidez-nas-costas-ao-acordar-e-destravar-a-coluna-com-um-exercicio-simples-em-3-minutos\/\" target=\"_blank\" rel=\"noreferrer noopener\">coluna <\/a>ajudam a reduzir a compress\u00e3o gerada pelas atividades di\u00e1rias. Movimentos como flex\u00e3o lenta do tronco e extens\u00e3o controlada<a href=\"https:\/\/www.healthline.com\/health\/spinal-decompression-exercises\" target=\"_blank\" rel=\"noreferrer noopener\"> aliviam a press\u00e3o<\/a> entre as v\u00e9rtebras. Essa pr\u00e1tica melhora a mobilidade da regi\u00e3o lombar e diminui a sensa\u00e7\u00e3o de rigidez acumulada ao longo do dia de forma cont\u00ednua e leve.<\/p>\n\n\n\n<p>A repeti\u00e7\u00e3o desses movimentos favorece o relaxamento muscular e melhora o alinhamento postural. Com isso, a coluna responde melhor aos est\u00edmulos do dia seguinte, reduzindo desconfortos e promovendo maior sensa\u00e7\u00e3o de leveza corporal ao final da rotina di\u00e1ria sem exigir esfor\u00e7o intenso ou equipamentos espec\u00edficos.<\/p>\n\n\n\n<figure class=\"wp-block-image size-full\"><img decoding=\"async\" width=\"1280\" height=\"720\" src=\"https:\/\/www.correiobraziliense.com.br\/cbradar\/wp-content\/uploads\/2026\/04\/download-2026-04-25T120132.995-1.png\" alt=\"\" class=\"wp-image-231973\" srcset=\"https:\/\/www.correiobraziliense.com.br\/cbradar\/wp-content\/uploads\/2026\/04\/download-2026-04-25T120132.995-1.png 1280w, https:\/\/www.correiobraziliense.com.br\/cbradar\/wp-content\/uploads\/2026\/04\/download-2026-04-25T120132.995-1-300x169.png 300w, https:\/\/www.correiobraziliense.com.br\/cbradar\/wp-content\/uploads\/2026\/04\/download-2026-04-25T120132.995-1-768x432.png 768w, https:\/\/www.correiobraziliense.com.br\/cbradar\/wp-content\/uploads\/2026\/04\/download-2026-04-25T120132.995-1-750x422.png 750w, https:\/\/www.correiobraziliense.com.br\/cbradar\/wp-content\/uploads\/2026\/04\/download-2026-04-25T120132.995-1-1140x641.png 1140w\" sizes=\"(max-width: 1280px) 100vw, 1280px\" \/><figcaption class=\"wp-element-caption\">O h\u00e1bito noturno mais ignorado que alivia dores no corpo<\/figcaption><\/figure>\n\n\n\n<h2 class=\"wp-block-heading\">Como alongar as pernas para reduzir a sensa\u00e7\u00e3o de cansa\u00e7o?<\/h2>\n\n\n\n<p>Alongamentos para as pernas ajudam a liberar a tens\u00e3o acumulada nos m\u00fasculos posteriores e na regi\u00e3o das panturrilhas. Movimentos como alongamento de posterior de coxa e eleva\u00e7\u00e3o controlada das pernas melhoram a circula\u00e7\u00e3o e reduzem a sensa\u00e7\u00e3o de peso ap\u00f3s longos per\u00edodos de atividade ou perman\u00eancia em uma mesma posi\u00e7\u00e3o.<\/p>\n\n\n\n<p>Com a pr\u00e1tica constante, ocorre melhora na flexibilidade muscular e na recupera\u00e7\u00e3o f\u00edsica ap\u00f3s o esfor\u00e7o di\u00e1rio. Isso contribui para maior conforto ao caminhar, subir escadas e realizar tarefas simples do cotidiano sem sensa\u00e7\u00e3o de rigidez prolongada ao final do dia.<\/p>\n\n\n\n<h2 class=\"wp-block-heading\">Quais movimentos simples podem ser feitos todos os dias?<\/h2>\n\n\n\n<p>Movimentos simples s\u00e3o suficientes para aliviar a tens\u00e3o acumulada na coluna e nas pernas ao fim do dia. Exerc\u00edcios leves podem ser feitos em poucos minutos e ajudam a restaurar a mobilidade corporal sem necessidade de equipamentos ou espa\u00e7os amplos.<\/p>\n\n\n\n<p>Antes de iniciar os exerc\u00edcios, \u00e9 importante manter movimentos lentos e respira\u00e7\u00e3o controlada para aumentar a efici\u00eancia do alongamento:<\/p>\n\n\n\n<ul class=\"wp-block-list\">\n<li>flex\u00e3o suave da coluna<\/li>\n\n\n\n<li>alongamento de posterior de coxa<\/li>\n\n\n\n<li>eleva\u00e7\u00e3o de pernas na parede<\/li>\n\n\n\n<li>rota\u00e7\u00e3o leve do tronco<\/li>\n<\/ul>\n\n\n\n<p>Esses movimentos auxiliam na redu\u00e7\u00e3o da rigidez e promovem sensa\u00e7\u00e3o de relaxamento corporal ao final da rotina di\u00e1ria.<\/p>\n\n\n\n<h2 class=\"wp-block-heading\">Por que alongar melhora a recupera\u00e7\u00e3o do corpo \u00e0 noite?<\/h2>\n\n\n\n<p>Alongar ao fim do dia melhora a recupera\u00e7\u00e3o muscular ao reduzir a tens\u00e3o acumulada nas fibras musculares. Isso permite que o corpo entre em um estado de relaxamento mais eficiente, favorecendo a regenera\u00e7\u00e3o natural dos tecidos durante o per\u00edodo de descanso noturno.<\/p>\n\n\n\n<p>Al\u00e9m disso, o alongamento contribui para melhorar a circula\u00e7\u00e3o sangu\u00ednea, o que auxilia na elimina\u00e7\u00e3o de res\u00edduos metab\u00f3licos. Esse processo reduz desconfortos e prepara o corpo para um sono mais est\u00e1vel e reparador ao longo da noite sem interrup\u00e7\u00f5es frequentes.<\/p>\n\n\n\n<p><br>Este v\u00eddeo do canal <strong>Aur\u00e9lio Alfieri,<\/strong> que j\u00e1 re\u00fane 3,41 milh\u00f5es de inscritos, foi selecionado especialmente para voc\u00ea que quer aliviar a tens\u00e3o na coluna lombar com um alongamento simples e eficiente. A orienta\u00e7\u00e3o \u00e9 pr\u00e1tica e ajuda a melhorar o conforto e a mobilidade no dia a dia.<\/p>\n\n\n\n<figure class=\"wp-block-embed is-type-video is-provider-youtube wp-block-embed-youtube wp-embed-aspect-16-9 wp-has-aspect-ratio\"><div class=\"wp-block-embed__wrapper\">\n<div class=\"jeg_video_container jeg_video_content\"><iframe loading=\"lazy\" title=\"MELHOR ALONGAMENTO DO MUNDO para a COLUNA LOMBAR | Alongamento para Coluna | Hora do Exerc\u00edcio\" width=\"500\" height=\"281\" src=\"https:\/\/www.youtube.com\/embed\/iIQvwaUsMbU?feature=oembed\" frameborder=\"0\" allow=\"accelerometer; autoplay; clipboard-write; encrypted-media; gyroscope; picture-in-picture; web-share\" referrerpolicy=\"strict-origin-when-cross-origin\" allowfullscreen><\/iframe><\/div>\n<\/div><\/figure>\n\n\n\n<h2 class=\"wp-block-heading\">Qual rotina de alongamentos \u00e9 mais eficiente para o fim do dia?<\/h2>\n\n\n\n<p>Uma rotina eficiente combina alongamentos para coluna, pernas e regi\u00e3o posterior do corpo em sequ\u00eancia leve e controlada. A consist\u00eancia \u00e9 mais importante do que a intensidade, pois o objetivo \u00e9 reduzir a rigidez acumulada e n\u00e3o gerar sobrecarga muscular adicional.<\/p>\n\n\n\n<p>Com a pr\u00e1tica di\u00e1ria, o corpo passa a responder com mais flexibilidade e menos desconforto ao final das atividades. Essa adapta\u00e7\u00e3o melhora a qualidade do descanso e contribui para maior disposi\u00e7\u00e3o f\u00edsica no dia seguinte de forma cont\u00ednua e equilibrada.<\/p>\n","protected":false},"excerpt":{"rendered":"<p>Alongamentos fim do dia s\u00e3o uma forma simples de relaxar m\u00fasculos e diminuir rigidez acumulada ap\u00f3s a rotina di\u00e1ria intensa<\/p>\n","protected":false},"author":23,"featured_media":231972,"comment_status":"open","ping_status":"open","sticky":false,"template":"","format":"standard","meta":{"_yoast_wpseo_focuskw":"Soltar a coluna","_yoast_wpseo_title":"","_yoast_wpseo_metadesc":"Alongamentos fim do dia s\u00e3o uma forma simples de relaxar m\u00fasculos e diminuir rigidez acumulada ap\u00f3s a rotina di\u00e1ria intensa","jnews-multi-image_gallery":[],"jnews_single_post":{"format":"standard"},"jnews_primary_category":[],"jnews_social_meta":[],"jnews_override_counter":[],"footnotes":""},"categories":[112],"post_tag":[],"class_list":["post-231967","post","type-post","status-publish","format-standard","has-post-thumbnail","hentry","category-curiosidades"],"yoast_head":"<!-- This site is optimized with the Yoast SEO plugin v24.6 - https:\/\/yoast.com\/wordpress\/plugins\/seo\/ -->\n<title>Os alongamentos que voc\u00ea deve fazer ao fim do dia para soltar a coluna e as pernas - Correio Braziliense - Radar<\/title>\n<meta name=\"description\" content=\"Alongamentos fim do dia s\u00e3o uma forma simples de relaxar m\u00fasculos e diminuir rigidez acumulada ap\u00f3s a rotina di\u00e1ria intensa\" \/>\n<meta name=\"robots\" content=\"index, follow, max-snippet:-1, max-image-preview:large, max-video-preview:-1\" \/>\n<link rel=\"canonical\" href=\"https:\/\/www.correiobraziliense.com.br\/cbradar\/os-alongamentos-que-voce-deve-fazer-ao-fim-do-dia-para-soltar-a-coluna-e-as-pernas\/\" \/>\n<meta property=\"og:locale\" content=\"pt_BR\" \/>\n<meta property=\"og:type\" content=\"article\" \/>\n<meta property=\"og:title\" content=\"Os alongamentos que voc\u00ea deve fazer ao fim do dia para soltar a coluna e as pernas - Correio Braziliense - Radar\" \/>\n<meta property=\"og:description\" content=\"Alongamentos fim do dia s\u00e3o uma forma simples de relaxar m\u00fasculos e diminuir rigidez acumulada ap\u00f3s a rotina di\u00e1ria intensa\" \/>\n<meta property=\"og:url\" content=\"https:\/\/www.correiobraziliense.com.br\/cbradar\/os-alongamentos-que-voce-deve-fazer-ao-fim-do-dia-para-soltar-a-coluna-e-as-pernas\/\" \/>\n<meta property=\"og:site_name\" content=\"Correio Braziliense - Radar\" \/>\n<meta property=\"article:published_time\" content=\"2026-04-27T09:55:00+00:00\" \/>\n<meta property=\"og:image\" content=\"https:\/\/www.correiobraziliense.com.br\/cbradar\/wp-content\/uploads\/2026\/04\/download-2026-04-25T120128.331-1.png\" \/>\n\t<meta property=\"og:image:width\" content=\"1280\" \/>\n\t<meta property=\"og:image:height\" content=\"720\" \/>\n\t<meta property=\"og:image:type\" content=\"image\/png\" \/>\n<meta name=\"author\" content=\"Nicolas Otto\" \/>\n<meta name=\"twitter:card\" content=\"summary_large_image\" \/>\n<meta name=\"twitter:label1\" content=\"Escrito por\" \/>\n\t<meta name=\"twitter:data1\" content=\"Nicolas Otto\" \/>\n\t<meta name=\"twitter:label2\" content=\"Est. tempo de leitura\" \/>\n\t<meta name=\"twitter:data2\" content=\"4 minutos\" \/>\n<!-- \/ Yoast SEO plugin. -->","yoast_head_json":{"title":"Os alongamentos que voc\u00ea deve fazer ao fim do dia para soltar a coluna e as pernas - Correio Braziliense - Radar","description":"Alongamentos fim do dia s\u00e3o uma forma simples de relaxar m\u00fasculos e diminuir rigidez acumulada ap\u00f3s a rotina di\u00e1ria intensa","robots":{"index":"index","follow":"follow","max-snippet":"max-snippet:-1","max-image-preview":"max-image-preview:large","max-video-preview":"max-video-preview:-1"},"canonical":"https:\/\/www.correiobraziliense.com.br\/cbradar\/os-alongamentos-que-voce-deve-fazer-ao-fim-do-dia-para-soltar-a-coluna-e-as-pernas\/","og_locale":"pt_BR","og_type":"article","og_title":"Os alongamentos que voc\u00ea deve fazer ao fim do dia para soltar a coluna e as pernas - Correio Braziliense - Radar","og_description":"Alongamentos fim do dia s\u00e3o uma forma simples de relaxar m\u00fasculos e diminuir rigidez acumulada ap\u00f3s a rotina di\u00e1ria intensa","og_url":"https:\/\/www.correiobraziliense.com.br\/cbradar\/os-alongamentos-que-voce-deve-fazer-ao-fim-do-dia-para-soltar-a-coluna-e-as-pernas\/","og_site_name":"Correio Braziliense - Radar","article_published_time":"2026-04-27T09:55:00+00:00","og_image":[{"width":1280,"height":720,"url":"https:\/\/www.correiobraziliense.com.br\/cbradar\/wp-content\/uploads\/2026\/04\/download-2026-04-25T120128.331-1.png","type":"image\/png"}],"author":"Nicolas Otto","twitter_card":"summary_large_image","twitter_misc":{"Escrito por":"Nicolas Otto","Est. tempo de leitura":"4 minutos"},"schema":{"@context":"https:\/\/schema.org","@graph":[{"@type":"WebPage","@id":"https:\/\/www.correiobraziliense.com.br\/cbradar\/os-alongamentos-que-voce-deve-fazer-ao-fim-do-dia-para-soltar-a-coluna-e-as-pernas\/","url":"https:\/\/www.correiobraziliense.com.br\/cbradar\/os-alongamentos-que-voce-deve-fazer-ao-fim-do-dia-para-soltar-a-coluna-e-as-pernas\/","name":"Os alongamentos que voc\u00ea deve fazer ao fim do dia para soltar a coluna e as pernas - Correio Braziliense - Radar","isPartOf":{"@id":"https:\/\/www.correiobraziliense.com.br\/cbradar\/#website"},"primaryImageOfPage":{"@id":"https:\/\/www.correiobraziliense.com.br\/cbradar\/os-alongamentos-que-voce-deve-fazer-ao-fim-do-dia-para-soltar-a-coluna-e-as-pernas\/#primaryimage"},"image":{"@id":"https:\/\/www.correiobraziliense.com.br\/cbradar\/os-alongamentos-que-voce-deve-fazer-ao-fim-do-dia-para-soltar-a-coluna-e-as-pernas\/#primaryimage"},"thumbnailUrl":"https:\/\/www.correiobraziliense.com.br\/cbradar\/wp-content\/uploads\/2026\/04\/download-2026-04-25T120128.331-1.png","datePublished":"2026-04-27T09:55:00+00:00","author":{"@id":"https:\/\/www.correiobraziliense.com.br\/cbradar\/#\/schema\/person\/3221b250518e74ac52c442d1c1236aaa"},"description":"Alongamentos fim do dia s\u00e3o uma forma simples de relaxar m\u00fasculos e diminuir rigidez acumulada ap\u00f3s a rotina di\u00e1ria intensa","breadcrumb":{"@id":"https:\/\/www.correiobraziliense.com.br\/cbradar\/os-alongamentos-que-voce-deve-fazer-ao-fim-do-dia-para-soltar-a-coluna-e-as-pernas\/#breadcrumb"},"inLanguage":"pt-BR","potentialAction":[{"@type":"ReadAction","target":["https:\/\/www.correiobraziliense.com.br\/cbradar\/os-alongamentos-que-voce-deve-fazer-ao-fim-do-dia-para-soltar-a-coluna-e-as-pernas\/"]}]},{"@type":"ImageObject","inLanguage":"pt-BR","@id":"https:\/\/www.correiobraziliense.com.br\/cbradar\/os-alongamentos-que-voce-deve-fazer-ao-fim-do-dia-para-soltar-a-coluna-e-as-pernas\/#primaryimage","url":"https:\/\/www.correiobraziliense.com.br\/cbradar\/wp-content\/uploads\/2026\/04\/download-2026-04-25T120128.331-1.png","contentUrl":"https:\/\/www.correiobraziliense.com.br\/cbradar\/wp-content\/uploads\/2026\/04\/download-2026-04-25T120128.331-1.png","width":1280,"height":720,"caption":"O h\u00e1bito noturno mais ignorado que alivia dores no corpo"},{"@type":"BreadcrumbList","@id":"https:\/\/www.correiobraziliense.com.br\/cbradar\/os-alongamentos-que-voce-deve-fazer-ao-fim-do-dia-para-soltar-a-coluna-e-as-pernas\/#breadcrumb","itemListElement":[{"@type":"ListItem","position":1,"name":"In\u00edcio","item":"https:\/\/www.correiobraziliense.com.br\/cbradar\/"},{"@type":"ListItem","position":2,"name":"Os alongamentos que voc\u00ea deve fazer ao fim do dia para soltar a coluna e as pernas"}]},{"@type":"WebSite","@id":"https:\/\/www.correiobraziliense.com.br\/cbradar\/#website","url":"https:\/\/www.correiobraziliense.com.br\/cbradar\/","name":"Correio Braziliense - Radar","description":"Acompanhe as \u00faltimas not\u00edcias e fique bem informado sobre tudo o que acontece no Brasil e no mundo.","potentialAction":[{"@type":"SearchAction","target":{"@type":"EntryPoint","urlTemplate":"https:\/\/www.correiobraziliense.com.br\/cbradar\/?s={search_term_string}"},"query-input":{"@type":"PropertyValueSpecification","valueRequired":true,"valueName":"search_term_string"}}],"inLanguage":"pt-BR"},{"@type":"Person","@id":"https:\/\/www.correiobraziliense.com.br\/cbradar\/#\/schema\/person\/3221b250518e74ac52c442d1c1236aaa","name":"Nicolas Otto","image":{"@type":"ImageObject","inLanguage":"pt-BR","@id":"https:\/\/www.correiobraziliense.com.br\/cbradar\/#\/schema\/person\/image\/","url":"https:\/\/secure.gravatar.com\/avatar\/05925f730d72f0ea0df144f236adfb18?s=96&d=mm&r=g","contentUrl":"https:\/\/secure.gravatar.com\/avatar\/05925f730d72f0ea0df144f236adfb18?s=96&d=mm&r=g","caption":"Nicolas Otto"},"sameAs":["https:\/\/www.correiobraziliense.com.br\/cbradar\/"],"url":"https:\/\/www.correiobraziliense.com.br\/cbradar\/author\/nicolas-otto\/"}]}},"_links":{"self":[{"href":"https:\/\/www.correiobraziliense.com.br\/cbradar\/wp-json\/wp\/v2\/posts\/231967","targetHints":{"allow":["GET"]}}],"collection":[{"href":"https:\/\/www.correiobraziliense.com.br\/cbradar\/wp-json\/wp\/v2\/posts"}],"about":[{"href":"https:\/\/www.correiobraziliense.com.br\/cbradar\/wp-json\/wp\/v2\/types\/post"}],"author":[{"embeddable":true,"href":"https:\/\/www.correiobraziliense.com.br\/cbradar\/wp-json\/wp\/v2\/users\/23"}],"replies":[{"embeddable":true,"href":"https:\/\/www.correiobraziliense.com.br\/cbradar\/wp-json\/wp\/v2\/comments?post=231967"}],"version-history":[{"count":1,"href":"https:\/\/www.correiobraziliense.com.br\/cbradar\/wp-json\/wp\/v2\/posts\/231967\/revisions"}],"predecessor-version":[{"id":231974,"href":"https:\/\/www.correiobraziliense.com.br\/cbradar\/wp-json\/wp\/v2\/posts\/231967\/revisions\/231974"}],"wp:featuredmedia":[{"embeddable":true,"href":"https:\/\/www.correiobraziliense.com.br\/cbradar\/wp-json\/wp\/v2\/media\/231972"}],"wp:attachment":[{"href":"https:\/\/www.correiobraziliense.com.br\/cbradar\/wp-json\/wp\/v2\/media?parent=231967"}],"wp:term":[{"taxonomy":"category","embeddable":true,"href":"https:\/\/www.correiobraziliense.com.br\/cbradar\/wp-json\/wp\/v2\/categories?post=231967"},{"taxonomy":"post_tag","embeddable":true,"href":"https:\/\/www.correiobraziliense.com.br\/cbradar\/wp-json\/wp\/v2\/post_tag?post=231967"}],"curies":[{"name":"wp","href":"https:\/\/api.w.org\/{rel}","templated":true}]}}