{"id":232068,"date":"2026-04-26T06:05:00","date_gmt":"2026-04-26T09:05:00","guid":{"rendered":"https:\/\/www.correiobraziliense.com.br\/cbradar\/?p=232068"},"modified":"2026-04-25T15:47:07","modified_gmt":"2026-04-25T18:47:07","slug":"o-avanco-tecnologico-que-esta-deixando-diagnosticos-mais-rapidos-e-precisos","status":"publish","type":"post","link":"https:\/\/www.correiobraziliense.com.br\/cbradar\/o-avanco-tecnologico-que-esta-deixando-diagnosticos-mais-rapidos-e-precisos\/","title":{"rendered":"O avan\u00e7o tecnol\u00f3gico que est\u00e1 deixando diagn\u00f3sticos mais r\u00e1pidos e precisos"},"content":{"rendered":"\n<p>Na cidade de Volta Redonda, situada na regi\u00e3o Sul do estado do Rio de Janeiro, a sa\u00fade p\u00fablica tem se beneficiado significativamente da tecnologia moderna. A introdu\u00e7\u00e3o da&nbsp;<strong>Intelig\u00eancia Artificial<\/strong>&nbsp;(IA) no setor m\u00e9dico permitiu a an\u00e1lise de mais de 50 mil exames nos hospitais principais da regi\u00e3o, bem como na Unidade de Pronto Atendimento (UPA) de Santo Agostinho, transformando a maneira como exames de radiografia s\u00e3o avaliados, especialmente em situa\u00e7\u00f5es que exigem respostas r\u00e1pidas.<\/p>\n\n\n\n<h2 class=\"wp-block-heading\">Como a intelig\u00eancia artificial remodela a sa\u00fade p\u00fablica em Volta Redonda?<\/h2>\n\n\n\n<p>Com a tecnologia, os exames realizados s\u00e3o encaminhados diretamente a uma plataforma de IA, que devolve uma an\u00e1lise em quest\u00e3o de minutos e sinaliza achados cr\u00edticos, ajudando o corpo m\u00e9dico a tomar decis\u00f5es mais informadas e reduzir o tempo de resposta em casos graves. Al\u00e9m disso, a ferramenta contribui para uma triagem mais precisa nas unidades de sa\u00fade, oferecendo suporte adicional ao diagn\u00f3stico m\u00e9dico sem substituir o profissional.<\/p>\n\n\n\n<p>Outro benef\u00edcio da IA \u00e9 a classifica\u00e7\u00e3o autom\u00e1tica dos exames por n\u00edvel de urg\u00eancia, facilitando a organiza\u00e7\u00e3o e prioriza\u00e7\u00e3o nas unidades, o que otimiza o fluxo de atendimento. Neste contexto, foram registrados 44% de exames sem altera\u00e7\u00f5es significativas, 31% com prioridade moderada e 25% com alta prioridade, permitindo direcionar recursos humanos e estruturais de forma mais eficiente e transparente.<\/p>\n\n\n\n<h2 class=\"wp-block-heading\">Qual \u00e9 a import\u00e2ncia dos investimentos em tecnologia para a sa\u00fade em Volta Redonda?<\/h2>\n\n\n\n<p>Volta Redonda est\u00e1 se tornando uma refer\u00eancia regional ao investir em tecnologia avan\u00e7ada para melhorar os servi\u00e7os oferecidos \u00e0 popula\u00e7\u00e3o, com impacto direto na qualidade de vida, como filas menores e diagn\u00f3sticos mais r\u00e1pidos. Esses investimentos incluem n\u00e3o apenas a aquisi\u00e7\u00e3o de sistemas de IA, mas tamb\u00e9m melhorias na infraestrutura de rede, armazenamento seguro de dados e suporte t\u00e9cnico especializado.<\/p>\n\n\n\n<p>Esses esfor\u00e7os est\u00e3o alinhados com um projeto mais amplo de moderniza\u00e7\u00e3o da <a href=\"https:\/\/www.correiobraziliense.com.br\/cbradar\/o-grao-que-muita-gente-consome-sem-saber-seus-verdadeiros-beneficios\/\" target=\"_blank\" rel=\"noreferrer noopener\">sa\u00fade <\/a>na cidade, que inclui capacita\u00e7\u00e3o cont\u00ednua de profissionais e integra\u00e7\u00e3o de dados cl\u00ednicos em sistemas digitais seguros. Entre os principais resultados esperados est\u00e3o avan\u00e7os em diferentes frentes do atendimento, como ilustrado a seguir:<\/p>\n\n\n\n<style>\n  .make-wrap{\n    max-width: 760px;\n    margin: 26px auto;\n    padding: 18px;\n    border-radius: 18px;\n    background: linear-gradient(135deg,#eff6ff 0%,#eef2ff 100%);\n    border: 1px solid #bfdbfe;\n    box-shadow: 0 8px 20px rgba(59,130,246,.15);\n    font-family: system-ui, -apple-system, Segoe UI, Roboto, Helvetica, Arial, sans-serif;\n  }\n\n  .make-title{\n    display:flex; \n    align-items:center; \n    gap:10px;\n    margin:0 0 12px 4px;\n    font-size:1.2rem; \n    font-weight:900; \n    color:#1e3a8a;\n  }\n\n  .make-table{\n    width:100%;\n    border-collapse:separate;\n    border-spacing:0;\n    overflow:hidden;\n    border-radius:16px;\n    border:1px solid #bfdbfe;\n    background:#fff;\n    font-size:.92rem;\n  }\n\n  .make-table thead th{\n    background:linear-gradient(90deg,#dbeafe 0%,#e0e7ff 100%);\n    padding:12px;\n    color:#1e40af;\n    font-weight:800;\n    text-align:left;\n    border-bottom:1px solid #bfdbfe;\n  }\n\n  .make-table tbody td{\n    padding:12px;\n    color:#1f2937;\n    vertical-align:top;\n    border-bottom:1px dashed #bfdbfe;\n  }\n\n  .make-table tbody tr:nth-child(odd){\n    background:#f8fafc;\n  }\n\n  .price{\n    display:inline-flex;\n    align-items:center;\n    background:#eff6ff;\n    color:#1d4ed8;\n    padding:6px 10px;\n    border-radius:10px;\n    border:1px solid #bfdbfe;\n    font-weight:700;\n    white-space:nowrap;\n  }\n\n  .badge{\n    display:inline-block;\n    background:#dbeafe;\n    color:#1d4ed8;\n    border:1px solid #bfdbfe;\n    padding:4px 10px;\n    border-radius:999px;\n    font-weight:700;\n    font-size:.78rem;\n  }\n\n  @media (max-width:720px){\n    .make-table thead{display:none}\n    .make-table, .make-table tbody, .make-table tr, .make-table td{\n      display:block; \n      width:100%;\n    }\n    .make-table tr{\n      margin-bottom:12px;\n      border:1px solid #bfdbfe;\n      border-radius:14px;\n      overflow:hidden;\n      background:#fff;\n    }\n    .make-table td[data-label]:before{\n      content:attr(data-label);\n      display:block;\n      font-weight:800;\n      color:#1e40af;\n      margin-bottom:4px;\n    }\n    .make-table tbody td:last-child{border-bottom:none}\n  }\n<\/style>\n\n<div class=\"make-wrap\">\n  <h3 class=\"make-title\">\ud83c\udfe5\ud83d\udc99 Benef\u00edcios da Digitaliza\u00e7\u00e3o na Sa\u00fade<\/h3>\n\n  <table class=\"make-table\">\n    <thead>\n      <tr>\n        <th>Benef\u00edcio<\/th>\n      <\/tr>\n    <\/thead>\n    <tbody>\n      <tr>\n        <td data-label=\"Benef\u00edcio\">Melhor aproveitamento da infraestrutura hospitalar, com redu\u00e7\u00e3o de exames repetidos<\/td>\n      <\/tr>\n      <tr>\n        <td data-label=\"Benef\u00edcio\">Aumento da precis\u00e3o diagn\u00f3stica, apoiando m\u00e9dicos em casos complexos<\/td>\n      <\/tr>\n      <tr>\n        <td data-label=\"Benef\u00edcio\">Agilidade no atendimento de urg\u00eancia e emerg\u00eancia, com prioriza\u00e7\u00e3o baseada em risco<\/td>\n      <\/tr>\n      <tr>\n        <td data-label=\"Benef\u00edcio\">Maior transpar\u00eancia na gest\u00e3o p\u00fablica, com indicadores digitais de desempenho<\/td>\n      <\/tr>\n    <\/tbody>\n  <\/table>\n\n  <p style=\"margin-top:14px; color:#6b7280; font-size:.9rem;\">\n    \ud83d\udca1 <strong>Dica:<\/strong> A tecnologia bem aplicada melhora tanto a efici\u00eancia quanto a qualidade do atendimento em sa\u00fade.\n  <\/p>\n<\/div>\n\n\n\n\n<h2 class=\"wp-block-heading\">Quais normas orientam o uso de intelig\u00eancia artificial na sa\u00fade p\u00fablica?<\/h2>\n\n\n\n<p>O uso de intelig\u00eancia artificial na sa\u00fade p\u00fablica de Volta Redonda \u00e9 regido por diretrizes estabelecidas pelo Conselho Federal de Medicina e pela Anvisa, que asseguram conformidade com normas de seguran\u00e7a, \u00e9tica e efici\u00eancia, al\u00e9m de exigir valida\u00e7\u00e3o cl\u00ednica das tecnologias. Essas regulamenta\u00e7\u00f5es determinam, por exemplo, que a decis\u00e3o final sobre o paciente permanece sempre com o m\u00e9dico respons\u00e1vel, garantindo que a IA atue apenas como ferramenta de apoio.<\/p>\n\n\n\n<p>Essas normas s\u00e3o fundamentais para garantir que a introdu\u00e7\u00e3o da IA no ambiente cl\u00ednico ocorra de maneira segura e confi\u00e1vel, preservando a privacidade dos dados dos pacientes em conformidade com a Lei Geral de Prote\u00e7\u00e3o de Dados (LGPD). A implementa\u00e7\u00e3o da IA nas pr\u00e1ticas de sa\u00fade p\u00fablica em Volta Redonda simboliza um avan\u00e7o significativo no uso da tecnologia em benef\u00edcio da sociedade e demonstra como a inova\u00e7\u00e3o pode ser aliada na promo\u00e7\u00e3o da sa\u00fade e do bem-estar da popula\u00e7\u00e3o.<\/p>\n\n\n<a href=\"https:\/\/www.instagram.com\/dra.annaluisabf\/\" target=\"_blank\" rel=\"noopener\" style=\"text-decoration: none; color: inherit;\">\n    <span style=\"display: inline-block; border: 1px solid #ccc; border-radius: 10px; padding: 15px; max-width: 550px; font-family: sans-serif; box-shadow: 0 2px 5px rgba(0,0,0,0.1); width: 100%;\">\n\n      <!-- T\u00edtulo -->\n      <span style=\"display: block; margin: 0 0 15px 0; font-weight: bold; color: #2c3e50; text-align: center;\">\n        Entre em contato:\n      <\/span>\n\n      <!-- Linha do perfil -->\n      <span style=\"display: flex; align-items: center; gap: 15px;\">\n        <img decoding=\"async\"\n          src=\"https:\/\/www.correiobraziliense.com.br\/cbradar\/wp-content\/uploads\/2025\/08\/dra_anna_luisa.jpeg\"\n          alt=\"Foto da Dra. Anna Lu\u00edsa\"\n          style=\"border-radius: 50%; width: 80px; height: 80px; object-fit: cover;\"\n        \/>\n        <span style=\"display: flex; flex-direction: column;\">\n          <span style=\"font-size: 18px; font-weight: 700; color: #2c3e50;\">Dra. Anna Lu\u00edsa Barbosa Fernandes<\/span>\n          <span style=\"color: #555;\">CRM-GO 33.271<\/span>\n        <\/span>\n      <\/span>\n\n      <!-- Redes -->\n      <span style=\"display: flex; align-items: center; gap: 10px; margin-top: 12px;\">\n        <img decoding=\"async\" src=\"https:\/\/cdn-icons-png.flaticon.com\/24\/1384\/1384063.png\" alt=\"Instagram\" width=\"24\" height=\"24\" \/>\n        <span style=\"text-decoration: underline; color: #2c3e50;\">@dra.annaluisabf<\/span>\n      <\/span>\n\n    <\/span>\n  <\/a>","protected":false},"excerpt":{"rendered":"<p>Na cidade de Volta Redonda, situada na regi\u00e3o Sul do estado do Rio de Janeiro, a sa\u00fade p\u00fablica tem se beneficiado significativamente da tecnologia moderna. A introdu\u00e7\u00e3o da&nbsp;Intelig\u00eancia Artificial&nbsp;(IA) no setor m\u00e9dico permitiu a an\u00e1lise de mais de 50 mil exames nos hospitais principais da regi\u00e3o, bem como na Unidade de Pronto Atendimento (UPA) de [&hellip;]<\/p>\n","protected":false},"author":14,"featured_media":64392,"comment_status":"open","ping_status":"open","sticky":false,"template":"","format":"standard","meta":{"_yoast_wpseo_focuskw":"Intelig\u00eancia artificial na sa\u00fade","_yoast_wpseo_title":"","_yoast_wpseo_metadesc":"Intelig\u00eancia artificial na sa\u00fade acelera exames e melhora diagn\u00f3sticos veja como isso impacta atendimentos","jnews-multi-image_gallery":[],"jnews_single_post":{"format":"standard"},"jnews_primary_category":[],"jnews_social_meta":[],"jnews_override_counter":[],"footnotes":""},"categories":[4404],"post_tag":[],"class_list":["post-232068","post","type-post","status-publish","format-standard","has-post-thumbnail","hentry","category-saude"],"yoast_head":"<!-- This site is optimized with the Yoast SEO plugin v24.6 - https:\/\/yoast.com\/wordpress\/plugins\/seo\/ -->\n<title>O avan\u00e7o tecnol\u00f3gico que est\u00e1 deixando diagn\u00f3sticos mais r\u00e1pidos e precisos - Correio Braziliense - Radar<\/title>\n<meta name=\"description\" content=\"Intelig\u00eancia artificial na sa\u00fade acelera exames e melhora diagn\u00f3sticos veja como isso impacta atendimentos\" \/>\n<meta name=\"robots\" content=\"index, follow, max-snippet:-1, max-image-preview:large, max-video-preview:-1\" \/>\n<link rel=\"canonical\" href=\"https:\/\/www.correiobraziliense.com.br\/cbradar\/o-avanco-tecnologico-que-esta-deixando-diagnosticos-mais-rapidos-e-precisos\/\" \/>\n<meta property=\"og:locale\" content=\"pt_BR\" \/>\n<meta property=\"og:type\" content=\"article\" \/>\n<meta property=\"og:title\" content=\"O avan\u00e7o tecnol\u00f3gico que est\u00e1 deixando diagn\u00f3sticos mais r\u00e1pidos e precisos - Correio Braziliense - Radar\" \/>\n<meta property=\"og:description\" content=\"Intelig\u00eancia artificial na sa\u00fade acelera exames e melhora diagn\u00f3sticos veja como isso impacta atendimentos\" \/>\n<meta property=\"og:url\" content=\"https:\/\/www.correiobraziliense.com.br\/cbradar\/o-avanco-tecnologico-que-esta-deixando-diagnosticos-mais-rapidos-e-precisos\/\" \/>\n<meta property=\"og:site_name\" content=\"Correio Braziliense - Radar\" \/>\n<meta property=\"article:published_time\" content=\"2026-04-26T09:05:00+00:00\" \/>\n<meta property=\"og:image\" content=\"https:\/\/www.correiobraziliense.com.br\/cbradar\/wp-content\/uploads\/2025\/07\/Inteligencia-Artificial_1751631750123-1.jpg\" \/>\n\t<meta property=\"og:image:width\" content=\"1280\" \/>\n\t<meta property=\"og:image:height\" content=\"720\" \/>\n\t<meta property=\"og:image:type\" content=\"image\/jpeg\" \/>\n<meta name=\"author\" content=\"guilherme_saude\" \/>\n<meta name=\"twitter:card\" content=\"summary_large_image\" \/>\n<meta name=\"twitter:label1\" content=\"Escrito por\" \/>\n\t<meta name=\"twitter:data1\" content=\"guilherme_saude\" \/>\n\t<meta name=\"twitter:label2\" content=\"Est. tempo de leitura\" \/>\n\t<meta name=\"twitter:data2\" content=\"4 minutos\" \/>\n<!-- \/ Yoast SEO plugin. -->","yoast_head_json":{"title":"O avan\u00e7o tecnol\u00f3gico que est\u00e1 deixando diagn\u00f3sticos mais r\u00e1pidos e precisos - Correio Braziliense - Radar","description":"Intelig\u00eancia artificial na sa\u00fade acelera exames e melhora diagn\u00f3sticos veja como isso impacta atendimentos","robots":{"index":"index","follow":"follow","max-snippet":"max-snippet:-1","max-image-preview":"max-image-preview:large","max-video-preview":"max-video-preview:-1"},"canonical":"https:\/\/www.correiobraziliense.com.br\/cbradar\/o-avanco-tecnologico-que-esta-deixando-diagnosticos-mais-rapidos-e-precisos\/","og_locale":"pt_BR","og_type":"article","og_title":"O avan\u00e7o tecnol\u00f3gico que est\u00e1 deixando diagn\u00f3sticos mais r\u00e1pidos e precisos - Correio Braziliense - Radar","og_description":"Intelig\u00eancia artificial na sa\u00fade acelera exames e melhora diagn\u00f3sticos veja como isso impacta atendimentos","og_url":"https:\/\/www.correiobraziliense.com.br\/cbradar\/o-avanco-tecnologico-que-esta-deixando-diagnosticos-mais-rapidos-e-precisos\/","og_site_name":"Correio Braziliense - Radar","article_published_time":"2026-04-26T09:05:00+00:00","og_image":[{"width":1280,"height":720,"url":"https:\/\/www.correiobraziliense.com.br\/cbradar\/wp-content\/uploads\/2025\/07\/Inteligencia-Artificial_1751631750123-1.jpg","type":"image\/jpeg"}],"author":"guilherme_saude","twitter_card":"summary_large_image","twitter_misc":{"Escrito por":"guilherme_saude","Est. tempo de leitura":"4 minutos"},"schema":{"@context":"https:\/\/schema.org","@graph":[{"@type":"WebPage","@id":"https:\/\/www.correiobraziliense.com.br\/cbradar\/o-avanco-tecnologico-que-esta-deixando-diagnosticos-mais-rapidos-e-precisos\/","url":"https:\/\/www.correiobraziliense.com.br\/cbradar\/o-avanco-tecnologico-que-esta-deixando-diagnosticos-mais-rapidos-e-precisos\/","name":"O avan\u00e7o tecnol\u00f3gico que est\u00e1 deixando diagn\u00f3sticos mais r\u00e1pidos e precisos - Correio Braziliense - Radar","isPartOf":{"@id":"https:\/\/www.correiobraziliense.com.br\/cbradar\/#website"},"primaryImageOfPage":{"@id":"https:\/\/www.correiobraziliense.com.br\/cbradar\/o-avanco-tecnologico-que-esta-deixando-diagnosticos-mais-rapidos-e-precisos\/#primaryimage"},"image":{"@id":"https:\/\/www.correiobraziliense.com.br\/cbradar\/o-avanco-tecnologico-que-esta-deixando-diagnosticos-mais-rapidos-e-precisos\/#primaryimage"},"thumbnailUrl":"https:\/\/www.correiobraziliense.com.br\/cbradar\/wp-content\/uploads\/2025\/07\/Inteligencia-Artificial_1751631750123-1.jpg","datePublished":"2026-04-26T09:05:00+00:00","author":{"@id":"https:\/\/www.correiobraziliense.com.br\/cbradar\/#\/schema\/person\/5aa4bf3c8fa699c267933611de12978b"},"description":"Intelig\u00eancia artificial na sa\u00fade acelera exames e melhora diagn\u00f3sticos veja como isso impacta atendimentos","breadcrumb":{"@id":"https:\/\/www.correiobraziliense.com.br\/cbradar\/o-avanco-tecnologico-que-esta-deixando-diagnosticos-mais-rapidos-e-precisos\/#breadcrumb"},"inLanguage":"pt-BR","potentialAction":[{"@type":"ReadAction","target":["https:\/\/www.correiobraziliense.com.br\/cbradar\/o-avanco-tecnologico-que-esta-deixando-diagnosticos-mais-rapidos-e-precisos\/"]}]},{"@type":"ImageObject","inLanguage":"pt-BR","@id":"https:\/\/www.correiobraziliense.com.br\/cbradar\/o-avanco-tecnologico-que-esta-deixando-diagnosticos-mais-rapidos-e-precisos\/#primaryimage","url":"https:\/\/www.correiobraziliense.com.br\/cbradar\/wp-content\/uploads\/2025\/07\/Inteligencia-Artificial_1751631750123-1.jpg","contentUrl":"https:\/\/www.correiobraziliense.com.br\/cbradar\/wp-content\/uploads\/2025\/07\/Inteligencia-Artificial_1751631750123-1.jpg","width":1280,"height":720,"caption":"IA - Cr\u00e9ditos: depositphotos.com \/ AndrewLozovyi"},{"@type":"BreadcrumbList","@id":"https:\/\/www.correiobraziliense.com.br\/cbradar\/o-avanco-tecnologico-que-esta-deixando-diagnosticos-mais-rapidos-e-precisos\/#breadcrumb","itemListElement":[{"@type":"ListItem","position":1,"name":"In\u00edcio","item":"https:\/\/www.correiobraziliense.com.br\/cbradar\/"},{"@type":"ListItem","position":2,"name":"O avan\u00e7o tecnol\u00f3gico que est\u00e1 deixando diagn\u00f3sticos mais r\u00e1pidos e precisos"}]},{"@type":"WebSite","@id":"https:\/\/www.correiobraziliense.com.br\/cbradar\/#website","url":"https:\/\/www.correiobraziliense.com.br\/cbradar\/","name":"Correio Braziliense - Radar","description":"Acompanhe as \u00faltimas not\u00edcias e fique bem informado sobre tudo o que acontece no Brasil e no mundo.","potentialAction":[{"@type":"SearchAction","target":{"@type":"EntryPoint","urlTemplate":"https:\/\/www.correiobraziliense.com.br\/cbradar\/?s={search_term_string}"},"query-input":{"@type":"PropertyValueSpecification","valueRequired":true,"valueName":"search_term_string"}}],"inLanguage":"pt-BR"},{"@type":"Person","@id":"https:\/\/www.correiobraziliense.com.br\/cbradar\/#\/schema\/person\/5aa4bf3c8fa699c267933611de12978b","name":"guilherme_saude","image":{"@type":"ImageObject","inLanguage":"pt-BR","@id":"https:\/\/www.correiobraziliense.com.br\/cbradar\/#\/schema\/person\/image\/","url":"https:\/\/secure.gravatar.com\/avatar\/df9adfb835d344bc0af109d41756253f?s=96&d=mm&r=g","contentUrl":"https:\/\/secure.gravatar.com\/avatar\/df9adfb835d344bc0af109d41756253f?s=96&d=mm&r=g","caption":"guilherme_saude"},"url":"https:\/\/www.correiobraziliense.com.br\/cbradar\/author\/guilherme_saude\/"}]}},"_links":{"self":[{"href":"https:\/\/www.correiobraziliense.com.br\/cbradar\/wp-json\/wp\/v2\/posts\/232068","targetHints":{"allow":["GET"]}}],"collection":[{"href":"https:\/\/www.correiobraziliense.com.br\/cbradar\/wp-json\/wp\/v2\/posts"}],"about":[{"href":"https:\/\/www.correiobraziliense.com.br\/cbradar\/wp-json\/wp\/v2\/types\/post"}],"author":[{"embeddable":true,"href":"https:\/\/www.correiobraziliense.com.br\/cbradar\/wp-json\/wp\/v2\/users\/14"}],"replies":[{"embeddable":true,"href":"https:\/\/www.correiobraziliense.com.br\/cbradar\/wp-json\/wp\/v2\/comments?post=232068"}],"version-history":[{"count":1,"href":"https:\/\/www.correiobraziliense.com.br\/cbradar\/wp-json\/wp\/v2\/posts\/232068\/revisions"}],"predecessor-version":[{"id":232074,"href":"https:\/\/www.correiobraziliense.com.br\/cbradar\/wp-json\/wp\/v2\/posts\/232068\/revisions\/232074"}],"wp:featuredmedia":[{"embeddable":true,"href":"https:\/\/www.correiobraziliense.com.br\/cbradar\/wp-json\/wp\/v2\/media\/64392"}],"wp:attachment":[{"href":"https:\/\/www.correiobraziliense.com.br\/cbradar\/wp-json\/wp\/v2\/media?parent=232068"}],"wp:term":[{"taxonomy":"category","embeddable":true,"href":"https:\/\/www.correiobraziliense.com.br\/cbradar\/wp-json\/wp\/v2\/categories?post=232068"},{"taxonomy":"post_tag","embeddable":true,"href":"https:\/\/www.correiobraziliense.com.br\/cbradar\/wp-json\/wp\/v2\/post_tag?post=232068"}],"curies":[{"name":"wp","href":"https:\/\/api.w.org\/{rel}","templated":true}]}}