{"id":232076,"date":"2026-04-26T17:25:00","date_gmt":"2026-04-26T20:25:00","guid":{"rendered":"https:\/\/www.correiobraziliense.com.br\/cbradar\/?p=232076"},"modified":"2026-04-25T15:52:31","modified_gmt":"2026-04-25T18:52:31","slug":"a-folha-simples-que-ajuda-a-reduzir-o-inchaco-naturalmente","status":"publish","type":"post","link":"https:\/\/www.correiobraziliense.com.br\/cbradar\/a-folha-simples-que-ajuda-a-reduzir-o-inchaco-naturalmente\/","title":{"rendered":"A folha simples que ajuda a reduzir o incha\u00e7o naturalmente"},"content":{"rendered":"\n<p>Muitas pessoas sofrem com a reten\u00e7\u00e3o de l\u00edquidos e o desconforto causado pelo incha\u00e7o abdominal frequente no cotidiano. O uso da <strong>salsa<\/strong> como ch\u00e1 ou tempero surge como uma solu\u00e7\u00e3o natural e acess\u00edvel para quem busca al\u00edvio r\u00e1pido e seguro. Compreender as propriedades medicinais dessa planta ajuda a transformar sua sa\u00fade f\u00edsica de modo pr\u00e1tico.<\/p>\n\n\n\n<h2 class=\"wp-block-heading\">Por que a salsa \u00e9 considerada a rainha do combate \u00e0 reten\u00e7\u00e3o de l\u00edquidos?<\/h2>\n\n\n\n<p>Para entender como essa erva atua, precisamos observar suas propriedades diur\u00e9ticas naturais que estimulam a fun\u00e7\u00e3o renal de maneira eficiente. A planta ajuda o corpo a eliminar o excesso de s\u00f3dio e \u00e1gua por meio da urina, reduzindo visivelmente o volume corporal e o desconforto. <strong>O al\u00edvio do incha\u00e7o \u00e9 imediato<\/strong> quando consumida regularmente em sua rotina.<\/p>\n\n\n\n<p>Al\u00e9m de atuar nos rins, a erva possui propriedades antiespasm\u00f3dicas que relaxam os m\u00fasculos do trato digestivo, diminuindo a produ\u00e7\u00e3o excessiva de gases. Isso evita aquela sensa\u00e7\u00e3o de barriga inchada logo ap\u00f3s as refei\u00e7\u00f5es, garantindo mais conforto durante o resto do dia. <strong>A sa\u00fade gastrointestinal melhora<\/strong>, refletindo positivamente na sua qualidade de vida e bem-estar f\u00edsico geral hoje.<\/p>\n\n\n\n<figure class=\"wp-block-image size-full\"><img decoding=\"async\" width=\"1280\" height=\"720\" src=\"https:\/\/www.correiobraziliense.com.br\/cbradar\/wp-content\/uploads\/2026\/04\/Gemini_Generated_Image_lodyc8lodyc8lody-1-1.png\" alt=\"A folha simples que ajuda a reduzir o incha\u00e7o naturalmente\" class=\"wp-image-232079\" srcset=\"https:\/\/www.correiobraziliense.com.br\/cbradar\/wp-content\/uploads\/2026\/04\/Gemini_Generated_Image_lodyc8lodyc8lody-1-1.png 1280w, https:\/\/www.correiobraziliense.com.br\/cbradar\/wp-content\/uploads\/2026\/04\/Gemini_Generated_Image_lodyc8lodyc8lody-1-1-300x169.png 300w, https:\/\/www.correiobraziliense.com.br\/cbradar\/wp-content\/uploads\/2026\/04\/Gemini_Generated_Image_lodyc8lodyc8lody-1-1-768x432.png 768w, https:\/\/www.correiobraziliense.com.br\/cbradar\/wp-content\/uploads\/2026\/04\/Gemini_Generated_Image_lodyc8lodyc8lody-1-1-750x422.png 750w, https:\/\/www.correiobraziliense.com.br\/cbradar\/wp-content\/uploads\/2026\/04\/Gemini_Generated_Image_lodyc8lodyc8lody-1-1-1140x641.png 1140w\" sizes=\"(max-width: 1280px) 100vw, 1280px\" \/><figcaption class=\"wp-element-caption\">Salsa pode ajudar a reduzir o incha\u00e7o e eliminar l\u00edquidos naturalmente<\/figcaption><\/figure>\n\n\n\n<h2 class=\"wp-block-heading\">Como essa planta simples consegue desinflamar o seu corpo de dentro para fora?<\/h2>\n\n\n\n<p>A presen\u00e7a de antioxidantes poderosos na <strong>Salsa<\/strong> combate os radicais livres que causam inflama\u00e7\u00f5es silenciosas nos tecidos e articula\u00e7\u00f5es humanas. Ao reduzir esses processos inflamat\u00f3rios, a planta contribui para uma sensa\u00e7\u00e3o de leveza e bem-estar que impacta diretamente na sua disposi\u00e7\u00e3o di\u00e1ria. <strong>A sa\u00fade celular \u00e9 preservada<\/strong>, garantindo que seu metabolismo funcione com muito mais agilidade sempre.<\/p>\n\n\n\n<p>Al\u00e9m disso, os compostos fen\u00f3licos encontrados nas folhas frescas ajudam a proteger o f\u00edgado e a melhorar a digest\u00e3o de alimentos mais pesados. Uma digest\u00e3o eficiente evita a forma\u00e7\u00e3o de gases e o consequente estufamento abdominal que incomoda tantas pessoas ap\u00f3s as refei\u00e7\u00f5es principais. <strong>A leveza digestiva \u00e9 essencial<\/strong> para quem deseja manter o abd\u00f4men plano e saud\u00e1vel todos os dias.<\/p>\n\n\n\n<p>Leia tamb\u00e9m: <a href=\"https:\/\/www.correiobraziliense.com.br\/cbradar\/alimentos-baratos-e-proteicos-para-deixar-o-cafe-da-manha-mais-saciante-sem-complicacao\/\" target=\"_blank\" rel=\"noreferrer noopener\">Alimentos baratos e proteicos para deixar o caf\u00e9 da manh\u00e3 mais saciante sem complica\u00e7\u00e3o<\/a><\/p>\n\n\n\n<h2 class=\"wp-block-heading\">Quais virtudes comp\u00f5em esse magnetismo pessoal t\u00e3o celebrado pela literatura brit\u00e2nica?<\/h2>\n\n\n\n<p>Integrar essa erva no seu card\u00e1pio n\u00e3o exige grandes esfor\u00e7os culin\u00e1rios ou investimentos financeiros altos no final do m\u00eas. Voc\u00ea pode utilizar as folhas frescas em saladas, sucos detox ou preparar um ch\u00e1 potente para beber ao longo do dia. <strong>A versatilidade \u00e9 o grande trunfo<\/strong>, permitindo que voc\u00ea aproveite todos os benef\u00edcios medicinais de forma saborosa.<\/p>\n\n\n\n<p>Considere os seguintes m\u00e9todos para aproveitar as propriedades terap\u00eauticas desse vegetal de maneira estrat\u00e9gica e muito eficiente:<\/p>\n\n\n\n<ul class=\"wp-block-list\">\n<li>Infus\u00e3o quente preparada com ramos frescos de qualidade.<\/li>\n\n\n\n<li>Suco verde batido com lim\u00e3o e folhas verdes.<\/li>\n\n\n\n<li>Tempero final em sopas e caldos nutritivos caseiros.<\/li>\n\n\n\n<li>Salada de tabule rica em ervas e vegetais crus.<\/li>\n<\/ul>\n\n\n\n<h2 class=\"wp-block-heading\">Existe alguma contraindica\u00e7\u00e3o importante para o consumo frequente do ch\u00e1 de salsa?<\/h2>\n\n\n\n<p>Apesar de ser um ingrediente natural, o consumo excessivo deve ser evitado por gestantes devido ao efeito estimulante uterino da planta. Pessoas com doen\u00e7as renais graves tamb\u00e9m devem consultar um m\u00e9dico antes de iniciar o uso terap\u00eautico frequente em altas dosagens. <strong>A modera\u00e7\u00e3o \u00e9 fundamental<\/strong>, garantindo que voc\u00ea obtenha os resultados desejados sem comprometer sua seguran\u00e7a f\u00edsica hoje.<\/p>\n\n\n\n<p>Para a maioria da popula\u00e7\u00e3o adulta saud\u00e1vel, o uso culin\u00e1rio da <strong>salsa<\/strong> \u00e9 perfeitamente seguro e extremamente recomendado por nutricionistas renomados. O segredo est\u00e1 em observar como seu corpo reage ao aumento da diurese e manter a hidrata\u00e7\u00e3o com \u00e1gua mineral. <strong>O equil\u00edbrio h\u00eddrico perfeito<\/strong> depende da combina\u00e7\u00e3o inteligente entre ervas naturais e o consumo de \u00e1gua pura sempre.<\/p>\n\n\n\n<p>Para entender como esse ingrediente simples pode impactar sua alimenta\u00e7\u00e3o no dia a dia, este v\u00eddeo apresenta explica\u00e7\u00f5es pr\u00e1ticas e orienta\u00e7\u00f5es acess\u00edveis sobre seus benef\u00edcios, com conte\u00fado do canal <strong>Nutricionista Patricia Leite<\/strong>, que re\u00fane mais de 8,17 mi de inscritos interessados:<\/p>\n\n\n\n<figure class=\"wp-block-embed is-type-video is-provider-youtube wp-block-embed-youtube wp-embed-aspect-16-9 wp-has-aspect-ratio\"><div class=\"wp-block-embed__wrapper\">\n<div class=\"jeg_video_container jeg_video_content\"><iframe loading=\"lazy\" title=\"Benef\u00edcios da Salsa (Salsinha) - Para Que Serve? Emagrece? Como Usar? [DICAS]\" width=\"500\" height=\"281\" src=\"https:\/\/www.youtube.com\/embed\/YdtUTAM8cg4?feature=oembed\" frameborder=\"0\" allow=\"accelerometer; autoplay; clipboard-write; encrypted-media; gyroscope; picture-in-picture; web-share\" referrerpolicy=\"strict-origin-when-cross-origin\" allowfullscreen><\/iframe><\/div>\n<\/div><\/figure>\n\n\n\n<h2 class=\"wp-block-heading\">Qual \u00e9 o segredo para potencializar o efeito detox desse rem\u00e9dio caseiro natural?<\/h2>\n\n\n\n<p>Para maximizar os resultados contra o incha\u00e7o, \u00e9 recomend\u00e1vel reduzir o consumo de sal e alimentos processados simultaneamente ao uso da erva. A combina\u00e7\u00e3o de uma dieta limpa com as propriedades diur\u00e9ticas da planta acelera a elimina\u00e7\u00e3o de toxinas acumuladas. <strong>A mudan\u00e7a de h\u00e1bitos alimentares<\/strong> potencializa a a\u00e7\u00e3o das folhas, trazendo benef\u00edcios est\u00e9ticos e muita sa\u00fade interna hoje.<\/p>\n\n\n\n<p>Segundo informa\u00e7\u00f5es detalhadas da <a href=\"https:\/\/www.urmc.rochester.edu\" target=\"_blank\" rel=\"noreferrer noopener\">University of Rochester Medical Center<\/a>, a <strong>salsa<\/strong> \u00e9 uma fonte riqu\u00edssima de nutrientes que auxiliam na manuten\u00e7\u00e3o do equil\u00edbrio h\u00eddrico do organismo humano. Al\u00e9m de ajudar na est\u00e9tica, o consumo dessa folha simples fortalece o sistema imunol\u00f3gico devido ao alto teor de vitaminas presentes em sua composi\u00e7\u00e3o natural e muito vers\u00e1til hoje.<\/p>\n","protected":false},"excerpt":{"rendered":"<p>Muitas pessoas sofrem com a reten\u00e7\u00e3o de l\u00edquidos e o desconforto causado pelo incha\u00e7o abdominal frequente no cotidiano. O uso da salsa como ch\u00e1 ou tempero surge como uma solu\u00e7\u00e3o natural e acess\u00edvel para quem busca al\u00edvio r\u00e1pido e seguro. Compreender as propriedades medicinais dessa planta ajuda a transformar sua sa\u00fade f\u00edsica de modo pr\u00e1tico. [&hellip;]<\/p>\n","protected":false},"author":21,"featured_media":232078,"comment_status":"open","ping_status":"open","sticky":false,"template":"","format":"standard","meta":{"_yoast_wpseo_focuskw":"ch\u00e1 de salsa para reten\u00e7\u00e3o de l\u00edquidos","_yoast_wpseo_title":"","_yoast_wpseo_metadesc":"Incha\u00e7o e reten\u00e7\u00e3o de l\u00edquidos incomodam? Um ingrediente simples pode ajudar a reduzir o volume corporal de forma natural.","jnews-multi-image_gallery":[],"jnews_single_post":{"format":"standard"},"jnews_primary_category":[],"jnews_social_meta":[],"jnews_override_counter":[],"footnotes":""},"categories":[119],"post_tag":[],"class_list":["post-232076","post","type-post","status-publish","format-standard","has-post-thumbnail","hentry","category-bem-estar"],"yoast_head":"<!-- This site is optimized with the Yoast SEO plugin v24.6 - https:\/\/yoast.com\/wordpress\/plugins\/seo\/ -->\n<title>A folha simples que ajuda a reduzir o incha\u00e7o naturalmente - Correio Braziliense - Radar<\/title>\n<meta name=\"description\" content=\"Incha\u00e7o e reten\u00e7\u00e3o de l\u00edquidos incomodam? Um ingrediente simples pode ajudar a reduzir o volume corporal de forma natural.\" \/>\n<meta name=\"robots\" content=\"index, follow, max-snippet:-1, max-image-preview:large, max-video-preview:-1\" \/>\n<link rel=\"canonical\" href=\"https:\/\/www.correiobraziliense.com.br\/cbradar\/a-folha-simples-que-ajuda-a-reduzir-o-inchaco-naturalmente\/\" \/>\n<meta property=\"og:locale\" content=\"pt_BR\" \/>\n<meta property=\"og:type\" content=\"article\" \/>\n<meta property=\"og:title\" content=\"A folha simples que ajuda a reduzir o incha\u00e7o naturalmente - Correio Braziliense - Radar\" \/>\n<meta property=\"og:description\" content=\"Incha\u00e7o e reten\u00e7\u00e3o de l\u00edquidos incomodam? Um ingrediente simples pode ajudar a reduzir o volume corporal de forma natural.\" \/>\n<meta property=\"og:url\" content=\"https:\/\/www.correiobraziliense.com.br\/cbradar\/a-folha-simples-que-ajuda-a-reduzir-o-inchaco-naturalmente\/\" \/>\n<meta property=\"og:site_name\" content=\"Correio Braziliense - Radar\" \/>\n<meta property=\"article:published_time\" content=\"2026-04-26T20:25:00+00:00\" \/>\n<meta property=\"og:image\" content=\"https:\/\/www.correiobraziliense.com.br\/cbradar\/wp-content\/uploads\/2026\/04\/Gemini_Generated_Image_udd96dudd96dudd9-1-1-1.png\" \/>\n\t<meta property=\"og:image:width\" content=\"1280\" \/>\n\t<meta property=\"og:image:height\" content=\"720\" \/>\n\t<meta property=\"og:image:type\" content=\"image\/png\" \/>\n<meta name=\"author\" content=\"Patrick Silva\" \/>\n<meta name=\"twitter:card\" content=\"summary_large_image\" \/>\n<meta name=\"twitter:label1\" content=\"Escrito por\" \/>\n\t<meta name=\"twitter:data1\" content=\"Patrick Silva\" \/>\n\t<meta name=\"twitter:label2\" content=\"Est. tempo de leitura\" \/>\n\t<meta name=\"twitter:data2\" content=\"5 minutos\" \/>\n<!-- \/ Yoast SEO plugin. -->","yoast_head_json":{"title":"A folha simples que ajuda a reduzir o incha\u00e7o naturalmente - Correio Braziliense - Radar","description":"Incha\u00e7o e reten\u00e7\u00e3o de l\u00edquidos incomodam? Um ingrediente simples pode ajudar a reduzir o volume corporal de forma natural.","robots":{"index":"index","follow":"follow","max-snippet":"max-snippet:-1","max-image-preview":"max-image-preview:large","max-video-preview":"max-video-preview:-1"},"canonical":"https:\/\/www.correiobraziliense.com.br\/cbradar\/a-folha-simples-que-ajuda-a-reduzir-o-inchaco-naturalmente\/","og_locale":"pt_BR","og_type":"article","og_title":"A folha simples que ajuda a reduzir o incha\u00e7o naturalmente - Correio Braziliense - Radar","og_description":"Incha\u00e7o e reten\u00e7\u00e3o de l\u00edquidos incomodam? Um ingrediente simples pode ajudar a reduzir o volume corporal de forma natural.","og_url":"https:\/\/www.correiobraziliense.com.br\/cbradar\/a-folha-simples-que-ajuda-a-reduzir-o-inchaco-naturalmente\/","og_site_name":"Correio Braziliense - Radar","article_published_time":"2026-04-26T20:25:00+00:00","og_image":[{"width":1280,"height":720,"url":"https:\/\/www.correiobraziliense.com.br\/cbradar\/wp-content\/uploads\/2026\/04\/Gemini_Generated_Image_udd96dudd96dudd9-1-1-1.png","type":"image\/png"}],"author":"Patrick Silva","twitter_card":"summary_large_image","twitter_misc":{"Escrito por":"Patrick Silva","Est. tempo de leitura":"5 minutos"},"schema":{"@context":"https:\/\/schema.org","@graph":[{"@type":"WebPage","@id":"https:\/\/www.correiobraziliense.com.br\/cbradar\/a-folha-simples-que-ajuda-a-reduzir-o-inchaco-naturalmente\/","url":"https:\/\/www.correiobraziliense.com.br\/cbradar\/a-folha-simples-que-ajuda-a-reduzir-o-inchaco-naturalmente\/","name":"A folha simples que ajuda a reduzir o incha\u00e7o naturalmente - Correio Braziliense - Radar","isPartOf":{"@id":"https:\/\/www.correiobraziliense.com.br\/cbradar\/#website"},"primaryImageOfPage":{"@id":"https:\/\/www.correiobraziliense.com.br\/cbradar\/a-folha-simples-que-ajuda-a-reduzir-o-inchaco-naturalmente\/#primaryimage"},"image":{"@id":"https:\/\/www.correiobraziliense.com.br\/cbradar\/a-folha-simples-que-ajuda-a-reduzir-o-inchaco-naturalmente\/#primaryimage"},"thumbnailUrl":"https:\/\/www.correiobraziliense.com.br\/cbradar\/wp-content\/uploads\/2026\/04\/Gemini_Generated_Image_udd96dudd96dudd9-1-1-1.png","datePublished":"2026-04-26T20:25:00+00:00","author":{"@id":"https:\/\/www.correiobraziliense.com.br\/cbradar\/#\/schema\/person\/5440b72be9c7eb74f446c846479dc4da"},"description":"Incha\u00e7o e reten\u00e7\u00e3o de l\u00edquidos incomodam? Um ingrediente simples pode ajudar a reduzir o volume corporal de forma natural.","breadcrumb":{"@id":"https:\/\/www.correiobraziliense.com.br\/cbradar\/a-folha-simples-que-ajuda-a-reduzir-o-inchaco-naturalmente\/#breadcrumb"},"inLanguage":"pt-BR","potentialAction":[{"@type":"ReadAction","target":["https:\/\/www.correiobraziliense.com.br\/cbradar\/a-folha-simples-que-ajuda-a-reduzir-o-inchaco-naturalmente\/"]}]},{"@type":"ImageObject","inLanguage":"pt-BR","@id":"https:\/\/www.correiobraziliense.com.br\/cbradar\/a-folha-simples-que-ajuda-a-reduzir-o-inchaco-naturalmente\/#primaryimage","url":"https:\/\/www.correiobraziliense.com.br\/cbradar\/wp-content\/uploads\/2026\/04\/Gemini_Generated_Image_udd96dudd96dudd9-1-1-1.png","contentUrl":"https:\/\/www.correiobraziliense.com.br\/cbradar\/wp-content\/uploads\/2026\/04\/Gemini_Generated_Image_udd96dudd96dudd9-1-1-1.png","width":1280,"height":720,"caption":"Salsa pode ajudar a reduzir o incha\u00e7o e eliminar l\u00edquidos naturalmente"},{"@type":"BreadcrumbList","@id":"https:\/\/www.correiobraziliense.com.br\/cbradar\/a-folha-simples-que-ajuda-a-reduzir-o-inchaco-naturalmente\/#breadcrumb","itemListElement":[{"@type":"ListItem","position":1,"name":"In\u00edcio","item":"https:\/\/www.correiobraziliense.com.br\/cbradar\/"},{"@type":"ListItem","position":2,"name":"A folha simples que ajuda a reduzir o incha\u00e7o naturalmente"}]},{"@type":"WebSite","@id":"https:\/\/www.correiobraziliense.com.br\/cbradar\/#website","url":"https:\/\/www.correiobraziliense.com.br\/cbradar\/","name":"Correio Braziliense - Radar","description":"Acompanhe as \u00faltimas not\u00edcias e fique bem informado sobre tudo o que acontece no Brasil e no mundo.","potentialAction":[{"@type":"SearchAction","target":{"@type":"EntryPoint","urlTemplate":"https:\/\/www.correiobraziliense.com.br\/cbradar\/?s={search_term_string}"},"query-input":{"@type":"PropertyValueSpecification","valueRequired":true,"valueName":"search_term_string"}}],"inLanguage":"pt-BR"},{"@type":"Person","@id":"https:\/\/www.correiobraziliense.com.br\/cbradar\/#\/schema\/person\/5440b72be9c7eb74f446c846479dc4da","name":"Patrick Silva","image":{"@type":"ImageObject","inLanguage":"pt-BR","@id":"https:\/\/www.correiobraziliense.com.br\/cbradar\/#\/schema\/person\/image\/","url":"https:\/\/secure.gravatar.com\/avatar\/944109df296fc087785c9715fd5f80b2?s=96&d=mm&r=g","contentUrl":"https:\/\/secure.gravatar.com\/avatar\/944109df296fc087785c9715fd5f80b2?s=96&d=mm&r=g","caption":"Patrick Silva"},"sameAs":["https:\/\/www.correiobraziliense.com.br\/cbradar\/"],"url":"https:\/\/www.correiobraziliense.com.br\/cbradar\/author\/patrick-silva\/"}]}},"_links":{"self":[{"href":"https:\/\/www.correiobraziliense.com.br\/cbradar\/wp-json\/wp\/v2\/posts\/232076","targetHints":{"allow":["GET"]}}],"collection":[{"href":"https:\/\/www.correiobraziliense.com.br\/cbradar\/wp-json\/wp\/v2\/posts"}],"about":[{"href":"https:\/\/www.correiobraziliense.com.br\/cbradar\/wp-json\/wp\/v2\/types\/post"}],"author":[{"embeddable":true,"href":"https:\/\/www.correiobraziliense.com.br\/cbradar\/wp-json\/wp\/v2\/users\/21"}],"replies":[{"embeddable":true,"href":"https:\/\/www.correiobraziliense.com.br\/cbradar\/wp-json\/wp\/v2\/comments?post=232076"}],"version-history":[{"count":3,"href":"https:\/\/www.correiobraziliense.com.br\/cbradar\/wp-json\/wp\/v2\/posts\/232076\/revisions"}],"predecessor-version":[{"id":232081,"href":"https:\/\/www.correiobraziliense.com.br\/cbradar\/wp-json\/wp\/v2\/posts\/232076\/revisions\/232081"}],"wp:featuredmedia":[{"embeddable":true,"href":"https:\/\/www.correiobraziliense.com.br\/cbradar\/wp-json\/wp\/v2\/media\/232078"}],"wp:attachment":[{"href":"https:\/\/www.correiobraziliense.com.br\/cbradar\/wp-json\/wp\/v2\/media?parent=232076"}],"wp:term":[{"taxonomy":"category","embeddable":true,"href":"https:\/\/www.correiobraziliense.com.br\/cbradar\/wp-json\/wp\/v2\/categories?post=232076"},{"taxonomy":"post_tag","embeddable":true,"href":"https:\/\/www.correiobraziliense.com.br\/cbradar\/wp-json\/wp\/v2\/post_tag?post=232076"}],"curies":[{"name":"wp","href":"https:\/\/api.w.org\/{rel}","templated":true}]}}