{"id":232082,"date":"2026-04-26T19:35:00","date_gmt":"2026-04-26T22:35:00","guid":{"rendered":"https:\/\/www.correiobraziliense.com.br\/cbradar\/?p=232082"},"modified":"2026-04-25T15:58:22","modified_gmt":"2026-04-25T18:58:22","slug":"a-semente-simples-que-ajuda-o-intestino-a-funcionar-melhor-naturalmente","status":"publish","type":"post","link":"https:\/\/www.correiobraziliense.com.br\/cbradar\/a-semente-simples-que-ajuda-o-intestino-a-funcionar-melhor-naturalmente\/","title":{"rendered":"A semente simples que ajuda o intestino a funcionar melhor naturalmente"},"content":{"rendered":"\n<p>Manter o ritmo intestinal em dia \u00e9 essencial para garantir o bem-estar e a disposi\u00e7\u00e3o necess\u00e1ria em todas as tarefas cotidianas exaustivas. O uso estrat\u00e9gico de sementes naturais, como a linha\u00e7a, oferece uma solu\u00e7\u00e3o eficiente para combater a pris\u00e3o de ventre sem recorrer a medicamentos qu\u00edmicos. Pequenas mudan\u00e7as alimentares promovem resultados duradouros na sua sa\u00fade.<\/p>\n\n\n\n<h2 class=\"wp-block-heading\">Como as fibras dessa semente agem dentro do seu sistema digestivo?<\/h2>\n\n\n\n<p>A linha\u00e7a \u00e9 extremamente rica em fibras sol\u00faveis e insol\u00faveis que desempenham pap\u00e9is fundamentais na forma\u00e7\u00e3o do bolo fecal de maneira saud\u00e1vel. Essas fibras absorvem \u00e1gua, aumentando o volume das fezes e facilitando o tr\u00e2nsito intestinal de forma muito suave e sem dores abdominais chatas. <strong>O consumo regular previne a constipa\u00e7\u00e3o severa<\/strong> com efici\u00eancia e seguran\u00e7a nutricional.<\/p>\n\n\n\n<p>Al\u00e9m das fibras, essa semente possui uma camada de mucilagem que, ao entrar em contato com l\u00edquidos, forma um gel protetor. Esse gel lubrifica as paredes do intestino, permitindo que os res\u00edduos passem com mais facilidade e rapidez pelo trato digestivo humano. <strong>A hidrata\u00e7\u00e3o correta potencializa esse efeito<\/strong>, garantindo que seu organismo funcione perfeitamente sempre e com total leveza.<\/p>\n\n\n\n<p>Para entender como esse alimento pode contribuir para sua sa\u00fade e rotina alimentar, este v\u00eddeo apresenta explica\u00e7\u00f5es claras e orienta\u00e7\u00f5es pr\u00e1ticas de uso, com conte\u00fado do canal <strong>Nutricionista Patricia Leite<\/strong>, que re\u00fane mais de 8,17 mi de inscritos interessados:<\/p>\n\n\n\n<figure class=\"wp-block-embed is-type-video is-provider-youtube wp-block-embed-youtube wp-embed-aspect-16-9 wp-has-aspect-ratio\"><div class=\"wp-block-embed__wrapper\">\n<div class=\"jeg_video_container jeg_video_content\"><iframe loading=\"lazy\" title=\"Benef\u00edcios da Linha\u00e7a Dourada - Para Que Serve e Como Usar [DICAS!]\" width=\"500\" height=\"281\" src=\"https:\/\/www.youtube.com\/embed\/ofEiOhJb7xE?feature=oembed\" frameborder=\"0\" allow=\"accelerometer; autoplay; clipboard-write; encrypted-media; gyroscope; picture-in-picture; web-share\" referrerpolicy=\"strict-origin-when-cross-origin\" allowfullscreen><\/iframe><\/div>\n<\/div><\/figure>\n\n\n\n<h2 class=\"wp-block-heading\">Quais s\u00e3o os benef\u00edcios invis\u00edveis de consumir este superalimento diariamente?<\/h2>\n\n\n\n<p>O consumo frequente de linha\u00e7a ajuda a reduzir inflama\u00e7\u00f5es internas que podem prejudicar a absor\u00e7\u00e3o de nutrientes vitais para o seu corpo hoje. Esse efeito anti-inflamat\u00f3rio \u00e9 fruto da alta concentra\u00e7\u00e3o de \u00f4mega 3, uma gordura saud\u00e1vel que protege todo o sistema cardiovascular simultaneamente. <strong>Sua sa\u00fade agradece o cuidado constante<\/strong>, refletindo diretamente na vitalidade da pele e disposi\u00e7\u00e3o.<\/p>\n\n\n\n<p>Outro ponto importante \u00e9 o controle do \u00edndice glic\u00eamico ap\u00f3s as refei\u00e7\u00f5es, o que evita picos de insulina que geram fome constante. Ao prolongar a sensa\u00e7\u00e3o de saciedade, a linha\u00e7a auxilia indiretamente no controle do peso corporal, algo valioso para muitos leitores atentos. <strong>Equilibrar a alimenta\u00e7\u00e3o traz paz mental<\/strong>, permitindo que voc\u00ea foque nas suas metas di\u00e1rias com vigor.<\/p>\n\n\n\n<p>Leia tamb\u00e9m: <a href=\"https:\/\/www.correiobraziliense.com.br\/cbradar\/alimentos-baratos-e-proteicos-para-deixar-o-cafe-da-manha-mais-saciante-sem-complicacao\/\" target=\"_blank\" rel=\"noreferrer noopener\">Alimentos baratos e proteicos para deixar o caf\u00e9 da manh\u00e3 mais saciante sem complica\u00e7\u00e3o<\/a><\/p>\n\n\n\n<h2 class=\"wp-block-heading\">Como voc\u00ea pode inserir este ingrediente na sua rotina alimentar?<\/h2>\n\n\n\n<p>Voc\u00ea pode adicionar as sementes mo\u00eddas em diversas prepara\u00e7\u00f5es culin\u00e1rias sem alterar o sabor final dos seus pratos favoritos ou saud\u00e1veis. Misturar o ingrediente em sucos, vitaminas ou massas de p\u00e3es integrais \u00e9 uma estrat\u00e9gia simples para aumentar o consumo de fibras. <strong>A praticidade facilita a const\u00e2ncia necess\u00e1ria<\/strong>, transformando sua digest\u00e3o em poucos dias \u00fateis e proveitosos. <\/p>\n\n\n\n<p>Confira a lista abaixo:<\/p>\n\n\n\n<ul class=\"wp-block-list\">\n<li>Adi\u00e7\u00e3o de sementes trituradas em iogurtes naturais.<\/li>\n\n\n\n<li>Mistura em massas de bolos e tortas caseiras.<\/li>\n\n\n\n<li>Uso como substituto de ovos em receitas veganas.<\/li>\n\n\n\n<li>Polvilhado sobre saladas de frutas frescas e suculentas.<\/li>\n<\/ul>\n\n\n\n<h2 class=\"wp-block-heading\">Por que a vers\u00e3o mo\u00edda \u00e9 mais eficiente que a semente inteira?<\/h2>\n\n\n\n<p>Muitas pessoas cometem o erro de consumir a semente inteira, mas a casca da linha\u00e7a \u00e9 extremamente resistente ao processo de digest\u00e3o humana. Para que seu organismo consiga absorver todos os nutrientes, \u00e9 necess\u00e1rio triturar os gr\u00e3os antes do consumo imediato ou guard\u00e1-los bem vedados. <strong>A absor\u00e7\u00e3o nutricional depende do preparo correto<\/strong>, garantindo resultados reais agora e sempre para voc\u00ea.<\/p>\n\n\n\n<p>Ao quebrar a casca, voc\u00ea libera as gorduras boas e as fibras que estavam protegidas, permitindo que elas atuem diretamente no seu intestino. Caso contr\u00e1rio, a semente pode passar intacta pelo seu corpo, sem oferecer os benef\u00edcios esperados para a sa\u00fade digestiva. <strong>Aprender a preparar os alimentos \u00e9 vital<\/strong>, maximizando o investimento feito em sua nutri\u00e7\u00e3o pessoal e familiar.<\/p>\n\n\n\n<figure class=\"wp-block-image size-full\"><img decoding=\"async\" width=\"1280\" height=\"720\" src=\"https:\/\/www.correiobraziliense.com.br\/cbradar\/wp-content\/uploads\/2026\/04\/Gemini_Generated_Image_8f63i78f63i78f63-1-1.png\" alt=\"A semente simples que ajuda o intestino a funcionar melhor naturalmente\" class=\"wp-image-232087\" srcset=\"https:\/\/www.correiobraziliense.com.br\/cbradar\/wp-content\/uploads\/2026\/04\/Gemini_Generated_Image_8f63i78f63i78f63-1-1.png 1280w, https:\/\/www.correiobraziliense.com.br\/cbradar\/wp-content\/uploads\/2026\/04\/Gemini_Generated_Image_8f63i78f63i78f63-1-1-300x169.png 300w, https:\/\/www.correiobraziliense.com.br\/cbradar\/wp-content\/uploads\/2026\/04\/Gemini_Generated_Image_8f63i78f63i78f63-1-1-768x432.png 768w, https:\/\/www.correiobraziliense.com.br\/cbradar\/wp-content\/uploads\/2026\/04\/Gemini_Generated_Image_8f63i78f63i78f63-1-1-750x422.png 750w, https:\/\/www.correiobraziliense.com.br\/cbradar\/wp-content\/uploads\/2026\/04\/Gemini_Generated_Image_8f63i78f63i78f63-1-1-1140x641.png 1140w\" sizes=\"(max-width: 1280px) 100vw, 1280px\" \/><figcaption class=\"wp-element-caption\">Linha\u00e7a ajuda a regular o intestino e melhorar a digest\u00e3o naturalmente<\/figcaption><\/figure>\n\n\n\n<h2 class=\"wp-block-heading\">Qual \u00e9 a recomenda\u00e7\u00e3o oficial para evitar desconfortos abdominais iniciais?<\/h2>\n\n\n\n<p>Especialistas sugerem come\u00e7ar com pequenas quantidades para permitir que seu sistema digestivo se adapte ao aumento repentino de fibras na dieta regular. Aumentar a ingest\u00e3o de \u00e1gua \u00e9 o passo mais importante para evitar que o efeito das fibras cause ressecamento interno. <strong>A modera\u00e7\u00e3o \u00e9 a chave do sucesso<\/strong>, garantindo que seu intestino responda positivamente sempre e com sa\u00fade.<\/p>\n\n\n\n<p>De acordo com orienta\u00e7\u00f5es da <a href=\"https:\/\/health.clevelandclinic.org\/flaxseed-little-seed-big-benefits#:~:text=Health%20benefits%20of%20flaxseed&amp;text=They%27re%20full%20of%20both,outweigh%20its%20calories%2C%20Zumpano%20notes.\" target=\"_blank\" rel=\"noreferrer noopener\">Cleveland Clinic<\/a>, o consumo de linha\u00e7a oferece benef\u00edcios significativos para o cora\u00e7\u00e3o e para o controle dos n\u00edveis de a\u00e7\u00facar no sangue. Integrar este alimento de forma consciente ajuda na preven\u00e7\u00e3o de doen\u00e7as cr\u00f4nicas e melhora o funcionamento biol\u00f3gico de maneira natural. <strong>Priorize sua sa\u00fade preventiva agora mesmo<\/strong>, adotando h\u00e1bitos fundamentados em estudos cient\u00edficos e m\u00e9dicos s\u00e9rios.<\/p>\n","protected":false},"excerpt":{"rendered":"<p>Manter o ritmo intestinal em dia \u00e9 essencial para garantir o bem-estar e a disposi\u00e7\u00e3o necess\u00e1ria em todas as tarefas cotidianas exaustivas. O uso estrat\u00e9gico de sementes naturais, como a linha\u00e7a, oferece uma solu\u00e7\u00e3o eficiente para combater a pris\u00e3o de ventre sem recorrer a medicamentos qu\u00edmicos. Pequenas mudan\u00e7as alimentares promovem resultados duradouros na sua sa\u00fade. [&hellip;]<\/p>\n","protected":false},"author":21,"featured_media":232086,"comment_status":"open","ping_status":"open","sticky":false,"template":"","format":"standard","meta":{"_yoast_wpseo_focuskw":"linha\u00e7a para intestino preso e digest\u00e3o","_yoast_wpseo_title":"","_yoast_wpseo_metadesc":"Pris\u00e3o de ventre pode ter solu\u00e7\u00e3o natural. Um ingrediente simples ajuda a melhorar o intestino e aliviar o desconforto di\u00e1rio.","jnews-multi-image_gallery":[],"jnews_single_post":{"format":"standard"},"jnews_primary_category":[],"jnews_social_meta":[],"jnews_override_counter":[],"footnotes":""},"categories":[119],"post_tag":[],"class_list":["post-232082","post","type-post","status-publish","format-standard","has-post-thumbnail","hentry","category-bem-estar"],"yoast_head":"<!-- This site is optimized with the Yoast SEO plugin v24.6 - https:\/\/yoast.com\/wordpress\/plugins\/seo\/ -->\n<title>A semente simples que ajuda o intestino a funcionar melhor naturalmente - Correio Braziliense - Radar<\/title>\n<meta name=\"description\" content=\"Pris\u00e3o de ventre pode ter solu\u00e7\u00e3o natural. Um ingrediente simples ajuda a melhorar o intestino e aliviar o desconforto di\u00e1rio.\" \/>\n<meta name=\"robots\" content=\"index, follow, max-snippet:-1, max-image-preview:large, max-video-preview:-1\" \/>\n<link rel=\"canonical\" href=\"https:\/\/www.correiobraziliense.com.br\/cbradar\/a-semente-simples-que-ajuda-o-intestino-a-funcionar-melhor-naturalmente\/\" \/>\n<meta property=\"og:locale\" content=\"pt_BR\" \/>\n<meta property=\"og:type\" content=\"article\" \/>\n<meta property=\"og:title\" content=\"A semente simples que ajuda o intestino a funcionar melhor naturalmente - Correio Braziliense - Radar\" \/>\n<meta property=\"og:description\" content=\"Pris\u00e3o de ventre pode ter solu\u00e7\u00e3o natural. Um ingrediente simples ajuda a melhorar o intestino e aliviar o desconforto di\u00e1rio.\" \/>\n<meta property=\"og:url\" content=\"https:\/\/www.correiobraziliense.com.br\/cbradar\/a-semente-simples-que-ajuda-o-intestino-a-funcionar-melhor-naturalmente\/\" \/>\n<meta property=\"og:site_name\" content=\"Correio Braziliense - Radar\" \/>\n<meta property=\"article:published_time\" content=\"2026-04-26T22:35:00+00:00\" \/>\n<meta property=\"og:image\" content=\"https:\/\/www.correiobraziliense.com.br\/cbradar\/wp-content\/uploads\/2026\/04\/Gemini_Generated_Image_63o9eq63o9eq63o9-1-1.png\" \/>\n\t<meta property=\"og:image:width\" content=\"1280\" \/>\n\t<meta property=\"og:image:height\" content=\"720\" \/>\n\t<meta property=\"og:image:type\" content=\"image\/png\" \/>\n<meta name=\"author\" content=\"Patrick Silva\" \/>\n<meta name=\"twitter:card\" content=\"summary_large_image\" \/>\n<meta name=\"twitter:label1\" content=\"Escrito por\" \/>\n\t<meta name=\"twitter:data1\" content=\"Patrick Silva\" \/>\n\t<meta name=\"twitter:label2\" content=\"Est. tempo de leitura\" \/>\n\t<meta name=\"twitter:data2\" content=\"5 minutos\" \/>\n<!-- \/ Yoast SEO plugin. -->","yoast_head_json":{"title":"A semente simples que ajuda o intestino a funcionar melhor naturalmente - Correio Braziliense - Radar","description":"Pris\u00e3o de ventre pode ter solu\u00e7\u00e3o natural. Um ingrediente simples ajuda a melhorar o intestino e aliviar o desconforto di\u00e1rio.","robots":{"index":"index","follow":"follow","max-snippet":"max-snippet:-1","max-image-preview":"max-image-preview:large","max-video-preview":"max-video-preview:-1"},"canonical":"https:\/\/www.correiobraziliense.com.br\/cbradar\/a-semente-simples-que-ajuda-o-intestino-a-funcionar-melhor-naturalmente\/","og_locale":"pt_BR","og_type":"article","og_title":"A semente simples que ajuda o intestino a funcionar melhor naturalmente - Correio Braziliense - Radar","og_description":"Pris\u00e3o de ventre pode ter solu\u00e7\u00e3o natural. Um ingrediente simples ajuda a melhorar o intestino e aliviar o desconforto di\u00e1rio.","og_url":"https:\/\/www.correiobraziliense.com.br\/cbradar\/a-semente-simples-que-ajuda-o-intestino-a-funcionar-melhor-naturalmente\/","og_site_name":"Correio Braziliense - Radar","article_published_time":"2026-04-26T22:35:00+00:00","og_image":[{"width":1280,"height":720,"url":"https:\/\/www.correiobraziliense.com.br\/cbradar\/wp-content\/uploads\/2026\/04\/Gemini_Generated_Image_63o9eq63o9eq63o9-1-1.png","type":"image\/png"}],"author":"Patrick Silva","twitter_card":"summary_large_image","twitter_misc":{"Escrito por":"Patrick Silva","Est. tempo de leitura":"5 minutos"},"schema":{"@context":"https:\/\/schema.org","@graph":[{"@type":"WebPage","@id":"https:\/\/www.correiobraziliense.com.br\/cbradar\/a-semente-simples-que-ajuda-o-intestino-a-funcionar-melhor-naturalmente\/","url":"https:\/\/www.correiobraziliense.com.br\/cbradar\/a-semente-simples-que-ajuda-o-intestino-a-funcionar-melhor-naturalmente\/","name":"A semente simples que ajuda o intestino a funcionar melhor naturalmente - Correio Braziliense - Radar","isPartOf":{"@id":"https:\/\/www.correiobraziliense.com.br\/cbradar\/#website"},"primaryImageOfPage":{"@id":"https:\/\/www.correiobraziliense.com.br\/cbradar\/a-semente-simples-que-ajuda-o-intestino-a-funcionar-melhor-naturalmente\/#primaryimage"},"image":{"@id":"https:\/\/www.correiobraziliense.com.br\/cbradar\/a-semente-simples-que-ajuda-o-intestino-a-funcionar-melhor-naturalmente\/#primaryimage"},"thumbnailUrl":"https:\/\/www.correiobraziliense.com.br\/cbradar\/wp-content\/uploads\/2026\/04\/Gemini_Generated_Image_63o9eq63o9eq63o9-1-1.png","datePublished":"2026-04-26T22:35:00+00:00","author":{"@id":"https:\/\/www.correiobraziliense.com.br\/cbradar\/#\/schema\/person\/5440b72be9c7eb74f446c846479dc4da"},"description":"Pris\u00e3o de ventre pode ter solu\u00e7\u00e3o natural. Um ingrediente simples ajuda a melhorar o intestino e aliviar o desconforto di\u00e1rio.","breadcrumb":{"@id":"https:\/\/www.correiobraziliense.com.br\/cbradar\/a-semente-simples-que-ajuda-o-intestino-a-funcionar-melhor-naturalmente\/#breadcrumb"},"inLanguage":"pt-BR","potentialAction":[{"@type":"ReadAction","target":["https:\/\/www.correiobraziliense.com.br\/cbradar\/a-semente-simples-que-ajuda-o-intestino-a-funcionar-melhor-naturalmente\/"]}]},{"@type":"ImageObject","inLanguage":"pt-BR","@id":"https:\/\/www.correiobraziliense.com.br\/cbradar\/a-semente-simples-que-ajuda-o-intestino-a-funcionar-melhor-naturalmente\/#primaryimage","url":"https:\/\/www.correiobraziliense.com.br\/cbradar\/wp-content\/uploads\/2026\/04\/Gemini_Generated_Image_63o9eq63o9eq63o9-1-1.png","contentUrl":"https:\/\/www.correiobraziliense.com.br\/cbradar\/wp-content\/uploads\/2026\/04\/Gemini_Generated_Image_63o9eq63o9eq63o9-1-1.png","width":1280,"height":720,"caption":"Linha\u00e7a ajuda a regular o intestino e melhorar a digest\u00e3o naturalmente"},{"@type":"BreadcrumbList","@id":"https:\/\/www.correiobraziliense.com.br\/cbradar\/a-semente-simples-que-ajuda-o-intestino-a-funcionar-melhor-naturalmente\/#breadcrumb","itemListElement":[{"@type":"ListItem","position":1,"name":"In\u00edcio","item":"https:\/\/www.correiobraziliense.com.br\/cbradar\/"},{"@type":"ListItem","position":2,"name":"A semente simples que ajuda o intestino a funcionar melhor naturalmente"}]},{"@type":"WebSite","@id":"https:\/\/www.correiobraziliense.com.br\/cbradar\/#website","url":"https:\/\/www.correiobraziliense.com.br\/cbradar\/","name":"Correio Braziliense - Radar","description":"Acompanhe as \u00faltimas not\u00edcias e fique bem informado sobre tudo o que acontece no Brasil e no mundo.","potentialAction":[{"@type":"SearchAction","target":{"@type":"EntryPoint","urlTemplate":"https:\/\/www.correiobraziliense.com.br\/cbradar\/?s={search_term_string}"},"query-input":{"@type":"PropertyValueSpecification","valueRequired":true,"valueName":"search_term_string"}}],"inLanguage":"pt-BR"},{"@type":"Person","@id":"https:\/\/www.correiobraziliense.com.br\/cbradar\/#\/schema\/person\/5440b72be9c7eb74f446c846479dc4da","name":"Patrick Silva","image":{"@type":"ImageObject","inLanguage":"pt-BR","@id":"https:\/\/www.correiobraziliense.com.br\/cbradar\/#\/schema\/person\/image\/","url":"https:\/\/secure.gravatar.com\/avatar\/944109df296fc087785c9715fd5f80b2?s=96&d=mm&r=g","contentUrl":"https:\/\/secure.gravatar.com\/avatar\/944109df296fc087785c9715fd5f80b2?s=96&d=mm&r=g","caption":"Patrick Silva"},"sameAs":["https:\/\/www.correiobraziliense.com.br\/cbradar\/"],"url":"https:\/\/www.correiobraziliense.com.br\/cbradar\/author\/patrick-silva\/"}]}},"_links":{"self":[{"href":"https:\/\/www.correiobraziliense.com.br\/cbradar\/wp-json\/wp\/v2\/posts\/232082","targetHints":{"allow":["GET"]}}],"collection":[{"href":"https:\/\/www.correiobraziliense.com.br\/cbradar\/wp-json\/wp\/v2\/posts"}],"about":[{"href":"https:\/\/www.correiobraziliense.com.br\/cbradar\/wp-json\/wp\/v2\/types\/post"}],"author":[{"embeddable":true,"href":"https:\/\/www.correiobraziliense.com.br\/cbradar\/wp-json\/wp\/v2\/users\/21"}],"replies":[{"embeddable":true,"href":"https:\/\/www.correiobraziliense.com.br\/cbradar\/wp-json\/wp\/v2\/comments?post=232082"}],"version-history":[{"count":4,"href":"https:\/\/www.correiobraziliense.com.br\/cbradar\/wp-json\/wp\/v2\/posts\/232082\/revisions"}],"predecessor-version":[{"id":232088,"href":"https:\/\/www.correiobraziliense.com.br\/cbradar\/wp-json\/wp\/v2\/posts\/232082\/revisions\/232088"}],"wp:featuredmedia":[{"embeddable":true,"href":"https:\/\/www.correiobraziliense.com.br\/cbradar\/wp-json\/wp\/v2\/media\/232086"}],"wp:attachment":[{"href":"https:\/\/www.correiobraziliense.com.br\/cbradar\/wp-json\/wp\/v2\/media?parent=232082"}],"wp:term":[{"taxonomy":"category","embeddable":true,"href":"https:\/\/www.correiobraziliense.com.br\/cbradar\/wp-json\/wp\/v2\/categories?post=232082"},{"taxonomy":"post_tag","embeddable":true,"href":"https:\/\/www.correiobraziliense.com.br\/cbradar\/wp-json\/wp\/v2\/post_tag?post=232082"}],"curies":[{"name":"wp","href":"https:\/\/api.w.org\/{rel}","templated":true}]}}