{"id":232089,"date":"2026-04-26T22:25:00","date_gmt":"2026-04-27T01:25:00","guid":{"rendered":"https:\/\/www.correiobraziliense.com.br\/cbradar\/?p=232089"},"modified":"2026-04-25T16:03:29","modified_gmt":"2026-04-25T19:03:29","slug":"poucos-sabem-por-que-colocam-casca-de-banana-na-terra-das-plantas-e-para-que-serve","status":"publish","type":"post","link":"https:\/\/www.correiobraziliense.com.br\/cbradar\/poucos-sabem-por-que-colocam-casca-de-banana-na-terra-das-plantas-e-para-que-serve\/","title":{"rendered":"Poucos sabem por que colocam casca de banana na terra das plantas e para que serve"},"content":{"rendered":"\n<p>Utilizar res\u00edduos org\u00e2nicos no jardim \u00e9 uma pr\u00e1tica sustent\u00e1vel que traz benef\u00edcios surpreendentes para o desenvolvimento das suas flores e hortali\u00e7as favoritas. A casca de banana atua como um fertilizante natural potente, devolvendo nutrientes vitais ao solo. Entender como aplicar esse recurso transforma o cultivo dom\u00e9stico, garantindo plantas muito mais saud\u00e1veis hoje.<\/p>\n\n\n\n<h2 class=\"wp-block-heading\">Qual \u00e9 o segredo nutricional escondido nessas sobras de frutas tropicais?<\/h2>\n\n\n\n<p>As cascas de banana s\u00e3o ricas em pot\u00e1ssio, um mineral indispens\u00e1vel para o fortalecimento das ra\u00edzes e o transporte de \u00e1gua nas plantas. Esse nutriente essencial tamb\u00e9m auxilia na resist\u00eancia contra pragas e doen\u00e7as sazonais que costumam atacar os jardins dom\u00e9sticos. <strong>O pot\u00e1ssio garante flores vibrantes<\/strong>, tornando o solo um ambiente nutritivo para o crescimento vegetal di\u00e1rio.<\/p>\n\n\n\n<p>Al\u00e9m do pot\u00e1ssio, esse res\u00edduo org\u00e2nico cont\u00e9m magn\u00e9sio e c\u00e1lcio, elementos que participam ativamente da fotoss\u00edntese e da forma\u00e7\u00e3o estrutural das folhas. Quando a casca se decomp\u00f5e, ela libera essas subst\u00e2ncias gradualmente, evitando a necessidade de fertilizantes qu\u00edmicos caros ou t\u00f3xicos. <strong>Adubar com sobras org\u00e2nicas<\/strong> \u00e9 uma estrat\u00e9gia inteligente que protege o meio ambiente e economiza recursos hoje.<\/p>\n\n\n\n<figure class=\"wp-block-image size-full\"><img decoding=\"async\" width=\"1280\" height=\"720\" src=\"https:\/\/www.correiobraziliense.com.br\/cbradar\/wp-content\/uploads\/2026\/04\/Gemini_Generated_Image_cgrj8qcgrj8qcgrj-1-1.png\" alt=\"Poucos sabem por que colocam casca de banana na terra das plantas e para que serve\" class=\"wp-image-232092\" srcset=\"https:\/\/www.correiobraziliense.com.br\/cbradar\/wp-content\/uploads\/2026\/04\/Gemini_Generated_Image_cgrj8qcgrj8qcgrj-1-1.png 1280w, https:\/\/www.correiobraziliense.com.br\/cbradar\/wp-content\/uploads\/2026\/04\/Gemini_Generated_Image_cgrj8qcgrj8qcgrj-1-1-300x169.png 300w, https:\/\/www.correiobraziliense.com.br\/cbradar\/wp-content\/uploads\/2026\/04\/Gemini_Generated_Image_cgrj8qcgrj8qcgrj-1-1-768x432.png 768w, https:\/\/www.correiobraziliense.com.br\/cbradar\/wp-content\/uploads\/2026\/04\/Gemini_Generated_Image_cgrj8qcgrj8qcgrj-1-1-750x422.png 750w, https:\/\/www.correiobraziliense.com.br\/cbradar\/wp-content\/uploads\/2026\/04\/Gemini_Generated_Image_cgrj8qcgrj8qcgrj-1-1-1140x641.png 1140w\" sizes=\"(max-width: 1280px) 100vw, 1280px\" \/><figcaption class=\"wp-element-caption\">Casca de banana pode fortalecer plantas e enriquecer o solo naturalmente<\/figcaption><\/figure>\n\n\n\n<h2 class=\"wp-block-heading\">Como esse res\u00edduo org\u00e2nico consegue acelerar a flora\u00e7\u00e3o e a frutifica\u00e7\u00e3o?<\/h2>\n\n\n\n<p>O pot\u00e1ssio presente na fruta estimula a produ\u00e7\u00e3o de prote\u00ednas e a\u00e7\u00facares que s\u00e3o fundamentais para o desenvolvimento de frutos doces e suculentos. Plantas que recebem esse refor\u00e7o nutricional tendem a produzir colheitas muito mais abundantes e resistentes ao estresse h\u00eddrico em dias secos. <strong>A sa\u00fade das plantas melhora<\/strong>, refletindo diretamente na beleza est\u00e9tica de todo o seu jardim.<\/p>\n\n\n\n<p>O f\u00f3sforo tamb\u00e9m est\u00e1 presente nas cascas, atuando diretamente no desenvolvimento das sementes e na sa\u00fade das ra\u00edzes jovens em crescimento acelerado. Esse equil\u00edbrio de minerais naturais cria um ecossistema subterr\u00e2neo favor\u00e1vel para microrganismos ben\u00e9ficos que ajudam a proteger as esp\u00e9cies cultivadas hoje. <strong>A terra torna-se mais f\u00e9rtil<\/strong>, proporcionando um suporte biol\u00f3gico robusto para qualquer tipo de vegeta\u00e7\u00e3o.<\/p>\n\n\n\n<p>Leia tamb\u00e9m: <a href=\"https:\/\/www.correiobraziliense.com.br\/cbradar\/poucos-sabem-como-usar-acucar-para-equilibrar-o-clima-emocional-dentro-de-casa\/\" target=\"_blank\" rel=\"noreferrer noopener\">Poucos sabem como usar a\u00e7\u00facar para equilibrar o clima emocional dentro de casa<\/a><\/p>\n\n\n\n<h2 class=\"wp-block-heading\">Quais s\u00e3o as formas mais eficazes de aplicar esse adubo caseiro?<\/h2>\n\n\n\n<p>Voc\u00ea pode enterrar as cascas picadas diretamente perto das ra\u00edzes ou preparar um ch\u00e1 nutritivo para regar os vasos semanalmente com cuidado. Essa flexibilidade de uso permite que voc\u00ea adapte a fertiliza\u00e7\u00e3o conforme a necessidade espec\u00edfica de cada esp\u00e9cie plantada em sua casa. <strong>A aplica\u00e7\u00e3o correta faz a diferen\u00e7a<\/strong>, garantindo que os nutrientes sejam devidamente absorvidos hoje.<\/p>\n\n\n\n<p>Verifique as t\u00e9cnicas mais comuns utilizadas por especialistas em jardinagem para aproveitar ao m\u00e1ximo as propriedades desse ingrediente natural e muito acess\u00edvel:<\/p>\n\n\n\n<ul class=\"wp-block-list\">\n<li>Cascas secas e mo\u00eddas como farinha nutritiva.<\/li>\n\n\n\n<li>Ch\u00e1 de casca fervida para rega direta.<\/li>\n\n\n\n<li>Peda\u00e7os frescos enterrados no fundo do vaso.<\/li>\n\n\n\n<li>Mistura direta na pilha de compostagem org\u00e2nica.<\/li>\n<\/ul>\n\n\n\n<h2 class=\"wp-block-heading\">Por que esse m\u00e9todo \u00e9 superior aos fertilizantes industriais convencionais?<\/h2>\n\n\n\n<p>Diferente dos produtos qu\u00edmicos, as cascas de banana liberam nutrientes de forma lenta e constante, o que evita queimaduras nas ra\u00edzes sens\u00edveis. Esse processo natural respeita o ciclo biol\u00f3gico da planta, garantindo que ela receba exatamente o que precisa no tempo certo e adequado. <strong>O cultivo org\u00e2nico \u00e9 sustent\u00e1vel<\/strong>, preservando a vida dos polinizadores essenciais para o planeta hoje.<\/p>\n\n\n\n<p>Ao reciclar res\u00edduos dom\u00e9sticos, voc\u00ea reduz a quantidade de lixo org\u00e2nico enviada para os aterros sanit\u00e1rios e melhora a qualidade da sua terra. O solo ganha uma textura mais arejada e rica em h\u00famus, o que facilita a reten\u00e7\u00e3o de umidade necess\u00e1ria para a sobreviv\u00eancia vegetal. <strong>Cuidar do solo \u00e9 vital<\/strong>, criando um ambiente pr\u00f3spero e equilibrado agora.<\/p>\n\n\n\n<figure class=\"wp-block-image size-full\"><img decoding=\"async\" width=\"1280\" height=\"720\" src=\"https:\/\/www.correiobraziliense.com.br\/cbradar\/wp-content\/uploads\/2026\/04\/Gemini_Generated_Image_4obbfm4obbfm4obb-1-1.png\" alt=\"Poucos sabem por que colocam casca de banana na terra das plantas e para que serve\" class=\"wp-image-232093\" srcset=\"https:\/\/www.correiobraziliense.com.br\/cbradar\/wp-content\/uploads\/2026\/04\/Gemini_Generated_Image_4obbfm4obbfm4obb-1-1.png 1280w, https:\/\/www.correiobraziliense.com.br\/cbradar\/wp-content\/uploads\/2026\/04\/Gemini_Generated_Image_4obbfm4obbfm4obb-1-1-300x169.png 300w, https:\/\/www.correiobraziliense.com.br\/cbradar\/wp-content\/uploads\/2026\/04\/Gemini_Generated_Image_4obbfm4obbfm4obb-1-1-768x432.png 768w, https:\/\/www.correiobraziliense.com.br\/cbradar\/wp-content\/uploads\/2026\/04\/Gemini_Generated_Image_4obbfm4obbfm4obb-1-1-750x422.png 750w, https:\/\/www.correiobraziliense.com.br\/cbradar\/wp-content\/uploads\/2026\/04\/Gemini_Generated_Image_4obbfm4obbfm4obb-1-1-1140x641.png 1140w\" sizes=\"(max-width: 1280px) 100vw, 1280px\" \/><figcaption class=\"wp-element-caption\">Casca de banana pode fortalecer plantas e enriquecer o solo naturalmente<\/figcaption><\/figure>\n\n\n\n<h2 class=\"wp-block-heading\">Qual \u00e9 o impacto real da reciclagem org\u00e2nica no ecossistema dom\u00e9stico?<\/h2>\n\n\n\n<p>Praticar a compostagem ou o uso direto de sobras alimentares fortalece a biodiversidade local e melhora a resist\u00eancia das plantas contra pragas urbanas comuns. Esse h\u00e1bito cria uma conex\u00e3o mais profunda com a natureza, ensinando o valor de cada ciclo de vida dentro do ambiente residencial moderno. <strong>A natureza agradece o esfor\u00e7o<\/strong>, devolvendo flores lindas e colheitas fartas.<\/p>\n\n\n\n<p>Segundo as orienta\u00e7\u00f5es da <strong><a href=\"https:\/\/www.epa.gov\/recycle\/composting-home\" target=\"_blank\" rel=\"noreferrer noopener\">United States Environmental Protection Agency<\/a><\/strong>, a compostagem de restos de frutas e vegetais reduz significativamente as emiss\u00f5es de metano prejudiciais ao clima global. Manter o equil\u00edbrio nutricional do solo por meio de m\u00e9todos naturais \u00e9 uma escolha consciente que beneficia tanto o jardim quanto a sa\u00fade do meio ambiente hoje em dia.<\/p>\n","protected":false},"excerpt":{"rendered":"<p>Utilizar res\u00edduos org\u00e2nicos no jardim \u00e9 uma pr\u00e1tica sustent\u00e1vel que traz benef\u00edcios surpreendentes para o desenvolvimento das suas flores e hortali\u00e7as favoritas. A casca de banana atua como um fertilizante natural potente, devolvendo nutrientes vitais ao solo. Entender como aplicar esse recurso transforma o cultivo dom\u00e9stico, garantindo plantas muito mais saud\u00e1veis hoje. Qual \u00e9 o [&hellip;]<\/p>\n","protected":false},"author":21,"featured_media":232091,"comment_status":"open","ping_status":"open","sticky":false,"template":"","format":"standard","meta":{"_yoast_wpseo_focuskw":"casca de banana como fertilizante natural","_yoast_wpseo_title":"","_yoast_wpseo_metadesc":"Casca de banana pode transformar seu jardim. Um detalhe revela como esse res\u00edduo fortalece plantas e melhora o solo naturalmente.","jnews-multi-image_gallery":[],"jnews_single_post":{"format":"standard"},"jnews_primary_category":[],"jnews_social_meta":[],"jnews_override_counter":[],"footnotes":""},"categories":[112],"post_tag":[],"class_list":["post-232089","post","type-post","status-publish","format-standard","has-post-thumbnail","hentry","category-curiosidades"],"yoast_head":"<!-- This site is optimized with the Yoast SEO plugin v24.6 - https:\/\/yoast.com\/wordpress\/plugins\/seo\/ -->\n<title>Poucos sabem por que colocam casca de banana na terra das plantas e para que serve - Correio Braziliense - Radar<\/title>\n<meta name=\"description\" content=\"Casca de banana pode transformar seu jardim. Um detalhe revela como esse res\u00edduo fortalece plantas e melhora o solo naturalmente.\" \/>\n<meta name=\"robots\" content=\"index, follow, max-snippet:-1, max-image-preview:large, max-video-preview:-1\" \/>\n<link rel=\"canonical\" href=\"https:\/\/www.correiobraziliense.com.br\/cbradar\/poucos-sabem-por-que-colocam-casca-de-banana-na-terra-das-plantas-e-para-que-serve\/\" \/>\n<meta property=\"og:locale\" content=\"pt_BR\" \/>\n<meta property=\"og:type\" content=\"article\" \/>\n<meta property=\"og:title\" content=\"Poucos sabem por que colocam casca de banana na terra das plantas e para que serve - Correio Braziliense - Radar\" \/>\n<meta property=\"og:description\" content=\"Casca de banana pode transformar seu jardim. Um detalhe revela como esse res\u00edduo fortalece plantas e melhora o solo naturalmente.\" \/>\n<meta property=\"og:url\" content=\"https:\/\/www.correiobraziliense.com.br\/cbradar\/poucos-sabem-por-que-colocam-casca-de-banana-na-terra-das-plantas-e-para-que-serve\/\" \/>\n<meta property=\"og:site_name\" content=\"Correio Braziliense - Radar\" \/>\n<meta property=\"article:published_time\" content=\"2026-04-27T01:25:00+00:00\" \/>\n<meta property=\"og:image\" content=\"https:\/\/www.correiobraziliense.com.br\/cbradar\/wp-content\/uploads\/2026\/04\/Gemini_Generated_Image_9fswb99fswb99fsw-1-1-1.png\" \/>\n\t<meta property=\"og:image:width\" content=\"1280\" \/>\n\t<meta property=\"og:image:height\" content=\"720\" \/>\n\t<meta property=\"og:image:type\" content=\"image\/png\" \/>\n<meta name=\"author\" content=\"Patrick Silva\" \/>\n<meta name=\"twitter:card\" content=\"summary_large_image\" \/>\n<meta name=\"twitter:label1\" content=\"Escrito por\" \/>\n\t<meta name=\"twitter:data1\" content=\"Patrick Silva\" \/>\n\t<meta name=\"twitter:label2\" content=\"Est. tempo de leitura\" \/>\n\t<meta name=\"twitter:data2\" content=\"5 minutos\" \/>\n<!-- \/ Yoast SEO plugin. -->","yoast_head_json":{"title":"Poucos sabem por que colocam casca de banana na terra das plantas e para que serve - Correio Braziliense - Radar","description":"Casca de banana pode transformar seu jardim. Um detalhe revela como esse res\u00edduo fortalece plantas e melhora o solo naturalmente.","robots":{"index":"index","follow":"follow","max-snippet":"max-snippet:-1","max-image-preview":"max-image-preview:large","max-video-preview":"max-video-preview:-1"},"canonical":"https:\/\/www.correiobraziliense.com.br\/cbradar\/poucos-sabem-por-que-colocam-casca-de-banana-na-terra-das-plantas-e-para-que-serve\/","og_locale":"pt_BR","og_type":"article","og_title":"Poucos sabem por que colocam casca de banana na terra das plantas e para que serve - Correio Braziliense - Radar","og_description":"Casca de banana pode transformar seu jardim. Um detalhe revela como esse res\u00edduo fortalece plantas e melhora o solo naturalmente.","og_url":"https:\/\/www.correiobraziliense.com.br\/cbradar\/poucos-sabem-por-que-colocam-casca-de-banana-na-terra-das-plantas-e-para-que-serve\/","og_site_name":"Correio Braziliense - Radar","article_published_time":"2026-04-27T01:25:00+00:00","og_image":[{"width":1280,"height":720,"url":"https:\/\/www.correiobraziliense.com.br\/cbradar\/wp-content\/uploads\/2026\/04\/Gemini_Generated_Image_9fswb99fswb99fsw-1-1-1.png","type":"image\/png"}],"author":"Patrick Silva","twitter_card":"summary_large_image","twitter_misc":{"Escrito por":"Patrick Silva","Est. tempo de leitura":"5 minutos"},"schema":{"@context":"https:\/\/schema.org","@graph":[{"@type":"WebPage","@id":"https:\/\/www.correiobraziliense.com.br\/cbradar\/poucos-sabem-por-que-colocam-casca-de-banana-na-terra-das-plantas-e-para-que-serve\/","url":"https:\/\/www.correiobraziliense.com.br\/cbradar\/poucos-sabem-por-que-colocam-casca-de-banana-na-terra-das-plantas-e-para-que-serve\/","name":"Poucos sabem por que colocam casca de banana na terra das plantas e para que serve - Correio Braziliense - Radar","isPartOf":{"@id":"https:\/\/www.correiobraziliense.com.br\/cbradar\/#website"},"primaryImageOfPage":{"@id":"https:\/\/www.correiobraziliense.com.br\/cbradar\/poucos-sabem-por-que-colocam-casca-de-banana-na-terra-das-plantas-e-para-que-serve\/#primaryimage"},"image":{"@id":"https:\/\/www.correiobraziliense.com.br\/cbradar\/poucos-sabem-por-que-colocam-casca-de-banana-na-terra-das-plantas-e-para-que-serve\/#primaryimage"},"thumbnailUrl":"https:\/\/www.correiobraziliense.com.br\/cbradar\/wp-content\/uploads\/2026\/04\/Gemini_Generated_Image_9fswb99fswb99fsw-1-1-1.png","datePublished":"2026-04-27T01:25:00+00:00","author":{"@id":"https:\/\/www.correiobraziliense.com.br\/cbradar\/#\/schema\/person\/5440b72be9c7eb74f446c846479dc4da"},"description":"Casca de banana pode transformar seu jardim. Um detalhe revela como esse res\u00edduo fortalece plantas e melhora o solo naturalmente.","breadcrumb":{"@id":"https:\/\/www.correiobraziliense.com.br\/cbradar\/poucos-sabem-por-que-colocam-casca-de-banana-na-terra-das-plantas-e-para-que-serve\/#breadcrumb"},"inLanguage":"pt-BR","potentialAction":[{"@type":"ReadAction","target":["https:\/\/www.correiobraziliense.com.br\/cbradar\/poucos-sabem-por-que-colocam-casca-de-banana-na-terra-das-plantas-e-para-que-serve\/"]}]},{"@type":"ImageObject","inLanguage":"pt-BR","@id":"https:\/\/www.correiobraziliense.com.br\/cbradar\/poucos-sabem-por-que-colocam-casca-de-banana-na-terra-das-plantas-e-para-que-serve\/#primaryimage","url":"https:\/\/www.correiobraziliense.com.br\/cbradar\/wp-content\/uploads\/2026\/04\/Gemini_Generated_Image_9fswb99fswb99fsw-1-1-1.png","contentUrl":"https:\/\/www.correiobraziliense.com.br\/cbradar\/wp-content\/uploads\/2026\/04\/Gemini_Generated_Image_9fswb99fswb99fsw-1-1-1.png","width":1280,"height":720,"caption":"Casca de banana pode fortalecer plantas e enriquecer o solo naturalmente"},{"@type":"BreadcrumbList","@id":"https:\/\/www.correiobraziliense.com.br\/cbradar\/poucos-sabem-por-que-colocam-casca-de-banana-na-terra-das-plantas-e-para-que-serve\/#breadcrumb","itemListElement":[{"@type":"ListItem","position":1,"name":"In\u00edcio","item":"https:\/\/www.correiobraziliense.com.br\/cbradar\/"},{"@type":"ListItem","position":2,"name":"Poucos sabem por que colocam casca de banana na terra das plantas e para que serve"}]},{"@type":"WebSite","@id":"https:\/\/www.correiobraziliense.com.br\/cbradar\/#website","url":"https:\/\/www.correiobraziliense.com.br\/cbradar\/","name":"Correio Braziliense - Radar","description":"Acompanhe as \u00faltimas not\u00edcias e fique bem informado sobre tudo o que acontece no Brasil e no mundo.","potentialAction":[{"@type":"SearchAction","target":{"@type":"EntryPoint","urlTemplate":"https:\/\/www.correiobraziliense.com.br\/cbradar\/?s={search_term_string}"},"query-input":{"@type":"PropertyValueSpecification","valueRequired":true,"valueName":"search_term_string"}}],"inLanguage":"pt-BR"},{"@type":"Person","@id":"https:\/\/www.correiobraziliense.com.br\/cbradar\/#\/schema\/person\/5440b72be9c7eb74f446c846479dc4da","name":"Patrick Silva","image":{"@type":"ImageObject","inLanguage":"pt-BR","@id":"https:\/\/www.correiobraziliense.com.br\/cbradar\/#\/schema\/person\/image\/","url":"https:\/\/secure.gravatar.com\/avatar\/944109df296fc087785c9715fd5f80b2?s=96&d=mm&r=g","contentUrl":"https:\/\/secure.gravatar.com\/avatar\/944109df296fc087785c9715fd5f80b2?s=96&d=mm&r=g","caption":"Patrick Silva"},"sameAs":["https:\/\/www.correiobraziliense.com.br\/cbradar\/"],"url":"https:\/\/www.correiobraziliense.com.br\/cbradar\/author\/patrick-silva\/"}]}},"_links":{"self":[{"href":"https:\/\/www.correiobraziliense.com.br\/cbradar\/wp-json\/wp\/v2\/posts\/232089","targetHints":{"allow":["GET"]}}],"collection":[{"href":"https:\/\/www.correiobraziliense.com.br\/cbradar\/wp-json\/wp\/v2\/posts"}],"about":[{"href":"https:\/\/www.correiobraziliense.com.br\/cbradar\/wp-json\/wp\/v2\/types\/post"}],"author":[{"embeddable":true,"href":"https:\/\/www.correiobraziliense.com.br\/cbradar\/wp-json\/wp\/v2\/users\/21"}],"replies":[{"embeddable":true,"href":"https:\/\/www.correiobraziliense.com.br\/cbradar\/wp-json\/wp\/v2\/comments?post=232089"}],"version-history":[{"count":2,"href":"https:\/\/www.correiobraziliense.com.br\/cbradar\/wp-json\/wp\/v2\/posts\/232089\/revisions"}],"predecessor-version":[{"id":232094,"href":"https:\/\/www.correiobraziliense.com.br\/cbradar\/wp-json\/wp\/v2\/posts\/232089\/revisions\/232094"}],"wp:featuredmedia":[{"embeddable":true,"href":"https:\/\/www.correiobraziliense.com.br\/cbradar\/wp-json\/wp\/v2\/media\/232091"}],"wp:attachment":[{"href":"https:\/\/www.correiobraziliense.com.br\/cbradar\/wp-json\/wp\/v2\/media?parent=232089"}],"wp:term":[{"taxonomy":"category","embeddable":true,"href":"https:\/\/www.correiobraziliense.com.br\/cbradar\/wp-json\/wp\/v2\/categories?post=232089"},{"taxonomy":"post_tag","embeddable":true,"href":"https:\/\/www.correiobraziliense.com.br\/cbradar\/wp-json\/wp\/v2\/post_tag?post=232089"}],"curies":[{"name":"wp","href":"https:\/\/api.w.org\/{rel}","templated":true}]}}