{"id":232099,"date":"2026-04-26T14:15:00","date_gmt":"2026-04-26T17:15:00","guid":{"rendered":"https:\/\/www.correiobraziliense.com.br\/cbradar\/?p=232099"},"modified":"2026-04-25T16:16:10","modified_gmt":"2026-04-25T19:16:10","slug":"poucos-sabem-por-que-colocam-alho-perto-dos-vasos-e-para-que-serve-no-dia-a-dia","status":"publish","type":"post","link":"https:\/\/www.correiobraziliense.com.br\/cbradar\/poucos-sabem-por-que-colocam-alho-perto-dos-vasos-e-para-que-serve-no-dia-a-dia\/","title":{"rendered":"Poucos sabem por que colocam alho perto dos vasos e para que serve no dia a dia"},"content":{"rendered":"\n<p>Manter as plantas dom\u00e9sticas livres de pragas persistentes exige solu\u00e7\u00f5es criativas que muitas vezes est\u00e3o escondidas na pr\u00f3pria cozinha da casa. O uso do alho pr\u00f3ximo aos vasos de flores e hortali\u00e7as funciona como um repelente natural extremamente potente e acess\u00edvel. Essa t\u00e9cnica simples protege a sa\u00fade vegetal sem agredir o meio ambiente.<\/p>\n\n\n\n<h2 class=\"wp-block-heading\">Como esse tempero comum consegue espantar insetos indesejados sem esfor\u00e7o?<\/h2>\n\n\n\n<p>O segredo reside na presen\u00e7a da alicina, um composto de enxofre que confere o odor caracter\u00edstico e forte ao vegetal fresco. Esse aroma funciona como um sinal de alerta para diversas pragas, que evitam se aproximar de \u00e1reas onde a subst\u00e2ncia est\u00e1 presente de forma ativa. <strong>O alho \u00e9 um defensor silencioso<\/strong>, mantendo o jardim sempre protegido hoje.<\/p>\n\n\n\n<p>Al\u00e9m de repelir insetos voadores, os dentes fincados na terra ajudam a controlar pragas rasteiras que atacam as ra\u00edzes sens\u00edveis das mudas. A libera\u00e7\u00e3o cont\u00ednua desses compostos qu\u00edmicos naturais no solo cria um ambiente hostil para fungos e bact\u00e9rias prejudiciais ao desenvolvimento das esp\u00e9cies plantadas. <strong>A preven\u00e7\u00e3o \u00e9 a melhor estrat\u00e9gia<\/strong>, garantindo que suas folhagens permane\u00e7am muito bonitas.<\/p>\n\n\n\n<figure class=\"wp-block-image size-full\"><img decoding=\"async\" width=\"1280\" height=\"720\" src=\"https:\/\/www.correiobraziliense.com.br\/cbradar\/wp-content\/uploads\/2026\/04\/Gemini_Generated_Image_5vh7bx5vh7bx5vh7-1-1.png\" alt=\"Poucos sabem por que colocam alho perto dos vasos e para que serve no dia a dia\" class=\"wp-image-232105\" srcset=\"https:\/\/www.correiobraziliense.com.br\/cbradar\/wp-content\/uploads\/2026\/04\/Gemini_Generated_Image_5vh7bx5vh7bx5vh7-1-1.png 1280w, https:\/\/www.correiobraziliense.com.br\/cbradar\/wp-content\/uploads\/2026\/04\/Gemini_Generated_Image_5vh7bx5vh7bx5vh7-1-1-300x169.png 300w, https:\/\/www.correiobraziliense.com.br\/cbradar\/wp-content\/uploads\/2026\/04\/Gemini_Generated_Image_5vh7bx5vh7bx5vh7-1-1-768x432.png 768w, https:\/\/www.correiobraziliense.com.br\/cbradar\/wp-content\/uploads\/2026\/04\/Gemini_Generated_Image_5vh7bx5vh7bx5vh7-1-1-750x422.png 750w, https:\/\/www.correiobraziliense.com.br\/cbradar\/wp-content\/uploads\/2026\/04\/Gemini_Generated_Image_5vh7bx5vh7bx5vh7-1-1-1140x641.png 1140w\" sizes=\"(max-width: 1280px) 100vw, 1280px\" \/><figcaption class=\"wp-element-caption\">Alho protege plantas contra pragas e fungos de forma natural e segura<\/figcaption><\/figure>\n\n\n\n<h2 class=\"wp-block-heading\">Quais s\u00e3o as vantagens reais de evitar pesticidas qu\u00edmicos no jardim?<\/h2>\n\n\n\n<p>Optar por m\u00e9todos org\u00e2nicos protege n\u00e3o apenas a vida das plantas, mas tamb\u00e9m a sa\u00fade dos animais dom\u00e9sticos. O alho n\u00e3o deixa res\u00edduos t\u00f3xicos no solo ou nas folhas, permitindo que o ecossistema dom\u00e9stico permane\u00e7a totalmente equilibrado e seguro para todos. <strong>A escolha natural \u00e9 inteligente<\/strong>, promovendo um ambiente sustent\u00e1vel onde as flores podem prosperar sem riscos desnecess\u00e1rios.<\/p>\n\n\n\n<p>Pesticidas sint\u00e9ticos muitas vezes matam polinizadores importantes, como abelhas e borboletas, prejudicando a reprodu\u00e7\u00e3o das esp\u00e9cies no seu quintal. Ao usar o alho, voc\u00ea afasta apenas os invasores nocivos, mantendo a biodiversidade necess\u00e1ria para um jardim verdadeiramente vivo e saud\u00e1vel o ano todo. <strong>O equil\u00edbrio biol\u00f3gico \u00e9 mantido<\/strong>, resultando em uma horta produtiva e flores muito mais resistentes.<\/p>\n\n\n\n<p>Leia tamb\u00e9m: <a href=\"https:\/\/www.correiobraziliense.com.br\/cbradar\/poucos-sabem-como-usar-acucar-para-equilibrar-o-clima-emocional-dentro-de-casa\/\" target=\"_blank\" rel=\"noreferrer noopener\">Poucos sabem como usar a\u00e7\u00facar para equilibrar o clima emocional dentro de casa<\/a><\/p>\n\n\n\n<h2 class=\"wp-block-heading\">De que maneira voc\u00ea pode aplicar este ingrediente na sua rotina?<\/h2>\n\n\n\n<p>Existem diversas formas pr\u00e1ticas de utilizar este condimento para melhorar a sa\u00fade das suas folhagens favoritas sem gastar muito. Voc\u00ea pode enterrar pequenos peda\u00e7os na terra ou preparar solu\u00e7\u00f5es l\u00edquidas para borrifar diretamente nas \u00e1reas afetadas por fungos. <strong>A versatilidade do alho facilita tudo<\/strong>, tornando o cuidado com as plantas uma tarefa muito mais prazerosa e recompensadora hoje.<\/p>\n\n\n\n<p>Confira a lista abaixo:<\/p>\n\n\n\n<ul class=\"wp-block-list\">\n<li>Dentes de alho descascados e enterrados superficialmente.<\/li>\n\n\n\n<li>Infus\u00e3o fria de alho picado para regas semanais.<\/li>\n\n\n\n<li>Spray preventivo feito com extrato de alho dilu\u00eddo.<\/li>\n\n\n\n<li>Espetar peda\u00e7os de alho em estacas de apoio.<\/li>\n<\/ul>\n\n\n\n<h2 class=\"wp-block-heading\">Por que o alho \u00e9 considerado um fungicida natural t\u00e3o poderoso?<\/h2>\n\n\n\n<p>As propriedades antimicrobianas deste alimento impedem o crescimento de col\u00f4nias de fungos que apodrecem as ra\u00edzes das plantas em vasos. Quando a umidade est\u00e1 alta, o risco de doen\u00e7as aumenta, e o alho atua como uma barreira qu\u00edmica protetora extremamente eficiente. <strong>Manter o solo limpo \u00e9 essencial<\/strong>, garantindo que as esp\u00e9cies cres\u00e7am com total vitalidade e beleza constante hoje.<\/p>\n\n\n\n<p>Estudos mostram que a alicina inibe o metabolismo de microrganismos patog\u00eanicos, funcionando como um antibi\u00f3tico natural para o reino vegetal. Essa a\u00e7\u00e3o protege as plantas mais sens\u00edveis, como orqu\u00eddeas e samambaias, que sofrem facilmente com o excesso de micro-organismos nocivos. <strong>O cuidado biol\u00f3gico fortalece as mudas<\/strong>, permitindo um desenvolvimento equilibrado e muito mais seguro em qualquer tipo de clima hoje.<\/p>\n\n\n\n<figure class=\"wp-block-image size-full\"><img decoding=\"async\" width=\"1280\" height=\"720\" src=\"https:\/\/www.correiobraziliense.com.br\/cbradar\/wp-content\/uploads\/2026\/04\/Gemini_Generated_Image_eppd3heppd3heppd-1-1-1.png\" alt=\"Poucos sabem por que colocam alho perto dos vasos e para que serve no dia a dia\" class=\"wp-image-232106\" srcset=\"https:\/\/www.correiobraziliense.com.br\/cbradar\/wp-content\/uploads\/2026\/04\/Gemini_Generated_Image_eppd3heppd3heppd-1-1-1.png 1280w, https:\/\/www.correiobraziliense.com.br\/cbradar\/wp-content\/uploads\/2026\/04\/Gemini_Generated_Image_eppd3heppd3heppd-1-1-1-300x169.png 300w, https:\/\/www.correiobraziliense.com.br\/cbradar\/wp-content\/uploads\/2026\/04\/Gemini_Generated_Image_eppd3heppd3heppd-1-1-1-768x432.png 768w, https:\/\/www.correiobraziliense.com.br\/cbradar\/wp-content\/uploads\/2026\/04\/Gemini_Generated_Image_eppd3heppd3heppd-1-1-1-750x422.png 750w, https:\/\/www.correiobraziliense.com.br\/cbradar\/wp-content\/uploads\/2026\/04\/Gemini_Generated_Image_eppd3heppd3heppd-1-1-1-1140x641.png 1140w\" sizes=\"(max-width: 1280px) 100vw, 1280px\" \/><figcaption class=\"wp-element-caption\">Alho protege plantas contra pragas e fungos de forma natural e segura<\/figcaption><\/figure>\n\n\n\n<h2 class=\"wp-block-heading\">Existe alguma contraindica\u00e7\u00e3o para o uso desse m\u00e9todo nas hortas?<\/h2>\n\n\n\n<p>O uso moderado n\u00e3o causa danos, mas o excesso pode alterar levemente o pH do solo em vasos muito pequenos. \u00c9 importante observar a rea\u00e7\u00e3o de cada planta individualmente, garantindo que a prote\u00e7\u00e3o n\u00e3o se torne um inc\u00f4modo para as ra\u00edzes jovens. <strong>O equil\u00edbrio na aplica\u00e7\u00e3o \u00e9 vital<\/strong>, evitando que o aroma forte se torne desagrad\u00e1vel dentro de ambientes hoje.<\/p>\n\n\n\n<p>Segundo a <a href=\"https:\/\/npic.orst.edu\/ingred\/ptype\/minrisk.html\" target=\"_blank\" rel=\"noreferrer noopener\">National Pesticide Information Center<\/a>, o alho \u00e9 um ingrediente seguro para o controle de pragas quando usado corretamente no cultivo dom\u00e9stico. Integrar solu\u00e7\u00f5es naturais protege a biodiversidade local e garante uma conviv\u00eancia harmoniosa com o ambiente. <strong>Priorize m\u00e9todos sustent\u00e1veis e seguros<\/strong>, mantendo suas plantas sempre fortes, saud\u00e1veis e livres de insetos indesejados hoje.<\/p>\n","protected":false},"excerpt":{"rendered":"<p>Manter as plantas dom\u00e9sticas livres de pragas persistentes exige solu\u00e7\u00f5es criativas que muitas vezes est\u00e3o escondidas na pr\u00f3pria cozinha da casa. O uso do alho pr\u00f3ximo aos vasos de flores e hortali\u00e7as funciona como um repelente natural extremamente potente e acess\u00edvel. Essa t\u00e9cnica simples protege a sa\u00fade vegetal sem agredir o meio ambiente. Como esse [&hellip;]<\/p>\n","protected":false},"author":21,"featured_media":232104,"comment_status":"open","ping_status":"open","sticky":false,"template":"","format":"standard","meta":{"_yoast_wpseo_focuskw":"alho nas plantas para afastar pragas natural","_yoast_wpseo_title":"","_yoast_wpseo_metadesc":"Alho pode afastar pragas das plantas de forma natural. Um truque simples protege vasos e hortas sem produtos qu\u00edmicos nocivos.","jnews-multi-image_gallery":[],"jnews_single_post":{"format":"standard"},"jnews_primary_category":[],"jnews_social_meta":[],"jnews_override_counter":[],"footnotes":""},"categories":[112],"post_tag":[],"class_list":["post-232099","post","type-post","status-publish","format-standard","has-post-thumbnail","hentry","category-curiosidades"],"yoast_head":"<!-- This site is optimized with the Yoast SEO plugin v24.6 - https:\/\/yoast.com\/wordpress\/plugins\/seo\/ -->\n<title>Poucos sabem por que colocam alho perto dos vasos e para que serve no dia a dia - Correio Braziliense - Radar<\/title>\n<meta name=\"description\" content=\"Alho pode afastar pragas das plantas de forma natural. Um truque simples protege vasos e hortas sem produtos qu\u00edmicos nocivos.\" \/>\n<meta name=\"robots\" content=\"index, follow, max-snippet:-1, max-image-preview:large, max-video-preview:-1\" \/>\n<link rel=\"canonical\" href=\"https:\/\/www.correiobraziliense.com.br\/cbradar\/poucos-sabem-por-que-colocam-alho-perto-dos-vasos-e-para-que-serve-no-dia-a-dia\/\" \/>\n<meta property=\"og:locale\" content=\"pt_BR\" \/>\n<meta property=\"og:type\" content=\"article\" \/>\n<meta property=\"og:title\" content=\"Poucos sabem por que colocam alho perto dos vasos e para que serve no dia a dia - Correio Braziliense - Radar\" \/>\n<meta property=\"og:description\" content=\"Alho pode afastar pragas das plantas de forma natural. Um truque simples protege vasos e hortas sem produtos qu\u00edmicos nocivos.\" \/>\n<meta property=\"og:url\" content=\"https:\/\/www.correiobraziliense.com.br\/cbradar\/poucos-sabem-por-que-colocam-alho-perto-dos-vasos-e-para-que-serve-no-dia-a-dia\/\" \/>\n<meta property=\"og:site_name\" content=\"Correio Braziliense - Radar\" \/>\n<meta property=\"article:published_time\" content=\"2026-04-26T17:15:00+00:00\" \/>\n<meta property=\"og:image\" content=\"https:\/\/www.correiobraziliense.com.br\/cbradar\/wp-content\/uploads\/2026\/04\/Gemini_Generated_Image_rlhvw4rlhvw4rlhv-1-1.png\" \/>\n\t<meta property=\"og:image:width\" content=\"1280\" \/>\n\t<meta property=\"og:image:height\" content=\"720\" \/>\n\t<meta property=\"og:image:type\" content=\"image\/png\" \/>\n<meta name=\"author\" content=\"Patrick Silva\" \/>\n<meta name=\"twitter:card\" content=\"summary_large_image\" \/>\n<meta name=\"twitter:label1\" content=\"Escrito por\" \/>\n\t<meta name=\"twitter:data1\" content=\"Patrick Silva\" \/>\n\t<meta name=\"twitter:label2\" content=\"Est. tempo de leitura\" \/>\n\t<meta name=\"twitter:data2\" content=\"5 minutos\" \/>\n<!-- \/ Yoast SEO plugin. -->","yoast_head_json":{"title":"Poucos sabem por que colocam alho perto dos vasos e para que serve no dia a dia - Correio Braziliense - Radar","description":"Alho pode afastar pragas das plantas de forma natural. Um truque simples protege vasos e hortas sem produtos qu\u00edmicos nocivos.","robots":{"index":"index","follow":"follow","max-snippet":"max-snippet:-1","max-image-preview":"max-image-preview:large","max-video-preview":"max-video-preview:-1"},"canonical":"https:\/\/www.correiobraziliense.com.br\/cbradar\/poucos-sabem-por-que-colocam-alho-perto-dos-vasos-e-para-que-serve-no-dia-a-dia\/","og_locale":"pt_BR","og_type":"article","og_title":"Poucos sabem por que colocam alho perto dos vasos e para que serve no dia a dia - Correio Braziliense - Radar","og_description":"Alho pode afastar pragas das plantas de forma natural. Um truque simples protege vasos e hortas sem produtos qu\u00edmicos nocivos.","og_url":"https:\/\/www.correiobraziliense.com.br\/cbradar\/poucos-sabem-por-que-colocam-alho-perto-dos-vasos-e-para-que-serve-no-dia-a-dia\/","og_site_name":"Correio Braziliense - Radar","article_published_time":"2026-04-26T17:15:00+00:00","og_image":[{"width":1280,"height":720,"url":"https:\/\/www.correiobraziliense.com.br\/cbradar\/wp-content\/uploads\/2026\/04\/Gemini_Generated_Image_rlhvw4rlhvw4rlhv-1-1.png","type":"image\/png"}],"author":"Patrick Silva","twitter_card":"summary_large_image","twitter_misc":{"Escrito por":"Patrick Silva","Est. tempo de leitura":"5 minutos"},"schema":{"@context":"https:\/\/schema.org","@graph":[{"@type":"WebPage","@id":"https:\/\/www.correiobraziliense.com.br\/cbradar\/poucos-sabem-por-que-colocam-alho-perto-dos-vasos-e-para-que-serve-no-dia-a-dia\/","url":"https:\/\/www.correiobraziliense.com.br\/cbradar\/poucos-sabem-por-que-colocam-alho-perto-dos-vasos-e-para-que-serve-no-dia-a-dia\/","name":"Poucos sabem por que colocam alho perto dos vasos e para que serve no dia a dia - Correio Braziliense - Radar","isPartOf":{"@id":"https:\/\/www.correiobraziliense.com.br\/cbradar\/#website"},"primaryImageOfPage":{"@id":"https:\/\/www.correiobraziliense.com.br\/cbradar\/poucos-sabem-por-que-colocam-alho-perto-dos-vasos-e-para-que-serve-no-dia-a-dia\/#primaryimage"},"image":{"@id":"https:\/\/www.correiobraziliense.com.br\/cbradar\/poucos-sabem-por-que-colocam-alho-perto-dos-vasos-e-para-que-serve-no-dia-a-dia\/#primaryimage"},"thumbnailUrl":"https:\/\/www.correiobraziliense.com.br\/cbradar\/wp-content\/uploads\/2026\/04\/Gemini_Generated_Image_rlhvw4rlhvw4rlhv-1-1.png","datePublished":"2026-04-26T17:15:00+00:00","author":{"@id":"https:\/\/www.correiobraziliense.com.br\/cbradar\/#\/schema\/person\/5440b72be9c7eb74f446c846479dc4da"},"description":"Alho pode afastar pragas das plantas de forma natural. Um truque simples protege vasos e hortas sem produtos qu\u00edmicos nocivos.","breadcrumb":{"@id":"https:\/\/www.correiobraziliense.com.br\/cbradar\/poucos-sabem-por-que-colocam-alho-perto-dos-vasos-e-para-que-serve-no-dia-a-dia\/#breadcrumb"},"inLanguage":"pt-BR","potentialAction":[{"@type":"ReadAction","target":["https:\/\/www.correiobraziliense.com.br\/cbradar\/poucos-sabem-por-que-colocam-alho-perto-dos-vasos-e-para-que-serve-no-dia-a-dia\/"]}]},{"@type":"ImageObject","inLanguage":"pt-BR","@id":"https:\/\/www.correiobraziliense.com.br\/cbradar\/poucos-sabem-por-que-colocam-alho-perto-dos-vasos-e-para-que-serve-no-dia-a-dia\/#primaryimage","url":"https:\/\/www.correiobraziliense.com.br\/cbradar\/wp-content\/uploads\/2026\/04\/Gemini_Generated_Image_rlhvw4rlhvw4rlhv-1-1.png","contentUrl":"https:\/\/www.correiobraziliense.com.br\/cbradar\/wp-content\/uploads\/2026\/04\/Gemini_Generated_Image_rlhvw4rlhvw4rlhv-1-1.png","width":1280,"height":720,"caption":"Alho protege plantas contra pragas e fungos de forma natural e segura"},{"@type":"BreadcrumbList","@id":"https:\/\/www.correiobraziliense.com.br\/cbradar\/poucos-sabem-por-que-colocam-alho-perto-dos-vasos-e-para-que-serve-no-dia-a-dia\/#breadcrumb","itemListElement":[{"@type":"ListItem","position":1,"name":"In\u00edcio","item":"https:\/\/www.correiobraziliense.com.br\/cbradar\/"},{"@type":"ListItem","position":2,"name":"Poucos sabem por que colocam alho perto dos vasos e para que serve no dia a dia"}]},{"@type":"WebSite","@id":"https:\/\/www.correiobraziliense.com.br\/cbradar\/#website","url":"https:\/\/www.correiobraziliense.com.br\/cbradar\/","name":"Correio Braziliense - Radar","description":"Acompanhe as \u00faltimas not\u00edcias e fique bem informado sobre tudo o que acontece no Brasil e no mundo.","potentialAction":[{"@type":"SearchAction","target":{"@type":"EntryPoint","urlTemplate":"https:\/\/www.correiobraziliense.com.br\/cbradar\/?s={search_term_string}"},"query-input":{"@type":"PropertyValueSpecification","valueRequired":true,"valueName":"search_term_string"}}],"inLanguage":"pt-BR"},{"@type":"Person","@id":"https:\/\/www.correiobraziliense.com.br\/cbradar\/#\/schema\/person\/5440b72be9c7eb74f446c846479dc4da","name":"Patrick Silva","image":{"@type":"ImageObject","inLanguage":"pt-BR","@id":"https:\/\/www.correiobraziliense.com.br\/cbradar\/#\/schema\/person\/image\/","url":"https:\/\/secure.gravatar.com\/avatar\/944109df296fc087785c9715fd5f80b2?s=96&d=mm&r=g","contentUrl":"https:\/\/secure.gravatar.com\/avatar\/944109df296fc087785c9715fd5f80b2?s=96&d=mm&r=g","caption":"Patrick Silva"},"sameAs":["https:\/\/www.correiobraziliense.com.br\/cbradar\/"],"url":"https:\/\/www.correiobraziliense.com.br\/cbradar\/author\/patrick-silva\/"}]}},"_links":{"self":[{"href":"https:\/\/www.correiobraziliense.com.br\/cbradar\/wp-json\/wp\/v2\/posts\/232099","targetHints":{"allow":["GET"]}}],"collection":[{"href":"https:\/\/www.correiobraziliense.com.br\/cbradar\/wp-json\/wp\/v2\/posts"}],"about":[{"href":"https:\/\/www.correiobraziliense.com.br\/cbradar\/wp-json\/wp\/v2\/types\/post"}],"author":[{"embeddable":true,"href":"https:\/\/www.correiobraziliense.com.br\/cbradar\/wp-json\/wp\/v2\/users\/21"}],"replies":[{"embeddable":true,"href":"https:\/\/www.correiobraziliense.com.br\/cbradar\/wp-json\/wp\/v2\/comments?post=232099"}],"version-history":[{"count":2,"href":"https:\/\/www.correiobraziliense.com.br\/cbradar\/wp-json\/wp\/v2\/posts\/232099\/revisions"}],"predecessor-version":[{"id":232107,"href":"https:\/\/www.correiobraziliense.com.br\/cbradar\/wp-json\/wp\/v2\/posts\/232099\/revisions\/232107"}],"wp:featuredmedia":[{"embeddable":true,"href":"https:\/\/www.correiobraziliense.com.br\/cbradar\/wp-json\/wp\/v2\/media\/232104"}],"wp:attachment":[{"href":"https:\/\/www.correiobraziliense.com.br\/cbradar\/wp-json\/wp\/v2\/media?parent=232099"}],"wp:term":[{"taxonomy":"category","embeddable":true,"href":"https:\/\/www.correiobraziliense.com.br\/cbradar\/wp-json\/wp\/v2\/categories?post=232099"},{"taxonomy":"post_tag","embeddable":true,"href":"https:\/\/www.correiobraziliense.com.br\/cbradar\/wp-json\/wp\/v2\/post_tag?post=232099"}],"curies":[{"name":"wp","href":"https:\/\/api.w.org\/{rel}","templated":true}]}}