{"id":232108,"date":"2026-04-26T16:15:25","date_gmt":"2026-04-26T19:15:25","guid":{"rendered":"https:\/\/www.correiobraziliense.com.br\/cbradar\/?p=232108"},"modified":"2026-04-25T16:23:16","modified_gmt":"2026-04-25T19:23:16","slug":"poucos-sabem-por-que-colocam-carvao-no-fundo-do-vaso-e-para-que-isso-pode-ajudar","status":"publish","type":"post","link":"https:\/\/www.correiobraziliense.com.br\/cbradar\/poucos-sabem-por-que-colocam-carvao-no-fundo-do-vaso-e-para-que-isso-pode-ajudar\/","title":{"rendered":"Poucos sabem por que colocam carv\u00e3o no fundo do vaso e para que isso pode ajudar"},"content":{"rendered":"\n<p>Muitas pessoas acreditam que a drenagem eficiente depende apenas de pedras ou argila expandida no fundo dos vasos. No entanto, o uso do carv\u00e3o vegetal traz benef\u00edcios extras que v\u00e3o muito al\u00e9m do escoamento correto da \u00e1gua acumulada. Entender como esse elemento atua protege suas plantas contra o apodrecimento e garante um crescimento saud\u00e1vel.<\/p>\n\n\n\n<h2 class=\"wp-block-heading\">Como esse material poroso evita o apodrecimento das ra\u00edzes sens\u00edveis?<\/h2>\n\n\n\n<p>O carv\u00e3o vegetal atua como uma esponja seletiva, absorvendo o excesso de umidade que poderia sufocar o sistema radicular da planta. Essa porosidade permite que o ar circule melhor entre a terra, evitando que o solo fique compactado e sem oxig\u00eanio. <strong>O controle da \u00e1gua \u00e9 vital<\/strong> para impedir que fungos prejudiciais se proliferem rapidamente hoje.<\/p>\n\n\n\n<p>Al\u00e9m de regular a umidade, o material possui uma capacidade natural de filtrar impurezas qu\u00edmicas presentes na \u00e1gua da torneira. Subst\u00e2ncias como o cloro ou metais pesados s\u00e3o retidas nos poros do carv\u00e3o, protegendo as ra\u00edzes de poss\u00edveis queimaduras ou intoxica\u00e7\u00f5es. <strong>A filtragem natural do solo<\/strong> garante que a vegeta\u00e7\u00e3o receba apenas os nutrientes necess\u00e1rios hoje.<\/p>\n\n\n\n<figure class=\"wp-block-image size-full\"><img decoding=\"async\" width=\"1280\" height=\"720\" src=\"https:\/\/www.correiobraziliense.com.br\/cbradar\/wp-content\/uploads\/2026\/04\/Gemini_Generated_Image_x8xe2qx8xe2qx8xe-1-1-1.png\" alt=\"Poucos sabem por que colocam carv\u00e3o no fundo do vaso e para que isso pode ajudar\" class=\"wp-image-232111\" srcset=\"https:\/\/www.correiobraziliense.com.br\/cbradar\/wp-content\/uploads\/2026\/04\/Gemini_Generated_Image_x8xe2qx8xe2qx8xe-1-1-1.png 1280w, https:\/\/www.correiobraziliense.com.br\/cbradar\/wp-content\/uploads\/2026\/04\/Gemini_Generated_Image_x8xe2qx8xe2qx8xe-1-1-1-300x169.png 300w, https:\/\/www.correiobraziliense.com.br\/cbradar\/wp-content\/uploads\/2026\/04\/Gemini_Generated_Image_x8xe2qx8xe2qx8xe-1-1-1-768x432.png 768w, https:\/\/www.correiobraziliense.com.br\/cbradar\/wp-content\/uploads\/2026\/04\/Gemini_Generated_Image_x8xe2qx8xe2qx8xe-1-1-1-750x422.png 750w, https:\/\/www.correiobraziliense.com.br\/cbradar\/wp-content\/uploads\/2026\/04\/Gemini_Generated_Image_x8xe2qx8xe2qx8xe-1-1-1-1140x641.png 1140w\" sizes=\"(max-width: 1280px) 100vw, 1280px\" \/><figcaption class=\"wp-element-caption\">Carv\u00e3o vegetal melhora drenagem e protege ra\u00edzes das plantas de forma natural<\/figcaption><\/figure>\n\n\n\n<h2 class=\"wp-block-heading\">Quais s\u00e3o os benef\u00edcios invis\u00edveis que o carv\u00e3o oferece ao substrato?<\/h2>\n\n\n\n<p>A estrutura do carv\u00e3o ajuda a manter os nutrientes fertilizantes pr\u00f3ximos \u00e0s ra\u00edzes por mais tempo por meio da troca cati\u00f4nica. Isso significa que as vitaminas n\u00e3o s\u00e3o levadas embora toda vez que voc\u00ea rega suas plantas favoritas em casa. <strong>A reten\u00e7\u00e3o de nutrientes essenciais<\/strong> torna o adubo muito mais eficiente e duradouro no cotidiano hoje.<\/p>\n\n\n\n<p>Outro ponto importante \u00e9 a capacidade do material em neutralizar a acidez excessiva do solo de maneira equilibrada e segura. Um pH balanceado permite que as esp\u00e9cies vegetais absorvam minerais com maior facilidade, resultando em folhas mais verdes e brilhantes. <strong>O equil\u00edbrio qu\u00edmico da terra<\/strong> \u00e9 um dos segredos para ter um jardim sempre exuberante hoje.<\/p>\n\n\n\n<p>Leia tamb\u00e9m: <a href=\"https:\/\/www.correiobraziliense.com.br\/cbradar\/poucos-sabem-como-usar-acucar-para-equilibrar-o-clima-emocional-dentro-de-casa\/\" target=\"_blank\" rel=\"noreferrer noopener\">Poucos sabem como usar a\u00e7\u00facar para equilibrar o clima emocional dentro de casa<\/a><\/p>\n\n\n\n<h2 class=\"wp-block-heading\">De que maneira o uso dom\u00e9stico desse res\u00edduo pode combater odores?<\/h2>\n\n\n\n<p>Quando o solo fica muito \u00famido, \u00e9 comum surgir um cheiro desagrad\u00e1vel de terra mofada dentro de apartamentos ou casas. O carv\u00e3o ativado ou vegetal consegue absorver esses odores org\u00e2nicos, mantendo o ambiente sempre fresco e agrad\u00e1vel para os moradores. <strong>O controle de odores naturais<\/strong> \u00e9 uma vantagem pr\u00e1tica para quem cultiva plantas em vasos pequenos hoje.<\/p>\n\n\n\n<p>Observe as principais fun\u00e7\u00f5es que tornam esse componente um aliado indispens\u00e1vel para quem deseja manter a sa\u00fade bot\u00e2nica sempre em dia hoje:<\/p>\n\n\n\n<ul class=\"wp-block-list\">\n<li>Absor\u00e7\u00e3o eficiente de gases t\u00f3xicos no substrato.<\/li>\n\n\n\n<li>Prote\u00e7\u00e3o contra o surgimento de bact\u00e9rias nocivas.<\/li>\n\n\n\n<li>Aumento da leveza e aera\u00e7\u00e3o da terra vegetal.<\/li>\n\n\n\n<li>Suporte para a fixa\u00e7\u00e3o de microrganismos ben\u00e9ficos.<\/li>\n<\/ul>\n\n\n\n<h2 class=\"wp-block-heading\">Existe uma diferen\u00e7a real entre o carv\u00e3o vegetal e o de churrasco?<\/h2>\n\n\n\n<p>Muitas pessoas cometem o erro de usar sobras de churrasco que cont\u00eam gordura, sal ou temperos prejudiciais \u00e0s plantas. Para o jardim, deve-se usar apenas o carv\u00e3o vegetal virgem ou sobras que nunca tiveram contato com alimentos processados. <strong>A pureza do material usado<\/strong> \u00e9 fundamental para n\u00e3o contaminar o solo com subst\u00e2ncias qu\u00edmicas indesejadas hoje.<\/p>\n\n\n\n<p>O carv\u00e3o de churrasco usado pode alterar o pH de forma agressiva e atrair pragas que se alimentam de res\u00edduos org\u00e2nicos gordurosos. J\u00e1 o produto virgem atua apenas como um condicionador de solo est\u00e1vel e seguro para todas as esp\u00e9cies cultivadas. <strong>Escolher o insumo correto<\/strong> garante que sua planta receba todos os benef\u00edcios sem sofrer danos colaterais hoje.<\/p>\n\n\n\n<figure class=\"wp-block-image size-full\"><img decoding=\"async\" width=\"1280\" height=\"720\" src=\"https:\/\/www.correiobraziliense.com.br\/cbradar\/wp-content\/uploads\/2026\/04\/Gemini_Generated_Image_nvu3f1nvu3f1nvu3-1-1-1.png\" alt=\"Poucos sabem por que colocam carv\u00e3o no fundo do vaso e para que isso pode ajudar\" class=\"wp-image-232114\" srcset=\"https:\/\/www.correiobraziliense.com.br\/cbradar\/wp-content\/uploads\/2026\/04\/Gemini_Generated_Image_nvu3f1nvu3f1nvu3-1-1-1.png 1280w, https:\/\/www.correiobraziliense.com.br\/cbradar\/wp-content\/uploads\/2026\/04\/Gemini_Generated_Image_nvu3f1nvu3f1nvu3-1-1-1-300x169.png 300w, https:\/\/www.correiobraziliense.com.br\/cbradar\/wp-content\/uploads\/2026\/04\/Gemini_Generated_Image_nvu3f1nvu3f1nvu3-1-1-1-768x432.png 768w, https:\/\/www.correiobraziliense.com.br\/cbradar\/wp-content\/uploads\/2026\/04\/Gemini_Generated_Image_nvu3f1nvu3f1nvu3-1-1-1-750x422.png 750w, https:\/\/www.correiobraziliense.com.br\/cbradar\/wp-content\/uploads\/2026\/04\/Gemini_Generated_Image_nvu3f1nvu3f1nvu3-1-1-1-1140x641.png 1140w\" sizes=\"(max-width: 1280px) 100vw, 1280px\" \/><figcaption class=\"wp-element-caption\">Carv\u00e3o vegetal melhora drenagem e protege ra\u00edzes das plantas de forma natural<\/figcaption><\/figure>\n\n\n\n<h2 class=\"wp-block-heading\">Qual \u00e9 a recomenda\u00e7\u00e3o t\u00e9cnica para montar a camada de drenagem?<\/h2>\n\n\n\n<p>Para montar um vaso perfeito, coloque uma camada de dois cent\u00edmetros de carv\u00e3o picado antes de adicionar a terra f\u00e9rtil. Esse m\u00e9todo cria uma barreira f\u00edsica que impede a passagem de res\u00edduos s\u00f3lidos pelos furos de drenagem, mantendo a limpeza do ambiente. <strong>A montagem estruturada do vaso<\/strong> facilita a manuten\u00e7\u00e3o e prolonga a vida da planta hoje.<\/p>\n\n\n\n<p>Segundo dados da <a href=\"https:\/\/extension.psu.edu\/biochar-properties-and-potential\" target=\"_blank\" rel=\"noreferrer noopener\">Penn State Extension<\/a>, o uso de biocarv\u00e3o melhora significativamente a reten\u00e7\u00e3o de \u00e1gua e a sa\u00fade das plantas em diversos sistemas de cultivo. Adotar essa pr\u00e1tica simples ajuda a reduzir a necessidade de regas e fortalece a estrutura f\u00edsica do substrato. <strong>Invista na drenagem inteligente<\/strong> para garantir um desenvolvimento vegetal vigoroso e sustent\u00e1vel.<\/p>\n","protected":false},"excerpt":{"rendered":"<p>Muitas pessoas acreditam que a drenagem eficiente depende apenas de pedras ou argila expandida no fundo dos vasos. No entanto, o uso do carv\u00e3o vegetal traz benef\u00edcios extras que v\u00e3o muito al\u00e9m do escoamento correto da \u00e1gua acumulada. Entender como esse elemento atua protege suas plantas contra o apodrecimento e garante um crescimento saud\u00e1vel. Como [&hellip;]<\/p>\n","protected":false},"author":21,"featured_media":232110,"comment_status":"open","ping_status":"open","sticky":false,"template":"","format":"standard","meta":{"_yoast_wpseo_focuskw":"carv\u00e3o vegetal no vaso melhora drenagem","_yoast_wpseo_title":"","_yoast_wpseo_metadesc":"Carv\u00e3o vegetal nos vasos melhora a drenagem e protege ra\u00edzes contra apodrecimento. Veja como usar corretamente no cultivo.","jnews-multi-image_gallery":[],"jnews_single_post":{"format":"standard"},"jnews_primary_category":[],"jnews_social_meta":[],"jnews_override_counter":[],"footnotes":""},"categories":[112],"post_tag":[],"class_list":["post-232108","post","type-post","status-publish","format-standard","has-post-thumbnail","hentry","category-curiosidades"],"yoast_head":"<!-- This site is optimized with the Yoast SEO plugin v24.6 - https:\/\/yoast.com\/wordpress\/plugins\/seo\/ -->\n<title>Poucos sabem por que colocam carv\u00e3o no fundo do vaso e para que isso pode ajudar - Correio Braziliense - Radar<\/title>\n<meta name=\"description\" content=\"Carv\u00e3o vegetal nos vasos melhora a drenagem e protege ra\u00edzes contra apodrecimento. Veja como usar corretamente no cultivo.\" \/>\n<meta name=\"robots\" content=\"index, follow, max-snippet:-1, max-image-preview:large, max-video-preview:-1\" \/>\n<link rel=\"canonical\" href=\"https:\/\/www.correiobraziliense.com.br\/cbradar\/poucos-sabem-por-que-colocam-carvao-no-fundo-do-vaso-e-para-que-isso-pode-ajudar\/\" \/>\n<meta property=\"og:locale\" content=\"pt_BR\" \/>\n<meta property=\"og:type\" content=\"article\" \/>\n<meta property=\"og:title\" content=\"Poucos sabem por que colocam carv\u00e3o no fundo do vaso e para que isso pode ajudar - Correio Braziliense - Radar\" \/>\n<meta property=\"og:description\" content=\"Carv\u00e3o vegetal nos vasos melhora a drenagem e protege ra\u00edzes contra apodrecimento. Veja como usar corretamente no cultivo.\" \/>\n<meta property=\"og:url\" content=\"https:\/\/www.correiobraziliense.com.br\/cbradar\/poucos-sabem-por-que-colocam-carvao-no-fundo-do-vaso-e-para-que-isso-pode-ajudar\/\" \/>\n<meta property=\"og:site_name\" content=\"Correio Braziliense - Radar\" \/>\n<meta property=\"article:published_time\" content=\"2026-04-26T19:15:25+00:00\" \/>\n<meta property=\"og:image\" content=\"https:\/\/www.correiobraziliense.com.br\/cbradar\/wp-content\/uploads\/2026\/04\/Gemini_Generated_Image_ria66kria66kria6-1-1.png\" \/>\n\t<meta property=\"og:image:width\" content=\"1280\" \/>\n\t<meta property=\"og:image:height\" content=\"720\" \/>\n\t<meta property=\"og:image:type\" content=\"image\/png\" \/>\n<meta name=\"author\" content=\"Patrick Silva\" \/>\n<meta name=\"twitter:card\" content=\"summary_large_image\" \/>\n<meta name=\"twitter:label1\" content=\"Escrito por\" \/>\n\t<meta name=\"twitter:data1\" content=\"Patrick Silva\" \/>\n\t<meta name=\"twitter:label2\" content=\"Est. tempo de leitura\" \/>\n\t<meta name=\"twitter:data2\" content=\"5 minutos\" \/>\n<!-- \/ Yoast SEO plugin. -->","yoast_head_json":{"title":"Poucos sabem por que colocam carv\u00e3o no fundo do vaso e para que isso pode ajudar - Correio Braziliense - Radar","description":"Carv\u00e3o vegetal nos vasos melhora a drenagem e protege ra\u00edzes contra apodrecimento. Veja como usar corretamente no cultivo.","robots":{"index":"index","follow":"follow","max-snippet":"max-snippet:-1","max-image-preview":"max-image-preview:large","max-video-preview":"max-video-preview:-1"},"canonical":"https:\/\/www.correiobraziliense.com.br\/cbradar\/poucos-sabem-por-que-colocam-carvao-no-fundo-do-vaso-e-para-que-isso-pode-ajudar\/","og_locale":"pt_BR","og_type":"article","og_title":"Poucos sabem por que colocam carv\u00e3o no fundo do vaso e para que isso pode ajudar - Correio Braziliense - Radar","og_description":"Carv\u00e3o vegetal nos vasos melhora a drenagem e protege ra\u00edzes contra apodrecimento. Veja como usar corretamente no cultivo.","og_url":"https:\/\/www.correiobraziliense.com.br\/cbradar\/poucos-sabem-por-que-colocam-carvao-no-fundo-do-vaso-e-para-que-isso-pode-ajudar\/","og_site_name":"Correio Braziliense - Radar","article_published_time":"2026-04-26T19:15:25+00:00","og_image":[{"width":1280,"height":720,"url":"https:\/\/www.correiobraziliense.com.br\/cbradar\/wp-content\/uploads\/2026\/04\/Gemini_Generated_Image_ria66kria66kria6-1-1.png","type":"image\/png"}],"author":"Patrick Silva","twitter_card":"summary_large_image","twitter_misc":{"Escrito por":"Patrick Silva","Est. tempo de leitura":"5 minutos"},"schema":{"@context":"https:\/\/schema.org","@graph":[{"@type":"WebPage","@id":"https:\/\/www.correiobraziliense.com.br\/cbradar\/poucos-sabem-por-que-colocam-carvao-no-fundo-do-vaso-e-para-que-isso-pode-ajudar\/","url":"https:\/\/www.correiobraziliense.com.br\/cbradar\/poucos-sabem-por-que-colocam-carvao-no-fundo-do-vaso-e-para-que-isso-pode-ajudar\/","name":"Poucos sabem por que colocam carv\u00e3o no fundo do vaso e para que isso pode ajudar - Correio Braziliense - Radar","isPartOf":{"@id":"https:\/\/www.correiobraziliense.com.br\/cbradar\/#website"},"primaryImageOfPage":{"@id":"https:\/\/www.correiobraziliense.com.br\/cbradar\/poucos-sabem-por-que-colocam-carvao-no-fundo-do-vaso-e-para-que-isso-pode-ajudar\/#primaryimage"},"image":{"@id":"https:\/\/www.correiobraziliense.com.br\/cbradar\/poucos-sabem-por-que-colocam-carvao-no-fundo-do-vaso-e-para-que-isso-pode-ajudar\/#primaryimage"},"thumbnailUrl":"https:\/\/www.correiobraziliense.com.br\/cbradar\/wp-content\/uploads\/2026\/04\/Gemini_Generated_Image_ria66kria66kria6-1-1.png","datePublished":"2026-04-26T19:15:25+00:00","author":{"@id":"https:\/\/www.correiobraziliense.com.br\/cbradar\/#\/schema\/person\/5440b72be9c7eb74f446c846479dc4da"},"description":"Carv\u00e3o vegetal nos vasos melhora a drenagem e protege ra\u00edzes contra apodrecimento. Veja como usar corretamente no cultivo.","breadcrumb":{"@id":"https:\/\/www.correiobraziliense.com.br\/cbradar\/poucos-sabem-por-que-colocam-carvao-no-fundo-do-vaso-e-para-que-isso-pode-ajudar\/#breadcrumb"},"inLanguage":"pt-BR","potentialAction":[{"@type":"ReadAction","target":["https:\/\/www.correiobraziliense.com.br\/cbradar\/poucos-sabem-por-que-colocam-carvao-no-fundo-do-vaso-e-para-que-isso-pode-ajudar\/"]}]},{"@type":"ImageObject","inLanguage":"pt-BR","@id":"https:\/\/www.correiobraziliense.com.br\/cbradar\/poucos-sabem-por-que-colocam-carvao-no-fundo-do-vaso-e-para-que-isso-pode-ajudar\/#primaryimage","url":"https:\/\/www.correiobraziliense.com.br\/cbradar\/wp-content\/uploads\/2026\/04\/Gemini_Generated_Image_ria66kria66kria6-1-1.png","contentUrl":"https:\/\/www.correiobraziliense.com.br\/cbradar\/wp-content\/uploads\/2026\/04\/Gemini_Generated_Image_ria66kria66kria6-1-1.png","width":1280,"height":720,"caption":"Carv\u00e3o vegetal melhora drenagem e protege ra\u00edzes das plantas de forma natural"},{"@type":"BreadcrumbList","@id":"https:\/\/www.correiobraziliense.com.br\/cbradar\/poucos-sabem-por-que-colocam-carvao-no-fundo-do-vaso-e-para-que-isso-pode-ajudar\/#breadcrumb","itemListElement":[{"@type":"ListItem","position":1,"name":"In\u00edcio","item":"https:\/\/www.correiobraziliense.com.br\/cbradar\/"},{"@type":"ListItem","position":2,"name":"Poucos sabem por que colocam carv\u00e3o no fundo do vaso e para que isso pode ajudar"}]},{"@type":"WebSite","@id":"https:\/\/www.correiobraziliense.com.br\/cbradar\/#website","url":"https:\/\/www.correiobraziliense.com.br\/cbradar\/","name":"Correio Braziliense - Radar","description":"Acompanhe as \u00faltimas not\u00edcias e fique bem informado sobre tudo o que acontece no Brasil e no mundo.","potentialAction":[{"@type":"SearchAction","target":{"@type":"EntryPoint","urlTemplate":"https:\/\/www.correiobraziliense.com.br\/cbradar\/?s={search_term_string}"},"query-input":{"@type":"PropertyValueSpecification","valueRequired":true,"valueName":"search_term_string"}}],"inLanguage":"pt-BR"},{"@type":"Person","@id":"https:\/\/www.correiobraziliense.com.br\/cbradar\/#\/schema\/person\/5440b72be9c7eb74f446c846479dc4da","name":"Patrick Silva","image":{"@type":"ImageObject","inLanguage":"pt-BR","@id":"https:\/\/www.correiobraziliense.com.br\/cbradar\/#\/schema\/person\/image\/","url":"https:\/\/secure.gravatar.com\/avatar\/944109df296fc087785c9715fd5f80b2?s=96&d=mm&r=g","contentUrl":"https:\/\/secure.gravatar.com\/avatar\/944109df296fc087785c9715fd5f80b2?s=96&d=mm&r=g","caption":"Patrick Silva"},"sameAs":["https:\/\/www.correiobraziliense.com.br\/cbradar\/"],"url":"https:\/\/www.correiobraziliense.com.br\/cbradar\/author\/patrick-silva\/"}]}},"_links":{"self":[{"href":"https:\/\/www.correiobraziliense.com.br\/cbradar\/wp-json\/wp\/v2\/posts\/232108","targetHints":{"allow":["GET"]}}],"collection":[{"href":"https:\/\/www.correiobraziliense.com.br\/cbradar\/wp-json\/wp\/v2\/posts"}],"about":[{"href":"https:\/\/www.correiobraziliense.com.br\/cbradar\/wp-json\/wp\/v2\/types\/post"}],"author":[{"embeddable":true,"href":"https:\/\/www.correiobraziliense.com.br\/cbradar\/wp-json\/wp\/v2\/users\/21"}],"replies":[{"embeddable":true,"href":"https:\/\/www.correiobraziliense.com.br\/cbradar\/wp-json\/wp\/v2\/comments?post=232108"}],"version-history":[{"count":4,"href":"https:\/\/www.correiobraziliense.com.br\/cbradar\/wp-json\/wp\/v2\/posts\/232108\/revisions"}],"predecessor-version":[{"id":232115,"href":"https:\/\/www.correiobraziliense.com.br\/cbradar\/wp-json\/wp\/v2\/posts\/232108\/revisions\/232115"}],"wp:featuredmedia":[{"embeddable":true,"href":"https:\/\/www.correiobraziliense.com.br\/cbradar\/wp-json\/wp\/v2\/media\/232110"}],"wp:attachment":[{"href":"https:\/\/www.correiobraziliense.com.br\/cbradar\/wp-json\/wp\/v2\/media?parent=232108"}],"wp:term":[{"taxonomy":"category","embeddable":true,"href":"https:\/\/www.correiobraziliense.com.br\/cbradar\/wp-json\/wp\/v2\/categories?post=232108"},{"taxonomy":"post_tag","embeddable":true,"href":"https:\/\/www.correiobraziliense.com.br\/cbradar\/wp-json\/wp\/v2\/post_tag?post=232108"}],"curies":[{"name":"wp","href":"https:\/\/api.w.org\/{rel}","templated":true}]}}