{"id":232116,"date":"2026-04-26T06:55:00","date_gmt":"2026-04-26T09:55:00","guid":{"rendered":"https:\/\/www.correiobraziliense.com.br\/cbradar\/?p=232116"},"modified":"2026-04-25T16:28:40","modified_gmt":"2026-04-25T19:28:40","slug":"o-pao-frances-realmente-faz-tao-mal-a-saude-como-muita-gente-acredita","status":"publish","type":"post","link":"https:\/\/www.correiobraziliense.com.br\/cbradar\/o-pao-frances-realmente-faz-tao-mal-a-saude-como-muita-gente-acredita\/","title":{"rendered":"O p\u00e3o franc\u00eas realmente faz t\u00e3o mal \u00e0 sa\u00fade como muita gente acredita"},"content":{"rendered":"\n<p>O p\u00e3o franc\u00eas \u00e9 um \u00edcone das manh\u00e3s brasileiras, mas frequentemente acaba sendo apontado como o grande vil\u00e3o das dietas modernas. Muitas pessoas acreditam que ele causa inflama\u00e7\u00f5es e ganho de peso imediato, ignorando o papel do equil\u00edbrio nutricional. Entender a composi\u00e7\u00e3o desse alimento ajuda a desmistificar medos exagerados sobre o consumo di\u00e1rio.<\/p>\n\n\n\n<h2 class=\"wp-block-heading\">Qual \u00e9 o real impacto da farinha branca no seu metabolismo di\u00e1rio?<\/h2>\n\n\n\n<p>O p\u00e3o franc\u00eas \u00e9 produzido essencialmente com farinha de trigo refinada, que possui um alto \u00edndice glic\u00eamico no organismo. Isso significa que a convers\u00e3o em a\u00e7\u00facar no sangue ocorre rapidamente, gerando picos de energia seguidos por uma fome precoce. <strong>O controle das por\u00e7\u00f5es \u00e9 fundamental<\/strong> para evitar que esse processo metab\u00f3lico resulte em ac\u00famulo de gordura indesejado.<\/p>\n\n\n\n<p>Apesar de ser refinada, a farinha de trigo no Brasil \u00e9 obrigatoriamente enriquecida com ferro e \u00e1cido f\u00f3lico por determina\u00e7\u00e3o legal. Esse fator adiciona um valor nutricional b\u00e1sico que muitas vezes \u00e9 esquecido nas discuss\u00f5es sobre sa\u00fade p\u00fablica e alimenta\u00e7\u00e3o. <strong>Equilibrar o consumo com fibras<\/strong> ajuda a moderar a velocidade da absor\u00e7\u00e3o dessa glicose no sangue hoje.<\/p>\n\n\n\n<figure class=\"wp-block-image size-full\"><img decoding=\"async\" width=\"1280\" height=\"720\" src=\"https:\/\/www.correiobraziliense.com.br\/cbradar\/wp-content\/uploads\/2026\/04\/Gemini_Generated_Image_oepwt4oepwt4oepw-1-1.png\" alt=\"O p\u00e3o franc\u00eas realmente faz t\u00e3o mal \u00e0 sa\u00fade como muita gente acredita\" class=\"wp-image-232119\" srcset=\"https:\/\/www.correiobraziliense.com.br\/cbradar\/wp-content\/uploads\/2026\/04\/Gemini_Generated_Image_oepwt4oepwt4oepw-1-1.png 1280w, https:\/\/www.correiobraziliense.com.br\/cbradar\/wp-content\/uploads\/2026\/04\/Gemini_Generated_Image_oepwt4oepwt4oepw-1-1-300x169.png 300w, https:\/\/www.correiobraziliense.com.br\/cbradar\/wp-content\/uploads\/2026\/04\/Gemini_Generated_Image_oepwt4oepwt4oepw-1-1-768x432.png 768w, https:\/\/www.correiobraziliense.com.br\/cbradar\/wp-content\/uploads\/2026\/04\/Gemini_Generated_Image_oepwt4oepwt4oepw-1-1-750x422.png 750w, https:\/\/www.correiobraziliense.com.br\/cbradar\/wp-content\/uploads\/2026\/04\/Gemini_Generated_Image_oepwt4oepwt4oepw-1-1-1140x641.png 1140w\" sizes=\"(max-width: 1280px) 100vw, 1280px\" \/><figcaption class=\"wp-element-caption\">P\u00e3o franc\u00eas pode ser consumido com equil\u00edbrio sem prejudicar sua sa\u00fade di\u00e1ria<\/figcaption><\/figure>\n\n\n\n<h2 class=\"wp-block-heading\">Como as combina\u00e7\u00f5es certas transformam o valor nutricional do seu caf\u00e9?<\/h2>\n\n\n\n<p>O problema raramente reside no p\u00e3o em si, mas sim nos acompanhamentos ricos em gorduras saturadas ou a\u00e7\u00facares. Quando voc\u00ea adiciona fontes de prote\u00ednas, como ovos ou queijos magros, o impacto glic\u00eamico da refei\u00e7\u00e3o \u00e9 drasticamente reduzido. <strong>A composi\u00e7\u00e3o do prato define a sa\u00fade<\/strong>, permitindo que o p\u00e3o seja parte de uma rotina equilibrada e nutritiva hoje.<\/p>\n\n\n\n<p>Incluir vegetais ou sementes na mesma refei\u00e7\u00e3o tamb\u00e9m melhora a oferta de fibras, essenciais para o bom funcionamento do intestino. Essa pr\u00e1tica simples evita que o carboidrato simples seja o \u00fanico protagonista da sua alimenta\u00e7\u00e3o matinal. <strong>Pequenos ajustes fazem grandes diferen\u00e7as<\/strong>, garantindo que voc\u00ea aproveite o sabor tradicional sem comprometer seus objetivos de sa\u00fade e bem-estar hoje.<\/p>\n\n\n\n<p>Leia tamb\u00e9m: <a href=\"https:\/\/www.correiobraziliense.com.br\/cbradar\/arroz-branco-ou-arroz-integral-esse-e-o-tipo-que-ajuda-mais-no-controle-da-glicose\/\" target=\"_blank\" rel=\"noreferrer noopener\">Arroz branco ou arroz integral? Esse \u00e9 o tipo que ajuda mais no controle da glicose<\/a><\/p>\n\n\n\n<h2 class=\"wp-block-heading\">Quais estrat\u00e9gias simples ajudam a consumir carboidratos de forma mais consciente?<\/h2>\n\n\n\n<p>Substituir o excesso de manteiga por gorduras boas, como o azeite de oliva ou abacate, melhora a qualidade lip\u00eddica da dieta. Al\u00e9m disso, observar a frequ\u00eancia do consumo permite que o corpo lide melhor com as calorias ingeridas ao longo do dia. <strong>A modera\u00e7\u00e3o \u00e9 a chave do sucesso<\/strong>, transformando um h\u00e1bito comum em uma escolha alimentar muito inteligente.<\/p>\n\n\n\n<p>Veja algumas maneiras pr\u00e1ticas de tornar seu p\u00e3o matinal muito mais equilibrado e saud\u00e1vel para o seu organismo:<\/p>\n\n\n\n<ul class=\"wp-block-list\">\n<li>Adi\u00e7\u00e3o de fibras por meio de sementes de chia ou linha\u00e7a.<\/li>\n\n\n\n<li>Inclus\u00e3o de prote\u00ednas magras, como frango desfiado ou ovos.<\/li>\n\n\n\n<li>Substitui\u00e7\u00e3o de margarinas por pastas de gr\u00e3o-de-bico ou queijos.<\/li>\n\n\n\n<li>Consumo acompanhado de uma por\u00e7\u00e3o moderada de frutas frescas.<\/li>\n<\/ul>\n\n\n\n<h2 class=\"wp-block-heading\">Existe uma diferen\u00e7a real entre o p\u00e3o de padaria e os industrializados?<\/h2>\n\n\n\n<p>O p\u00e3o franc\u00eas tradicional de padaria leva poucos ingredientes b\u00e1sicos, como farinha, \u00e1gua, sal e fermento biol\u00f3gico. Em compara\u00e7\u00e3o com p\u00e3es de forma industrializados, ele geralmente cont\u00e9m menos conservantes e aditivos qu\u00edmicos prejudiciais ao longo do tempo. <strong>Escolher vers\u00f5es artesanais \u00e9 prefer\u00edvel<\/strong>, garantindo um alimento mais limpo e pr\u00f3ximo da receita original e muito menos processado.<\/p>\n\n\n\n<p>\u00c9 importante notar que o sal presente na casca crocante deve ser monitorado por quem possui hipertens\u00e3o arterial. O equil\u00edbrio entre o sabor e a sa\u00fade exige aten\u00e7\u00e3o aos detalhes t\u00e9cnicos da fabrica\u00e7\u00e3o local di\u00e1ria. <strong>Conhecer a origem do alimento auxilia<\/strong> na manuten\u00e7\u00e3o de uma dieta segura, saborosa e livre de subst\u00e2ncias artificiais desnecess\u00e1rias para o corpo.<\/p>\n\n\n\n<figure class=\"wp-block-image size-full\"><img decoding=\"async\" width=\"1280\" height=\"720\" src=\"https:\/\/www.correiobraziliense.com.br\/cbradar\/wp-content\/uploads\/2026\/04\/Gemini_Generated_Image_m3nurum3nurum3nu-1-1.png\" alt=\"O p\u00e3o franc\u00eas realmente faz t\u00e3o mal \u00e0 sa\u00fade como muita gente acredita\" class=\"wp-image-232121\" srcset=\"https:\/\/www.correiobraziliense.com.br\/cbradar\/wp-content\/uploads\/2026\/04\/Gemini_Generated_Image_m3nurum3nurum3nu-1-1.png 1280w, https:\/\/www.correiobraziliense.com.br\/cbradar\/wp-content\/uploads\/2026\/04\/Gemini_Generated_Image_m3nurum3nurum3nu-1-1-300x169.png 300w, https:\/\/www.correiobraziliense.com.br\/cbradar\/wp-content\/uploads\/2026\/04\/Gemini_Generated_Image_m3nurum3nurum3nu-1-1-768x432.png 768w, https:\/\/www.correiobraziliense.com.br\/cbradar\/wp-content\/uploads\/2026\/04\/Gemini_Generated_Image_m3nurum3nurum3nu-1-1-750x422.png 750w, https:\/\/www.correiobraziliense.com.br\/cbradar\/wp-content\/uploads\/2026\/04\/Gemini_Generated_Image_m3nurum3nurum3nu-1-1-1140x641.png 1140w\" sizes=\"(max-width: 1280px) 100vw, 1280px\" \/><figcaption class=\"wp-element-caption\">P\u00e3o franc\u00eas pode ser consumido com equil\u00edbrio sem prejudicar sua sa\u00fade di\u00e1ria<\/figcaption><\/figure>\n\n\n\n<h2 class=\"wp-block-heading\">O gl\u00faten \u00e9 realmente um inimigo para quem n\u00e3o tem doen\u00e7a cel\u00edaca?<\/h2>\n\n\n\n<p>Para a grande maioria da popula\u00e7\u00e3o, o gl\u00faten n\u00e3o representa um perigo real se for consumido dentro de limites razo\u00e1veis. A demoniza\u00e7\u00e3o dessa prote\u00edna muitas vezes ignora que ela \u00e9 respons\u00e1vel pela elasticidade e textura do p\u00e3o. <strong>Seguir orienta\u00e7\u00f5es m\u00e9dicas individualizadas<\/strong> evita restri\u00e7\u00f5es alimentares desnecess\u00e1rias que podem causar estresse e desequil\u00edbrios nutricionais graves no futuro pr\u00f3ximo.<\/p>\n\n\n\n<p>O consumo exagerado de qualquer carboidrato refinado pode levar ao aumento do risco de diabetes e obesidade severa. Monitorar a ingest\u00e3o total de calorias \u00e9 mais eficaz do que excluir alimentos isolados sem um embasamento t\u00e9cnico. De acordo com a <strong><a target=\"_blank\" rel=\"noreferrer noopener\" href=\"https:\/\/www.hsph.harvard.edu\/nutritionsource\/carbohydrates\/fiber\/\">Harvard School of Public Health<\/a><\/strong>, priorizar gr\u00e3os integrais oferece benef\u00edcios superiores. <strong>Fa\u00e7a escolhas fundamentadas na ci\u00eancia<\/strong>, garantindo longevidade.<\/p>\n","protected":false},"excerpt":{"rendered":"<p>O p\u00e3o franc\u00eas \u00e9 um \u00edcone das manh\u00e3s brasileiras, mas frequentemente acaba sendo apontado como o grande vil\u00e3o das dietas modernas. Muitas pessoas acreditam que ele causa inflama\u00e7\u00f5es e ganho de peso imediato, ignorando o papel do equil\u00edbrio nutricional. Entender a composi\u00e7\u00e3o desse alimento ajuda a desmistificar medos exagerados sobre o consumo di\u00e1rio. Qual \u00e9 [&hellip;]<\/p>\n","protected":false},"author":21,"featured_media":232120,"comment_status":"open","ping_status":"open","sticky":false,"template":"","format":"standard","meta":{"_yoast_wpseo_focuskw":"p\u00e3o franc\u00eas engorda ou pode consumir","_yoast_wpseo_title":"","_yoast_wpseo_metadesc":"P\u00e3o franc\u00eas n\u00e3o \u00e9 vil\u00e3o como muitos pensam. Entenda como consumir sem prejudicar a sa\u00fade e evitar picos de glicose.","jnews-multi-image_gallery":[],"jnews_single_post":{"format":"standard"},"jnews_primary_category":[],"jnews_social_meta":[],"jnews_override_counter":[],"footnotes":""},"categories":[119],"post_tag":[],"class_list":["post-232116","post","type-post","status-publish","format-standard","has-post-thumbnail","hentry","category-bem-estar"],"yoast_head":"<!-- This site is optimized with the Yoast SEO plugin v24.6 - https:\/\/yoast.com\/wordpress\/plugins\/seo\/ -->\n<title>O p\u00e3o franc\u00eas realmente faz t\u00e3o mal \u00e0 sa\u00fade como muita gente acredita - Correio Braziliense - Radar<\/title>\n<meta name=\"description\" content=\"P\u00e3o franc\u00eas n\u00e3o \u00e9 vil\u00e3o como muitos pensam. Entenda como consumir sem prejudicar a sa\u00fade e evitar picos de glicose.\" \/>\n<meta name=\"robots\" content=\"index, follow, max-snippet:-1, max-image-preview:large, max-video-preview:-1\" \/>\n<link rel=\"canonical\" href=\"https:\/\/www.correiobraziliense.com.br\/cbradar\/o-pao-frances-realmente-faz-tao-mal-a-saude-como-muita-gente-acredita\/\" \/>\n<meta property=\"og:locale\" content=\"pt_BR\" \/>\n<meta property=\"og:type\" content=\"article\" \/>\n<meta property=\"og:title\" content=\"O p\u00e3o franc\u00eas realmente faz t\u00e3o mal \u00e0 sa\u00fade como muita gente acredita - Correio Braziliense - Radar\" \/>\n<meta property=\"og:description\" content=\"P\u00e3o franc\u00eas n\u00e3o \u00e9 vil\u00e3o como muitos pensam. Entenda como consumir sem prejudicar a sa\u00fade e evitar picos de glicose.\" \/>\n<meta property=\"og:url\" content=\"https:\/\/www.correiobraziliense.com.br\/cbradar\/o-pao-frances-realmente-faz-tao-mal-a-saude-como-muita-gente-acredita\/\" \/>\n<meta property=\"og:site_name\" content=\"Correio Braziliense - Radar\" \/>\n<meta property=\"article:published_time\" content=\"2026-04-26T09:55:00+00:00\" \/>\n<meta property=\"og:image\" content=\"https:\/\/www.correiobraziliense.com.br\/cbradar\/wp-content\/uploads\/2026\/04\/Gemini_Generated_Image_5yqmnh5yqmnh5yqm-1-1.png\" \/>\n\t<meta property=\"og:image:width\" content=\"1280\" \/>\n\t<meta property=\"og:image:height\" content=\"720\" \/>\n\t<meta property=\"og:image:type\" content=\"image\/png\" \/>\n<meta name=\"author\" content=\"Patrick Silva\" \/>\n<meta name=\"twitter:card\" content=\"summary_large_image\" \/>\n<meta name=\"twitter:label1\" content=\"Escrito por\" \/>\n\t<meta name=\"twitter:data1\" content=\"Patrick Silva\" \/>\n\t<meta name=\"twitter:label2\" content=\"Est. tempo de leitura\" \/>\n\t<meta name=\"twitter:data2\" content=\"5 minutos\" \/>\n<!-- \/ Yoast SEO plugin. -->","yoast_head_json":{"title":"O p\u00e3o franc\u00eas realmente faz t\u00e3o mal \u00e0 sa\u00fade como muita gente acredita - Correio Braziliense - Radar","description":"P\u00e3o franc\u00eas n\u00e3o \u00e9 vil\u00e3o como muitos pensam. Entenda como consumir sem prejudicar a sa\u00fade e evitar picos de glicose.","robots":{"index":"index","follow":"follow","max-snippet":"max-snippet:-1","max-image-preview":"max-image-preview:large","max-video-preview":"max-video-preview:-1"},"canonical":"https:\/\/www.correiobraziliense.com.br\/cbradar\/o-pao-frances-realmente-faz-tao-mal-a-saude-como-muita-gente-acredita\/","og_locale":"pt_BR","og_type":"article","og_title":"O p\u00e3o franc\u00eas realmente faz t\u00e3o mal \u00e0 sa\u00fade como muita gente acredita - Correio Braziliense - Radar","og_description":"P\u00e3o franc\u00eas n\u00e3o \u00e9 vil\u00e3o como muitos pensam. Entenda como consumir sem prejudicar a sa\u00fade e evitar picos de glicose.","og_url":"https:\/\/www.correiobraziliense.com.br\/cbradar\/o-pao-frances-realmente-faz-tao-mal-a-saude-como-muita-gente-acredita\/","og_site_name":"Correio Braziliense - Radar","article_published_time":"2026-04-26T09:55:00+00:00","og_image":[{"width":1280,"height":720,"url":"https:\/\/www.correiobraziliense.com.br\/cbradar\/wp-content\/uploads\/2026\/04\/Gemini_Generated_Image_5yqmnh5yqmnh5yqm-1-1.png","type":"image\/png"}],"author":"Patrick Silva","twitter_card":"summary_large_image","twitter_misc":{"Escrito por":"Patrick Silva","Est. tempo de leitura":"5 minutos"},"schema":{"@context":"https:\/\/schema.org","@graph":[{"@type":"WebPage","@id":"https:\/\/www.correiobraziliense.com.br\/cbradar\/o-pao-frances-realmente-faz-tao-mal-a-saude-como-muita-gente-acredita\/","url":"https:\/\/www.correiobraziliense.com.br\/cbradar\/o-pao-frances-realmente-faz-tao-mal-a-saude-como-muita-gente-acredita\/","name":"O p\u00e3o franc\u00eas realmente faz t\u00e3o mal \u00e0 sa\u00fade como muita gente acredita - Correio Braziliense - Radar","isPartOf":{"@id":"https:\/\/www.correiobraziliense.com.br\/cbradar\/#website"},"primaryImageOfPage":{"@id":"https:\/\/www.correiobraziliense.com.br\/cbradar\/o-pao-frances-realmente-faz-tao-mal-a-saude-como-muita-gente-acredita\/#primaryimage"},"image":{"@id":"https:\/\/www.correiobraziliense.com.br\/cbradar\/o-pao-frances-realmente-faz-tao-mal-a-saude-como-muita-gente-acredita\/#primaryimage"},"thumbnailUrl":"https:\/\/www.correiobraziliense.com.br\/cbradar\/wp-content\/uploads\/2026\/04\/Gemini_Generated_Image_5yqmnh5yqmnh5yqm-1-1.png","datePublished":"2026-04-26T09:55:00+00:00","author":{"@id":"https:\/\/www.correiobraziliense.com.br\/cbradar\/#\/schema\/person\/5440b72be9c7eb74f446c846479dc4da"},"description":"P\u00e3o franc\u00eas n\u00e3o \u00e9 vil\u00e3o como muitos pensam. Entenda como consumir sem prejudicar a sa\u00fade e evitar picos de glicose.","breadcrumb":{"@id":"https:\/\/www.correiobraziliense.com.br\/cbradar\/o-pao-frances-realmente-faz-tao-mal-a-saude-como-muita-gente-acredita\/#breadcrumb"},"inLanguage":"pt-BR","potentialAction":[{"@type":"ReadAction","target":["https:\/\/www.correiobraziliense.com.br\/cbradar\/o-pao-frances-realmente-faz-tao-mal-a-saude-como-muita-gente-acredita\/"]}]},{"@type":"ImageObject","inLanguage":"pt-BR","@id":"https:\/\/www.correiobraziliense.com.br\/cbradar\/o-pao-frances-realmente-faz-tao-mal-a-saude-como-muita-gente-acredita\/#primaryimage","url":"https:\/\/www.correiobraziliense.com.br\/cbradar\/wp-content\/uploads\/2026\/04\/Gemini_Generated_Image_5yqmnh5yqmnh5yqm-1-1.png","contentUrl":"https:\/\/www.correiobraziliense.com.br\/cbradar\/wp-content\/uploads\/2026\/04\/Gemini_Generated_Image_5yqmnh5yqmnh5yqm-1-1.png","width":1280,"height":720,"caption":"P\u00e3o franc\u00eas pode ser consumido com equil\u00edbrio sem prejudicar sua sa\u00fade di\u00e1ria"},{"@type":"BreadcrumbList","@id":"https:\/\/www.correiobraziliense.com.br\/cbradar\/o-pao-frances-realmente-faz-tao-mal-a-saude-como-muita-gente-acredita\/#breadcrumb","itemListElement":[{"@type":"ListItem","position":1,"name":"In\u00edcio","item":"https:\/\/www.correiobraziliense.com.br\/cbradar\/"},{"@type":"ListItem","position":2,"name":"O p\u00e3o franc\u00eas realmente faz t\u00e3o mal \u00e0 sa\u00fade como muita gente acredita"}]},{"@type":"WebSite","@id":"https:\/\/www.correiobraziliense.com.br\/cbradar\/#website","url":"https:\/\/www.correiobraziliense.com.br\/cbradar\/","name":"Correio Braziliense - Radar","description":"Acompanhe as \u00faltimas not\u00edcias e fique bem informado sobre tudo o que acontece no Brasil e no mundo.","potentialAction":[{"@type":"SearchAction","target":{"@type":"EntryPoint","urlTemplate":"https:\/\/www.correiobraziliense.com.br\/cbradar\/?s={search_term_string}"},"query-input":{"@type":"PropertyValueSpecification","valueRequired":true,"valueName":"search_term_string"}}],"inLanguage":"pt-BR"},{"@type":"Person","@id":"https:\/\/www.correiobraziliense.com.br\/cbradar\/#\/schema\/person\/5440b72be9c7eb74f446c846479dc4da","name":"Patrick Silva","image":{"@type":"ImageObject","inLanguage":"pt-BR","@id":"https:\/\/www.correiobraziliense.com.br\/cbradar\/#\/schema\/person\/image\/","url":"https:\/\/secure.gravatar.com\/avatar\/944109df296fc087785c9715fd5f80b2?s=96&d=mm&r=g","contentUrl":"https:\/\/secure.gravatar.com\/avatar\/944109df296fc087785c9715fd5f80b2?s=96&d=mm&r=g","caption":"Patrick Silva"},"sameAs":["https:\/\/www.correiobraziliense.com.br\/cbradar\/"],"url":"https:\/\/www.correiobraziliense.com.br\/cbradar\/author\/patrick-silva\/"}]}},"_links":{"self":[{"href":"https:\/\/www.correiobraziliense.com.br\/cbradar\/wp-json\/wp\/v2\/posts\/232116","targetHints":{"allow":["GET"]}}],"collection":[{"href":"https:\/\/www.correiobraziliense.com.br\/cbradar\/wp-json\/wp\/v2\/posts"}],"about":[{"href":"https:\/\/www.correiobraziliense.com.br\/cbradar\/wp-json\/wp\/v2\/types\/post"}],"author":[{"embeddable":true,"href":"https:\/\/www.correiobraziliense.com.br\/cbradar\/wp-json\/wp\/v2\/users\/21"}],"replies":[{"embeddable":true,"href":"https:\/\/www.correiobraziliense.com.br\/cbradar\/wp-json\/wp\/v2\/comments?post=232116"}],"version-history":[{"count":4,"href":"https:\/\/www.correiobraziliense.com.br\/cbradar\/wp-json\/wp\/v2\/posts\/232116\/revisions"}],"predecessor-version":[{"id":232123,"href":"https:\/\/www.correiobraziliense.com.br\/cbradar\/wp-json\/wp\/v2\/posts\/232116\/revisions\/232123"}],"wp:featuredmedia":[{"embeddable":true,"href":"https:\/\/www.correiobraziliense.com.br\/cbradar\/wp-json\/wp\/v2\/media\/232120"}],"wp:attachment":[{"href":"https:\/\/www.correiobraziliense.com.br\/cbradar\/wp-json\/wp\/v2\/media?parent=232116"}],"wp:term":[{"taxonomy":"category","embeddable":true,"href":"https:\/\/www.correiobraziliense.com.br\/cbradar\/wp-json\/wp\/v2\/categories?post=232116"},{"taxonomy":"post_tag","embeddable":true,"href":"https:\/\/www.correiobraziliense.com.br\/cbradar\/wp-json\/wp\/v2\/post_tag?post=232116"}],"curies":[{"name":"wp","href":"https:\/\/api.w.org\/{rel}","templated":true}]}}