{"id":232124,"date":"2026-04-26T15:45:00","date_gmt":"2026-04-26T18:45:00","guid":{"rendered":"https:\/\/www.correiobraziliense.com.br\/cbradar\/?p=232124"},"modified":"2026-04-25T16:33:32","modified_gmt":"2026-04-25T19:33:32","slug":"o-ingrediente-que-costuma-ficar-no-pao-e-na-torrada-mas-que-tambem-pode-transformar-seu-iogurte-no-cafe-da-manha","status":"publish","type":"post","link":"https:\/\/www.correiobraziliense.com.br\/cbradar\/o-ingrediente-que-costuma-ficar-no-pao-e-na-torrada-mas-que-tambem-pode-transformar-seu-iogurte-no-cafe-da-manha\/","title":{"rendered":"O ingrediente que costuma ficar no p\u00e3o e na torrada, mas que tamb\u00e9m pode transformar seu iogurte no caf\u00e9 da manh\u00e3"},"content":{"rendered":"\n<p>Ado\u00e7ar as refei\u00e7\u00f5es matinais exige escolhas inteligentes para garantir energia e sa\u00fade sem comprometer o equil\u00edbrio do organismo. O mel \u00e9 um ingrediente milenar que brilha tanto sobre uma fatia de p\u00e3o quente quanto misturado ao iogurte natural. Entender os benef\u00edcios desse superalimento ajuda a transformar sua rotina alimentar em algo nutritivo e muito pr\u00e1tico.<\/p>\n\n\n\n<h2 class=\"wp-block-heading\">Por que este ingrediente natural \u00e9 considerado um combust\u00edvel poderoso para o seu c\u00e9rebro?<\/h2>\n\n\n\n<p>O mel puro cont\u00e9m a\u00e7\u00facares naturais que s\u00e3o rapidamente absorvidos pelo corpo, oferecendo uma dose imediata de energia para enfrentar o dia exaustivo. Diferente do a\u00e7\u00facar refinado, ele possui enzimas e compostos org\u00e2nicos que auxiliam na digest\u00e3o e na prote\u00e7\u00e3o das c\u00e9lulas contra o envelhecimento precoce. <strong>A energia constante melhora o foco<\/strong>, permitindo uma produtividade maior nas tarefas do dia.<\/p>\n\n\n\n<p>Al\u00e9m de fornecer glicose, este alimento \u00e9 rico em antioxidantes que combatem o estresse oxidativo causado pela rotina urbana pesada. O consumo moderado no caf\u00e9 da manh\u00e3 ajuda a regular o metabolismo basal, garantindo que seu corpo funcione de maneira equilibrada durante as primeiras horas. <strong>Escolher vers\u00f5es org\u00e2nicas \u00e9 vital<\/strong>, preservando todas as propriedades medicinais originais deste produto natural agora.<\/p>\n\n\n\n<p>Para entender como esse alimento natural pode influenciar diferentes aspectos da sa\u00fade, este v\u00eddeo apresenta explica\u00e7\u00f5es e curiosidades de forma acess\u00edvel, com conte\u00fado do canal <strong>Jornal Farol do Litoral | Maior Jornal de Ubatuba<\/strong>, que re\u00fane mais de 1,14 mi de inscritos interessados:<\/p>\n\n\n\n<figure class=\"wp-block-embed is-type-video is-provider-youtube wp-block-embed-youtube wp-embed-aspect-16-9 wp-has-aspect-ratio\"><div class=\"wp-block-embed__wrapper\">\n<div class=\"jeg_video_container jeg_video_content\"><iframe loading=\"lazy\" title=\"\ud83d\udfe217 Benef\u00edcios do Mel, descubra como esse ALIMENTO M\u00c1GICO pode CURAR voc\u00ea e sua fam\u00edlia!!\" width=\"500\" height=\"281\" src=\"https:\/\/www.youtube.com\/embed\/r5SoqE8-UHM?feature=oembed\" frameborder=\"0\" allow=\"accelerometer; autoplay; clipboard-write; encrypted-media; gyroscope; picture-in-picture; web-share\" referrerpolicy=\"strict-origin-when-cross-origin\" allowfullscreen><\/iframe><\/div>\n<\/div><\/figure>\n\n\n\n<h2 class=\"wp-block-heading\">Como a combina\u00e7\u00e3o com latic\u00ednios fermentados pode otimizar sua imunidade biol\u00f3gica?<\/h2>\n\n\n\n<p>Ao misturar mel com <strong><a href=\"https:\/\/www.correiobraziliense.com.br\/cbradar\/tomar-iogurte-antes-de-dormir-o-que-nutricionistas-dizem-sobre-os-efeitos-no-corpo-durante-a-noite\/\" target=\"_blank\" rel=\"noreferrer noopener\">iogurte natural<\/a><\/strong>, voc\u00ea cria uma sinergia poderosa entre prebi\u00f3ticos e probi\u00f3ticos que fortalece a flora intestinal de maneira eficiente. Essa uni\u00e3o ajuda o sistema imunol\u00f3gico a identificar e combater invasores de forma muito mais \u00e1gil e precisa no dia a dia. <strong>A sa\u00fade nasce no intestino<\/strong>, sendo o reflexo direto das combina\u00e7\u00f5es feitas em sua mesa.<\/p>\n\n\n\n<p>Os minerais presentes nesta subst\u00e2ncia dourada tamb\u00e9m auxiliam na absor\u00e7\u00e3o do c\u00e1lcio proveniente dos latic\u00ednios, protegendo a estrutura \u00f3ssea a longo prazo. Esse h\u00e1bito simples transforma uma refei\u00e7\u00e3o comum em um verdadeiro suplemento natural para o corpo, especialmente para mulheres e idosos preocupados. <strong>O equil\u00edbrio nutricional \u00e9 alcan\u00e7ado<\/strong> atrav\u00e9s de ingredientes puros e minimamente processados pela ind\u00fastria atual e global.<\/p>\n\n\n\n<h2 class=\"wp-block-heading\">Quais acompanhamentos extras conseguem elevar o sabor desta mistura cl\u00e1ssica?<\/h2>\n\n\n\n<p>Para tornar o seu caf\u00e9 da manh\u00e3 ainda mais atrativo e completo, \u00e9 poss\u00edvel adicionar texturas diferentes que estimulam o paladar e a saciedade. Castanhas, sementes e frutas frescas combinam perfeitamente com a do\u00e7ura natural, criando uma experi\u00eancia gastron\u00f4mica rica em nutrientes essenciais para sua sa\u00fade f\u00edsica. <strong>Variar os ingredientes \u00e9 fundamental<\/strong> para manter o prazer em comer bem hoje.<\/p>\n\n\n\n<p>Confira a lista abaixo:<\/p>\n\n\n\n<ul class=\"wp-block-list\">\n<li>Nozes picadas para croc\u00e2ncia.<\/li>\n\n\n\n<li>Sementes de chia hidratadas.<\/li>\n\n\n\n<li>Morangos ou mirtilos frescos.<\/li>\n\n\n\n<li>Granola artesanal sem a\u00e7\u00facar.<\/li>\n<\/ul>\n\n\n\n<h2 class=\"wp-block-heading\">Existe algum risco real em consumir este ado\u00e7ante natural todos os dias?<\/h2>\n\n\n\n<p>Embora seja um alimento extremamente saud\u00e1vel e nutritivo, o consumo excessivo pode elevar a ingest\u00e3o cal\u00f3rica di\u00e1ria de forma significativa e silenciosa. Pessoas que buscam o emagrecimento ou possuem controle glic\u00eamico rigoroso devem monitorar as por\u00e7\u00f5es utilizadas para evitar picos indesejados de insulina no organismo. <strong>A modera\u00e7\u00e3o garante os benef\u00edcios<\/strong>, permitindo que voc\u00ea desfrute do sabor sem riscos acumulados hoje.<\/p>\n\n\n\n<p>Tamb\u00e9m \u00e9 importante lembrar que este ingrediente nunca deve ser oferecido a crian\u00e7as menores de um ano de idade devido ao risco de botulismo. Fora esse grupo espec\u00edfico, o consumo \u00e9 seguro e amplamente incentivado por profissionais da \u00e1rea de nutri\u00e7\u00e3o funcional e preventiva moderna. <strong>Priorize a seguran\u00e7a alimentar<\/strong>, escolhendo sempre produtos de proced\u00eancia confi\u00e1vel e com certifica\u00e7\u00e3o de \u00f3rg\u00e3os.<\/p>\n\n\n\n<figure class=\"wp-block-image size-full\"><img decoding=\"async\" width=\"1280\" height=\"720\" src=\"https:\/\/www.correiobraziliense.com.br\/cbradar\/wp-content\/uploads\/2026\/04\/Gemini_Generated_Image_p0dq8wp0dq8wp0dq-1-1.png\" alt=\"O ingrediente que costuma ficar no p\u00e3o e na torrada, mas que tamb\u00e9m pode transformar seu iogurte no caf\u00e9 da manh\u00e3\" class=\"wp-image-232128\" srcset=\"https:\/\/www.correiobraziliense.com.br\/cbradar\/wp-content\/uploads\/2026\/04\/Gemini_Generated_Image_p0dq8wp0dq8wp0dq-1-1.png 1280w, https:\/\/www.correiobraziliense.com.br\/cbradar\/wp-content\/uploads\/2026\/04\/Gemini_Generated_Image_p0dq8wp0dq8wp0dq-1-1-300x169.png 300w, https:\/\/www.correiobraziliense.com.br\/cbradar\/wp-content\/uploads\/2026\/04\/Gemini_Generated_Image_p0dq8wp0dq8wp0dq-1-1-768x432.png 768w, https:\/\/www.correiobraziliense.com.br\/cbradar\/wp-content\/uploads\/2026\/04\/Gemini_Generated_Image_p0dq8wp0dq8wp0dq-1-1-750x422.png 750w, https:\/\/www.correiobraziliense.com.br\/cbradar\/wp-content\/uploads\/2026\/04\/Gemini_Generated_Image_p0dq8wp0dq8wp0dq-1-1-1140x641.png 1140w\" sizes=\"(max-width: 1280px) 100vw, 1280px\" \/><figcaption class=\"wp-element-caption\">Mel com p\u00e3o e iogurte pode trazer energia e sa\u00fade no caf\u00e9 da manh\u00e3 equilibrado<\/figcaption><\/figure>\n\n\n\n<h2 class=\"wp-block-heading\">Qual a recomenda\u00e7\u00e3o dos \u00f3rg\u00e3os de sa\u00fade sobre o uso de a\u00e7\u00facares naturais?<\/h2>\n\n\n\n<p>Para obter resultados duradouros, as autoridades de sa\u00fade sugerem que a ingest\u00e3o de a\u00e7\u00facares livres n\u00e3o ultrapasse dez por cento da energia total di\u00e1ria consumida. O uso do mel como substituto do a\u00e7\u00facar processado \u00e9 uma alternativa inteligente para melhorar a qualidade nutricional da sua dieta. <strong>Seguir diretrizes globais de sa\u00fade<\/strong> garante que voc\u00ea mantenha o peso e a vitalidade.<\/p>\n\n\n\n<p>Segundo a <a target=\"_blank\" rel=\"noreferrer noopener\" href=\"https:\/\/www.who.int\/news-room\/fact-sheets\/detail\/healthy-diet\">World Health Organization<\/a>, o consumo de a\u00e7\u00facar livre est\u00e1 ligado ao risco de c\u00e1ries e doen\u00e7as cr\u00f4nicas n\u00e3o transmiss\u00edveis. Optar por ado\u00e7antes naturais exige consci\u00eancia para que o benef\u00edcio n\u00e3o se torne um problema metab\u00f3lico grave no futuro. <strong>Sua sa\u00fade depende das escolhas<\/strong>, priorizando sempre o equil\u00edbrio entre o prazer e a ci\u00eancia m\u00e9dica e t\u00e9cnica nutricional atual.<\/p>\n","protected":false},"excerpt":{"rendered":"<p>Ado\u00e7ar as refei\u00e7\u00f5es matinais exige escolhas inteligentes para garantir energia e sa\u00fade sem comprometer o equil\u00edbrio do organismo. O mel \u00e9 um ingrediente milenar que brilha tanto sobre uma fatia de p\u00e3o quente quanto misturado ao iogurte natural. Entender os benef\u00edcios desse superalimento ajuda a transformar sua rotina alimentar em algo nutritivo e muito pr\u00e1tico. [&hellip;]<\/p>\n","protected":false},"author":21,"featured_media":232127,"comment_status":"open","ping_status":"open","sticky":false,"template":"","format":"standard","meta":{"_yoast_wpseo_focuskw":"mel no caf\u00e9 da manh\u00e3 faz bem ou engorda","_yoast_wpseo_title":"","_yoast_wpseo_metadesc":"Mel no caf\u00e9 da manh\u00e3 pode trazer energia e benef\u00edcios \u00e0 sa\u00fade. Veja como usar sem exageros e melhorar sua alimenta\u00e7\u00e3o di\u00e1ria.","jnews-multi-image_gallery":[],"jnews_single_post":{"format":"standard"},"jnews_primary_category":[],"jnews_social_meta":[],"jnews_override_counter":[],"footnotes":""},"categories":[119],"post_tag":[],"class_list":["post-232124","post","type-post","status-publish","format-standard","has-post-thumbnail","hentry","category-bem-estar"],"yoast_head":"<!-- This site is optimized with the Yoast SEO plugin v24.6 - https:\/\/yoast.com\/wordpress\/plugins\/seo\/ -->\n<title>O ingrediente que costuma ficar no p\u00e3o e na torrada, mas que tamb\u00e9m pode transformar seu iogurte no caf\u00e9 da manh\u00e3 - Correio Braziliense - Radar<\/title>\n<meta name=\"description\" content=\"Mel no caf\u00e9 da manh\u00e3 pode trazer energia e benef\u00edcios \u00e0 sa\u00fade. Veja como usar sem exageros e melhorar sua alimenta\u00e7\u00e3o di\u00e1ria.\" \/>\n<meta name=\"robots\" content=\"index, follow, max-snippet:-1, max-image-preview:large, max-video-preview:-1\" \/>\n<link rel=\"canonical\" href=\"https:\/\/www.correiobraziliense.com.br\/cbradar\/o-ingrediente-que-costuma-ficar-no-pao-e-na-torrada-mas-que-tambem-pode-transformar-seu-iogurte-no-cafe-da-manha\/\" \/>\n<meta property=\"og:locale\" content=\"pt_BR\" \/>\n<meta property=\"og:type\" content=\"article\" \/>\n<meta property=\"og:title\" content=\"O ingrediente que costuma ficar no p\u00e3o e na torrada, mas que tamb\u00e9m pode transformar seu iogurte no caf\u00e9 da manh\u00e3 - Correio Braziliense - Radar\" \/>\n<meta property=\"og:description\" content=\"Mel no caf\u00e9 da manh\u00e3 pode trazer energia e benef\u00edcios \u00e0 sa\u00fade. Veja como usar sem exageros e melhorar sua alimenta\u00e7\u00e3o di\u00e1ria.\" \/>\n<meta property=\"og:url\" content=\"https:\/\/www.correiobraziliense.com.br\/cbradar\/o-ingrediente-que-costuma-ficar-no-pao-e-na-torrada-mas-que-tambem-pode-transformar-seu-iogurte-no-cafe-da-manha\/\" \/>\n<meta property=\"og:site_name\" content=\"Correio Braziliense - Radar\" \/>\n<meta property=\"article:published_time\" content=\"2026-04-26T18:45:00+00:00\" \/>\n<meta property=\"og:image\" content=\"https:\/\/www.correiobraziliense.com.br\/cbradar\/wp-content\/uploads\/2026\/04\/Gemini_Generated_Image_33ti9433ti9433ti-1-1-1.png\" \/>\n\t<meta property=\"og:image:width\" content=\"1280\" \/>\n\t<meta property=\"og:image:height\" content=\"720\" \/>\n\t<meta property=\"og:image:type\" content=\"image\/png\" \/>\n<meta name=\"author\" content=\"Patrick Silva\" \/>\n<meta name=\"twitter:card\" content=\"summary_large_image\" \/>\n<meta name=\"twitter:label1\" content=\"Escrito por\" \/>\n\t<meta name=\"twitter:data1\" content=\"Patrick Silva\" \/>\n\t<meta name=\"twitter:label2\" content=\"Est. tempo de leitura\" \/>\n\t<meta name=\"twitter:data2\" content=\"5 minutos\" \/>\n<!-- \/ Yoast SEO plugin. -->","yoast_head_json":{"title":"O ingrediente que costuma ficar no p\u00e3o e na torrada, mas que tamb\u00e9m pode transformar seu iogurte no caf\u00e9 da manh\u00e3 - Correio Braziliense - Radar","description":"Mel no caf\u00e9 da manh\u00e3 pode trazer energia e benef\u00edcios \u00e0 sa\u00fade. Veja como usar sem exageros e melhorar sua alimenta\u00e7\u00e3o di\u00e1ria.","robots":{"index":"index","follow":"follow","max-snippet":"max-snippet:-1","max-image-preview":"max-image-preview:large","max-video-preview":"max-video-preview:-1"},"canonical":"https:\/\/www.correiobraziliense.com.br\/cbradar\/o-ingrediente-que-costuma-ficar-no-pao-e-na-torrada-mas-que-tambem-pode-transformar-seu-iogurte-no-cafe-da-manha\/","og_locale":"pt_BR","og_type":"article","og_title":"O ingrediente que costuma ficar no p\u00e3o e na torrada, mas que tamb\u00e9m pode transformar seu iogurte no caf\u00e9 da manh\u00e3 - Correio Braziliense - Radar","og_description":"Mel no caf\u00e9 da manh\u00e3 pode trazer energia e benef\u00edcios \u00e0 sa\u00fade. Veja como usar sem exageros e melhorar sua alimenta\u00e7\u00e3o di\u00e1ria.","og_url":"https:\/\/www.correiobraziliense.com.br\/cbradar\/o-ingrediente-que-costuma-ficar-no-pao-e-na-torrada-mas-que-tambem-pode-transformar-seu-iogurte-no-cafe-da-manha\/","og_site_name":"Correio Braziliense - Radar","article_published_time":"2026-04-26T18:45:00+00:00","og_image":[{"width":1280,"height":720,"url":"https:\/\/www.correiobraziliense.com.br\/cbradar\/wp-content\/uploads\/2026\/04\/Gemini_Generated_Image_33ti9433ti9433ti-1-1-1.png","type":"image\/png"}],"author":"Patrick Silva","twitter_card":"summary_large_image","twitter_misc":{"Escrito por":"Patrick Silva","Est. tempo de leitura":"5 minutos"},"schema":{"@context":"https:\/\/schema.org","@graph":[{"@type":"WebPage","@id":"https:\/\/www.correiobraziliense.com.br\/cbradar\/o-ingrediente-que-costuma-ficar-no-pao-e-na-torrada-mas-que-tambem-pode-transformar-seu-iogurte-no-cafe-da-manha\/","url":"https:\/\/www.correiobraziliense.com.br\/cbradar\/o-ingrediente-que-costuma-ficar-no-pao-e-na-torrada-mas-que-tambem-pode-transformar-seu-iogurte-no-cafe-da-manha\/","name":"O ingrediente que costuma ficar no p\u00e3o e na torrada, mas que tamb\u00e9m pode transformar seu iogurte no caf\u00e9 da manh\u00e3 - Correio Braziliense - Radar","isPartOf":{"@id":"https:\/\/www.correiobraziliense.com.br\/cbradar\/#website"},"primaryImageOfPage":{"@id":"https:\/\/www.correiobraziliense.com.br\/cbradar\/o-ingrediente-que-costuma-ficar-no-pao-e-na-torrada-mas-que-tambem-pode-transformar-seu-iogurte-no-cafe-da-manha\/#primaryimage"},"image":{"@id":"https:\/\/www.correiobraziliense.com.br\/cbradar\/o-ingrediente-que-costuma-ficar-no-pao-e-na-torrada-mas-que-tambem-pode-transformar-seu-iogurte-no-cafe-da-manha\/#primaryimage"},"thumbnailUrl":"https:\/\/www.correiobraziliense.com.br\/cbradar\/wp-content\/uploads\/2026\/04\/Gemini_Generated_Image_33ti9433ti9433ti-1-1-1.png","datePublished":"2026-04-26T18:45:00+00:00","author":{"@id":"https:\/\/www.correiobraziliense.com.br\/cbradar\/#\/schema\/person\/5440b72be9c7eb74f446c846479dc4da"},"description":"Mel no caf\u00e9 da manh\u00e3 pode trazer energia e benef\u00edcios \u00e0 sa\u00fade. Veja como usar sem exageros e melhorar sua alimenta\u00e7\u00e3o di\u00e1ria.","breadcrumb":{"@id":"https:\/\/www.correiobraziliense.com.br\/cbradar\/o-ingrediente-que-costuma-ficar-no-pao-e-na-torrada-mas-que-tambem-pode-transformar-seu-iogurte-no-cafe-da-manha\/#breadcrumb"},"inLanguage":"pt-BR","potentialAction":[{"@type":"ReadAction","target":["https:\/\/www.correiobraziliense.com.br\/cbradar\/o-ingrediente-que-costuma-ficar-no-pao-e-na-torrada-mas-que-tambem-pode-transformar-seu-iogurte-no-cafe-da-manha\/"]}]},{"@type":"ImageObject","inLanguage":"pt-BR","@id":"https:\/\/www.correiobraziliense.com.br\/cbradar\/o-ingrediente-que-costuma-ficar-no-pao-e-na-torrada-mas-que-tambem-pode-transformar-seu-iogurte-no-cafe-da-manha\/#primaryimage","url":"https:\/\/www.correiobraziliense.com.br\/cbradar\/wp-content\/uploads\/2026\/04\/Gemini_Generated_Image_33ti9433ti9433ti-1-1-1.png","contentUrl":"https:\/\/www.correiobraziliense.com.br\/cbradar\/wp-content\/uploads\/2026\/04\/Gemini_Generated_Image_33ti9433ti9433ti-1-1-1.png","width":1280,"height":720,"caption":"Mel com p\u00e3o e iogurte pode trazer energia e sa\u00fade no caf\u00e9 da manh\u00e3 equilibrado"},{"@type":"BreadcrumbList","@id":"https:\/\/www.correiobraziliense.com.br\/cbradar\/o-ingrediente-que-costuma-ficar-no-pao-e-na-torrada-mas-que-tambem-pode-transformar-seu-iogurte-no-cafe-da-manha\/#breadcrumb","itemListElement":[{"@type":"ListItem","position":1,"name":"In\u00edcio","item":"https:\/\/www.correiobraziliense.com.br\/cbradar\/"},{"@type":"ListItem","position":2,"name":"O ingrediente que costuma ficar no p\u00e3o e na torrada, mas que tamb\u00e9m pode transformar seu iogurte no caf\u00e9 da manh\u00e3"}]},{"@type":"WebSite","@id":"https:\/\/www.correiobraziliense.com.br\/cbradar\/#website","url":"https:\/\/www.correiobraziliense.com.br\/cbradar\/","name":"Correio Braziliense - Radar","description":"Acompanhe as \u00faltimas not\u00edcias e fique bem informado sobre tudo o que acontece no Brasil e no mundo.","potentialAction":[{"@type":"SearchAction","target":{"@type":"EntryPoint","urlTemplate":"https:\/\/www.correiobraziliense.com.br\/cbradar\/?s={search_term_string}"},"query-input":{"@type":"PropertyValueSpecification","valueRequired":true,"valueName":"search_term_string"}}],"inLanguage":"pt-BR"},{"@type":"Person","@id":"https:\/\/www.correiobraziliense.com.br\/cbradar\/#\/schema\/person\/5440b72be9c7eb74f446c846479dc4da","name":"Patrick Silva","image":{"@type":"ImageObject","inLanguage":"pt-BR","@id":"https:\/\/www.correiobraziliense.com.br\/cbradar\/#\/schema\/person\/image\/","url":"https:\/\/secure.gravatar.com\/avatar\/944109df296fc087785c9715fd5f80b2?s=96&d=mm&r=g","contentUrl":"https:\/\/secure.gravatar.com\/avatar\/944109df296fc087785c9715fd5f80b2?s=96&d=mm&r=g","caption":"Patrick Silva"},"sameAs":["https:\/\/www.correiobraziliense.com.br\/cbradar\/"],"url":"https:\/\/www.correiobraziliense.com.br\/cbradar\/author\/patrick-silva\/"}]}},"_links":{"self":[{"href":"https:\/\/www.correiobraziliense.com.br\/cbradar\/wp-json\/wp\/v2\/posts\/232124","targetHints":{"allow":["GET"]}}],"collection":[{"href":"https:\/\/www.correiobraziliense.com.br\/cbradar\/wp-json\/wp\/v2\/posts"}],"about":[{"href":"https:\/\/www.correiobraziliense.com.br\/cbradar\/wp-json\/wp\/v2\/types\/post"}],"author":[{"embeddable":true,"href":"https:\/\/www.correiobraziliense.com.br\/cbradar\/wp-json\/wp\/v2\/users\/21"}],"replies":[{"embeddable":true,"href":"https:\/\/www.correiobraziliense.com.br\/cbradar\/wp-json\/wp\/v2\/comments?post=232124"}],"version-history":[{"count":3,"href":"https:\/\/www.correiobraziliense.com.br\/cbradar\/wp-json\/wp\/v2\/posts\/232124\/revisions"}],"predecessor-version":[{"id":232129,"href":"https:\/\/www.correiobraziliense.com.br\/cbradar\/wp-json\/wp\/v2\/posts\/232124\/revisions\/232129"}],"wp:featuredmedia":[{"embeddable":true,"href":"https:\/\/www.correiobraziliense.com.br\/cbradar\/wp-json\/wp\/v2\/media\/232127"}],"wp:attachment":[{"href":"https:\/\/www.correiobraziliense.com.br\/cbradar\/wp-json\/wp\/v2\/media?parent=232124"}],"wp:term":[{"taxonomy":"category","embeddable":true,"href":"https:\/\/www.correiobraziliense.com.br\/cbradar\/wp-json\/wp\/v2\/categories?post=232124"},{"taxonomy":"post_tag","embeddable":true,"href":"https:\/\/www.correiobraziliense.com.br\/cbradar\/wp-json\/wp\/v2\/post_tag?post=232124"}],"curies":[{"name":"wp","href":"https:\/\/api.w.org\/{rel}","templated":true}]}}