{"id":232139,"date":"2026-04-26T20:15:00","date_gmt":"2026-04-26T23:15:00","guid":{"rendered":"https:\/\/www.correiobraziliense.com.br\/cbradar\/?p=232139"},"modified":"2026-04-25T16:44:21","modified_gmt":"2026-04-25T19:44:21","slug":"os-carboidratos-que-muita-gente-evita-mas-que-podem-fazer-parte-de-uma-dieta-saudavel","status":"publish","type":"post","link":"https:\/\/www.correiobraziliense.com.br\/cbradar\/os-carboidratos-que-muita-gente-evita-mas-que-podem-fazer-parte-de-uma-dieta-saudavel\/","title":{"rendered":"Os carboidratos que muita gente evita, mas que podem fazer parte de uma dieta saud\u00e1vel"},"content":{"rendered":"\n<p>Carboidratos s\u00e3o frequentemente vistos como vil\u00f5es por quem deseja emagrecer rapidamente ou manter a sa\u00fade em dia. No entanto, esses macronutrientes s\u00e3o a principal fonte de energia para o corpo humano funcionar corretamente. Aprender a diferenciar os tipos de carboidratos permite que voc\u00ea monte um prato equilibrado, nutritivo e muito saboroso.<\/p>\n\n\n\n<h2 class=\"wp-block-heading\">Por que o medo de consumir carboidratos pode ser prejudicial ao seu corpo?<\/h2>\n\n\n\n<p>Retirar totalmente os <strong><a href=\"https:\/\/www.correiobraziliense.com.br\/cbradar\/nutricionista-revela-o-problema-do-jantar-nao-e-comer-a-noite-e-exagerar-em-alimentos-ricos-em-carboidratos-refinados\/\" target=\"_blank\" rel=\"noreferrer noopener\">carboidratos <\/a><\/strong>da dieta pode causar fadiga cr\u00f4nica, irritabilidade e dificuldade de concentra\u00e7\u00e3o nas tarefas di\u00e1rias. O c\u00e9rebro depende da glicose para processar informa\u00e7\u00f5es de forma r\u00e1pida e eficiente ao longo de todo o dia produtivo. <strong>Privar o organismo desse combust\u00edvel essencial<\/strong> compromete o rendimento f\u00edsico e mental em diversas situa\u00e7\u00f5es cotidianas importantes hoje.<\/p>\n\n\n\n<p>Quando voc\u00ea consome carboidratos complexos, o corpo recebe energia de forma gradual e constante, evitando picos de insulina. Alimentos como batata-doce e aveia fornecem fibras que auxiliam na digest\u00e3o e promovem uma saciedade prolongada por muitas horas. <strong>O segredo est\u00e1 na qualidade<\/strong> dos gr\u00e3os escolhidos para compor suas refei\u00e7\u00f5es principais durante a semana inteira agora.<\/p>\n\n\n\n<p>Para entender como os carboidratos influenciam o emagrecimento e o funcionamento do corpo, este v\u00eddeo apresenta explica\u00e7\u00f5es claras e estrat\u00e9gias pr\u00e1ticas para o dia a dia, com conte\u00fado do canal <strong>Master Class Renato Cariani<\/strong>, que re\u00fane mais de 806 mil inscritos interessados:<\/p>\n\n\n\n<figure class=\"wp-block-embed is-type-video is-provider-youtube wp-block-embed-youtube wp-embed-aspect-16-9 wp-has-aspect-ratio\"><div class=\"wp-block-embed__wrapper\">\n<div class=\"jeg_video_container jeg_video_content\"><iframe loading=\"lazy\" title=\"Carboidratos e Emagrecimento\" width=\"500\" height=\"281\" src=\"https:\/\/www.youtube.com\/embed\/6y3KfIw6pYQ?feature=oembed\" frameborder=\"0\" allow=\"accelerometer; autoplay; clipboard-write; encrypted-media; gyroscope; picture-in-picture; web-share\" referrerpolicy=\"strict-origin-when-cross-origin\" allowfullscreen><\/iframe><\/div>\n<\/div><\/figure>\n\n\n\n<h2 class=\"wp-block-heading\">Como diferenciar os carboidratos simples dos complexos na sua rotina alimentar?<\/h2>\n\n\n\n<p>Carboidratos simples s\u00e3o digeridos rapidamente, oferecendo energia imediata que logo desaparece, deixando voc\u00ea com fome novamente em pouco tempo. J\u00e1 os complexos possuem estruturas moleculares mais dif\u00edceis de quebrar, garantindo uma libera\u00e7\u00e3o de energia sustentada para o organismo. <strong>Entender essa diferen\u00e7a biol\u00f3gica<\/strong> \u00e9 fundamental para manter o peso sob controle sem passar priva\u00e7\u00f5es alimentares desnecess\u00e1rias.<\/p>\n\n\n\n<p>Priorizar gr\u00e3os integrais, legumes e frutas frescas garante que voc\u00ea consuma micronutrientes essenciais juntamente com a fonte de energia principal. Esses alimentos combatem inflama\u00e7\u00f5es e ajudam a regular o tr\u00e2nsito intestinal de maneira natural e muito eficiente para todos. <strong>A escolha inteligente de carboidratos<\/strong> transforma sua sa\u00fade metab\u00f3lica, proporcionando muito mais vitalidade para enfrentar os desafios.<\/p>\n\n\n\n<h2 class=\"wp-block-heading\">Quais alimentos ricos em amido s\u00e3o verdadeiros aliados da sua sa\u00fade?<\/h2>\n\n\n\n<p>Muitas pessoas evitam o arroz e o macarr\u00e3o, mas vers\u00f5es integrais desses produtos oferecem benef\u00edcios significativos para o cora\u00e7\u00e3o. Eles s\u00e3o ricos em vitaminas do complexo B e minerais que fortalecem o sistema imunol\u00f3gico contra doen\u00e7as sazonais frequentes no clima atual. <strong>Manter o equil\u00edbrio nas por\u00e7\u00f5es<\/strong> permite desfrutar desses cl\u00e1ssicos sem comprometer a sua silhueta ou sa\u00fade.<\/p>\n\n\n\n<p>Observe os exemplos fundamentais que sustentam uma dieta nutritiva e equilibrada:<\/p>\n\n\n\n<ul class=\"wp-block-list\">\n<li>Arroz integral ou selvagem rico em minerais.<\/li>\n\n\n\n<li>Batata-doce com casca para m\u00e1xima fibra.<\/li>\n\n\n\n<li>Quinoa real rica em prote\u00ednas vegetais.<\/li>\n\n\n\n<li>Leguminosas como feij\u00e3o, lentilha e gr\u00e3o-de-bico.<\/li>\n<\/ul>\n\n\n\n<h2 class=\"wp-block-heading\">Existe um hor\u00e1rio ideal para consumir carboidratos e potencializar os resultados?<\/h2>\n\n\n\n<p>Consumir carboidratos antes de atividades f\u00edsicas garante que seus m\u00fasculos tenham combust\u00edvel suficiente para realizar esfor\u00e7os intensos e produtivos. Ap\u00f3s o treino, esses nutrientes ajudam na recupera\u00e7\u00e3o do glicog\u00eanio muscular, acelerando o processo de regenera\u00e7\u00e3o das fibras que foram trabalhadas. <strong>O tempo da ingest\u00e3o influencia<\/strong> diretamente na performance atl\u00e9tica e na queima de gordura eficiente durante o dia.<\/p>\n\n\n\n<p>Durante a noite, \u00e9 recomend\u00e1vel reduzir a quantidade ou optar por fontes de absor\u00e7\u00e3o ainda mais lentas e leves para o est\u00f4mago. Isso ajuda a evitar picos de glicose que podem interferir na qualidade do sono profundo e reparador necess\u00e1rio para todos. <strong>Ajustar o consumo ao ritmo biol\u00f3gico<\/strong> otimiza o metabolismo, garantindo que voc\u00ea acorde com total disposi\u00e7\u00e3o.<\/p>\n\n\n\n<figure class=\"wp-block-image size-full\"><img decoding=\"async\" width=\"1280\" height=\"720\" src=\"https:\/\/www.correiobraziliense.com.br\/cbradar\/wp-content\/uploads\/2026\/04\/Gemini_Generated_Image_n0v7lun0v7lun0v7-1-1.png\" alt=\"Os carboidratos que muita gente evita, mas que podem fazer parte de uma dieta saud\u00e1vel\" class=\"wp-image-232143\" srcset=\"https:\/\/www.correiobraziliense.com.br\/cbradar\/wp-content\/uploads\/2026\/04\/Gemini_Generated_Image_n0v7lun0v7lun0v7-1-1.png 1280w, https:\/\/www.correiobraziliense.com.br\/cbradar\/wp-content\/uploads\/2026\/04\/Gemini_Generated_Image_n0v7lun0v7lun0v7-1-1-300x169.png 300w, https:\/\/www.correiobraziliense.com.br\/cbradar\/wp-content\/uploads\/2026\/04\/Gemini_Generated_Image_n0v7lun0v7lun0v7-1-1-768x432.png 768w, https:\/\/www.correiobraziliense.com.br\/cbradar\/wp-content\/uploads\/2026\/04\/Gemini_Generated_Image_n0v7lun0v7lun0v7-1-1-750x422.png 750w, https:\/\/www.correiobraziliense.com.br\/cbradar\/wp-content\/uploads\/2026\/04\/Gemini_Generated_Image_n0v7lun0v7lun0v7-1-1-1140x641.png 1140w\" sizes=\"(max-width: 1280px) 100vw, 1280px\" \/><figcaption class=\"wp-element-caption\">Carboidratos ainda dividem opini\u00f5es na alimenta\u00e7\u00e3o e geram d\u00favidas sobre sa\u00fade<\/figcaption><\/figure>\n\n\n\n<h2 class=\"wp-block-heading\">Qual \u00e9 a recomenda\u00e7\u00e3o oficial para o consumo di\u00e1rio de carboidratos?<\/h2>\n\n\n\n<p>Para manter a sa\u00fade em dia, \u00e9 fundamental seguir orienta\u00e7\u00f5es de \u00f3rg\u00e3os competentes que estudam a nutri\u00e7\u00e3o humana profundamente. O equil\u00edbrio entre macronutrientes deve ser individualizado, mas a base deve sempre priorizar alimentos naturais e minimamente processados pela ind\u00fastria atual. <strong>Consultar um nutricionista capacitado<\/strong> \u00e9 o melhor caminho para definir as quantidades ideais para o seu biotipo espec\u00edfico.<\/p>\n\n\n\n<p>De acordo com as diretrizes da <strong><a target=\"_blank\" rel=\"noreferrer noopener\" href=\"https:\/\/www.who.int\/news-room\/fact-sheets\/detail\/healthy-diet\">World Health Organization<\/a><\/strong>, os carboidratos devem representar uma parte significativa da ingest\u00e3o cal\u00f3rica total para a maioria dos adultos saud\u00e1veis. Focar em frutas, vegetais e gr\u00e3os integrais protege o corpo contra doen\u00e7as cr\u00f4nicas e obesidade severa ao longo dos anos. <strong>Adote uma dieta fundamentada<\/strong> em evid\u00eancias cient\u00edficas s\u00f3lidas para garantir longevidade e bem-estar f\u00edsico constante hoje.<\/p>\n","protected":false},"excerpt":{"rendered":"<p>Carboidratos s\u00e3o frequentemente vistos como vil\u00f5es por quem deseja emagrecer rapidamente ou manter a sa\u00fade em dia. No entanto, esses macronutrientes s\u00e3o a principal fonte de energia para o corpo humano funcionar corretamente. Aprender a diferenciar os tipos de carboidratos permite que voc\u00ea monte um prato equilibrado, nutritivo e muito saboroso. Por que o medo [&hellip;]<\/p>\n","protected":false},"author":21,"featured_media":232141,"comment_status":"open","ping_status":"open","sticky":false,"template":"","format":"standard","meta":{"_yoast_wpseo_focuskw":"carboidratos fazem mal ou s\u00e3o necess\u00e1rios","_yoast_wpseo_title":"","_yoast_wpseo_metadesc":"Carboidratos s\u00e3o apontados como vil\u00f5es, mas essa vis\u00e3o pode estar equivocada quando o consumo \u00e9 feito de forma equilibrada.","jnews-multi-image_gallery":[],"jnews_single_post":{"format":"standard"},"jnews_primary_category":[],"jnews_social_meta":[],"jnews_override_counter":[],"footnotes":""},"categories":[119],"post_tag":[],"class_list":["post-232139","post","type-post","status-publish","format-standard","has-post-thumbnail","hentry","category-bem-estar"],"yoast_head":"<!-- This site is optimized with the Yoast SEO plugin v24.6 - https:\/\/yoast.com\/wordpress\/plugins\/seo\/ -->\n<title>Os carboidratos que muita gente evita, mas que podem fazer parte de uma dieta saud\u00e1vel - Correio Braziliense - Radar<\/title>\n<meta name=\"description\" content=\"Carboidratos s\u00e3o apontados como vil\u00f5es, mas essa vis\u00e3o pode estar equivocada quando o consumo \u00e9 feito de forma equilibrada.\" \/>\n<meta name=\"robots\" content=\"index, follow, max-snippet:-1, max-image-preview:large, max-video-preview:-1\" \/>\n<link rel=\"canonical\" href=\"https:\/\/www.correiobraziliense.com.br\/cbradar\/os-carboidratos-que-muita-gente-evita-mas-que-podem-fazer-parte-de-uma-dieta-saudavel\/\" \/>\n<meta property=\"og:locale\" content=\"pt_BR\" \/>\n<meta property=\"og:type\" content=\"article\" \/>\n<meta property=\"og:title\" content=\"Os carboidratos que muita gente evita, mas que podem fazer parte de uma dieta saud\u00e1vel - Correio Braziliense - Radar\" \/>\n<meta property=\"og:description\" content=\"Carboidratos s\u00e3o apontados como vil\u00f5es, mas essa vis\u00e3o pode estar equivocada quando o consumo \u00e9 feito de forma equilibrada.\" \/>\n<meta property=\"og:url\" content=\"https:\/\/www.correiobraziliense.com.br\/cbradar\/os-carboidratos-que-muita-gente-evita-mas-que-podem-fazer-parte-de-uma-dieta-saudavel\/\" \/>\n<meta property=\"og:site_name\" content=\"Correio Braziliense - Radar\" \/>\n<meta property=\"article:published_time\" content=\"2026-04-26T23:15:00+00:00\" \/>\n<meta property=\"og:image\" content=\"https:\/\/www.correiobraziliense.com.br\/cbradar\/wp-content\/uploads\/2026\/04\/Gemini_Generated_Image_shcucxshcucxshcu-1-1.png\" \/>\n\t<meta property=\"og:image:width\" content=\"1280\" \/>\n\t<meta property=\"og:image:height\" content=\"720\" \/>\n\t<meta property=\"og:image:type\" content=\"image\/png\" \/>\n<meta name=\"author\" content=\"Patrick Silva\" \/>\n<meta name=\"twitter:card\" content=\"summary_large_image\" \/>\n<meta name=\"twitter:label1\" content=\"Escrito por\" \/>\n\t<meta name=\"twitter:data1\" content=\"Patrick Silva\" \/>\n\t<meta name=\"twitter:label2\" content=\"Est. tempo de leitura\" \/>\n\t<meta name=\"twitter:data2\" content=\"5 minutos\" \/>\n<!-- \/ Yoast SEO plugin. -->","yoast_head_json":{"title":"Os carboidratos que muita gente evita, mas que podem fazer parte de uma dieta saud\u00e1vel - Correio Braziliense - Radar","description":"Carboidratos s\u00e3o apontados como vil\u00f5es, mas essa vis\u00e3o pode estar equivocada quando o consumo \u00e9 feito de forma equilibrada.","robots":{"index":"index","follow":"follow","max-snippet":"max-snippet:-1","max-image-preview":"max-image-preview:large","max-video-preview":"max-video-preview:-1"},"canonical":"https:\/\/www.correiobraziliense.com.br\/cbradar\/os-carboidratos-que-muita-gente-evita-mas-que-podem-fazer-parte-de-uma-dieta-saudavel\/","og_locale":"pt_BR","og_type":"article","og_title":"Os carboidratos que muita gente evita, mas que podem fazer parte de uma dieta saud\u00e1vel - Correio Braziliense - Radar","og_description":"Carboidratos s\u00e3o apontados como vil\u00f5es, mas essa vis\u00e3o pode estar equivocada quando o consumo \u00e9 feito de forma equilibrada.","og_url":"https:\/\/www.correiobraziliense.com.br\/cbradar\/os-carboidratos-que-muita-gente-evita-mas-que-podem-fazer-parte-de-uma-dieta-saudavel\/","og_site_name":"Correio Braziliense - Radar","article_published_time":"2026-04-26T23:15:00+00:00","og_image":[{"width":1280,"height":720,"url":"https:\/\/www.correiobraziliense.com.br\/cbradar\/wp-content\/uploads\/2026\/04\/Gemini_Generated_Image_shcucxshcucxshcu-1-1.png","type":"image\/png"}],"author":"Patrick Silva","twitter_card":"summary_large_image","twitter_misc":{"Escrito por":"Patrick Silva","Est. tempo de leitura":"5 minutos"},"schema":{"@context":"https:\/\/schema.org","@graph":[{"@type":"WebPage","@id":"https:\/\/www.correiobraziliense.com.br\/cbradar\/os-carboidratos-que-muita-gente-evita-mas-que-podem-fazer-parte-de-uma-dieta-saudavel\/","url":"https:\/\/www.correiobraziliense.com.br\/cbradar\/os-carboidratos-que-muita-gente-evita-mas-que-podem-fazer-parte-de-uma-dieta-saudavel\/","name":"Os carboidratos que muita gente evita, mas que podem fazer parte de uma dieta saud\u00e1vel - Correio Braziliense - Radar","isPartOf":{"@id":"https:\/\/www.correiobraziliense.com.br\/cbradar\/#website"},"primaryImageOfPage":{"@id":"https:\/\/www.correiobraziliense.com.br\/cbradar\/os-carboidratos-que-muita-gente-evita-mas-que-podem-fazer-parte-de-uma-dieta-saudavel\/#primaryimage"},"image":{"@id":"https:\/\/www.correiobraziliense.com.br\/cbradar\/os-carboidratos-que-muita-gente-evita-mas-que-podem-fazer-parte-de-uma-dieta-saudavel\/#primaryimage"},"thumbnailUrl":"https:\/\/www.correiobraziliense.com.br\/cbradar\/wp-content\/uploads\/2026\/04\/Gemini_Generated_Image_shcucxshcucxshcu-1-1.png","datePublished":"2026-04-26T23:15:00+00:00","author":{"@id":"https:\/\/www.correiobraziliense.com.br\/cbradar\/#\/schema\/person\/5440b72be9c7eb74f446c846479dc4da"},"description":"Carboidratos s\u00e3o apontados como vil\u00f5es, mas essa vis\u00e3o pode estar equivocada quando o consumo \u00e9 feito de forma equilibrada.","breadcrumb":{"@id":"https:\/\/www.correiobraziliense.com.br\/cbradar\/os-carboidratos-que-muita-gente-evita-mas-que-podem-fazer-parte-de-uma-dieta-saudavel\/#breadcrumb"},"inLanguage":"pt-BR","potentialAction":[{"@type":"ReadAction","target":["https:\/\/www.correiobraziliense.com.br\/cbradar\/os-carboidratos-que-muita-gente-evita-mas-que-podem-fazer-parte-de-uma-dieta-saudavel\/"]}]},{"@type":"ImageObject","inLanguage":"pt-BR","@id":"https:\/\/www.correiobraziliense.com.br\/cbradar\/os-carboidratos-que-muita-gente-evita-mas-que-podem-fazer-parte-de-uma-dieta-saudavel\/#primaryimage","url":"https:\/\/www.correiobraziliense.com.br\/cbradar\/wp-content\/uploads\/2026\/04\/Gemini_Generated_Image_shcucxshcucxshcu-1-1.png","contentUrl":"https:\/\/www.correiobraziliense.com.br\/cbradar\/wp-content\/uploads\/2026\/04\/Gemini_Generated_Image_shcucxshcucxshcu-1-1.png","width":1280,"height":720,"caption":"Carboidratos ainda dividem opini\u00f5es na alimenta\u00e7\u00e3o e geram d\u00favidas sobre sa\u00fade"},{"@type":"BreadcrumbList","@id":"https:\/\/www.correiobraziliense.com.br\/cbradar\/os-carboidratos-que-muita-gente-evita-mas-que-podem-fazer-parte-de-uma-dieta-saudavel\/#breadcrumb","itemListElement":[{"@type":"ListItem","position":1,"name":"In\u00edcio","item":"https:\/\/www.correiobraziliense.com.br\/cbradar\/"},{"@type":"ListItem","position":2,"name":"Os carboidratos que muita gente evita, mas que podem fazer parte de uma dieta saud\u00e1vel"}]},{"@type":"WebSite","@id":"https:\/\/www.correiobraziliense.com.br\/cbradar\/#website","url":"https:\/\/www.correiobraziliense.com.br\/cbradar\/","name":"Correio Braziliense - Radar","description":"Acompanhe as \u00faltimas not\u00edcias e fique bem informado sobre tudo o que acontece no Brasil e no mundo.","potentialAction":[{"@type":"SearchAction","target":{"@type":"EntryPoint","urlTemplate":"https:\/\/www.correiobraziliense.com.br\/cbradar\/?s={search_term_string}"},"query-input":{"@type":"PropertyValueSpecification","valueRequired":true,"valueName":"search_term_string"}}],"inLanguage":"pt-BR"},{"@type":"Person","@id":"https:\/\/www.correiobraziliense.com.br\/cbradar\/#\/schema\/person\/5440b72be9c7eb74f446c846479dc4da","name":"Patrick Silva","image":{"@type":"ImageObject","inLanguage":"pt-BR","@id":"https:\/\/www.correiobraziliense.com.br\/cbradar\/#\/schema\/person\/image\/","url":"https:\/\/secure.gravatar.com\/avatar\/944109df296fc087785c9715fd5f80b2?s=96&d=mm&r=g","contentUrl":"https:\/\/secure.gravatar.com\/avatar\/944109df296fc087785c9715fd5f80b2?s=96&d=mm&r=g","caption":"Patrick Silva"},"sameAs":["https:\/\/www.correiobraziliense.com.br\/cbradar\/"],"url":"https:\/\/www.correiobraziliense.com.br\/cbradar\/author\/patrick-silva\/"}]}},"_links":{"self":[{"href":"https:\/\/www.correiobraziliense.com.br\/cbradar\/wp-json\/wp\/v2\/posts\/232139","targetHints":{"allow":["GET"]}}],"collection":[{"href":"https:\/\/www.correiobraziliense.com.br\/cbradar\/wp-json\/wp\/v2\/posts"}],"about":[{"href":"https:\/\/www.correiobraziliense.com.br\/cbradar\/wp-json\/wp\/v2\/types\/post"}],"author":[{"embeddable":true,"href":"https:\/\/www.correiobraziliense.com.br\/cbradar\/wp-json\/wp\/v2\/users\/21"}],"replies":[{"embeddable":true,"href":"https:\/\/www.correiobraziliense.com.br\/cbradar\/wp-json\/wp\/v2\/comments?post=232139"}],"version-history":[{"count":4,"href":"https:\/\/www.correiobraziliense.com.br\/cbradar\/wp-json\/wp\/v2\/posts\/232139\/revisions"}],"predecessor-version":[{"id":232145,"href":"https:\/\/www.correiobraziliense.com.br\/cbradar\/wp-json\/wp\/v2\/posts\/232139\/revisions\/232145"}],"wp:featuredmedia":[{"embeddable":true,"href":"https:\/\/www.correiobraziliense.com.br\/cbradar\/wp-json\/wp\/v2\/media\/232141"}],"wp:attachment":[{"href":"https:\/\/www.correiobraziliense.com.br\/cbradar\/wp-json\/wp\/v2\/media?parent=232139"}],"wp:term":[{"taxonomy":"category","embeddable":true,"href":"https:\/\/www.correiobraziliense.com.br\/cbradar\/wp-json\/wp\/v2\/categories?post=232139"},{"taxonomy":"post_tag","embeddable":true,"href":"https:\/\/www.correiobraziliense.com.br\/cbradar\/wp-json\/wp\/v2\/post_tag?post=232139"}],"curies":[{"name":"wp","href":"https:\/\/api.w.org\/{rel}","templated":true}]}}