{"id":232146,"date":"2026-04-26T01:00:00","date_gmt":"2026-04-26T04:00:00","guid":{"rendered":"https:\/\/www.correiobraziliense.com.br\/cbradar\/?p=232146"},"modified":"2026-04-25T19:31:37","modified_gmt":"2026-04-25T22:31:37","slug":"o-cafe-com-acucar-realmente-faz-tao-mal-a-saude-como-muitos-dizem","status":"publish","type":"post","link":"https:\/\/www.correiobraziliense.com.br\/cbradar\/o-cafe-com-acucar-realmente-faz-tao-mal-a-saude-como-muitos-dizem\/","title":{"rendered":"O caf\u00e9 com a\u00e7\u00facar realmente faz t\u00e3o mal \u00e0 sa\u00fade como muitos dizem"},"content":{"rendered":"\n<p>Consumir caf\u00e9 com a\u00e7\u00facar \u00e9 um h\u00e1bito profundamente enraizado na cultura brasileira, mas desperta debates intensos sobre os reais impactos metab\u00f3licos di\u00e1rios. Muitas pessoas acreditam que essa combina\u00e7\u00e3o anula as propriedades ben\u00e9ficas do gr\u00e3o, prejudicando a sa\u00fade cardiovascular. Entender como o corpo processa essa mistura permite escolhas mais conscientes e equilibradas hoje.<\/p>\n\n\n\n<h2 class=\"wp-block-heading\">Como a glicose adicionada altera o efeito estimulante da cafe\u00edna?<\/h2>\n\n\n\n<p>Quando voc\u00ea adiciona a\u00e7\u00facar ao <strong><a href=\"https:\/\/www.correiobraziliense.com.br\/cbradar\/alimentos-baratos-e-proteicos-para-deixar-o-cafe-da-manha-mais-saciante-sem-complicacao\/\" target=\"_blank\" rel=\"noreferrer noopener\">caf\u00e9<\/a><\/strong>, o corpo lida com um pico r\u00e1pido de energia vindo da glicose pura. Esse processo pode mascarar o efeito de alerta prolongado que a cafe\u00edna natural proporciona ao sistema nervoso central de forma eficiente. <strong>A oscila\u00e7\u00e3o insul\u00ednica excessiva<\/strong> gera uma sensa\u00e7\u00e3o de cansa\u00e7o logo ap\u00f3s o consumo da bebida a\u00e7ucarada.<\/p>\n\n\n\n<p>O excesso de a\u00e7\u00facar refinado contribui para o aumento da inflama\u00e7\u00e3o sist\u00eamica e do risco de desenvolver resist\u00eancia \u00e0 insulina. Beber v\u00e1rias x\u00edcaras ao longo do dia pode acumular calorias vazias que sabotam qualquer plano alimentar focado em sa\u00fade ou emagrecimento real. <strong>Monitorar a quantidade di\u00e1ria<\/strong> \u00e9 o primeiro passo para evitar danos metab\u00f3licos graves hoje no seu organismo.<\/p>\n\n\n\n<figure class=\"wp-block-image size-full\"><img decoding=\"async\" width=\"1280\" height=\"720\" src=\"https:\/\/www.correiobraziliense.com.br\/cbradar\/wp-content\/uploads\/2026\/04\/Gemini_Generated_Image_h0mrz5h0mrz5h0mr-1-1.png\" alt=\"O caf\u00e9 com a\u00e7\u00facar realmente faz t\u00e3o mal \u00e0 sa\u00fade como muitos dizem\" class=\"wp-image-232150\" srcset=\"https:\/\/www.correiobraziliense.com.br\/cbradar\/wp-content\/uploads\/2026\/04\/Gemini_Generated_Image_h0mrz5h0mrz5h0mr-1-1.png 1280w, https:\/\/www.correiobraziliense.com.br\/cbradar\/wp-content\/uploads\/2026\/04\/Gemini_Generated_Image_h0mrz5h0mrz5h0mr-1-1-300x169.png 300w, https:\/\/www.correiobraziliense.com.br\/cbradar\/wp-content\/uploads\/2026\/04\/Gemini_Generated_Image_h0mrz5h0mrz5h0mr-1-1-768x432.png 768w, https:\/\/www.correiobraziliense.com.br\/cbradar\/wp-content\/uploads\/2026\/04\/Gemini_Generated_Image_h0mrz5h0mrz5h0mr-1-1-750x422.png 750w, https:\/\/www.correiobraziliense.com.br\/cbradar\/wp-content\/uploads\/2026\/04\/Gemini_Generated_Image_h0mrz5h0mrz5h0mr-1-1-1140x641.png 1140w\" sizes=\"(max-width: 1280px) 100vw, 1280px\" \/><figcaption class=\"wp-element-caption\">Caf\u00e9 com a\u00e7\u00facar levanta d\u00favidas sobre efeitos no corpo e sa\u00fade no dia a dia<\/figcaption><\/figure>\n\n\n\n<h2 class=\"wp-block-heading\">Quais s\u00e3o os benef\u00edcios do gr\u00e3o que permanecem intactos na x\u00edcara?<\/h2>\n\n\n\n<p>Mesmo ado\u00e7ado, o caf\u00e9 continua sendo uma fonte riqu\u00edssima de antioxidantes que combatem os radicais livres no seu organismo. Essas subst\u00e2ncias ajudam na preven\u00e7\u00e3o de doen\u00e7as neurodegenerativas e protegem a sa\u00fade do f\u00edgado de maneira muito eficaz ao longo dos anos. <strong>O gr\u00e3o preserva suas virtudes<\/strong>, independentemente da adi\u00e7\u00e3o m\u00ednima de algum tipo de ado\u00e7ante refinado.<\/p>\n\n\n\n<p>A cafe\u00edna estimula o foco e melhora o desempenho f\u00edsico durante exerc\u00edcios de alta intensidade realizados no per\u00edodo da manh\u00e3. Beber caf\u00e9 de forma moderada est\u00e1 associado a uma maior longevidade e menor risco de alguns tipos espec\u00edficos de c\u00e2ncer hep\u00e1tico. <strong>O equil\u00edbrio entre prazer e sa\u00fade<\/strong> permite desfrutar do aroma sem sentir culpa excessiva ou medo hoje.<\/p>\n\n\n\n<h2 class=\"wp-block-heading\">Quais substitutos podem suavizar o paladar sem prejudicar o organismo?<\/h2>\n\n\n\n<p>Para quem deseja reduzir o a\u00e7\u00facar sem perder o prazer, existem temperos naturais que real\u00e7am o sabor do gr\u00e3o. Especiarias como canela ou cacau em p\u00f3 podem ser adicionadas diretamente na x\u00edcara para proporcionar uma experi\u00eancia sensorial nova e muito nutritiva. <strong>A transi\u00e7\u00e3o gradual do paladar<\/strong> ajuda o corpo a se acostumar com sabores menos doces diariamente.<\/p>\n\n\n\n<p>Observe os ingredientes que conseguem elevar o aroma desta bebida cl\u00e1ssica de forma saud\u00e1vel e sem perder o prazer de degustar:<\/p>\n\n\n\n<ul class=\"wp-block-list\">\n<li>Canela em p\u00f3 para um toque termog\u00eanico.<\/li>\n\n\n\n<li>Cardamomo para um aroma ex\u00f3tico e suave.<\/li>\n\n\n\n<li>\u00d3leo de coco para uma textura cremosa.<\/li>\n\n\n\n<li>Extrato de baunilha pura sem a\u00e7\u00facar adicionado.<\/li>\n<\/ul>\n\n\n\n<h2 class=\"wp-block-heading\">O h\u00e1bito de ado\u00e7ar pode realmente levar ao v\u00edcio alimentar?<\/h2>\n\n\n\n<p>O c\u00e9rebro humano responde ao a\u00e7\u00facar liberando dopamina, o que cria um ciclo de recompensa que pode se tornar viciante. Ao associar sempre o caf\u00e9 ao doce, voc\u00ea treina seu paladar para exigir n\u00edveis cada vez mais altos de glicose diariamente. <strong>Quebrar esse ciclo repetitivo<\/strong> exige paci\u00eancia e uma redu\u00e7\u00e3o planejada do a\u00e7\u00facar em cada por\u00e7\u00e3o di\u00e1ria consumida.<\/p>\n\n\n\n<p>Muitas pessoas percebem que, ao retirar o a\u00e7\u00facar, conseguem notar notas sensoriais complexas que antes eram totalmente mascaradas pelo sabor doce. O caf\u00e9 de alta qualidade possui do\u00e7ura natural e acidez equilibrada que n\u00e3o necessitam de aditivos qu\u00edmicos ou refinados para serem apreciados. <strong>Novos sabores originais surgem<\/strong>, transformando a experi\u00eancia de degustar essa bebida t\u00e3o tradicional hoje.<\/p>\n\n\n\n<p>Quando a rela\u00e7\u00e3o com a comida sai do controle, entender o que est\u00e1 por tr\u00e1s faz toda diferen\u00e7a. Este v\u00eddeo conduz essa reflex\u00e3o com sensibilidade e clareza, com orienta\u00e7\u00f5es do canal <strong>Thaisa Leal Nutricionista<\/strong>, que re\u00fane mais de 1,21 mi de inscritos:<\/p>\n\n\n\n<figure class=\"wp-block-embed is-type-video is-provider-youtube wp-block-embed-youtube wp-embed-aspect-16-9 wp-has-aspect-ratio\"><div class=\"wp-block-embed__wrapper\">\n<div class=\"jeg_video_container jeg_video_content\"><iframe loading=\"lazy\" title=\"Compuls\u00e3o alimentar: o que ningu\u00e9m te contou para retomar o controle\" width=\"500\" height=\"281\" src=\"https:\/\/www.youtube.com\/embed\/UBzDzL1W39Y?feature=oembed\" frameborder=\"0\" allow=\"accelerometer; autoplay; clipboard-write; encrypted-media; gyroscope; picture-in-picture; web-share\" referrerpolicy=\"strict-origin-when-cross-origin\" allowfullscreen><\/iframe><\/div>\n<\/div><\/figure>\n\n\n\n<h2 class=\"wp-block-heading\">Existe uma recomenda\u00e7\u00e3o oficial para o consumo seguro de a\u00e7\u00facares?<\/h2>\n\n\n\n<p>As diretrizes de sa\u00fade sugerem que o consumo de a\u00e7\u00facares adicionados deve ser limitado a uma pequena fra\u00e7\u00e3o das calorias totais. Manter o uso moderado no caf\u00e9 evita o ganho de peso e protege a sa\u00fade bucal contra c\u00e1ries e problemas gengivais frequentes. <strong>Seguir orienta\u00e7\u00f5es t\u00e9cnicas s\u00e9rias<\/strong> garante que voc\u00ea aproveite sua bebida favorita sem comprometer a longevidade.<\/p>\n\n\n\n<p>De acordo com o guia da <a target=\"_blank\" rel=\"noreferrer noopener\" href=\"https:\/\/www.who.int\/news-room\/fact-sheets\/detail\/healthy-diet\">World Health Organization<\/a>, reduzir a ingest\u00e3o de a\u00e7\u00facares livres para menos de cinco por cento traz benef\u00edcios adicionais. Essa mudan\u00e7a simples no caf\u00e9 matinal impacta positivamente a sa\u00fade metab\u00f3lica e reduz o risco de doen\u00e7as cr\u00f4nicas n\u00e3o transmiss\u00edveis no futuro. <strong>Priorize sua sa\u00fade preventiva agora<\/strong>, escolhendo op\u00e7\u00f5es mais naturais e equilibradas no dia.<\/p>\n","protected":false},"excerpt":{"rendered":"<p>Consumir caf\u00e9 com a\u00e7\u00facar \u00e9 um h\u00e1bito profundamente enraizado na cultura brasileira, mas desperta debates intensos sobre os reais impactos metab\u00f3licos di\u00e1rios. Muitas pessoas acreditam que essa combina\u00e7\u00e3o anula as propriedades ben\u00e9ficas do gr\u00e3o, prejudicando a sa\u00fade cardiovascular. Entender como o corpo processa essa mistura permite escolhas mais conscientes e equilibradas hoje. Como a glicose [&hellip;]<\/p>\n","protected":false},"author":21,"featured_media":232148,"comment_status":"open","ping_status":"open","sticky":false,"template":"","format":"standard","meta":{"jnews-multi-image_gallery":[],"jnews_single_post":{"format":"standard"},"jnews_primary_category":[],"jnews_social_meta":[],"jnews_override_counter":[],"footnotes":""},"categories":[119],"post_tag":[],"class_list":["post-232146","post","type-post","status-publish","format-standard","has-post-thumbnail","hentry","category-bem-estar"],"yoast_head":"<!-- This site is optimized with the Yoast SEO plugin v24.6 - https:\/\/yoast.com\/wordpress\/plugins\/seo\/ -->\n<title>O caf\u00e9 com a\u00e7\u00facar realmente faz t\u00e3o mal \u00e0 sa\u00fade como muitos dizem - Correio Braziliense - Radar<\/title>\n<meta name=\"description\" content=\"Caf\u00e9 com a\u00e7\u00facar faz parte da rotina de milh\u00f5es, mas levanta d\u00favidas sobre seus efeitos no metabolismo e na sa\u00fade ao longo do dia.\" \/>\n<meta name=\"robots\" content=\"index, follow, max-snippet:-1, max-image-preview:large, max-video-preview:-1\" \/>\n<link rel=\"canonical\" href=\"https:\/\/www.correiobraziliense.com.br\/cbradar\/o-cafe-com-acucar-realmente-faz-tao-mal-a-saude-como-muitos-dizem\/\" \/>\n<meta property=\"og:locale\" content=\"pt_BR\" \/>\n<meta property=\"og:type\" content=\"article\" \/>\n<meta property=\"og:title\" content=\"O caf\u00e9 com a\u00e7\u00facar realmente faz t\u00e3o mal \u00e0 sa\u00fade como muitos dizem - Correio Braziliense - Radar\" \/>\n<meta property=\"og:description\" content=\"Caf\u00e9 com a\u00e7\u00facar faz parte da rotina de milh\u00f5es, mas levanta d\u00favidas sobre seus efeitos no metabolismo e na sa\u00fade ao longo do dia.\" \/>\n<meta property=\"og:url\" content=\"https:\/\/www.correiobraziliense.com.br\/cbradar\/o-cafe-com-acucar-realmente-faz-tao-mal-a-saude-como-muitos-dizem\/\" \/>\n<meta property=\"og:site_name\" content=\"Correio Braziliense - Radar\" \/>\n<meta property=\"article:published_time\" content=\"2026-04-26T04:00:00+00:00\" \/>\n<meta property=\"og:image\" content=\"https:\/\/www.correiobraziliense.com.br\/cbradar\/wp-content\/uploads\/2026\/04\/Gemini_Generated_Image_w1n98uw1n98uw1n9-1-1.png\" \/>\n\t<meta property=\"og:image:width\" content=\"1280\" \/>\n\t<meta property=\"og:image:height\" content=\"720\" \/>\n\t<meta property=\"og:image:type\" content=\"image\/png\" \/>\n<meta name=\"author\" content=\"Patrick Silva\" \/>\n<meta name=\"twitter:card\" content=\"summary_large_image\" \/>\n<meta name=\"twitter:label1\" content=\"Escrito por\" \/>\n\t<meta name=\"twitter:data1\" content=\"Patrick Silva\" \/>\n\t<meta name=\"twitter:label2\" content=\"Est. tempo de leitura\" \/>\n\t<meta name=\"twitter:data2\" content=\"5 minutos\" \/>\n<!-- \/ Yoast SEO plugin. -->","yoast_head_json":{"title":"O caf\u00e9 com a\u00e7\u00facar realmente faz t\u00e3o mal \u00e0 sa\u00fade como muitos dizem - Correio Braziliense - Radar","description":"Caf\u00e9 com a\u00e7\u00facar faz parte da rotina de milh\u00f5es, mas levanta d\u00favidas sobre seus efeitos no metabolismo e na sa\u00fade ao longo do dia.","robots":{"index":"index","follow":"follow","max-snippet":"max-snippet:-1","max-image-preview":"max-image-preview:large","max-video-preview":"max-video-preview:-1"},"canonical":"https:\/\/www.correiobraziliense.com.br\/cbradar\/o-cafe-com-acucar-realmente-faz-tao-mal-a-saude-como-muitos-dizem\/","og_locale":"pt_BR","og_type":"article","og_title":"O caf\u00e9 com a\u00e7\u00facar realmente faz t\u00e3o mal \u00e0 sa\u00fade como muitos dizem - Correio Braziliense - Radar","og_description":"Caf\u00e9 com a\u00e7\u00facar faz parte da rotina de milh\u00f5es, mas levanta d\u00favidas sobre seus efeitos no metabolismo e na sa\u00fade ao longo do dia.","og_url":"https:\/\/www.correiobraziliense.com.br\/cbradar\/o-cafe-com-acucar-realmente-faz-tao-mal-a-saude-como-muitos-dizem\/","og_site_name":"Correio Braziliense - Radar","article_published_time":"2026-04-26T04:00:00+00:00","og_image":[{"width":1280,"height":720,"url":"https:\/\/www.correiobraziliense.com.br\/cbradar\/wp-content\/uploads\/2026\/04\/Gemini_Generated_Image_w1n98uw1n98uw1n9-1-1.png","type":"image\/png"}],"author":"Patrick Silva","twitter_card":"summary_large_image","twitter_misc":{"Escrito por":"Patrick Silva","Est. tempo de leitura":"5 minutos"},"schema":{"@context":"https:\/\/schema.org","@graph":[{"@type":"WebPage","@id":"https:\/\/www.correiobraziliense.com.br\/cbradar\/o-cafe-com-acucar-realmente-faz-tao-mal-a-saude-como-muitos-dizem\/","url":"https:\/\/www.correiobraziliense.com.br\/cbradar\/o-cafe-com-acucar-realmente-faz-tao-mal-a-saude-como-muitos-dizem\/","name":"O caf\u00e9 com a\u00e7\u00facar realmente faz t\u00e3o mal \u00e0 sa\u00fade como muitos dizem - Correio Braziliense - Radar","isPartOf":{"@id":"https:\/\/www.correiobraziliense.com.br\/cbradar\/#website"},"primaryImageOfPage":{"@id":"https:\/\/www.correiobraziliense.com.br\/cbradar\/o-cafe-com-acucar-realmente-faz-tao-mal-a-saude-como-muitos-dizem\/#primaryimage"},"image":{"@id":"https:\/\/www.correiobraziliense.com.br\/cbradar\/o-cafe-com-acucar-realmente-faz-tao-mal-a-saude-como-muitos-dizem\/#primaryimage"},"thumbnailUrl":"https:\/\/www.correiobraziliense.com.br\/cbradar\/wp-content\/uploads\/2026\/04\/Gemini_Generated_Image_w1n98uw1n98uw1n9-1-1.png","datePublished":"2026-04-26T04:00:00+00:00","author":{"@id":"https:\/\/www.correiobraziliense.com.br\/cbradar\/#\/schema\/person\/5440b72be9c7eb74f446c846479dc4da"},"description":"Caf\u00e9 com a\u00e7\u00facar faz parte da rotina de milh\u00f5es, mas levanta d\u00favidas sobre seus efeitos no metabolismo e na sa\u00fade ao longo do dia.","breadcrumb":{"@id":"https:\/\/www.correiobraziliense.com.br\/cbradar\/o-cafe-com-acucar-realmente-faz-tao-mal-a-saude-como-muitos-dizem\/#breadcrumb"},"inLanguage":"pt-BR","potentialAction":[{"@type":"ReadAction","target":["https:\/\/www.correiobraziliense.com.br\/cbradar\/o-cafe-com-acucar-realmente-faz-tao-mal-a-saude-como-muitos-dizem\/"]}]},{"@type":"ImageObject","inLanguage":"pt-BR","@id":"https:\/\/www.correiobraziliense.com.br\/cbradar\/o-cafe-com-acucar-realmente-faz-tao-mal-a-saude-como-muitos-dizem\/#primaryimage","url":"https:\/\/www.correiobraziliense.com.br\/cbradar\/wp-content\/uploads\/2026\/04\/Gemini_Generated_Image_w1n98uw1n98uw1n9-1-1.png","contentUrl":"https:\/\/www.correiobraziliense.com.br\/cbradar\/wp-content\/uploads\/2026\/04\/Gemini_Generated_Image_w1n98uw1n98uw1n9-1-1.png","width":1280,"height":720,"caption":"Caf\u00e9 com a\u00e7\u00facar levanta d\u00favidas sobre efeitos no corpo e sa\u00fade no dia a dia"},{"@type":"BreadcrumbList","@id":"https:\/\/www.correiobraziliense.com.br\/cbradar\/o-cafe-com-acucar-realmente-faz-tao-mal-a-saude-como-muitos-dizem\/#breadcrumb","itemListElement":[{"@type":"ListItem","position":1,"name":"In\u00edcio","item":"https:\/\/www.correiobraziliense.com.br\/cbradar\/"},{"@type":"ListItem","position":2,"name":"O caf\u00e9 com a\u00e7\u00facar realmente faz t\u00e3o mal \u00e0 sa\u00fade como muitos dizem"}]},{"@type":"WebSite","@id":"https:\/\/www.correiobraziliense.com.br\/cbradar\/#website","url":"https:\/\/www.correiobraziliense.com.br\/cbradar\/","name":"Correio Braziliense - Radar","description":"Acompanhe as \u00faltimas not\u00edcias e fique bem informado sobre tudo o que acontece no Brasil e no mundo.","potentialAction":[{"@type":"SearchAction","target":{"@type":"EntryPoint","urlTemplate":"https:\/\/www.correiobraziliense.com.br\/cbradar\/?s={search_term_string}"},"query-input":{"@type":"PropertyValueSpecification","valueRequired":true,"valueName":"search_term_string"}}],"inLanguage":"pt-BR"},{"@type":"Person","@id":"https:\/\/www.correiobraziliense.com.br\/cbradar\/#\/schema\/person\/5440b72be9c7eb74f446c846479dc4da","name":"Patrick Silva","image":{"@type":"ImageObject","inLanguage":"pt-BR","@id":"https:\/\/www.correiobraziliense.com.br\/cbradar\/#\/schema\/person\/image\/","url":"https:\/\/secure.gravatar.com\/avatar\/944109df296fc087785c9715fd5f80b2?s=96&d=mm&r=g","contentUrl":"https:\/\/secure.gravatar.com\/avatar\/944109df296fc087785c9715fd5f80b2?s=96&d=mm&r=g","caption":"Patrick Silva"},"sameAs":["https:\/\/www.correiobraziliense.com.br\/cbradar\/"],"url":"https:\/\/www.correiobraziliense.com.br\/cbradar\/author\/patrick-silva\/"}]}},"_links":{"self":[{"href":"https:\/\/www.correiobraziliense.com.br\/cbradar\/wp-json\/wp\/v2\/posts\/232146","targetHints":{"allow":["GET"]}}],"collection":[{"href":"https:\/\/www.correiobraziliense.com.br\/cbradar\/wp-json\/wp\/v2\/posts"}],"about":[{"href":"https:\/\/www.correiobraziliense.com.br\/cbradar\/wp-json\/wp\/v2\/types\/post"}],"author":[{"embeddable":true,"href":"https:\/\/www.correiobraziliense.com.br\/cbradar\/wp-json\/wp\/v2\/users\/21"}],"replies":[{"embeddable":true,"href":"https:\/\/www.correiobraziliense.com.br\/cbradar\/wp-json\/wp\/v2\/comments?post=232146"}],"version-history":[{"count":3,"href":"https:\/\/www.correiobraziliense.com.br\/cbradar\/wp-json\/wp\/v2\/posts\/232146\/revisions"}],"predecessor-version":[{"id":232151,"href":"https:\/\/www.correiobraziliense.com.br\/cbradar\/wp-json\/wp\/v2\/posts\/232146\/revisions\/232151"}],"wp:featuredmedia":[{"embeddable":true,"href":"https:\/\/www.correiobraziliense.com.br\/cbradar\/wp-json\/wp\/v2\/media\/232148"}],"wp:attachment":[{"href":"https:\/\/www.correiobraziliense.com.br\/cbradar\/wp-json\/wp\/v2\/media?parent=232146"}],"wp:term":[{"taxonomy":"category","embeddable":true,"href":"https:\/\/www.correiobraziliense.com.br\/cbradar\/wp-json\/wp\/v2\/categories?post=232146"},{"taxonomy":"post_tag","embeddable":true,"href":"https:\/\/www.correiobraziliense.com.br\/cbradar\/wp-json\/wp\/v2\/post_tag?post=232146"}],"curies":[{"name":"wp","href":"https:\/\/api.w.org\/{rel}","templated":true}]}}