{"id":23215,"date":"2025-04-14T08:41:01","date_gmt":"2025-04-14T11:41:01","guid":{"rendered":"https:\/\/www.correiobraziliense.com.br\/cbradar\/?p=23215"},"modified":"2025-04-14T08:41:02","modified_gmt":"2025-04-14T11:41:02","slug":"saiba-como-observar-a-chuva-de-meteoros-liridas-que-vai-atingir-a-terra","status":"publish","type":"post","link":"https:\/\/www.correiobraziliense.com.br\/cbradar\/saiba-como-observar-a-chuva-de-meteoros-liridas-que-vai-atingir-a-terra\/","title":{"rendered":"Saiba como observar a chuva de meteoros l\u00edridas que vai atingir a Terra"},"content":{"rendered":"\n<p>O ano de 2025 tem sido um per\u00edodo not\u00e1vel para os entusiastas da astronomia. Ap\u00f3s eventos como o alinhamento planet\u00e1rio em fevereiro e o eclipse lunar em mar\u00e7o, abril traz a chuva de meteoros <strong>L\u00edridas<\/strong>. Este fen\u00f4meno astron\u00f4mico promete iluminar o c\u00e9u com uma sequ\u00eancia de meteoros vis\u00edveis a olho nu.<\/p>\n\n\n\n<p>Entre os dias 21 e 22 de abril, antes do amanhecer, os c\u00e9us do <strong>Brasil <\/strong>ser\u00e3o palco deste espet\u00e1culo celeste. A chuva de meteoros L\u00edridas \u00e9 uma das mais antigas registradas, com relatos datando de 2,7 mil anos atr\u00e1s. Em condi\u00e7\u00f5es ideais, pode-se observar de 10 a 20 meteoros por hora.<\/p>\n\n\n\n<h2 class=\"wp-block-heading\">Como observar a chuva de meteoros L\u00edridas<\/h2>\n\n\n\n<p>Para aqueles que desejam apreciar a chuva de meteoros L\u00edridas, o per\u00edodo mais prop\u00edcio ser\u00e1 entre 21 e 22 de abril, antes do nascer do Sol. Este fen\u00f4meno pode ser admirado sem a necessidade de equipamentos especiais, bastando apenas olhar para o c\u00e9u.<\/p>\n\n\n\n<p>No entanto, a polui\u00e7\u00e3o luminosa pode afetar a visibilidade dos meteoros. Assim, \u00e9 recomend\u00e1vel buscar locais mais escuros para uma melhor experi\u00eancia. Aplicativos de astronomia, como <strong>Sky Safari e Stellarium<\/strong>, podem ser \u00fateis para localizar a posi\u00e7\u00e3o exata da chuva de meteoros.<\/p>\n\n\n\n<p>Embora o fen\u00f4meno seja vis\u00edvel no Brasil, sua intensidade ser\u00e1 menor em compara\u00e7\u00e3o ao Hemisf\u00e9rio Norte, onde as condi\u00e7\u00f5es de observa\u00e7\u00e3o s\u00e3o mais favor\u00e1veis.<\/p>\n\n\n\n<figure class=\"wp-block-image size-large\"><img decoding=\"async\" width=\"1024\" height=\"576\" src=\"https:\/\/www.correiobraziliense.com.br\/cbradar\/wp-content\/uploads\/2025\/04\/meteoros_1744630679788-1024x576.jpg\" alt=\"Saiba como observar a chuva de meteoros l\u00edridas que vai atingir a Terra\" class=\"wp-image-23218\" srcset=\"https:\/\/www.correiobraziliense.com.br\/cbradar\/wp-content\/uploads\/2025\/04\/meteoros_1744630679788-1024x576.jpg 1024w, https:\/\/www.correiobraziliense.com.br\/cbradar\/wp-content\/uploads\/2025\/04\/meteoros_1744630679788-300x169.jpg 300w, https:\/\/www.correiobraziliense.com.br\/cbradar\/wp-content\/uploads\/2025\/04\/meteoros_1744630679788-768x432.jpg 768w, https:\/\/www.correiobraziliense.com.br\/cbradar\/wp-content\/uploads\/2025\/04\/meteoros_1744630679788-750x422.jpg 750w, https:\/\/www.correiobraziliense.com.br\/cbradar\/wp-content\/uploads\/2025\/04\/meteoros_1744630679788-1140x641.jpg 1140w, https:\/\/www.correiobraziliense.com.br\/cbradar\/wp-content\/uploads\/2025\/04\/meteoros_1744630679788.jpg 1280w\" sizes=\"(max-width: 1024px) 100vw, 1024px\" \/><figcaption class=\"wp-element-caption\">meteoros. Cr\u00e9ditos: depositphotos.com \/ ronib1979<\/figcaption><\/figure>\n\n\n\n<h2 class=\"wp-block-heading\">A chuva de meteoros L\u00edridas representa algum perigo?<\/h2>\n\n\n\n<p>Uma d\u00favida comum entre os observadores \u00e9 se a chuva de meteoros L\u00edridas representa algum risco para a Terra. Segundo o professor Thiago Machado, em entrevista ao portal Metr\u00f3poles, os fragmentos que comp\u00f5em essa chuva s\u00e3o pequenos e se desintegram completamente ao entrar na atmosfera terrestre, n\u00e3o oferecendo perigo ao planeta.<\/p>\n\n\n\n<p>Al\u00e9m disso, a chuva de meteoros n\u00e3o representa amea\u00e7a para os sat\u00e9lites em \u00f3rbita. Os meteoros queimam antes de atingir altitudes onde os sat\u00e9lites operam, garantindo a seguran\u00e7a das tecnologias espaciais.<\/p>\n\n\n\n<h2 class=\"wp-block-heading\">Curiosidades sobre as L\u00edridas<\/h2>\n\n\n\n<p>As L\u00edridas s\u00e3o conhecidas por serem uma das chuvas de meteoros mais antigas documentadas. Sua origem est\u00e1 associada ao cometa Thatcher, que deixa um rastro de detritos ao longo de sua \u00f3rbita. Quando a Terra passa por esse rastro, ocorre a chuva de meteoros.<\/p>\n\n\n\n<p>Em algumas ocasi\u00f5es, as L\u00edridas podem surpreender com explos\u00f5es de atividade, conhecidas como &#8220;explos\u00f5es de meteoros&#8221;, onde o n\u00famero de meteoros vis\u00edveis aumenta significativamente. No entanto, essas explos\u00f5es s\u00e3o imprevis\u00edveis e raras.<\/p>\n\n\n\n<h2 class=\"wp-block-heading\">Por que observar a chuva de meteoros?<\/h2>\n\n\n\n<p>Observar uma chuva de meteoros \u00e9 uma experi\u00eancia \u00fanica que conecta as pessoas ao cosmos. \u00c9 uma oportunidade de contemplar a beleza e a vastid\u00e3o do universo, al\u00e9m de ser um momento de reflex\u00e3o sobre nosso lugar no espa\u00e7o.<\/p>\n\n\n\n<p>Eventos como a chuva de meteoros L\u00edridas tamb\u00e9m incentivam o interesse pela astronomia e pela ci\u00eancia, despertando a curiosidade sobre os mist\u00e9rios do universo e inspirando futuras gera\u00e7\u00f5es de astr\u00f4nomos.<\/p>\n","protected":false},"excerpt":{"rendered":"<p>A chuva de meteoros L\u00edridas de 2025 promete encantar os c\u00e9us do Brasil em abril. Saiba mais sobre este fen\u00f4meno celestial antigo e seguro.<\/p>\n","protected":false},"author":3,"featured_media":23217,"comment_status":"open","ping_status":"open","sticky":false,"template":"","format":"standard","meta":{"_yoast_wpseo_focuskw":"chuva de meteoros liridas","_yoast_wpseo_title":"%%title%%","_yoast_wpseo_metadesc":"A chuva de meteoros L\u00edridas de 2025 promete encantar os c\u00e9us do Brasil em abril. Saiba mais sobre este fen\u00f4meno celestial antigo e seguro.","jnews-multi-image_gallery":[],"jnews_single_post":{"format":"standard"},"jnews_primary_category":[],"jnews_social_meta":[],"jnews_override_counter":[],"footnotes":""},"categories":[112],"post_tag":[3306,3305],"class_list":["post-23215","post","type-post","status-publish","format-standard","has-post-thumbnail","hentry","category-curiosidades","tag-chuva-de-meteoros","tag-meteoros"],"yoast_head":"<!-- This site is optimized with the Yoast SEO plugin v24.6 - https:\/\/yoast.com\/wordpress\/plugins\/seo\/ -->\n<title>Saiba como observar a chuva de meteoros l\u00edridas que vai atingir a Terra<\/title>\n<meta name=\"description\" content=\"A chuva de meteoros L\u00edridas de 2025 promete encantar os c\u00e9us do Brasil em abril. Saiba mais sobre este fen\u00f4meno celestial antigo e seguro.\" \/>\n<meta name=\"robots\" content=\"index, follow, max-snippet:-1, max-image-preview:large, max-video-preview:-1\" \/>\n<link rel=\"canonical\" href=\"https:\/\/www.correiobraziliense.com.br\/cbradar\/saiba-como-observar-a-chuva-de-meteoros-liridas-que-vai-atingir-a-terra\/\" \/>\n<meta property=\"og:locale\" content=\"pt_BR\" \/>\n<meta property=\"og:type\" content=\"article\" \/>\n<meta property=\"og:title\" content=\"Saiba como observar a chuva de meteoros l\u00edridas que vai atingir a Terra\" \/>\n<meta property=\"og:description\" content=\"A chuva de meteoros L\u00edridas de 2025 promete encantar os c\u00e9us do Brasil em abril. Saiba mais sobre este fen\u00f4meno celestial antigo e seguro.\" \/>\n<meta property=\"og:url\" content=\"https:\/\/www.correiobraziliense.com.br\/cbradar\/saiba-como-observar-a-chuva-de-meteoros-liridas-que-vai-atingir-a-terra\/\" \/>\n<meta property=\"og:site_name\" content=\"Correio Braziliense - Radar\" \/>\n<meta property=\"article:published_time\" content=\"2025-04-14T11:41:01+00:00\" \/>\n<meta property=\"article:modified_time\" content=\"2025-04-14T11:41:02+00:00\" \/>\n<meta property=\"og:image\" content=\"https:\/\/www.correiobraziliense.com.br\/cbradar\/wp-content\/uploads\/2025\/04\/meteoros_1744630621183.jpg\" \/>\n\t<meta property=\"og:image:width\" content=\"1280\" \/>\n\t<meta property=\"og:image:height\" content=\"720\" \/>\n\t<meta property=\"og:image:type\" content=\"image\/jpeg\" \/>\n<meta name=\"author\" content=\"Larissa Carvalho\" \/>\n<meta name=\"twitter:card\" content=\"summary_large_image\" \/>\n<meta name=\"twitter:label1\" content=\"Escrito por\" \/>\n\t<meta name=\"twitter:data1\" content=\"Larissa Carvalho\" \/>\n\t<meta name=\"twitter:label2\" content=\"Est. tempo de leitura\" \/>\n\t<meta name=\"twitter:data2\" content=\"3 minutos\" \/>\n<!-- \/ Yoast SEO plugin. -->","yoast_head_json":{"title":"Saiba como observar a chuva de meteoros l\u00edridas que vai atingir a Terra","description":"A chuva de meteoros L\u00edridas de 2025 promete encantar os c\u00e9us do Brasil em abril. Saiba mais sobre este fen\u00f4meno celestial antigo e seguro.","robots":{"index":"index","follow":"follow","max-snippet":"max-snippet:-1","max-image-preview":"max-image-preview:large","max-video-preview":"max-video-preview:-1"},"canonical":"https:\/\/www.correiobraziliense.com.br\/cbradar\/saiba-como-observar-a-chuva-de-meteoros-liridas-que-vai-atingir-a-terra\/","og_locale":"pt_BR","og_type":"article","og_title":"Saiba como observar a chuva de meteoros l\u00edridas que vai atingir a Terra","og_description":"A chuva de meteoros L\u00edridas de 2025 promete encantar os c\u00e9us do Brasil em abril. Saiba mais sobre este fen\u00f4meno celestial antigo e seguro.","og_url":"https:\/\/www.correiobraziliense.com.br\/cbradar\/saiba-como-observar-a-chuva-de-meteoros-liridas-que-vai-atingir-a-terra\/","og_site_name":"Correio Braziliense - Radar","article_published_time":"2025-04-14T11:41:01+00:00","article_modified_time":"2025-04-14T11:41:02+00:00","og_image":[{"width":1280,"height":720,"url":"https:\/\/www.correiobraziliense.com.br\/cbradar\/wp-content\/uploads\/2025\/04\/meteoros_1744630621183.jpg","type":"image\/jpeg"}],"author":"Larissa Carvalho","twitter_card":"summary_large_image","twitter_misc":{"Escrito por":"Larissa Carvalho","Est. tempo de leitura":"3 minutos"},"schema":{"@context":"https:\/\/schema.org","@graph":[{"@type":"WebPage","@id":"https:\/\/www.correiobraziliense.com.br\/cbradar\/saiba-como-observar-a-chuva-de-meteoros-liridas-que-vai-atingir-a-terra\/","url":"https:\/\/www.correiobraziliense.com.br\/cbradar\/saiba-como-observar-a-chuva-de-meteoros-liridas-que-vai-atingir-a-terra\/","name":"Saiba como observar a chuva de meteoros l\u00edridas que vai atingir a Terra","isPartOf":{"@id":"https:\/\/www.correiobraziliense.com.br\/cbradar\/#website"},"primaryImageOfPage":{"@id":"https:\/\/www.correiobraziliense.com.br\/cbradar\/saiba-como-observar-a-chuva-de-meteoros-liridas-que-vai-atingir-a-terra\/#primaryimage"},"image":{"@id":"https:\/\/www.correiobraziliense.com.br\/cbradar\/saiba-como-observar-a-chuva-de-meteoros-liridas-que-vai-atingir-a-terra\/#primaryimage"},"thumbnailUrl":"https:\/\/www.correiobraziliense.com.br\/cbradar\/wp-content\/uploads\/2025\/04\/meteoros_1744630621183.jpg","datePublished":"2025-04-14T11:41:01+00:00","dateModified":"2025-04-14T11:41:02+00:00","author":{"@id":"https:\/\/www.correiobraziliense.com.br\/cbradar\/#\/schema\/person\/58422787644df994b53a19d3e56c1513"},"description":"A chuva de meteoros L\u00edridas de 2025 promete encantar os c\u00e9us do Brasil em abril. Saiba mais sobre este fen\u00f4meno celestial antigo e seguro.","breadcrumb":{"@id":"https:\/\/www.correiobraziliense.com.br\/cbradar\/saiba-como-observar-a-chuva-de-meteoros-liridas-que-vai-atingir-a-terra\/#breadcrumb"},"inLanguage":"pt-BR","potentialAction":[{"@type":"ReadAction","target":["https:\/\/www.correiobraziliense.com.br\/cbradar\/saiba-como-observar-a-chuva-de-meteoros-liridas-que-vai-atingir-a-terra\/"]}]},{"@type":"ImageObject","inLanguage":"pt-BR","@id":"https:\/\/www.correiobraziliense.com.br\/cbradar\/saiba-como-observar-a-chuva-de-meteoros-liridas-que-vai-atingir-a-terra\/#primaryimage","url":"https:\/\/www.correiobraziliense.com.br\/cbradar\/wp-content\/uploads\/2025\/04\/meteoros_1744630621183.jpg","contentUrl":"https:\/\/www.correiobraziliense.com.br\/cbradar\/wp-content\/uploads\/2025\/04\/meteoros_1744630621183.jpg","width":1280,"height":720,"caption":"meteoros. Cr\u00e9ditos: depositphotos.com \/ MajoChudy"},{"@type":"BreadcrumbList","@id":"https:\/\/www.correiobraziliense.com.br\/cbradar\/saiba-como-observar-a-chuva-de-meteoros-liridas-que-vai-atingir-a-terra\/#breadcrumb","itemListElement":[{"@type":"ListItem","position":1,"name":"In\u00edcio","item":"https:\/\/www.correiobraziliense.com.br\/cbradar\/"},{"@type":"ListItem","position":2,"name":"Saiba como observar a chuva de meteoros l\u00edridas que vai atingir a Terra"}]},{"@type":"WebSite","@id":"https:\/\/www.correiobraziliense.com.br\/cbradar\/#website","url":"https:\/\/www.correiobraziliense.com.br\/cbradar\/","name":"Correio Braziliense - Radar","description":"Acompanhe as \u00faltimas not\u00edcias e fique bem informado sobre tudo o que acontece no Brasil e no mundo.","potentialAction":[{"@type":"SearchAction","target":{"@type":"EntryPoint","urlTemplate":"https:\/\/www.correiobraziliense.com.br\/cbradar\/?s={search_term_string}"},"query-input":{"@type":"PropertyValueSpecification","valueRequired":true,"valueName":"search_term_string"}}],"inLanguage":"pt-BR"},{"@type":"Person","@id":"https:\/\/www.correiobraziliense.com.br\/cbradar\/#\/schema\/person\/58422787644df994b53a19d3e56c1513","name":"Larissa Carvalho","image":{"@type":"ImageObject","inLanguage":"pt-BR","@id":"https:\/\/www.correiobraziliense.com.br\/cbradar\/#\/schema\/person\/image\/","url":"https:\/\/secure.gravatar.com\/avatar\/fe4f91a0de32b52a838d0d612abdc1aa?s=96&d=mm&r=g","contentUrl":"https:\/\/secure.gravatar.com\/avatar\/fe4f91a0de32b52a838d0d612abdc1aa?s=96&d=mm&r=g","caption":"Larissa Carvalho"},"url":"https:\/\/www.correiobraziliense.com.br\/cbradar\/author\/larissamyth\/"}]}},"_links":{"self":[{"href":"https:\/\/www.correiobraziliense.com.br\/cbradar\/wp-json\/wp\/v2\/posts\/23215","targetHints":{"allow":["GET"]}}],"collection":[{"href":"https:\/\/www.correiobraziliense.com.br\/cbradar\/wp-json\/wp\/v2\/posts"}],"about":[{"href":"https:\/\/www.correiobraziliense.com.br\/cbradar\/wp-json\/wp\/v2\/types\/post"}],"author":[{"embeddable":true,"href":"https:\/\/www.correiobraziliense.com.br\/cbradar\/wp-json\/wp\/v2\/users\/3"}],"replies":[{"embeddable":true,"href":"https:\/\/www.correiobraziliense.com.br\/cbradar\/wp-json\/wp\/v2\/comments?post=23215"}],"version-history":[{"count":2,"href":"https:\/\/www.correiobraziliense.com.br\/cbradar\/wp-json\/wp\/v2\/posts\/23215\/revisions"}],"predecessor-version":[{"id":23219,"href":"https:\/\/www.correiobraziliense.com.br\/cbradar\/wp-json\/wp\/v2\/posts\/23215\/revisions\/23219"}],"wp:featuredmedia":[{"embeddable":true,"href":"https:\/\/www.correiobraziliense.com.br\/cbradar\/wp-json\/wp\/v2\/media\/23217"}],"wp:attachment":[{"href":"https:\/\/www.correiobraziliense.com.br\/cbradar\/wp-json\/wp\/v2\/media?parent=23215"}],"wp:term":[{"taxonomy":"category","embeddable":true,"href":"https:\/\/www.correiobraziliense.com.br\/cbradar\/wp-json\/wp\/v2\/categories?post=23215"},{"taxonomy":"post_tag","embeddable":true,"href":"https:\/\/www.correiobraziliense.com.br\/cbradar\/wp-json\/wp\/v2\/post_tag?post=23215"}],"curies":[{"name":"wp","href":"https:\/\/api.w.org\/{rel}","templated":true}]}}