{"id":232179,"date":"2026-04-26T03:59:00","date_gmt":"2026-04-26T06:59:00","guid":{"rendered":"https:\/\/www.correiobraziliense.com.br\/cbradar\/?p=232179"},"modified":"2026-04-25T23:20:03","modified_gmt":"2026-04-26T02:20:03","slug":"por-que-arquitetos-estao-colocando-tubos-de-plastico-a-2-metros-de-profundidade-no-quintal-para-gelar-a-casa-sem-energia","status":"publish","type":"post","link":"https:\/\/www.correiobraziliense.com.br\/cbradar\/por-que-arquitetos-estao-colocando-tubos-de-plastico-a-2-metros-de-profundidade-no-quintal-para-gelar-a-casa-sem-energia\/","title":{"rendered":"Por que arquitetos est\u00e3o colocando tubos de pl\u00e1stico a 2 metros de profundidade no quintal para gelar a casa sem energia"},"content":{"rendered":"\n<p>Como \u00e9 poss\u00edvel gelar uma casa sem ar-condicionado e sem conta de luz? A resposta est\u00e1 a 2 metros sob os nossos p\u00e9s. Os <strong>tubos enterrados resfriamento passivo<\/strong> aproveitam a temperatura est\u00e1vel do solo para climatizar ambientes de forma natural, transformando o quintal em um sistema de refrigera\u00e7\u00e3o que funciona sem gastar energia.<\/p>\n\n\n\n<h2 class=\"wp-block-heading\">O que s\u00e3o esses tubos enterrados e como eles funcionam?<\/h2>\n\n\n\n<p>O sistema atende pelo nome de <strong><a href=\"https:\/\/pt.wikipedia.org\/wiki\/Po%C3%A7o_canadiano\" target=\"_blank\" rel=\"noreferrer noopener\">po\u00e7o canadense<\/a><\/strong> e opera com um princ\u00edpio f\u00edsico simples. O solo, a partir de 2 metros de profundidade, mant\u00e9m uma temperatura praticamente constante o ano todo, geralmente entre 15 \u00b0C e 20 \u00b0C, independentemente do calor ou do frio na superf\u00edcie.<\/p>\n\n\n\n<p>Quando o ar externo \u00e9 puxado para dentro de <strong>tubos de pl\u00e1stico<\/strong> enterrados nessa profundidade, ele percorre dezenas de metros em contato com a terra. Durante esse trajeto, o ar troca calor com o solo: se est\u00e1 quente l\u00e1 fora, ele se resfria; se est\u00e1 frio, ele se aquece. O resultado \u00e9 um ar climatizado que chega \u00e0 casa sem que nenhum compressor ou g\u00e1s refrigerante precise ser acionado.<\/p>\n\n\n<div class=\"wp-block-image\">\n<figure class=\"aligncenter size-full\"><img decoding=\"async\" width=\"1280\" height=\"720\" src=\"https:\/\/www.correiobraziliense.com.br\/cbradar\/wp-content\/uploads\/2026\/04\/IMAGEM_720p_1777169701449.jpg\" alt=\"O princ\u00edpio f\u00edsico e os benef\u00edcios do po\u00e7o canadense (resfriamento passivo com tubos enterrados)\" class=\"wp-image-232180\" srcset=\"https:\/\/www.correiobraziliense.com.br\/cbradar\/wp-content\/uploads\/2026\/04\/IMAGEM_720p_1777169701449.jpg 1280w, https:\/\/www.correiobraziliense.com.br\/cbradar\/wp-content\/uploads\/2026\/04\/IMAGEM_720p_1777169701449-300x169.jpg 300w, https:\/\/www.correiobraziliense.com.br\/cbradar\/wp-content\/uploads\/2026\/04\/IMAGEM_720p_1777169701449-768x432.jpg 768w, https:\/\/www.correiobraziliense.com.br\/cbradar\/wp-content\/uploads\/2026\/04\/IMAGEM_720p_1777169701449-750x422.jpg 750w, https:\/\/www.correiobraziliense.com.br\/cbradar\/wp-content\/uploads\/2026\/04\/IMAGEM_720p_1777169701449-1140x641.jpg 1140w\" sizes=\"(max-width: 1280px) 100vw, 1280px\" \/><figcaption class=\"wp-element-caption\">O princ\u00edpio f\u00edsico e os benef\u00edcios do po\u00e7o canadense (resfriamento passivo com tubos enterrados)<\/figcaption><\/figure><\/div>\n\n\n<h2 class=\"wp-block-heading\">Por que exatamente 2 metros de profundidade?<\/h2>\n\n\n\n<p>A profundidade de 2 metros n\u00e3o foi escolhida por acaso. Estudos de engenharia civil mostram que, a partir dessa cota, a <strong>temperatura do subsolo<\/strong> deixa de sofrer influ\u00eancia das oscila\u00e7\u00f5es di\u00e1rias e sazonais da superf\u00edcie. A terra se torna um imenso reservat\u00f3rio t\u00e9rmico est\u00e1vel.<\/p>\n\n\n\n<p>De acordo com an\u00e1lises publicadas pela <strong><a href=\"https:\/\/www.building.co.uk\/what-lies-beneath\/3050190.article\" target=\"_blank\" rel=\"noreferrer noopener\">Building Magazine<\/a><\/strong>, solos a 2 metros de profundidade conseguem reduzir a temperatura do ar externo de 27,5 \u00b0C para 23,2 \u00b0C sem qualquer gasto energ\u00e9tico, gerando uma carga de resfriamento gratuita de 10,1 kW. Cavar mais fundo traria ganhos marginais, mas aumentaria muito o custo da obra.<\/p>\n\n\n\n<p>Leia tamb\u00e9m: <a href=\"https:\/\/www.correiobraziliense.com.br\/cbradar\/segundo-especialistas-em-psicologia-pessoas-que-precisaram-se-virar-sozinhas-na-infancia-desenvolvem-independencia-emocional-que-poucos-entendem-hoje\/\" target=\"_blank\" rel=\"noreferrer noopener\">Segundo especialistas em psicologia, pessoas que precisaram se virar sozinhas na inf\u00e2ncia desenvolvem independ\u00eancia emocional que poucos entendem hoje<\/a><\/p>\n\n\n\n<h2 class=\"wp-block-heading\">Que materiais s\u00e3o usados e por que o pl\u00e1stico?<\/h2>\n\n\n\n<p>A escolha do <strong>pl\u00e1stico<\/strong>, especialmente o PVC, n\u00e3o \u00e9 aleat\u00f3ria. Ele combina leveza, facilidade de instala\u00e7\u00e3o, resist\u00eancia \u00e0 corros\u00e3o e custo acess\u00edvel. Como a troca t\u00e9rmica acontece majoritariamente no solo ao redor do tubo, e n\u00e3o na parede do duto, a condutividade do material \u00e9 pouco relevante. O que realmente importa \u00e9 o comprimento e a profundidade da tubula\u00e7\u00e3o.<\/p>\n\n\n\n<p>Confira os materiais mais utilizados nesse tipo de instala\u00e7\u00e3o:<\/p>\n\n\n\n<ul class=\"wp-block-list\">\n<li><strong>PVC<\/strong>: barato, f\u00e1cil de encontrar e resistente \u00e0 umidade do solo<\/li>\n\n\n\n<li><strong>PEAD (Polietileno de Alta Densidade)<\/strong>: mais flex\u00edvel e dur\u00e1vel em terrenos irregulares<\/li>\n\n\n\n<li><strong>Concreto<\/strong>: usado em galerias maiores, por\u00e9m mais caro e dif\u00edcil de limpar<\/li>\n\n\n\n<li><strong>Cer\u00e2mica<\/strong>: tradicional em constru\u00e7\u00f5es antigas, mas pouco pr\u00e1tica hoje em dia<\/li>\n<\/ul>\n\n\n\n<h2 class=\"wp-block-heading\">Esse sistema funciona em qualquer clima?<\/h2>\n\n\n\n<p>O po\u00e7o canadense \u00e9 mais eficiente em regi\u00f5es com <strong>grande amplitude t\u00e9rmica<\/strong> entre o dia e a noite ou entre as esta\u00e7\u00f5es. \u00c9 o caso de climas temperados e de boa parte do territ\u00f3rio brasileiro, onde o ver\u00e3o castiga, mas o solo permanece fresco.<\/p>\n\n\n\n<p>Em \u00e1reas muito \u00famidas, \u00e9 preciso aten\u00e7\u00e3o redobrada com a <strong>drenagem da condensa\u00e7\u00e3o<\/strong>. A umidade que se forma dentro dos tubos precisa ser escoada por uma leve inclina\u00e7\u00e3o e por v\u00e1lvulas espec\u00edficas. Se a \u00e1gua parada n\u00e3o for eliminada, o sistema que deveria refrescar a casa pode se transformar em fonte de mofo e odores desagrad\u00e1veis.<\/p>\n\n\n<div class=\"wp-block-image\">\n<figure class=\"aligncenter size-full\"><img decoding=\"async\" width=\"1280\" height=\"720\" src=\"https:\/\/www.correiobraziliense.com.br\/cbradar\/wp-content\/uploads\/2026\/04\/IMAGEM_720p_1777169703764.jpg\" alt=\"O princ\u00edpio f\u00edsico e os benef\u00edcios do po\u00e7o canadense (resfriamento passivo com tubos enterrados)\" class=\"wp-image-232181\" srcset=\"https:\/\/www.correiobraziliense.com.br\/cbradar\/wp-content\/uploads\/2026\/04\/IMAGEM_720p_1777169703764.jpg 1280w, https:\/\/www.correiobraziliense.com.br\/cbradar\/wp-content\/uploads\/2026\/04\/IMAGEM_720p_1777169703764-300x169.jpg 300w, https:\/\/www.correiobraziliense.com.br\/cbradar\/wp-content\/uploads\/2026\/04\/IMAGEM_720p_1777169703764-768x432.jpg 768w, https:\/\/www.correiobraziliense.com.br\/cbradar\/wp-content\/uploads\/2026\/04\/IMAGEM_720p_1777169703764-750x422.jpg 750w, https:\/\/www.correiobraziliense.com.br\/cbradar\/wp-content\/uploads\/2026\/04\/IMAGEM_720p_1777169703764-1140x641.jpg 1140w\" sizes=\"(max-width: 1280px) 100vw, 1280px\" \/><figcaption class=\"wp-element-caption\">O princ\u00edpio f\u00edsico e os benef\u00edcios do po\u00e7o canadense (resfriamento passivo com tubos enterrados)<\/figcaption><\/figure><\/div>\n\n\n<h2 class=\"wp-block-heading\">Quais as vantagens para o bolso e para o planeta?<\/h2>\n\n\n\n<p>Trocar o ar-condicionado convencional por tubos enterrados representa uma economia que vai direto para o bolso. O \u00fanico consumo el\u00e9trico do sistema \u00e9 o de um <strong>pequeno ventilador<\/strong> que ajuda a movimentar o ar nos dias mais parados, e ainda assim gasta uma fra\u00e7\u00e3o m\u00ednima do que um compressor consumiria.<\/p>\n\n\n\n<p>A pegada ambiental tamb\u00e9m pesa nessa equa\u00e7\u00e3o. Sem gases refrigerantes, sem manuten\u00e7\u00e3o complexa e com vida \u00fatil que pode ultrapassar <strong>50 anos<\/strong>, o po\u00e7o canadense \u00e9 uma das estrat\u00e9gias mais limpas de climatiza\u00e7\u00e3o residencial. Arquitetos e engenheiros est\u00e3o resgatando essa t\u00e9cnica milenar porque ela entrega conforto t\u00e9rmico real sem hipotecar o futuro do planeta nem a conta banc\u00e1ria de ningu\u00e9m.<\/p>\n","protected":false},"excerpt":{"rendered":"<p>Como \u00e9 poss\u00edvel gelar uma casa sem ar-condicionado e sem conta de luz? A resposta est\u00e1 a 2 metros sob os nossos p\u00e9s. Os tubos enterrados resfriamento passivo aproveitam a temperatura est\u00e1vel do solo para climatizar ambientes de forma natural, transformando o quintal em um sistema de refrigera\u00e7\u00e3o que funciona sem gastar energia. O que [&hellip;]<\/p>\n","protected":false},"author":11,"featured_media":232182,"comment_status":"open","ping_status":"open","sticky":false,"template":"","format":"standard","meta":{"_yoast_wpseo_focuskw":"tubos enterrados resfriamento passivo","_yoast_wpseo_title":"","_yoast_wpseo_metadesc":"A t\u00e9cnica milenar que est\u00e1 voltando com tudo: descubra como tubos de pl\u00e1stico enterrados a 2 metros podem gelar sua casa sem gastar um centavo de energia.","jnews-multi-image_gallery":[],"jnews_single_post":{"format":"standard"},"jnews_primary_category":[],"jnews_social_meta":[],"jnews_override_counter":[],"footnotes":""},"categories":[143],"post_tag":[17158,16841,18184],"class_list":["post-232179","post","type-post","status-publish","format-standard","has-post-thumbnail","hentry","category-casa-e-decoracao","tag-arquitetura-sustentavel","tag-poco-canadense","tag-resfriamento-passivo"],"yoast_head":"<!-- This site is optimized with the Yoast SEO plugin v24.6 - https:\/\/yoast.com\/wordpress\/plugins\/seo\/ -->\n<title>Por que arquitetos est\u00e3o colocando tubos de pl\u00e1stico a 2 metros de profundidade no quintal para gelar a casa sem energia - Correio Braziliense - Radar<\/title>\n<meta name=\"description\" content=\"A t\u00e9cnica milenar que est\u00e1 voltando com tudo: descubra como tubos de pl\u00e1stico enterrados a 2 metros podem gelar sua casa sem gastar um centavo de energia.\" \/>\n<meta name=\"robots\" content=\"index, follow, max-snippet:-1, max-image-preview:large, max-video-preview:-1\" \/>\n<link rel=\"canonical\" href=\"https:\/\/www.correiobraziliense.com.br\/cbradar\/por-que-arquitetos-estao-colocando-tubos-de-plastico-a-2-metros-de-profundidade-no-quintal-para-gelar-a-casa-sem-energia\/\" \/>\n<meta property=\"og:locale\" content=\"pt_BR\" \/>\n<meta property=\"og:type\" content=\"article\" \/>\n<meta property=\"og:title\" content=\"Por que arquitetos est\u00e3o colocando tubos de pl\u00e1stico a 2 metros de profundidade no quintal para gelar a casa sem energia - Correio Braziliense - Radar\" \/>\n<meta property=\"og:description\" content=\"A t\u00e9cnica milenar que est\u00e1 voltando com tudo: descubra como tubos de pl\u00e1stico enterrados a 2 metros podem gelar sua casa sem gastar um centavo de energia.\" \/>\n<meta property=\"og:url\" content=\"https:\/\/www.correiobraziliense.com.br\/cbradar\/por-que-arquitetos-estao-colocando-tubos-de-plastico-a-2-metros-de-profundidade-no-quintal-para-gelar-a-casa-sem-energia\/\" \/>\n<meta property=\"og:site_name\" content=\"Correio Braziliense - Radar\" \/>\n<meta property=\"article:published_time\" content=\"2026-04-26T06:59:00+00:00\" \/>\n<meta property=\"og:image\" content=\"https:\/\/www.correiobraziliense.com.br\/cbradar\/wp-content\/uploads\/2026\/04\/IMAGEM_720p_1777169706449.jpg\" \/>\n\t<meta property=\"og:image:width\" content=\"1280\" \/>\n\t<meta property=\"og:image:height\" content=\"720\" \/>\n\t<meta property=\"og:image:type\" content=\"image\/jpeg\" \/>\n<meta name=\"author\" content=\"Paulo Custodio\" \/>\n<meta name=\"twitter:card\" content=\"summary_large_image\" \/>\n<meta name=\"twitter:label1\" content=\"Escrito por\" \/>\n\t<meta name=\"twitter:data1\" content=\"Paulo Custodio\" \/>\n\t<meta name=\"twitter:label2\" content=\"Est. tempo de leitura\" \/>\n\t<meta name=\"twitter:data2\" content=\"5 minutos\" \/>\n<!-- \/ Yoast SEO plugin. -->","yoast_head_json":{"title":"Por que arquitetos est\u00e3o colocando tubos de pl\u00e1stico a 2 metros de profundidade no quintal para gelar a casa sem energia - Correio Braziliense - Radar","description":"A t\u00e9cnica milenar que est\u00e1 voltando com tudo: descubra como tubos de pl\u00e1stico enterrados a 2 metros podem gelar sua casa sem gastar um centavo de energia.","robots":{"index":"index","follow":"follow","max-snippet":"max-snippet:-1","max-image-preview":"max-image-preview:large","max-video-preview":"max-video-preview:-1"},"canonical":"https:\/\/www.correiobraziliense.com.br\/cbradar\/por-que-arquitetos-estao-colocando-tubos-de-plastico-a-2-metros-de-profundidade-no-quintal-para-gelar-a-casa-sem-energia\/","og_locale":"pt_BR","og_type":"article","og_title":"Por que arquitetos est\u00e3o colocando tubos de pl\u00e1stico a 2 metros de profundidade no quintal para gelar a casa sem energia - Correio Braziliense - Radar","og_description":"A t\u00e9cnica milenar que est\u00e1 voltando com tudo: descubra como tubos de pl\u00e1stico enterrados a 2 metros podem gelar sua casa sem gastar um centavo de energia.","og_url":"https:\/\/www.correiobraziliense.com.br\/cbradar\/por-que-arquitetos-estao-colocando-tubos-de-plastico-a-2-metros-de-profundidade-no-quintal-para-gelar-a-casa-sem-energia\/","og_site_name":"Correio Braziliense - Radar","article_published_time":"2026-04-26T06:59:00+00:00","og_image":[{"width":1280,"height":720,"url":"https:\/\/www.correiobraziliense.com.br\/cbradar\/wp-content\/uploads\/2026\/04\/IMAGEM_720p_1777169706449.jpg","type":"image\/jpeg"}],"author":"Paulo Custodio","twitter_card":"summary_large_image","twitter_misc":{"Escrito por":"Paulo Custodio","Est. tempo de leitura":"5 minutos"},"schema":{"@context":"https:\/\/schema.org","@graph":[{"@type":"WebPage","@id":"https:\/\/www.correiobraziliense.com.br\/cbradar\/por-que-arquitetos-estao-colocando-tubos-de-plastico-a-2-metros-de-profundidade-no-quintal-para-gelar-a-casa-sem-energia\/","url":"https:\/\/www.correiobraziliense.com.br\/cbradar\/por-que-arquitetos-estao-colocando-tubos-de-plastico-a-2-metros-de-profundidade-no-quintal-para-gelar-a-casa-sem-energia\/","name":"Por que arquitetos est\u00e3o colocando tubos de pl\u00e1stico a 2 metros de profundidade no quintal para gelar a casa sem energia - Correio Braziliense - Radar","isPartOf":{"@id":"https:\/\/www.correiobraziliense.com.br\/cbradar\/#website"},"primaryImageOfPage":{"@id":"https:\/\/www.correiobraziliense.com.br\/cbradar\/por-que-arquitetos-estao-colocando-tubos-de-plastico-a-2-metros-de-profundidade-no-quintal-para-gelar-a-casa-sem-energia\/#primaryimage"},"image":{"@id":"https:\/\/www.correiobraziliense.com.br\/cbradar\/por-que-arquitetos-estao-colocando-tubos-de-plastico-a-2-metros-de-profundidade-no-quintal-para-gelar-a-casa-sem-energia\/#primaryimage"},"thumbnailUrl":"https:\/\/www.correiobraziliense.com.br\/cbradar\/wp-content\/uploads\/2026\/04\/IMAGEM_720p_1777169706449.jpg","datePublished":"2026-04-26T06:59:00+00:00","author":{"@id":"https:\/\/www.correiobraziliense.com.br\/cbradar\/#\/schema\/person\/4cec7857301a9a1a2ef249893cd908d3"},"description":"A t\u00e9cnica milenar que est\u00e1 voltando com tudo: descubra como tubos de pl\u00e1stico enterrados a 2 metros podem gelar sua casa sem gastar um centavo de energia.","breadcrumb":{"@id":"https:\/\/www.correiobraziliense.com.br\/cbradar\/por-que-arquitetos-estao-colocando-tubos-de-plastico-a-2-metros-de-profundidade-no-quintal-para-gelar-a-casa-sem-energia\/#breadcrumb"},"inLanguage":"pt-BR","potentialAction":[{"@type":"ReadAction","target":["https:\/\/www.correiobraziliense.com.br\/cbradar\/por-que-arquitetos-estao-colocando-tubos-de-plastico-a-2-metros-de-profundidade-no-quintal-para-gelar-a-casa-sem-energia\/"]}]},{"@type":"ImageObject","inLanguage":"pt-BR","@id":"https:\/\/www.correiobraziliense.com.br\/cbradar\/por-que-arquitetos-estao-colocando-tubos-de-plastico-a-2-metros-de-profundidade-no-quintal-para-gelar-a-casa-sem-energia\/#primaryimage","url":"https:\/\/www.correiobraziliense.com.br\/cbradar\/wp-content\/uploads\/2026\/04\/IMAGEM_720p_1777169706449.jpg","contentUrl":"https:\/\/www.correiobraziliense.com.br\/cbradar\/wp-content\/uploads\/2026\/04\/IMAGEM_720p_1777169706449.jpg","width":1280,"height":720,"caption":"O princ\u00edpio f\u00edsico e os benef\u00edcios do po\u00e7o canadense (resfriamento passivo com tubos enterrados)"},{"@type":"BreadcrumbList","@id":"https:\/\/www.correiobraziliense.com.br\/cbradar\/por-que-arquitetos-estao-colocando-tubos-de-plastico-a-2-metros-de-profundidade-no-quintal-para-gelar-a-casa-sem-energia\/#breadcrumb","itemListElement":[{"@type":"ListItem","position":1,"name":"In\u00edcio","item":"https:\/\/www.correiobraziliense.com.br\/cbradar\/"},{"@type":"ListItem","position":2,"name":"Por que arquitetos est\u00e3o colocando tubos de pl\u00e1stico a 2 metros de profundidade no quintal para gelar a casa sem energia"}]},{"@type":"WebSite","@id":"https:\/\/www.correiobraziliense.com.br\/cbradar\/#website","url":"https:\/\/www.correiobraziliense.com.br\/cbradar\/","name":"Correio Braziliense - Radar","description":"Acompanhe as \u00faltimas not\u00edcias e fique bem informado sobre tudo o que acontece no Brasil e no mundo.","potentialAction":[{"@type":"SearchAction","target":{"@type":"EntryPoint","urlTemplate":"https:\/\/www.correiobraziliense.com.br\/cbradar\/?s={search_term_string}"},"query-input":{"@type":"PropertyValueSpecification","valueRequired":true,"valueName":"search_term_string"}}],"inLanguage":"pt-BR"},{"@type":"Person","@id":"https:\/\/www.correiobraziliense.com.br\/cbradar\/#\/schema\/person\/4cec7857301a9a1a2ef249893cd908d3","name":"Paulo Custodio","image":{"@type":"ImageObject","inLanguage":"pt-BR","@id":"https:\/\/www.correiobraziliense.com.br\/cbradar\/#\/schema\/person\/image\/","url":"https:\/\/secure.gravatar.com\/avatar\/bcd67168d1534e8fcf4f45c726a87cea?s=96&d=mm&r=g","contentUrl":"https:\/\/secure.gravatar.com\/avatar\/bcd67168d1534e8fcf4f45c726a87cea?s=96&d=mm&r=g","caption":"Paulo Custodio"},"sameAs":["https:\/\/www.correiobraziliense.com.br\/cbradar"],"url":"https:\/\/www.correiobraziliense.com.br\/cbradar\/author\/paulomyth\/"}]}},"_links":{"self":[{"href":"https:\/\/www.correiobraziliense.com.br\/cbradar\/wp-json\/wp\/v2\/posts\/232179","targetHints":{"allow":["GET"]}}],"collection":[{"href":"https:\/\/www.correiobraziliense.com.br\/cbradar\/wp-json\/wp\/v2\/posts"}],"about":[{"href":"https:\/\/www.correiobraziliense.com.br\/cbradar\/wp-json\/wp\/v2\/types\/post"}],"author":[{"embeddable":true,"href":"https:\/\/www.correiobraziliense.com.br\/cbradar\/wp-json\/wp\/v2\/users\/11"}],"replies":[{"embeddable":true,"href":"https:\/\/www.correiobraziliense.com.br\/cbradar\/wp-json\/wp\/v2\/comments?post=232179"}],"version-history":[{"count":2,"href":"https:\/\/www.correiobraziliense.com.br\/cbradar\/wp-json\/wp\/v2\/posts\/232179\/revisions"}],"predecessor-version":[{"id":232184,"href":"https:\/\/www.correiobraziliense.com.br\/cbradar\/wp-json\/wp\/v2\/posts\/232179\/revisions\/232184"}],"wp:featuredmedia":[{"embeddable":true,"href":"https:\/\/www.correiobraziliense.com.br\/cbradar\/wp-json\/wp\/v2\/media\/232182"}],"wp:attachment":[{"href":"https:\/\/www.correiobraziliense.com.br\/cbradar\/wp-json\/wp\/v2\/media?parent=232179"}],"wp:term":[{"taxonomy":"category","embeddable":true,"href":"https:\/\/www.correiobraziliense.com.br\/cbradar\/wp-json\/wp\/v2\/categories?post=232179"},{"taxonomy":"post_tag","embeddable":true,"href":"https:\/\/www.correiobraziliense.com.br\/cbradar\/wp-json\/wp\/v2\/post_tag?post=232179"}],"curies":[{"name":"wp","href":"https:\/\/api.w.org\/{rel}","templated":true}]}}