{"id":232185,"date":"2026-04-26T04:59:00","date_gmt":"2026-04-26T07:59:00","guid":{"rendered":"https:\/\/www.correiobraziliense.com.br\/cbradar\/?p=232185"},"modified":"2026-04-25T23:30:47","modified_gmt":"2026-04-26T02:30:47","slug":"estudos-apontam-que-criancas-que-liam-livros-fisicos-com-frequencia-estavam-fortalecendo-o-que-hoje-e-conhecido-como-foco-profundo","status":"publish","type":"post","link":"https:\/\/www.correiobraziliense.com.br\/cbradar\/estudos-apontam-que-criancas-que-liam-livros-fisicos-com-frequencia-estavam-fortalecendo-o-que-hoje-e-conhecido-como-foco-profundo\/","title":{"rendered":"Estudos apontam que crian\u00e7as que liam livros f\u00edsicos com frequ\u00eancia estavam fortalecendo o que hoje \u00e9 conhecido como foco profundo"},"content":{"rendered":"\n<p>Por que uma hist\u00f3ria no papel fisga a aten\u00e7\u00e3o por horas enquanto a tela dispersa em minutos? A leitura de <strong>livros f\u00edsicos<\/strong> n\u00e3o \u00e9 um h\u00e1bito nost\u00e1lgico dos av\u00f3s. \u00c9 um treino cerebral que esculpe o <strong>foco profundo<\/strong>, a capacidade rara de mergulhar em uma \u00fanica tarefa sem que o c\u00e9rebro pe\u00e7a uma pausa a cada dois minutos. A ci\u00eancia mostra que as p\u00e1ginas impressas criam um ambiente sensorial que o c\u00e9rebro infantil interpreta como convite \u00e0 imers\u00e3o total.<\/p>\n\n\n\n<h2 class=\"wp-block-heading\">O que \u00e9 o foco profundo e por que ele est\u00e1 amea\u00e7ado?<\/h2>\n\n\n\n<p>O foco profundo \u00e9 um estado de <strong>aten\u00e7\u00e3o sustentada<\/strong> sem interrup\u00e7\u00f5es, tamb\u00e9m chamado de <strong><a href=\"https:\/\/pt.wikipedia.org\/wiki\/Aten%C3%A7%C3%A3o\" target=\"_blank\" rel=\"noreferrer noopener\">aten\u00e7\u00e3o sustentada<\/a><\/strong>, que permite compreender ideias complexas e resolver problemas com criatividade. Diferente da aten\u00e7\u00e3o fragmentada das redes sociais, esse modo exige tempo para se instalar e n\u00e3o tolera saltos entre est\u00edmulos.<\/p>\n\n\n\n<p>Pesquisadores alertam que o excesso de telas est\u00e1 erodindo essa habilidade nas novas gera\u00e7\u00f5es. Uma investiga\u00e7\u00e3o publicada na <strong><a href=\"https:\/\/www.nature.com\/articles\/s41539-020-0067-8\" target=\"_blank\" rel=\"noreferrer noopener\">Nature Human Behaviour<\/a><\/strong> aponta que a exposi\u00e7\u00e3o precoce e prolongada a dispositivos digitais est\u00e1 associada a uma redu\u00e7\u00e3o mensur\u00e1vel nos per\u00edodos de aten\u00e7\u00e3o cont\u00ednua das crian\u00e7as. O c\u00e9rebro se habitua a trocas r\u00e1pidas e passa a achar o ritmo da leitura lento demais.<\/p>\n\n\n<div class=\"wp-block-image\">\n<figure class=\"aligncenter size-full\"><img decoding=\"async\" width=\"1280\" height=\"720\" src=\"https:\/\/www.correiobraziliense.com.br\/cbradar\/wp-content\/uploads\/2026\/04\/IMAGEM_720p_1777170457698.jpg\" alt=\"A leitura de livros f\u00edsicos na inf\u00e2ncia fortalece a capacidade de foco profundo, com base em evid\u00eancias cient\u00edficas\" class=\"wp-image-232188\" srcset=\"https:\/\/www.correiobraziliense.com.br\/cbradar\/wp-content\/uploads\/2026\/04\/IMAGEM_720p_1777170457698.jpg 1280w, https:\/\/www.correiobraziliense.com.br\/cbradar\/wp-content\/uploads\/2026\/04\/IMAGEM_720p_1777170457698-300x169.jpg 300w, https:\/\/www.correiobraziliense.com.br\/cbradar\/wp-content\/uploads\/2026\/04\/IMAGEM_720p_1777170457698-768x432.jpg 768w, https:\/\/www.correiobraziliense.com.br\/cbradar\/wp-content\/uploads\/2026\/04\/IMAGEM_720p_1777170457698-750x422.jpg 750w, https:\/\/www.correiobraziliense.com.br\/cbradar\/wp-content\/uploads\/2026\/04\/IMAGEM_720p_1777170457698-1140x641.jpg 1140w\" sizes=\"(max-width: 1280px) 100vw, 1280px\" \/><figcaption class=\"wp-element-caption\">A leitura de livros f\u00edsicos na inf\u00e2ncia fortalece a capacidade de foco profundo, com base em evid\u00eancias cient\u00edficas<\/figcaption><\/figure><\/div>\n\n\n<h2 class=\"wp-block-heading\">Como os livros f\u00edsicos treinam a aten\u00e7\u00e3o sustentada?<\/h2>\n\n\n\n<p>O livro f\u00edsico oferece um <strong>ambiente sensorial previs\u00edvel<\/strong>. N\u00e3o h\u00e1 notifica\u00e7\u00f5es, hiperlinks nem a tenta\u00e7\u00e3o de deslizar para outro aplicativo. A crian\u00e7a segura um objeto com peso, textura e cheiro, e isso ancora a aten\u00e7\u00e3o ao presente. A linearidade do texto impresso tamb\u00e9m for\u00e7a o c\u00e9rebro a processar informa\u00e7\u00f5es em sequ\u00eancia, sem atalhos.<\/p>\n\n\n\n<p>Al\u00e9m disso, virar as p\u00e1ginas manualmente cria um <strong>ritmo motor<\/strong> que ajuda a mem\u00f3ria a fixar o que foi lido. Estudos de neuroimagem mostram que o ato f\u00edsico de folhear ativa regi\u00f5es do c\u00e9rebro ligadas ao tato e \u00e0 propriocep\u00e7\u00e3o, criando uma experi\u00eancia multissensorial que a tela plana n\u00e3o consegue replicar. Quanto mais sentidos envolvidos, mais profunda \u00e9 a ancoragem da informa\u00e7\u00e3o.<\/p>\n\n\n\n<h2 class=\"wp-block-heading\">O que o c\u00e9rebro infantil ganha com esse treino?<\/h2>\n\n\n\n<p>O ganho mais evidente \u00e9 a capacidade de <strong>resistir \u00e0 distra\u00e7\u00e3o<\/strong>. Crian\u00e7as que leem livros f\u00edsicos com frequ\u00eancia desenvolvem uma esp\u00e9cie de m\u00fasculo mental que as ajuda a manter o foco mesmo em ambientes ruidosos. Essa habilidade, uma vez instalada, se transfere para os estudos, a m\u00fasica e qualquer atividade que exija concentra\u00e7\u00e3o prolongada.<\/p>\n\n\n\n<p>Confira outras conquistas cerebrais que v\u00eam junto com o foco profundo:<\/p>\n\n\n\n<ul class=\"wp-block-list\">\n<li><strong>Mem\u00f3ria de longo prazo<\/strong>: a imers\u00e3o lenta permite consolidar hist\u00f3rias e conceitos por mais tempo<\/li>\n\n\n\n<li><strong>Vocabul\u00e1rio expandido<\/strong>: encontrar palavras novas em contexto rico \u00e9 mais eficaz do que decorar listas<\/li>\n\n\n\n<li><strong>Empatia apurada<\/strong>: acompanhar personagens complexos treina a capacidade de entender emo\u00e7\u00f5es alheias<\/li>\n\n\n\n<li><strong>Imagina\u00e7\u00e3o visual<\/strong>: sem imagens prontas, o c\u00e9rebro precisa construir cen\u00e1rios, fortalecendo a criatividade<\/li>\n<\/ul>\n\n\n\n<p>Leia tamb\u00e9m: <a href=\"https:\/\/www.correiobraziliense.com.br\/cbradar\/segundo-especialistas-em-psicologia-pessoas-que-precisaram-se-virar-sozinhas-na-infancia-desenvolvem-independencia-emocional-que-poucos-entendem-hoje\/\" target=\"_blank\" rel=\"noreferrer noopener\">Segundo especialistas em psicologia, pessoas que precisaram se virar sozinhas na inf\u00e2ncia desenvolvem independ\u00eancia emocional que poucos entendem hoje<\/a><\/p>\n\n\n\n<h2 class=\"wp-block-heading\">Por que a tela n\u00e3o oferece o mesmo benef\u00edcio?<\/h2>\n\n\n\n<p>A arquitetura dos dispositivos digitais \u00e9 projetada para <strong>interromper e reter<\/strong>, n\u00e3o para aprofundar. Cada vibra\u00e7\u00e3o, cada \u00edcone colorido e cada sugest\u00e3o autom\u00e1tica competem pela aten\u00e7\u00e3o da crian\u00e7a, fragmentando qualquer tentativa de imers\u00e3o. O c\u00e9rebro infantil, ainda em forma\u00e7\u00e3o, \u00e9 particularmente vulner\u00e1vel a esses gatilhos de recompensa imediata.<\/p>\n\n\n\n<p>Mesmo quando uma crian\u00e7a l\u00ea um livro em um tablet sem notifica\u00e7\u00f5es ativas, a <strong>mem\u00f3ria espacial<\/strong> n\u00e3o funciona da mesma forma. O leitor de papel lembra da posi\u00e7\u00e3o do trecho na p\u00e1gina e da espessura das folhas j\u00e1 viradas, usando marcos f\u00edsicos como \u00e2ncoras. Na tela, o texto \u00e9 uma janela sem territ\u00f3rio, o que prejudica a navega\u00e7\u00e3o mental e a reten\u00e7\u00e3o do conte\u00fado.<\/p>\n\n\n<div class=\"wp-block-image\">\n<figure class=\"aligncenter size-full\"><img decoding=\"async\" width=\"1280\" height=\"720\" src=\"https:\/\/www.correiobraziliense.com.br\/cbradar\/wp-content\/uploads\/2026\/04\/IMAGEM_720p_1777170450105.jpg\" alt=\"A leitura de livros f\u00edsicos na inf\u00e2ncia fortalece a capacidade de foco profundo, com base em evid\u00eancias cient\u00edficas\" class=\"wp-image-232186\" srcset=\"https:\/\/www.correiobraziliense.com.br\/cbradar\/wp-content\/uploads\/2026\/04\/IMAGEM_720p_1777170450105.jpg 1280w, https:\/\/www.correiobraziliense.com.br\/cbradar\/wp-content\/uploads\/2026\/04\/IMAGEM_720p_1777170450105-300x169.jpg 300w, https:\/\/www.correiobraziliense.com.br\/cbradar\/wp-content\/uploads\/2026\/04\/IMAGEM_720p_1777170450105-768x432.jpg 768w, https:\/\/www.correiobraziliense.com.br\/cbradar\/wp-content\/uploads\/2026\/04\/IMAGEM_720p_1777170450105-750x422.jpg 750w, https:\/\/www.correiobraziliense.com.br\/cbradar\/wp-content\/uploads\/2026\/04\/IMAGEM_720p_1777170450105-1140x641.jpg 1140w\" sizes=\"(max-width: 1280px) 100vw, 1280px\" \/><figcaption class=\"wp-element-caption\">A leitura de livros f\u00edsicos na inf\u00e2ncia fortalece a capacidade de foco profundo, com base em evid\u00eancias cient\u00edficas<\/figcaption><\/figure><\/div>\n\n\n<h2 class=\"wp-block-heading\">Como recuperar o h\u00e1bito do livro f\u00edsico em casa?<\/h2>\n\n\n\n<p>N\u00e3o \u00e9 preciso banir as telas para sempre. Basta criar <strong>micro-rotinas<\/strong> de leitura impressa que a crian\u00e7a associe a momentos agrad\u00e1veis. Quinze minutos antes de dormir, com luz suave e sem pressa, j\u00e1 produzem efeitos cumulativos no foco profundo ao longo das semanas. O importante \u00e9 que o livro f\u00edsico esteja dispon\u00edvel e vis\u00edvel, competindo de igual para igual com os dispositivos.<\/p>\n\n\n\n<p>Deixar livros espalhados pela casa tamb\u00e9m funciona. Uma pilha ao lado do sof\u00e1, um volume na mesa do caf\u00e9, outro no banco de tr\u00e1s do carro. Quando o livro f\u00edsico se torna t\u00e3o acess\u00edvel quanto o celular, a probabilidade de a crian\u00e7a escolher folhear em vez de deslizar aumenta naturalmente. E cada p\u00e1gina virada \u00e9 mais um tijolo na constru\u00e7\u00e3o de uma mente capaz de se aprofundar em um mundo que insiste em ficar na superf\u00edcie.<\/p>\n","protected":false},"excerpt":{"rendered":"<p>Por que uma hist\u00f3ria no papel fisga a aten\u00e7\u00e3o por horas enquanto a tela dispersa em minutos? A leitura de livros f\u00edsicos n\u00e3o \u00e9 um h\u00e1bito nost\u00e1lgico dos av\u00f3s. \u00c9 um treino cerebral que esculpe o foco profundo, a capacidade rara de mergulhar em uma \u00fanica tarefa sem que o c\u00e9rebro pe\u00e7a uma pausa a [&hellip;]<\/p>\n","protected":false},"author":11,"featured_media":232187,"comment_status":"open","ping_status":"open","sticky":false,"template":"","format":"standard","meta":{"_yoast_wpseo_focuskw":"livros f\u00edsicos foco profundo","_yoast_wpseo_title":"","_yoast_wpseo_metadesc":"Por que as p\u00e1ginas de papel seguram a aten\u00e7\u00e3o por horas, enquanto telas dispersam em segundos? A neuroci\u00eancia revela o que a leitura de livros f\u00edsicos constr\u00f3i no c\u00e9rebro infantil.","jnews-multi-image_gallery":[],"jnews_single_post":{"format":"standard"},"jnews_primary_category":[],"jnews_social_meta":[],"jnews_override_counter":[],"footnotes":""},"categories":[119],"post_tag":[18185,2523,15700,5039],"class_list":["post-232185","post","type-post","status-publish","format-standard","has-post-thumbnail","hentry","category-bem-estar","tag-foco-profundo","tag-leitura","tag-livros-fisicos","tag-neurociencia"],"yoast_head":"<!-- This site is optimized with the Yoast SEO plugin v24.6 - https:\/\/yoast.com\/wordpress\/plugins\/seo\/ -->\n<title>Estudos apontam que crian\u00e7as que liam livros f\u00edsicos com frequ\u00eancia estavam fortalecendo o que hoje \u00e9 conhecido como foco profundo - Correio Braziliense - Radar<\/title>\n<meta name=\"description\" content=\"Por que as p\u00e1ginas de papel seguram a aten\u00e7\u00e3o por horas, enquanto telas dispersam em segundos? A neuroci\u00eancia revela o que a leitura de livros f\u00edsicos constr\u00f3i no c\u00e9rebro infantil.\" \/>\n<meta name=\"robots\" content=\"index, follow, max-snippet:-1, max-image-preview:large, max-video-preview:-1\" \/>\n<link rel=\"canonical\" href=\"https:\/\/www.correiobraziliense.com.br\/cbradar\/estudos-apontam-que-criancas-que-liam-livros-fisicos-com-frequencia-estavam-fortalecendo-o-que-hoje-e-conhecido-como-foco-profundo\/\" \/>\n<meta property=\"og:locale\" content=\"pt_BR\" \/>\n<meta property=\"og:type\" content=\"article\" \/>\n<meta property=\"og:title\" content=\"Estudos apontam que crian\u00e7as que liam livros f\u00edsicos com frequ\u00eancia estavam fortalecendo o que hoje \u00e9 conhecido como foco profundo - Correio Braziliense - Radar\" \/>\n<meta property=\"og:description\" content=\"Por que as p\u00e1ginas de papel seguram a aten\u00e7\u00e3o por horas, enquanto telas dispersam em segundos? A neuroci\u00eancia revela o que a leitura de livros f\u00edsicos constr\u00f3i no c\u00e9rebro infantil.\" \/>\n<meta property=\"og:url\" content=\"https:\/\/www.correiobraziliense.com.br\/cbradar\/estudos-apontam-que-criancas-que-liam-livros-fisicos-com-frequencia-estavam-fortalecendo-o-que-hoje-e-conhecido-como-foco-profundo\/\" \/>\n<meta property=\"og:site_name\" content=\"Correio Braziliense - Radar\" \/>\n<meta property=\"article:published_time\" content=\"2026-04-26T07:59:00+00:00\" \/>\n<meta property=\"og:image\" content=\"https:\/\/www.correiobraziliense.com.br\/cbradar\/wp-content\/uploads\/2026\/04\/IMAGEM_720p_1777170430056.jpg\" \/>\n\t<meta property=\"og:image:width\" content=\"1280\" \/>\n\t<meta property=\"og:image:height\" content=\"720\" \/>\n\t<meta property=\"og:image:type\" content=\"image\/jpeg\" \/>\n<meta name=\"author\" content=\"Paulo Custodio\" \/>\n<meta name=\"twitter:card\" content=\"summary_large_image\" \/>\n<meta name=\"twitter:label1\" content=\"Escrito por\" \/>\n\t<meta name=\"twitter:data1\" content=\"Paulo Custodio\" \/>\n\t<meta name=\"twitter:label2\" content=\"Est. tempo de leitura\" \/>\n\t<meta name=\"twitter:data2\" content=\"5 minutos\" \/>\n<!-- \/ Yoast SEO plugin. -->","yoast_head_json":{"title":"Estudos apontam que crian\u00e7as que liam livros f\u00edsicos com frequ\u00eancia estavam fortalecendo o que hoje \u00e9 conhecido como foco profundo - Correio Braziliense - Radar","description":"Por que as p\u00e1ginas de papel seguram a aten\u00e7\u00e3o por horas, enquanto telas dispersam em segundos? A neuroci\u00eancia revela o que a leitura de livros f\u00edsicos constr\u00f3i no c\u00e9rebro infantil.","robots":{"index":"index","follow":"follow","max-snippet":"max-snippet:-1","max-image-preview":"max-image-preview:large","max-video-preview":"max-video-preview:-1"},"canonical":"https:\/\/www.correiobraziliense.com.br\/cbradar\/estudos-apontam-que-criancas-que-liam-livros-fisicos-com-frequencia-estavam-fortalecendo-o-que-hoje-e-conhecido-como-foco-profundo\/","og_locale":"pt_BR","og_type":"article","og_title":"Estudos apontam que crian\u00e7as que liam livros f\u00edsicos com frequ\u00eancia estavam fortalecendo o que hoje \u00e9 conhecido como foco profundo - Correio Braziliense - Radar","og_description":"Por que as p\u00e1ginas de papel seguram a aten\u00e7\u00e3o por horas, enquanto telas dispersam em segundos? A neuroci\u00eancia revela o que a leitura de livros f\u00edsicos constr\u00f3i no c\u00e9rebro infantil.","og_url":"https:\/\/www.correiobraziliense.com.br\/cbradar\/estudos-apontam-que-criancas-que-liam-livros-fisicos-com-frequencia-estavam-fortalecendo-o-que-hoje-e-conhecido-como-foco-profundo\/","og_site_name":"Correio Braziliense - Radar","article_published_time":"2026-04-26T07:59:00+00:00","og_image":[{"width":1280,"height":720,"url":"https:\/\/www.correiobraziliense.com.br\/cbradar\/wp-content\/uploads\/2026\/04\/IMAGEM_720p_1777170430056.jpg","type":"image\/jpeg"}],"author":"Paulo Custodio","twitter_card":"summary_large_image","twitter_misc":{"Escrito por":"Paulo Custodio","Est. tempo de leitura":"5 minutos"},"schema":{"@context":"https:\/\/schema.org","@graph":[{"@type":"WebPage","@id":"https:\/\/www.correiobraziliense.com.br\/cbradar\/estudos-apontam-que-criancas-que-liam-livros-fisicos-com-frequencia-estavam-fortalecendo-o-que-hoje-e-conhecido-como-foco-profundo\/","url":"https:\/\/www.correiobraziliense.com.br\/cbradar\/estudos-apontam-que-criancas-que-liam-livros-fisicos-com-frequencia-estavam-fortalecendo-o-que-hoje-e-conhecido-como-foco-profundo\/","name":"Estudos apontam que crian\u00e7as que liam livros f\u00edsicos com frequ\u00eancia estavam fortalecendo o que hoje \u00e9 conhecido como foco profundo - Correio Braziliense - Radar","isPartOf":{"@id":"https:\/\/www.correiobraziliense.com.br\/cbradar\/#website"},"primaryImageOfPage":{"@id":"https:\/\/www.correiobraziliense.com.br\/cbradar\/estudos-apontam-que-criancas-que-liam-livros-fisicos-com-frequencia-estavam-fortalecendo-o-que-hoje-e-conhecido-como-foco-profundo\/#primaryimage"},"image":{"@id":"https:\/\/www.correiobraziliense.com.br\/cbradar\/estudos-apontam-que-criancas-que-liam-livros-fisicos-com-frequencia-estavam-fortalecendo-o-que-hoje-e-conhecido-como-foco-profundo\/#primaryimage"},"thumbnailUrl":"https:\/\/www.correiobraziliense.com.br\/cbradar\/wp-content\/uploads\/2026\/04\/IMAGEM_720p_1777170430056.jpg","datePublished":"2026-04-26T07:59:00+00:00","author":{"@id":"https:\/\/www.correiobraziliense.com.br\/cbradar\/#\/schema\/person\/4cec7857301a9a1a2ef249893cd908d3"},"description":"Por que as p\u00e1ginas de papel seguram a aten\u00e7\u00e3o por horas, enquanto telas dispersam em segundos? A neuroci\u00eancia revela o que a leitura de livros f\u00edsicos constr\u00f3i no c\u00e9rebro infantil.","breadcrumb":{"@id":"https:\/\/www.correiobraziliense.com.br\/cbradar\/estudos-apontam-que-criancas-que-liam-livros-fisicos-com-frequencia-estavam-fortalecendo-o-que-hoje-e-conhecido-como-foco-profundo\/#breadcrumb"},"inLanguage":"pt-BR","potentialAction":[{"@type":"ReadAction","target":["https:\/\/www.correiobraziliense.com.br\/cbradar\/estudos-apontam-que-criancas-que-liam-livros-fisicos-com-frequencia-estavam-fortalecendo-o-que-hoje-e-conhecido-como-foco-profundo\/"]}]},{"@type":"ImageObject","inLanguage":"pt-BR","@id":"https:\/\/www.correiobraziliense.com.br\/cbradar\/estudos-apontam-que-criancas-que-liam-livros-fisicos-com-frequencia-estavam-fortalecendo-o-que-hoje-e-conhecido-como-foco-profundo\/#primaryimage","url":"https:\/\/www.correiobraziliense.com.br\/cbradar\/wp-content\/uploads\/2026\/04\/IMAGEM_720p_1777170430056.jpg","contentUrl":"https:\/\/www.correiobraziliense.com.br\/cbradar\/wp-content\/uploads\/2026\/04\/IMAGEM_720p_1777170430056.jpg","width":1280,"height":720,"caption":"A leitura de livros f\u00edsicos na inf\u00e2ncia fortalece a capacidade de foco profundo, com base em evid\u00eancias cient\u00edficas"},{"@type":"BreadcrumbList","@id":"https:\/\/www.correiobraziliense.com.br\/cbradar\/estudos-apontam-que-criancas-que-liam-livros-fisicos-com-frequencia-estavam-fortalecendo-o-que-hoje-e-conhecido-como-foco-profundo\/#breadcrumb","itemListElement":[{"@type":"ListItem","position":1,"name":"In\u00edcio","item":"https:\/\/www.correiobraziliense.com.br\/cbradar\/"},{"@type":"ListItem","position":2,"name":"Estudos apontam que crian\u00e7as que liam livros f\u00edsicos com frequ\u00eancia estavam fortalecendo o que hoje \u00e9 conhecido como foco profundo"}]},{"@type":"WebSite","@id":"https:\/\/www.correiobraziliense.com.br\/cbradar\/#website","url":"https:\/\/www.correiobraziliense.com.br\/cbradar\/","name":"Correio Braziliense - Radar","description":"Acompanhe as \u00faltimas not\u00edcias e fique bem informado sobre tudo o que acontece no Brasil e no mundo.","potentialAction":[{"@type":"SearchAction","target":{"@type":"EntryPoint","urlTemplate":"https:\/\/www.correiobraziliense.com.br\/cbradar\/?s={search_term_string}"},"query-input":{"@type":"PropertyValueSpecification","valueRequired":true,"valueName":"search_term_string"}}],"inLanguage":"pt-BR"},{"@type":"Person","@id":"https:\/\/www.correiobraziliense.com.br\/cbradar\/#\/schema\/person\/4cec7857301a9a1a2ef249893cd908d3","name":"Paulo Custodio","image":{"@type":"ImageObject","inLanguage":"pt-BR","@id":"https:\/\/www.correiobraziliense.com.br\/cbradar\/#\/schema\/person\/image\/","url":"https:\/\/secure.gravatar.com\/avatar\/bcd67168d1534e8fcf4f45c726a87cea?s=96&d=mm&r=g","contentUrl":"https:\/\/secure.gravatar.com\/avatar\/bcd67168d1534e8fcf4f45c726a87cea?s=96&d=mm&r=g","caption":"Paulo Custodio"},"sameAs":["https:\/\/www.correiobraziliense.com.br\/cbradar"],"url":"https:\/\/www.correiobraziliense.com.br\/cbradar\/author\/paulomyth\/"}]}},"_links":{"self":[{"href":"https:\/\/www.correiobraziliense.com.br\/cbradar\/wp-json\/wp\/v2\/posts\/232185","targetHints":{"allow":["GET"]}}],"collection":[{"href":"https:\/\/www.correiobraziliense.com.br\/cbradar\/wp-json\/wp\/v2\/posts"}],"about":[{"href":"https:\/\/www.correiobraziliense.com.br\/cbradar\/wp-json\/wp\/v2\/types\/post"}],"author":[{"embeddable":true,"href":"https:\/\/www.correiobraziliense.com.br\/cbradar\/wp-json\/wp\/v2\/users\/11"}],"replies":[{"embeddable":true,"href":"https:\/\/www.correiobraziliense.com.br\/cbradar\/wp-json\/wp\/v2\/comments?post=232185"}],"version-history":[{"count":1,"href":"https:\/\/www.correiobraziliense.com.br\/cbradar\/wp-json\/wp\/v2\/posts\/232185\/revisions"}],"predecessor-version":[{"id":232189,"href":"https:\/\/www.correiobraziliense.com.br\/cbradar\/wp-json\/wp\/v2\/posts\/232185\/revisions\/232189"}],"wp:featuredmedia":[{"embeddable":true,"href":"https:\/\/www.correiobraziliense.com.br\/cbradar\/wp-json\/wp\/v2\/media\/232187"}],"wp:attachment":[{"href":"https:\/\/www.correiobraziliense.com.br\/cbradar\/wp-json\/wp\/v2\/media?parent=232185"}],"wp:term":[{"taxonomy":"category","embeddable":true,"href":"https:\/\/www.correiobraziliense.com.br\/cbradar\/wp-json\/wp\/v2\/categories?post=232185"},{"taxonomy":"post_tag","embeddable":true,"href":"https:\/\/www.correiobraziliense.com.br\/cbradar\/wp-json\/wp\/v2\/post_tag?post=232185"}],"curies":[{"name":"wp","href":"https:\/\/api.w.org\/{rel}","templated":true}]}}