{"id":232252,"date":"2026-04-26T07:29:00","date_gmt":"2026-04-26T10:29:00","guid":{"rendered":"https:\/\/www.correiobraziliense.com.br\/cbradar\/?p=232252"},"modified":"2026-04-26T02:32:24","modified_gmt":"2026-04-26T05:32:24","slug":"bebes-que-choram-menos-durante-a-madrugada-tendem-a-nascer-nestes-5-meses-do-ano-aponta-estudo","status":"publish","type":"post","link":"https:\/\/www.correiobraziliense.com.br\/cbradar\/bebes-que-choram-menos-durante-a-madrugada-tendem-a-nascer-nestes-5-meses-do-ano-aponta-estudo\/","title":{"rendered":"Beb\u00eas que choram menos durante a madrugada tendem a nascer nestes 5 meses do ano, aponta estudo"},"content":{"rendered":"\n<p>Por que alguns <strong>beb\u00eas choram menos<\/strong> durante a madrugada enquanto outros passam a noite acordados? Um estudo publicado na Nature Scientific Reports revelou que nascer em cinco meses espec\u00edficos do ano pode ser o fator oculto por tr\u00e1s das noites mais tranquilas dos rec\u00e9m-nascidos. A ci\u00eancia confirma que o <strong>m\u00eas de nascimento<\/strong> influencia diretamente o padr\u00e3o de choro noturno.<\/p>\n\n\n\n<h2 class=\"wp-block-heading\">Por que o m\u00eas de nascimento influencia o choro noturno do beb\u00ea?<\/h2>\n\n\n\n<p>O rel\u00f3gio biol\u00f3gico n\u00e3o come\u00e7a a funcionar apenas ap\u00f3s o parto. Durante a gesta\u00e7\u00e3o, a exposi\u00e7\u00e3o da m\u00e3e \u00e0 luz solar regula a produ\u00e7\u00e3o de <strong>melatonina<\/strong> no feto. Essa exposi\u00e7\u00e3o luminosa atinge o beb\u00ea ainda no \u00fatero e come\u00e7a a moldar o ritmo circadiano antes mesmo do nascimento.<\/p>\n\n\n\n<p>Beb\u00eas que passam o terceiro trimestre de gesta\u00e7\u00e3o sob maior luminosidade natural chegam ao mundo com o rel\u00f3gio biol\u00f3gico mais ajustado \u00e0 diferen\u00e7a entre dia e noite. Segundo especialistas, esse ajuste pr\u00e9vio facilita a consolida\u00e7\u00e3o do sono noturno e reduz os epis\u00f3dios de choro durante a madrugada.<\/p>\n\n\n<div class=\"wp-block-image\">\n<figure class=\"aligncenter size-full\"><img decoding=\"async\" width=\"1280\" height=\"720\" src=\"https:\/\/www.correiobraziliense.com.br\/cbradar\/wp-content\/uploads\/2026\/04\/IMAGEM_720p_1777179055597.jpg\" alt=\"M\u00eas de nascimento influencia o choro noturno do beb\u00ea\" class=\"wp-image-232259\" srcset=\"https:\/\/www.correiobraziliense.com.br\/cbradar\/wp-content\/uploads\/2026\/04\/IMAGEM_720p_1777179055597.jpg 1280w, https:\/\/www.correiobraziliense.com.br\/cbradar\/wp-content\/uploads\/2026\/04\/IMAGEM_720p_1777179055597-300x169.jpg 300w, https:\/\/www.correiobraziliense.com.br\/cbradar\/wp-content\/uploads\/2026\/04\/IMAGEM_720p_1777179055597-768x432.jpg 768w, https:\/\/www.correiobraziliense.com.br\/cbradar\/wp-content\/uploads\/2026\/04\/IMAGEM_720p_1777179055597-750x422.jpg 750w, https:\/\/www.correiobraziliense.com.br\/cbradar\/wp-content\/uploads\/2026\/04\/IMAGEM_720p_1777179055597-1140x641.jpg 1140w\" sizes=\"(max-width: 1280px) 100vw, 1280px\" \/><figcaption class=\"wp-element-caption\">M\u00eas de nascimento influencia o choro noturno do beb\u00ea<\/figcaption><\/figure><\/div>\n\n\n<h2 class=\"wp-block-heading\">Quais s\u00e3o os cinco meses em que os beb\u00eas choram menos durante a madrugada?<\/h2>\n\n\n\n<p>An\u00e1lises estat\u00edsticas com milhares de rec\u00e9m-nascidos mostraram que os nascimentos ocorridos na <strong>primavera<\/strong> e no <strong>ver\u00e3o<\/strong> est\u00e3o associados a padr\u00f5es de sono mais est\u00e1veis. A maior disponibilidade de luz natural e as temperaturas amenas favorecem a adapta\u00e7\u00e3o do rec\u00e9m-nascido ao ambiente externo.<\/p>\n\n\n\n<p>Confira os cinco meses com melhor desempenho observado:<\/p>\n\n\n\n<ul class=\"wp-block-list\">\n<li><strong>Setembro<\/strong>: transi\u00e7\u00e3o para dias mais longos no Hemisf\u00e9rio Sul<\/li>\n\n\n\n<li><strong>Outubro<\/strong>: aumento consistente da luminosidade di\u00e1ria<\/li>\n\n\n\n<li><strong>Novembro<\/strong>: pico de exposi\u00e7\u00e3o solar na primavera<\/li>\n\n\n\n<li><strong>Dezembro<\/strong>: in\u00edcio do ver\u00e3o com m\u00e1xima luz natural<\/li>\n\n\n\n<li><strong>Janeiro<\/strong>: manuten\u00e7\u00e3o do fotoper\u00edodo longo e temperaturas est\u00e1veis<\/li>\n<\/ul>\n\n\n\n<p>Leia tamb\u00e9m: <a href=\"https:\/\/www.correiobraziliense.com.br\/cbradar\/segundo-especialistas-em-psicologia-pessoas-que-precisaram-se-virar-sozinhas-na-infancia-desenvolvem-independencia-emocional-que-poucos-entendem-hoje\/\" target=\"_blank\" rel=\"noreferrer noopener\">Segundo especialistas em psicologia, pessoas que precisaram se virar sozinhas na inf\u00e2ncia desenvolvem independ\u00eancia emocional que poucos entendem hoje<\/a><\/p>\n\n\n\n<h2 class=\"wp-block-heading\">Como a luz solar atua no rel\u00f3gio biol\u00f3gico do rec\u00e9m-nascido?<\/h2>\n\n\n\n<p>A <strong>cronobiologia<\/strong> \u00e9 a \u00e1rea que estuda como os ciclos de luz e escurid\u00e3o sincronizam o <a href=\"https:\/\/pt.wikipedia.org\/wiki\/Ritmo_circadiano\" target=\"_blank\" rel=\"noreferrer noopener\">ritmo circadiano<\/a>. Durante a gravidez, a <strong>gl\u00e2ndula pineal<\/strong> do feto come\u00e7a a responder aos sinais luminosos captados pela m\u00e3e, iniciando o treinamento do rel\u00f3gio biol\u00f3gico.<\/p>\n\n\n\n<p>Beb\u00eas que nascem em meses de fotoper\u00edodo mais longo excretam at\u00e9 tr\u00eas vezes mais metab\u00f3litos de melatonina durante a noite, diferen\u00e7a estatisticamente significativa. Isso indica que a produ\u00e7\u00e3o noturna desse horm\u00f4nio \u00e9 modulada pela \u00e9poca do nascimento, impactando diretamente a consolida\u00e7\u00e3o do sono noturno nos primeiros meses de vida.<\/p>\n\n\n\n<h3 class=\"wp-block-heading\">A import\u00e2ncia da vitamina D na estabiliza\u00e7\u00e3o do sono<\/h3>\n\n\n\n<p>Al\u00e9m da melatonina, a vitamina D obtida pela m\u00e3e atrav\u00e9s da exposi\u00e7\u00e3o solar durante a gravidez contribui para o desenvolvimento do sistema nervoso do beb\u00ea. N\u00edveis adequados desse nutriente est\u00e3o associados a menos irritabilidade e maior facilidade para adormecer nos primeiros meses de vida.<\/p>\n\n\n\n<h2 class=\"wp-block-heading\">O que dizem os estudos cient\u00edficos sobre a esta\u00e7\u00e3o de nascimento e o sono?<\/h2>\n\n\n\n<p>Uma pesquisa publicada no peri\u00f3dico <a href=\"https:\/\/www.nature.com\/articles\/srep44749\" target=\"_blank\" rel=\"noreferrer noopener\">Scientific Reports<\/a>, do grupo <strong>Nature<\/strong>, analisou 1.302 pares de m\u00e3es e beb\u00eas com um m\u00eas de vida. Os resultados mostraram que nascer na <strong>primavera<\/strong> est\u00e1 associado a uma dura\u00e7\u00e3o significativamente maior do sono noturno.<\/p>\n\n\n\n<p>O estudo identificou que a dura\u00e7\u00e3o do sono noturno dos beb\u00eas nascidos na primavera era maior do que a dos nascidos no outono, com p = 0,002. Esse efeito foi observado apenas nos beb\u00eas, n\u00e3o nas m\u00e3es, refor\u00e7ando que o ambiente luminoso no in\u00edcio da vida \u00e9 um fator determinante para o ritmo circadiano infantil.<\/p>\n\n\n<div class=\"wp-block-image\">\n<figure class=\"aligncenter size-full\"><img decoding=\"async\" width=\"1280\" height=\"720\" src=\"https:\/\/www.correiobraziliense.com.br\/cbradar\/wp-content\/uploads\/2026\/04\/IMAGEM_720p_1777179060584.jpg\" alt=\"M\u00eas de nascimento influencia o choro noturno do beb\u00ea\" class=\"wp-image-232257\" srcset=\"https:\/\/www.correiobraziliense.com.br\/cbradar\/wp-content\/uploads\/2026\/04\/IMAGEM_720p_1777179060584.jpg 1280w, https:\/\/www.correiobraziliense.com.br\/cbradar\/wp-content\/uploads\/2026\/04\/IMAGEM_720p_1777179060584-300x169.jpg 300w, https:\/\/www.correiobraziliense.com.br\/cbradar\/wp-content\/uploads\/2026\/04\/IMAGEM_720p_1777179060584-768x432.jpg 768w, https:\/\/www.correiobraziliense.com.br\/cbradar\/wp-content\/uploads\/2026\/04\/IMAGEM_720p_1777179060584-750x422.jpg 750w, https:\/\/www.correiobraziliense.com.br\/cbradar\/wp-content\/uploads\/2026\/04\/IMAGEM_720p_1777179060584-1140x641.jpg 1140w\" sizes=\"(max-width: 1280px) 100vw, 1280px\" \/><figcaption class=\"wp-element-caption\">M\u00eas de nascimento influencia o choro noturno do beb\u00ea<\/figcaption><\/figure><\/div>\n\n\n<h2 class=\"wp-block-heading\">O que fazer se o beb\u00ea nasceu fora desses meses?<\/h2>\n\n\n\n<p>A biologia oferece uma vantagem inicial para alguns, mas o ambiente criado pelos cuidadores pode modular significativamente os padr\u00f5es de descanso infantil. Manter o quarto <strong>escuro<\/strong>, <strong>silencioso<\/strong> e com <strong>temperatura agrad\u00e1vel<\/strong> ajuda a estimular a libera\u00e7\u00e3o de melatonina mesmo em beb\u00eas nascidos no inverno.<\/p>\n\n\n\n<p>A rotina regular de hor\u00e1rios para dormir e acordar tamb\u00e9m contribui para a matura\u00e7\u00e3o do rel\u00f3gio biol\u00f3gico, independentemente do m\u00eas de nascimento. Cada beb\u00ea \u00e9 \u00fanico, e fatores gen\u00e9ticos interagem com as vari\u00e1veis ambientais. Se as noites em claro persistirem, buscar orienta\u00e7\u00e3o de um <strong>profissional de sa\u00fade<\/strong> ajuda a identificar causas subjacentes e estabelecer estrat\u00e9gias personalizadas para toda a fam\u00edlia.<\/p>\n","protected":false},"excerpt":{"rendered":"<p>Por que alguns beb\u00eas choram menos durante a madrugada enquanto outros passam a noite acordados? Um estudo publicado na Nature Scientific Reports revelou que nascer em cinco meses espec\u00edficos do ano pode ser o fator oculto por tr\u00e1s das noites mais tranquilas dos rec\u00e9m-nascidos. A ci\u00eancia confirma que o m\u00eas de nascimento influencia diretamente o [&hellip;]<\/p>\n","protected":false},"author":11,"featured_media":232258,"comment_status":"open","ping_status":"open","sticky":false,"template":"","format":"standard","meta":{"_yoast_wpseo_focuskw":"beb\u00eas choram menos madrugada","_yoast_wpseo_title":"","_yoast_wpseo_metadesc":"O m\u00eas de nascimento pode determinar as noites de sono (ou de ins\u00f4nia) do seu beb\u00ea. Veja os 5 meses com menos choro noturno e o que a ci\u00eancia diz.","jnews-multi-image_gallery":[],"jnews_single_post":{"format":"standard"},"jnews_primary_category":[],"jnews_social_meta":[],"jnews_override_counter":[],"footnotes":""},"categories":[119],"post_tag":[],"class_list":["post-232252","post","type-post","status-publish","format-standard","has-post-thumbnail","hentry","category-bem-estar"],"yoast_head":"<!-- This site is optimized with the Yoast SEO plugin v24.6 - https:\/\/yoast.com\/wordpress\/plugins\/seo\/ -->\n<title>Beb\u00eas que choram menos durante a madrugada tendem a nascer nestes 5 meses do ano, aponta estudo - Correio Braziliense - Radar<\/title>\n<meta name=\"description\" content=\"O m\u00eas de nascimento pode determinar as noites de sono (ou de ins\u00f4nia) do seu beb\u00ea. Veja os 5 meses com menos choro noturno e o que a ci\u00eancia diz.\" \/>\n<meta name=\"robots\" content=\"index, follow, max-snippet:-1, max-image-preview:large, max-video-preview:-1\" \/>\n<link rel=\"canonical\" href=\"https:\/\/www.correiobraziliense.com.br\/cbradar\/bebes-que-choram-menos-durante-a-madrugada-tendem-a-nascer-nestes-5-meses-do-ano-aponta-estudo\/\" \/>\n<meta property=\"og:locale\" content=\"pt_BR\" \/>\n<meta property=\"og:type\" content=\"article\" \/>\n<meta property=\"og:title\" content=\"Beb\u00eas que choram menos durante a madrugada tendem a nascer nestes 5 meses do ano, aponta estudo - Correio Braziliense - Radar\" \/>\n<meta property=\"og:description\" content=\"O m\u00eas de nascimento pode determinar as noites de sono (ou de ins\u00f4nia) do seu beb\u00ea. Veja os 5 meses com menos choro noturno e o que a ci\u00eancia diz.\" \/>\n<meta property=\"og:url\" content=\"https:\/\/www.correiobraziliense.com.br\/cbradar\/bebes-que-choram-menos-durante-a-madrugada-tendem-a-nascer-nestes-5-meses-do-ano-aponta-estudo\/\" \/>\n<meta property=\"og:site_name\" content=\"Correio Braziliense - Radar\" \/>\n<meta property=\"article:published_time\" content=\"2026-04-26T10:29:00+00:00\" \/>\n<meta property=\"og:image\" content=\"https:\/\/www.correiobraziliense.com.br\/cbradar\/wp-content\/uploads\/2026\/04\/IMAGEM_720p_1777179053289.jpg\" \/>\n\t<meta property=\"og:image:width\" content=\"1280\" \/>\n\t<meta property=\"og:image:height\" content=\"720\" \/>\n\t<meta property=\"og:image:type\" content=\"image\/jpeg\" \/>\n<meta name=\"author\" content=\"Paulo Custodio\" \/>\n<meta name=\"twitter:card\" content=\"summary_large_image\" \/>\n<meta name=\"twitter:label1\" content=\"Escrito por\" \/>\n\t<meta name=\"twitter:data1\" content=\"Paulo Custodio\" \/>\n\t<meta name=\"twitter:label2\" content=\"Est. tempo de leitura\" \/>\n\t<meta name=\"twitter:data2\" content=\"5 minutos\" \/>\n<!-- \/ Yoast SEO plugin. -->","yoast_head_json":{"title":"Beb\u00eas que choram menos durante a madrugada tendem a nascer nestes 5 meses do ano, aponta estudo - Correio Braziliense - Radar","description":"O m\u00eas de nascimento pode determinar as noites de sono (ou de ins\u00f4nia) do seu beb\u00ea. Veja os 5 meses com menos choro noturno e o que a ci\u00eancia diz.","robots":{"index":"index","follow":"follow","max-snippet":"max-snippet:-1","max-image-preview":"max-image-preview:large","max-video-preview":"max-video-preview:-1"},"canonical":"https:\/\/www.correiobraziliense.com.br\/cbradar\/bebes-que-choram-menos-durante-a-madrugada-tendem-a-nascer-nestes-5-meses-do-ano-aponta-estudo\/","og_locale":"pt_BR","og_type":"article","og_title":"Beb\u00eas que choram menos durante a madrugada tendem a nascer nestes 5 meses do ano, aponta estudo - Correio Braziliense - Radar","og_description":"O m\u00eas de nascimento pode determinar as noites de sono (ou de ins\u00f4nia) do seu beb\u00ea. Veja os 5 meses com menos choro noturno e o que a ci\u00eancia diz.","og_url":"https:\/\/www.correiobraziliense.com.br\/cbradar\/bebes-que-choram-menos-durante-a-madrugada-tendem-a-nascer-nestes-5-meses-do-ano-aponta-estudo\/","og_site_name":"Correio Braziliense - Radar","article_published_time":"2026-04-26T10:29:00+00:00","og_image":[{"width":1280,"height":720,"url":"https:\/\/www.correiobraziliense.com.br\/cbradar\/wp-content\/uploads\/2026\/04\/IMAGEM_720p_1777179053289.jpg","type":"image\/jpeg"}],"author":"Paulo Custodio","twitter_card":"summary_large_image","twitter_misc":{"Escrito por":"Paulo Custodio","Est. tempo de leitura":"5 minutos"},"schema":{"@context":"https:\/\/schema.org","@graph":[{"@type":"WebPage","@id":"https:\/\/www.correiobraziliense.com.br\/cbradar\/bebes-que-choram-menos-durante-a-madrugada-tendem-a-nascer-nestes-5-meses-do-ano-aponta-estudo\/","url":"https:\/\/www.correiobraziliense.com.br\/cbradar\/bebes-que-choram-menos-durante-a-madrugada-tendem-a-nascer-nestes-5-meses-do-ano-aponta-estudo\/","name":"Beb\u00eas que choram menos durante a madrugada tendem a nascer nestes 5 meses do ano, aponta estudo - Correio Braziliense - Radar","isPartOf":{"@id":"https:\/\/www.correiobraziliense.com.br\/cbradar\/#website"},"primaryImageOfPage":{"@id":"https:\/\/www.correiobraziliense.com.br\/cbradar\/bebes-que-choram-menos-durante-a-madrugada-tendem-a-nascer-nestes-5-meses-do-ano-aponta-estudo\/#primaryimage"},"image":{"@id":"https:\/\/www.correiobraziliense.com.br\/cbradar\/bebes-que-choram-menos-durante-a-madrugada-tendem-a-nascer-nestes-5-meses-do-ano-aponta-estudo\/#primaryimage"},"thumbnailUrl":"https:\/\/www.correiobraziliense.com.br\/cbradar\/wp-content\/uploads\/2026\/04\/IMAGEM_720p_1777179053289.jpg","datePublished":"2026-04-26T10:29:00+00:00","author":{"@id":"https:\/\/www.correiobraziliense.com.br\/cbradar\/#\/schema\/person\/4cec7857301a9a1a2ef249893cd908d3"},"description":"O m\u00eas de nascimento pode determinar as noites de sono (ou de ins\u00f4nia) do seu beb\u00ea. Veja os 5 meses com menos choro noturno e o que a ci\u00eancia diz.","breadcrumb":{"@id":"https:\/\/www.correiobraziliense.com.br\/cbradar\/bebes-que-choram-menos-durante-a-madrugada-tendem-a-nascer-nestes-5-meses-do-ano-aponta-estudo\/#breadcrumb"},"inLanguage":"pt-BR","potentialAction":[{"@type":"ReadAction","target":["https:\/\/www.correiobraziliense.com.br\/cbradar\/bebes-que-choram-menos-durante-a-madrugada-tendem-a-nascer-nestes-5-meses-do-ano-aponta-estudo\/"]}]},{"@type":"ImageObject","inLanguage":"pt-BR","@id":"https:\/\/www.correiobraziliense.com.br\/cbradar\/bebes-que-choram-menos-durante-a-madrugada-tendem-a-nascer-nestes-5-meses-do-ano-aponta-estudo\/#primaryimage","url":"https:\/\/www.correiobraziliense.com.br\/cbradar\/wp-content\/uploads\/2026\/04\/IMAGEM_720p_1777179053289.jpg","contentUrl":"https:\/\/www.correiobraziliense.com.br\/cbradar\/wp-content\/uploads\/2026\/04\/IMAGEM_720p_1777179053289.jpg","width":1280,"height":720,"caption":"M\u00eas de nascimento influencia o choro noturno do beb\u00ea"},{"@type":"BreadcrumbList","@id":"https:\/\/www.correiobraziliense.com.br\/cbradar\/bebes-que-choram-menos-durante-a-madrugada-tendem-a-nascer-nestes-5-meses-do-ano-aponta-estudo\/#breadcrumb","itemListElement":[{"@type":"ListItem","position":1,"name":"In\u00edcio","item":"https:\/\/www.correiobraziliense.com.br\/cbradar\/"},{"@type":"ListItem","position":2,"name":"Beb\u00eas que choram menos durante a madrugada tendem a nascer nestes 5 meses do ano, aponta estudo"}]},{"@type":"WebSite","@id":"https:\/\/www.correiobraziliense.com.br\/cbradar\/#website","url":"https:\/\/www.correiobraziliense.com.br\/cbradar\/","name":"Correio Braziliense - Radar","description":"Acompanhe as \u00faltimas not\u00edcias e fique bem informado sobre tudo o que acontece no Brasil e no mundo.","potentialAction":[{"@type":"SearchAction","target":{"@type":"EntryPoint","urlTemplate":"https:\/\/www.correiobraziliense.com.br\/cbradar\/?s={search_term_string}"},"query-input":{"@type":"PropertyValueSpecification","valueRequired":true,"valueName":"search_term_string"}}],"inLanguage":"pt-BR"},{"@type":"Person","@id":"https:\/\/www.correiobraziliense.com.br\/cbradar\/#\/schema\/person\/4cec7857301a9a1a2ef249893cd908d3","name":"Paulo Custodio","image":{"@type":"ImageObject","inLanguage":"pt-BR","@id":"https:\/\/www.correiobraziliense.com.br\/cbradar\/#\/schema\/person\/image\/","url":"https:\/\/secure.gravatar.com\/avatar\/bcd67168d1534e8fcf4f45c726a87cea?s=96&d=mm&r=g","contentUrl":"https:\/\/secure.gravatar.com\/avatar\/bcd67168d1534e8fcf4f45c726a87cea?s=96&d=mm&r=g","caption":"Paulo Custodio"},"sameAs":["https:\/\/www.correiobraziliense.com.br\/cbradar"],"url":"https:\/\/www.correiobraziliense.com.br\/cbradar\/author\/paulomyth\/"}]}},"_links":{"self":[{"href":"https:\/\/www.correiobraziliense.com.br\/cbradar\/wp-json\/wp\/v2\/posts\/232252","targetHints":{"allow":["GET"]}}],"collection":[{"href":"https:\/\/www.correiobraziliense.com.br\/cbradar\/wp-json\/wp\/v2\/posts"}],"about":[{"href":"https:\/\/www.correiobraziliense.com.br\/cbradar\/wp-json\/wp\/v2\/types\/post"}],"author":[{"embeddable":true,"href":"https:\/\/www.correiobraziliense.com.br\/cbradar\/wp-json\/wp\/v2\/users\/11"}],"replies":[{"embeddable":true,"href":"https:\/\/www.correiobraziliense.com.br\/cbradar\/wp-json\/wp\/v2\/comments?post=232252"}],"version-history":[{"count":1,"href":"https:\/\/www.correiobraziliense.com.br\/cbradar\/wp-json\/wp\/v2\/posts\/232252\/revisions"}],"predecessor-version":[{"id":232260,"href":"https:\/\/www.correiobraziliense.com.br\/cbradar\/wp-json\/wp\/v2\/posts\/232252\/revisions\/232260"}],"wp:featuredmedia":[{"embeddable":true,"href":"https:\/\/www.correiobraziliense.com.br\/cbradar\/wp-json\/wp\/v2\/media\/232258"}],"wp:attachment":[{"href":"https:\/\/www.correiobraziliense.com.br\/cbradar\/wp-json\/wp\/v2\/media?parent=232252"}],"wp:term":[{"taxonomy":"category","embeddable":true,"href":"https:\/\/www.correiobraziliense.com.br\/cbradar\/wp-json\/wp\/v2\/categories?post=232252"},{"taxonomy":"post_tag","embeddable":true,"href":"https:\/\/www.correiobraziliense.com.br\/cbradar\/wp-json\/wp\/v2\/post_tag?post=232252"}],"curies":[{"name":"wp","href":"https:\/\/api.w.org\/{rel}","templated":true}]}}