{"id":232261,"date":"2026-04-26T05:59:00","date_gmt":"2026-04-26T08:59:00","guid":{"rendered":"https:\/\/www.correiobraziliense.com.br\/cbradar\/?p=232261"},"modified":"2026-04-26T02:28:42","modified_gmt":"2026-04-26T05:28:42","slug":"a-psicologia-aponta-que-a-parte-mais-dificil-de-ver-seus-pais-envelhecerem-nao-e-a-idade-e-perceber-que-voce-se-tornou-a-pessoa-forte-da-familia","status":"publish","type":"post","link":"https:\/\/www.correiobraziliense.com.br\/cbradar\/a-psicologia-aponta-que-a-parte-mais-dificil-de-ver-seus-pais-envelhecerem-nao-e-a-idade-e-perceber-que-voce-se-tornou-a-pessoa-forte-da-familia\/","title":{"rendered":"A psicologia aponta que a parte mais dif\u00edcil de ver seus pais envelhecerem n\u00e3o \u00e9 a idade, \u00e9 perceber que voc\u00ea se tornou a pessoa forte da fam\u00edlia"},"content":{"rendered":"\n<p>Por que <strong>ver seus pais envelhecerem<\/strong> d\u00f3i muito mais na mente do que a constata\u00e7\u00e3o f\u00edsica dos cabelos brancos rotineiros? A pesada ang\u00fastia psicol\u00f3gica ataca quando voc\u00ea percebe abruptamente que o grande escudo protetor familiar ruiu e a forte lideran\u00e7a migrou totalmente para as suas costas.<\/p>\n\n\n\n<h2 class=\"wp-block-heading\">Por que o c\u00e9rebro adulto resiste fortemente \u00e0 natural ideia de extrema fraqueza paterna?<\/h2>\n\n\n\n<p>A nossa constru\u00e7\u00e3o mental infantil eleva os primeiros cuidadores ao grande patamar de her\u00f3is inabal\u00e1veis e gigantescos. O longo luto cont\u00ednuo da vida adulta come\u00e7a justamente ao observar o decl\u00ednio cognitivo e f\u00edsico ineg\u00e1vel de quem sempre representou o seu porto seguro e o seu norte absoluto.<\/p>\n\n\n\n<p>A renomada <a href=\"https:\/\/pt.wikipedia.org\/wiki\/Psicologia_do_desenvolvimento\" target=\"_blank\" rel=\"noreferrer noopener\">psicologia do desenvolvimento<\/a> chama esse doloroso e lento fen\u00f4meno de grande e inevit\u00e1vel transi\u00e7\u00e3o de maturidade normativa. O seu mundo balan\u00e7a drasticamente porque o referencial prim\u00e1rio de seguran\u00e7a financeira e de enorme autoridade inverteu a posi\u00e7\u00e3o natural e confortavelmente estabelecida h\u00e1 d\u00e9cadas passadas.<\/p>\n\n\n<div class=\"wp-block-image\">\n<figure class=\"aligncenter size-full\"><img decoding=\"async\" width=\"1280\" height=\"720\" src=\"https:\/\/www.correiobraziliense.com.br\/cbradar\/wp-content\/uploads\/2026\/04\/IMAGEM_720p_1777179261391.jpg\" alt=\"O duro impacto psicol\u00f3gico da invers\u00e3o de lideran\u00e7a familiar na mente dos filhos adultos.\" class=\"wp-image-232263\" srcset=\"https:\/\/www.correiobraziliense.com.br\/cbradar\/wp-content\/uploads\/2026\/04\/IMAGEM_720p_1777179261391.jpg 1280w, https:\/\/www.correiobraziliense.com.br\/cbradar\/wp-content\/uploads\/2026\/04\/IMAGEM_720p_1777179261391-300x169.jpg 300w, https:\/\/www.correiobraziliense.com.br\/cbradar\/wp-content\/uploads\/2026\/04\/IMAGEM_720p_1777179261391-768x432.jpg 768w, https:\/\/www.correiobraziliense.com.br\/cbradar\/wp-content\/uploads\/2026\/04\/IMAGEM_720p_1777179261391-750x422.jpg 750w, https:\/\/www.correiobraziliense.com.br\/cbradar\/wp-content\/uploads\/2026\/04\/IMAGEM_720p_1777179261391-1140x641.jpg 1140w\" sizes=\"(max-width: 1280px) 100vw, 1280px\" \/><figcaption class=\"wp-element-caption\">O duro impacto psicol\u00f3gico da invers\u00e3o de lideran\u00e7a familiar na mente dos filhos adultos.<\/figcaption><\/figure><\/div>\n\n\n<h2 class=\"wp-block-heading\">O que caracteriza de fato o duro e temido momento da profunda invers\u00e3o de antigos pap\u00e9is di\u00e1rios?<\/h2>\n\n\n\n<p>A quebra definitiva dessa antiga e s\u00f3lida estrutura protetora familiar manifesta-se rapidamente nos pequenos e cru\u00e9is detalhes r\u00fasticos do cotidiano. Voc\u00ea sente e percebe a forte mudan\u00e7a profunda quando precisa explicar detalhadamente uma fatura banc\u00e1ria complexa ou auxiliar na dura locomo\u00e7\u00e3o motora pelas ruas cheias de cal\u00e7adas perigosas.<\/p>\n\n\n\n<p>O silencioso choque cognitivo paralisa o indiv\u00edduo mal acostumado a ligar para a m\u00e3e s\u00e1bia buscando imensos conselhos sobre o rumo da pr\u00f3pria vida. Agora, as conversas noturnas urgentes focam nos hor\u00e1rios m\u00e9dicos restritos de medicamentos vitais e em curtos diagn\u00f3sticos assustadores que exigem um formid\u00e1vel autocontrole pr\u00e1tico.<\/p>\n\n\n\n<h2 class=\"wp-block-heading\">Como a enorme sobrecarga de novas decis\u00f5es e tarefas afeta intensamente a sa\u00fade mental do adulto?<\/h2>\n\n\n\n<p>Tomar abruptamente o solit\u00e1rio leme principal do grande barco familiar produz alt\u00edssima tens\u00e3o di\u00e1ria, gerando severa ansiedade noturna e forte culpa silenciosa constante. As exig\u00eancias simult\u00e2neas entre a cria\u00e7\u00e3o infantil dos novos filhos pequenos e o denso cuidado com idosos fr\u00e1geis frequentemente arru\u00ednam a paz estrutural \u00edntima.<\/p>\n\n\n\n<p>Especialistas conceituados ligados \u00e0 grande e s\u00e9ria institui\u00e7\u00e3o <a href=\"https:\/\/www.apa.org\/pi\/about\/publications\/caregivers\/faq\/statistics\" target=\"_blank\" rel=\"noreferrer noopener\"><strong>American Psychological Association<\/strong><\/a> alertam que os novos e cansados provedores familiares sofrem terr\u00edveis e agudos esgotamentos nervosos cl\u00ednicos. Eles adoecem rapidamente e de forma muito triste enquanto tentam equilibrar perfeitamente as pr\u00f3prias carreiras profissionais ativas e o exaustivo cuidado parental cont\u00ednuo.<\/p>\n\n\n\n<p>Leia tamb\u00e9m: <a href=\"https:\/\/www.correiobraziliense.com.br\/cbradar\/segundo-especialistas-em-psicologia-pessoas-que-precisaram-se-virar-sozinhas-na-infancia-desenvolvem-independencia-emocional-que-poucos-entendem-hoje\/\" target=\"_blank\" rel=\"noreferrer noopener\">Segundo especialistas em psicologia, pessoas que precisaram se virar sozinhas na inf\u00e2ncia desenvolvem independ\u00eancia emocional que poucos entendem hoje<\/a><\/p>\n\n\n\n<h3 class=\"wp-block-heading\">Por que silenciar dores pessoais e rotineiras piora fortemente os danos na mente cansada do novo provedor?<\/h3>\n\n\n\n<p>Muitos filhos sentem intimamente que perderam o sagrado direito universal de chorar e reclamar das suas pr\u00f3prias decep\u00e7\u00f5es emocionais e afetivas di\u00e1rias. O foco absoluto e ininterrupto na enorme dor dos pais maduros reduz severamente a merecida aten\u00e7\u00e3o voltada para o autocuidado fundamental e obrigat\u00f3rio do pr\u00f3prio corpo.<\/p>\n\n\n\n<p>Esse silencioso e amargo comportamento t\u00f3xico constr\u00f3i enormes e muito densos muros de escuro isolamento emocional profundo e triste. A falsa e fria fortaleza mascarada e for\u00e7ada diariamente favorece graves epis\u00f3dios agressivos de ins\u00f4nia cr\u00f4nica e de perigosa depress\u00e3o silenciosa que acaba n\u00e3o sendo adequadamente tratada nos consult\u00f3rios modernos.<\/p>\n\n\n\n<h2 class=\"wp-block-heading\">Quais atitudes e regras pr\u00e1ticas organizam o tempo e aliviam essa grande ang\u00fastia familiar constante?<\/h2>\n\n\n\n<p>O primeiro passo curativo e extremamente efetivo consiste em abandonar definitivamente o r\u00edgido e falso mito da pura perfei\u00e7\u00e3o solit\u00e1ria heroica di\u00e1ria. Dividir firmemente o grande e severo fardo log\u00edstico com os irm\u00e3os ausentes e exigir amparo profissional gratuito da uni\u00e3o reduz drasticamente os cru\u00e9is picos de ansiedade.<\/p>\n\n\n\n<p>Organize e estabele\u00e7a acordos e regras muito claras de atua\u00e7\u00e3o di\u00e1ria para preservar inteiramente a sua valiosa e \u00fatil vitalidade mental focando rigidamente nestas eficientes atitudes rotineiras de extrema prote\u00e7\u00e3o pessoal:<\/p>\n\n\n\n<ul class=\"wp-block-list\">\n<li><strong>Terceirizar tarefas brutais e pesadas:<\/strong> delegue urgentes burocracias banc\u00e1rias dif\u00edceis e longas faxinas dom\u00e9sticas semanais para garantir a total sobra do valioso e puro tempo limpo de bom afeto familiar livre.<\/li>\n\n\n\n<li><strong>Buscar extrema e potente ajuda profissional especializada:<\/strong> as \u00f3timas e libertadoras sess\u00f5es terap\u00eauticas guiadas aliviam medos infundados e organizam as antigas e severas ang\u00fastias \u00edntimas fortemente reprimidas.<\/li>\n\n\n\n<li><strong>Garantir e blindar intensos momentos particulares:<\/strong> manter os seus sagrados hor\u00e1rios fixos de muscula\u00e7\u00e3o e encontros livres garante alt\u00edssima resili\u00eancia org\u00e2nica limpa e proporciona vitalidade e grande clareza mental l\u00f3gica.<\/li>\n<\/ul>\n\n\n<div class=\"wp-block-image\">\n<figure class=\"aligncenter size-full\"><img decoding=\"async\" width=\"1280\" height=\"720\" src=\"https:\/\/www.correiobraziliense.com.br\/cbradar\/wp-content\/uploads\/2026\/04\/IMAGEM_720p_1777179263777.jpg\" alt=\"O duro impacto psicol\u00f3gico da invers\u00e3o de lideran\u00e7a familiar na mente dos filhos adultos.\" class=\"wp-image-232264\" srcset=\"https:\/\/www.correiobraziliense.com.br\/cbradar\/wp-content\/uploads\/2026\/04\/IMAGEM_720p_1777179263777.jpg 1280w, https:\/\/www.correiobraziliense.com.br\/cbradar\/wp-content\/uploads\/2026\/04\/IMAGEM_720p_1777179263777-300x169.jpg 300w, https:\/\/www.correiobraziliense.com.br\/cbradar\/wp-content\/uploads\/2026\/04\/IMAGEM_720p_1777179263777-768x432.jpg 768w, https:\/\/www.correiobraziliense.com.br\/cbradar\/wp-content\/uploads\/2026\/04\/IMAGEM_720p_1777179263777-750x422.jpg 750w, https:\/\/www.correiobraziliense.com.br\/cbradar\/wp-content\/uploads\/2026\/04\/IMAGEM_720p_1777179263777-1140x641.jpg 1140w\" sizes=\"(max-width: 1280px) 100vw, 1280px\" \/><figcaption class=\"wp-element-caption\">O duro impacto psicol\u00f3gico da invers\u00e3o de lideran\u00e7a familiar na mente dos filhos adultos.<\/figcaption><\/figure><\/div>\n\n\n<h2 class=\"wp-block-heading\">Existe algum importante e curativo lado ben\u00e9fico em assumir subitamente as r\u00e9deas diretivas da casa?<\/h2>\n\n\n\n<p>A dura aceita\u00e7\u00e3o inicial dessa muito inc\u00f4moda nova e exaustiva realidade rotineira abre um grande e iluminado espa\u00e7o claro para novas conex\u00f5es profundas baseadas totalmente na gratid\u00e3o m\u00fatua. Encarar esse longo e silencioso luto permite a definitiva cura das velhas e dolorosas m\u00e1goas passadas de forma admir\u00e1vel.<\/p>\n\n\n\n<p>Amar os velhos pais diretamente na total fragilidade org\u00e2nica devolve em vida todo o forte e imenso amparo absoluto que voc\u00ea absorveu de gra\u00e7a nos momentos solit\u00e1rios da inf\u00e2ncia. Como voc\u00ea divide as longas e dif\u00edceis exig\u00eancias pr\u00e1ticas para nunca abandonar o carinho simples da conversa informal dominical?<\/p>\n","protected":false},"excerpt":{"rendered":"<p>Por que ver seus pais envelhecerem d\u00f3i muito mais na mente do que a constata\u00e7\u00e3o f\u00edsica dos cabelos brancos rotineiros? A pesada ang\u00fastia psicol\u00f3gica ataca quando voc\u00ea percebe abruptamente que o grande escudo protetor familiar ruiu e a forte lideran\u00e7a migrou totalmente para as suas costas. Por que o c\u00e9rebro adulto resiste fortemente \u00e0 natural [&hellip;]<\/p>\n","protected":false},"author":11,"featured_media":232262,"comment_status":"open","ping_status":"open","sticky":false,"template":"","format":"standard","meta":{"_yoast_wpseo_focuskw":"ver seus pais envelhecerem","_yoast_wpseo_title":"","_yoast_wpseo_metadesc":"A velhice parental traz mudan\u00e7as profundas na din\u00e2mica familiar estrutural. Avalie como o intenso peso emocional de liderar e cuidar afeta a sa\u00fade mental di\u00e1ria.","jnews-multi-image_gallery":[],"jnews_single_post":{"format":"standard"},"jnews_primary_category":[],"jnews_social_meta":[],"jnews_override_counter":[],"footnotes":""},"categories":[119],"post_tag":[],"class_list":["post-232261","post","type-post","status-publish","format-standard","has-post-thumbnail","hentry","category-bem-estar"],"yoast_head":"<!-- This site is optimized with the Yoast SEO plugin v24.6 - https:\/\/yoast.com\/wordpress\/plugins\/seo\/ -->\n<title>A psicologia aponta que a parte mais dif\u00edcil de ver seus pais envelhecerem n\u00e3o \u00e9 a idade, \u00e9 perceber que voc\u00ea se tornou a pessoa forte da fam\u00edlia - Correio Braziliense - Radar<\/title>\n<meta name=\"description\" content=\"A velhice parental traz mudan\u00e7as profundas na din\u00e2mica familiar estrutural. Avalie como o intenso peso emocional de liderar e cuidar afeta a sa\u00fade mental di\u00e1ria.\" \/>\n<meta name=\"robots\" content=\"index, follow, max-snippet:-1, max-image-preview:large, max-video-preview:-1\" \/>\n<link rel=\"canonical\" href=\"https:\/\/www.correiobraziliense.com.br\/cbradar\/a-psicologia-aponta-que-a-parte-mais-dificil-de-ver-seus-pais-envelhecerem-nao-e-a-idade-e-perceber-que-voce-se-tornou-a-pessoa-forte-da-familia\/\" \/>\n<meta property=\"og:locale\" content=\"pt_BR\" \/>\n<meta property=\"og:type\" content=\"article\" \/>\n<meta property=\"og:title\" content=\"A psicologia aponta que a parte mais dif\u00edcil de ver seus pais envelhecerem n\u00e3o \u00e9 a idade, \u00e9 perceber que voc\u00ea se tornou a pessoa forte da fam\u00edlia - Correio Braziliense - Radar\" \/>\n<meta property=\"og:description\" content=\"A velhice parental traz mudan\u00e7as profundas na din\u00e2mica familiar estrutural. Avalie como o intenso peso emocional de liderar e cuidar afeta a sa\u00fade mental di\u00e1ria.\" \/>\n<meta property=\"og:url\" content=\"https:\/\/www.correiobraziliense.com.br\/cbradar\/a-psicologia-aponta-que-a-parte-mais-dificil-de-ver-seus-pais-envelhecerem-nao-e-a-idade-e-perceber-que-voce-se-tornou-a-pessoa-forte-da-familia\/\" \/>\n<meta property=\"og:site_name\" content=\"Correio Braziliense - Radar\" \/>\n<meta property=\"article:published_time\" content=\"2026-04-26T08:59:00+00:00\" \/>\n<meta property=\"og:image\" content=\"https:\/\/www.correiobraziliense.com.br\/cbradar\/wp-content\/uploads\/2026\/04\/IMAGEM_720p_1777179257320.jpg\" \/>\n\t<meta property=\"og:image:width\" content=\"1280\" \/>\n\t<meta property=\"og:image:height\" content=\"720\" \/>\n\t<meta property=\"og:image:type\" content=\"image\/jpeg\" \/>\n<meta name=\"author\" content=\"Paulo Custodio\" \/>\n<meta name=\"twitter:card\" content=\"summary_large_image\" \/>\n<meta name=\"twitter:label1\" content=\"Escrito por\" \/>\n\t<meta name=\"twitter:data1\" content=\"Paulo Custodio\" \/>\n\t<meta name=\"twitter:label2\" content=\"Est. tempo de leitura\" \/>\n\t<meta name=\"twitter:data2\" content=\"6 minutos\" \/>\n<!-- \/ Yoast SEO plugin. -->","yoast_head_json":{"title":"A psicologia aponta que a parte mais dif\u00edcil de ver seus pais envelhecerem n\u00e3o \u00e9 a idade, \u00e9 perceber que voc\u00ea se tornou a pessoa forte da fam\u00edlia - Correio Braziliense - Radar","description":"A velhice parental traz mudan\u00e7as profundas na din\u00e2mica familiar estrutural. Avalie como o intenso peso emocional de liderar e cuidar afeta a sa\u00fade mental di\u00e1ria.","robots":{"index":"index","follow":"follow","max-snippet":"max-snippet:-1","max-image-preview":"max-image-preview:large","max-video-preview":"max-video-preview:-1"},"canonical":"https:\/\/www.correiobraziliense.com.br\/cbradar\/a-psicologia-aponta-que-a-parte-mais-dificil-de-ver-seus-pais-envelhecerem-nao-e-a-idade-e-perceber-que-voce-se-tornou-a-pessoa-forte-da-familia\/","og_locale":"pt_BR","og_type":"article","og_title":"A psicologia aponta que a parte mais dif\u00edcil de ver seus pais envelhecerem n\u00e3o \u00e9 a idade, \u00e9 perceber que voc\u00ea se tornou a pessoa forte da fam\u00edlia - Correio Braziliense - Radar","og_description":"A velhice parental traz mudan\u00e7as profundas na din\u00e2mica familiar estrutural. Avalie como o intenso peso emocional de liderar e cuidar afeta a sa\u00fade mental di\u00e1ria.","og_url":"https:\/\/www.correiobraziliense.com.br\/cbradar\/a-psicologia-aponta-que-a-parte-mais-dificil-de-ver-seus-pais-envelhecerem-nao-e-a-idade-e-perceber-que-voce-se-tornou-a-pessoa-forte-da-familia\/","og_site_name":"Correio Braziliense - Radar","article_published_time":"2026-04-26T08:59:00+00:00","og_image":[{"width":1280,"height":720,"url":"https:\/\/www.correiobraziliense.com.br\/cbradar\/wp-content\/uploads\/2026\/04\/IMAGEM_720p_1777179257320.jpg","type":"image\/jpeg"}],"author":"Paulo Custodio","twitter_card":"summary_large_image","twitter_misc":{"Escrito por":"Paulo Custodio","Est. tempo de leitura":"6 minutos"},"schema":{"@context":"https:\/\/schema.org","@graph":[{"@type":"WebPage","@id":"https:\/\/www.correiobraziliense.com.br\/cbradar\/a-psicologia-aponta-que-a-parte-mais-dificil-de-ver-seus-pais-envelhecerem-nao-e-a-idade-e-perceber-que-voce-se-tornou-a-pessoa-forte-da-familia\/","url":"https:\/\/www.correiobraziliense.com.br\/cbradar\/a-psicologia-aponta-que-a-parte-mais-dificil-de-ver-seus-pais-envelhecerem-nao-e-a-idade-e-perceber-que-voce-se-tornou-a-pessoa-forte-da-familia\/","name":"A psicologia aponta que a parte mais dif\u00edcil de ver seus pais envelhecerem n\u00e3o \u00e9 a idade, \u00e9 perceber que voc\u00ea se tornou a pessoa forte da fam\u00edlia - Correio Braziliense - Radar","isPartOf":{"@id":"https:\/\/www.correiobraziliense.com.br\/cbradar\/#website"},"primaryImageOfPage":{"@id":"https:\/\/www.correiobraziliense.com.br\/cbradar\/a-psicologia-aponta-que-a-parte-mais-dificil-de-ver-seus-pais-envelhecerem-nao-e-a-idade-e-perceber-que-voce-se-tornou-a-pessoa-forte-da-familia\/#primaryimage"},"image":{"@id":"https:\/\/www.correiobraziliense.com.br\/cbradar\/a-psicologia-aponta-que-a-parte-mais-dificil-de-ver-seus-pais-envelhecerem-nao-e-a-idade-e-perceber-que-voce-se-tornou-a-pessoa-forte-da-familia\/#primaryimage"},"thumbnailUrl":"https:\/\/www.correiobraziliense.com.br\/cbradar\/wp-content\/uploads\/2026\/04\/IMAGEM_720p_1777179257320.jpg","datePublished":"2026-04-26T08:59:00+00:00","author":{"@id":"https:\/\/www.correiobraziliense.com.br\/cbradar\/#\/schema\/person\/4cec7857301a9a1a2ef249893cd908d3"},"description":"A velhice parental traz mudan\u00e7as profundas na din\u00e2mica familiar estrutural. Avalie como o intenso peso emocional de liderar e cuidar afeta a sa\u00fade mental di\u00e1ria.","breadcrumb":{"@id":"https:\/\/www.correiobraziliense.com.br\/cbradar\/a-psicologia-aponta-que-a-parte-mais-dificil-de-ver-seus-pais-envelhecerem-nao-e-a-idade-e-perceber-que-voce-se-tornou-a-pessoa-forte-da-familia\/#breadcrumb"},"inLanguage":"pt-BR","potentialAction":[{"@type":"ReadAction","target":["https:\/\/www.correiobraziliense.com.br\/cbradar\/a-psicologia-aponta-que-a-parte-mais-dificil-de-ver-seus-pais-envelhecerem-nao-e-a-idade-e-perceber-que-voce-se-tornou-a-pessoa-forte-da-familia\/"]}]},{"@type":"ImageObject","inLanguage":"pt-BR","@id":"https:\/\/www.correiobraziliense.com.br\/cbradar\/a-psicologia-aponta-que-a-parte-mais-dificil-de-ver-seus-pais-envelhecerem-nao-e-a-idade-e-perceber-que-voce-se-tornou-a-pessoa-forte-da-familia\/#primaryimage","url":"https:\/\/www.correiobraziliense.com.br\/cbradar\/wp-content\/uploads\/2026\/04\/IMAGEM_720p_1777179257320.jpg","contentUrl":"https:\/\/www.correiobraziliense.com.br\/cbradar\/wp-content\/uploads\/2026\/04\/IMAGEM_720p_1777179257320.jpg","width":1280,"height":720,"caption":"O duro impacto psicol\u00f3gico da invers\u00e3o de lideran\u00e7a familiar na mente dos filhos adultos."},{"@type":"BreadcrumbList","@id":"https:\/\/www.correiobraziliense.com.br\/cbradar\/a-psicologia-aponta-que-a-parte-mais-dificil-de-ver-seus-pais-envelhecerem-nao-e-a-idade-e-perceber-que-voce-se-tornou-a-pessoa-forte-da-familia\/#breadcrumb","itemListElement":[{"@type":"ListItem","position":1,"name":"In\u00edcio","item":"https:\/\/www.correiobraziliense.com.br\/cbradar\/"},{"@type":"ListItem","position":2,"name":"A psicologia aponta que a parte mais dif\u00edcil de ver seus pais envelhecerem n\u00e3o \u00e9 a idade, \u00e9 perceber que voc\u00ea se tornou a pessoa forte da fam\u00edlia"}]},{"@type":"WebSite","@id":"https:\/\/www.correiobraziliense.com.br\/cbradar\/#website","url":"https:\/\/www.correiobraziliense.com.br\/cbradar\/","name":"Correio Braziliense - Radar","description":"Acompanhe as \u00faltimas not\u00edcias e fique bem informado sobre tudo o que acontece no Brasil e no mundo.","potentialAction":[{"@type":"SearchAction","target":{"@type":"EntryPoint","urlTemplate":"https:\/\/www.correiobraziliense.com.br\/cbradar\/?s={search_term_string}"},"query-input":{"@type":"PropertyValueSpecification","valueRequired":true,"valueName":"search_term_string"}}],"inLanguage":"pt-BR"},{"@type":"Person","@id":"https:\/\/www.correiobraziliense.com.br\/cbradar\/#\/schema\/person\/4cec7857301a9a1a2ef249893cd908d3","name":"Paulo Custodio","image":{"@type":"ImageObject","inLanguage":"pt-BR","@id":"https:\/\/www.correiobraziliense.com.br\/cbradar\/#\/schema\/person\/image\/","url":"https:\/\/secure.gravatar.com\/avatar\/bcd67168d1534e8fcf4f45c726a87cea?s=96&d=mm&r=g","contentUrl":"https:\/\/secure.gravatar.com\/avatar\/bcd67168d1534e8fcf4f45c726a87cea?s=96&d=mm&r=g","caption":"Paulo Custodio"},"sameAs":["https:\/\/www.correiobraziliense.com.br\/cbradar"],"url":"https:\/\/www.correiobraziliense.com.br\/cbradar\/author\/paulomyth\/"}]}},"_links":{"self":[{"href":"https:\/\/www.correiobraziliense.com.br\/cbradar\/wp-json\/wp\/v2\/posts\/232261","targetHints":{"allow":["GET"]}}],"collection":[{"href":"https:\/\/www.correiobraziliense.com.br\/cbradar\/wp-json\/wp\/v2\/posts"}],"about":[{"href":"https:\/\/www.correiobraziliense.com.br\/cbradar\/wp-json\/wp\/v2\/types\/post"}],"author":[{"embeddable":true,"href":"https:\/\/www.correiobraziliense.com.br\/cbradar\/wp-json\/wp\/v2\/users\/11"}],"replies":[{"embeddable":true,"href":"https:\/\/www.correiobraziliense.com.br\/cbradar\/wp-json\/wp\/v2\/comments?post=232261"}],"version-history":[{"count":1,"href":"https:\/\/www.correiobraziliense.com.br\/cbradar\/wp-json\/wp\/v2\/posts\/232261\/revisions"}],"predecessor-version":[{"id":232265,"href":"https:\/\/www.correiobraziliense.com.br\/cbradar\/wp-json\/wp\/v2\/posts\/232261\/revisions\/232265"}],"wp:featuredmedia":[{"embeddable":true,"href":"https:\/\/www.correiobraziliense.com.br\/cbradar\/wp-json\/wp\/v2\/media\/232262"}],"wp:attachment":[{"href":"https:\/\/www.correiobraziliense.com.br\/cbradar\/wp-json\/wp\/v2\/media?parent=232261"}],"wp:term":[{"taxonomy":"category","embeddable":true,"href":"https:\/\/www.correiobraziliense.com.br\/cbradar\/wp-json\/wp\/v2\/categories?post=232261"},{"taxonomy":"post_tag","embeddable":true,"href":"https:\/\/www.correiobraziliense.com.br\/cbradar\/wp-json\/wp\/v2\/post_tag?post=232261"}],"curies":[{"name":"wp","href":"https:\/\/api.w.org\/{rel}","templated":true}]}}