{"id":232266,"date":"2026-04-26T06:49:00","date_gmt":"2026-04-26T09:49:00","guid":{"rendered":"https:\/\/www.correiobraziliense.com.br\/cbradar\/?p=232266"},"modified":"2026-04-26T02:30:14","modified_gmt":"2026-04-26T05:30:14","slug":"a-psicologia-diz-que-quem-anda-de-um-lado-para-o-outro-enquanto-pensa-nao-esta-ansioso-esta-organizando-melhor-o-raciocinio","status":"publish","type":"post","link":"https:\/\/www.correiobraziliense.com.br\/cbradar\/a-psicologia-diz-que-quem-anda-de-um-lado-para-o-outro-enquanto-pensa-nao-esta-ansioso-esta-organizando-melhor-o-raciocinio\/","title":{"rendered":"A psicologia diz que quem anda de um lado para o outro enquanto pensa n\u00e3o est\u00e1 ansioso, est\u00e1 organizando melhor o racioc\u00ednio"},"content":{"rendered":"\n<p>Por que tanta gente se levanta e come\u00e7a a <strong>andar de um lado para o outro<\/strong> quando precisa pensar em algo importante? A cena \u00e9 comum: a pessoa circula pela sala, vai e volta, e s\u00f3 percebe o movimento depois de v\u00e1rios trajetos repetidos. A psicologia cognitiva explica que esse comportamento n\u00e3o \u00e9 um sinal direto de ansiedade, mas um recurso natural do c\u00e9rebro para organizar ideias, aliviar tens\u00f5es e encontrar solu\u00e7\u00f5es com mais clareza.<\/p>\n\n\n\n<h2 class=\"wp-block-heading\">Por que sentimos a necessidade de andar enquanto pensamos?<\/h2>\n\n\n\n<p>A explica\u00e7\u00e3o est\u00e1 na forma como o corpo e a mente se conectam. A teoria da <a href=\"https:\/\/pt.wikipedia.org\/wiki\/Cogni%C3%A7%C3%A3o_corporificada\" target=\"_blank\" rel=\"noreferrer noopener\">cogni\u00e7\u00e3o corporificada<\/a> defende que aspectos sensoriais e motores s\u00e3o integrados ao processamento cognitivo. Em outras palavras, o modo como nos movemos influencia diretamente a maneira como pensamos.<\/p>\n\n\n\n<p>Quando o corpo entra em movimento r\u00edtmico, \u00e1reas do c\u00e9rebro ligadas \u00e0 <strong>aten\u00e7\u00e3o<\/strong>, \u00e0 <strong>mem\u00f3ria<\/strong> e ao <strong>planejamento<\/strong> s\u00e3o ativadas. Esse estado de ativa\u00e7\u00e3o moderada cria um ambiente mais favor\u00e1vel para o racioc\u00ednio, ajudando a destravar pensamentos que pareciam emperrados.<\/p>\n\n\n<div class=\"wp-block-image\">\n<figure class=\"aligncenter size-full\"><img decoding=\"async\" width=\"1280\" height=\"720\" src=\"https:\/\/www.correiobraziliense.com.br\/cbradar\/wp-content\/uploads\/2026\/04\/IMAGEM_720p_1777179539147.jpg\" alt=\"Andar de um lado para o outro pode ser um mecanismo de organiza\u00e7\u00e3o do racioc\u00ednio\" class=\"wp-image-232268\" srcset=\"https:\/\/www.correiobraziliense.com.br\/cbradar\/wp-content\/uploads\/2026\/04\/IMAGEM_720p_1777179539147.jpg 1280w, https:\/\/www.correiobraziliense.com.br\/cbradar\/wp-content\/uploads\/2026\/04\/IMAGEM_720p_1777179539147-300x169.jpg 300w, https:\/\/www.correiobraziliense.com.br\/cbradar\/wp-content\/uploads\/2026\/04\/IMAGEM_720p_1777179539147-768x432.jpg 768w, https:\/\/www.correiobraziliense.com.br\/cbradar\/wp-content\/uploads\/2026\/04\/IMAGEM_720p_1777179539147-750x422.jpg 750w, https:\/\/www.correiobraziliense.com.br\/cbradar\/wp-content\/uploads\/2026\/04\/IMAGEM_720p_1777179539147-1140x641.jpg 1140w\" sizes=\"(max-width: 1280px) 100vw, 1280px\" \/><figcaption class=\"wp-element-caption\">Andar de um lado para o outro pode ser um mecanismo de organiza\u00e7\u00e3o do racioc\u00ednio<\/figcaption><\/figure><\/div>\n\n\n<h2 class=\"wp-block-heading\">O que acontece no c\u00e9rebro quando andamos de um lado para o outro?<\/h2>\n\n\n\n<p>Ao se levantar e caminhar, mesmo que em um espa\u00e7o curto, o c\u00e9rebro sai de um modo mais r\u00edgido e entra em um padr\u00e3o associativo. Estudos indicam que o movimento corporal estimula o <strong>pensamento divergente<\/strong>, respons\u00e1vel por gerar novas ideias e alternativas para um mesmo problema.<\/p>\n\n\n\n<p>Um experimento conduzido por pesquisadores da<strong> <a href=\"https:\/\/news.stanford.edu\/stories\/2014\/04\/walking-vs-sitting-042414\" target=\"_blank\" rel=\"noreferrer noopener\">Stanford Graduate School of Education<\/a><\/strong> mostrou que caminhar aumentou em <strong>60%<\/strong> a produ\u00e7\u00e3o criativa dos participantes, em compara\u00e7\u00e3o com quem permaneceu sentado. O efeito positivo continuou mesmo depois que as pessoas voltavam a se sentar.<\/p>\n\n\n\n<h2 class=\"wp-block-heading\">Andar de um lado para o outro \u00e9 sempre sinal de ansiedade?<\/h2>\n\n\n\n<p>N\u00e3o obrigatoriamente. Embora a ansiedade tamb\u00e9m possa gerar inquieta\u00e7\u00e3o motora, o contexto faz toda a diferen\u00e7a. Quando o movimento surge durante uma tentativa ativa de resolver um problema, ele costuma ser um mecanismo de <strong>autorregula\u00e7\u00e3o cognitiva<\/strong>, e n\u00e3o um sintoma cl\u00ednico.<\/p>\n\n\n\n<p>O c\u00e9rebro utiliza o ritmo da caminhada como uma esp\u00e9cie de \u00e2ncora para manter o foco. Enquanto o corpo se movimenta de forma previs\u00edvel, a mente ganha espa\u00e7o para explorar conex\u00f5es mais livres, o que reduz a rumina\u00e7\u00e3o e melhora a clareza do pensamento.<\/p>\n\n\n\n<h3 class=\"wp-block-heading\">Quando o movimento pode indicar algo diferente<\/h3>\n\n\n\n<p>Se a necessidade de andar vier acompanhada de sintomas como taquicardia, pensamentos acelerados e sensa\u00e7\u00e3o de perigo iminente, \u00e9 poss\u00edvel que exista um quadro de <strong>ansiedade<\/strong> associado. Nesses casos, o movimento funciona mais como uma v\u00e1lvula de escape do que como uma ferramenta de organiza\u00e7\u00e3o mental.<\/p>\n\n\n\n<p>Leia tamb\u00e9m: <a href=\"https:\/\/www.correiobraziliense.com.br\/cbradar\/segundo-especialistas-em-psicologia-pessoas-que-precisaram-se-virar-sozinhas-na-infancia-desenvolvem-independencia-emocional-que-poucos-entendem-hoje\/\" target=\"_blank\" rel=\"noreferrer noopener\">Segundo especialistas em psicologia, pessoas que precisaram se virar sozinhas na inf\u00e2ncia desenvolvem independ\u00eancia emocional que poucos entendem hoje<\/a><\/p>\n\n\n\n<h2 class=\"wp-block-heading\">Como o movimento repetitivo ajuda a organizar o racioc\u00ednio?<\/h2>\n\n\n\n<p>O segredo est\u00e1 no ritmo. A cad\u00eancia regular dos passos reduz a carga sobre o <strong>c\u00f3rtex pr\u00e9-frontal<\/strong>, \u00e1rea respons\u00e1vel pelo controle executivo. Com menos interfer\u00eancia, o c\u00e9rebro consegue reordenar informa\u00e7\u00f5es e estabelecer novas conex\u00f5es com mais efici\u00eancia.<\/p>\n\n\n\n<p>Al\u00e9m disso, a leve ativa\u00e7\u00e3o cardiovascular melhora a oxigena\u00e7\u00e3o cerebral. Esse aumento no fluxo sangu\u00edneo favorece a comunica\u00e7\u00e3o entre neur\u00f4nios, facilitando tanto a recupera\u00e7\u00e3o de mem\u00f3rias quanto a gera\u00e7\u00e3o de insights repentinos.<\/p>\n\n\n<div class=\"wp-block-image\">\n<figure class=\"aligncenter size-full\"><img decoding=\"async\" width=\"1280\" height=\"720\" src=\"https:\/\/www.correiobraziliense.com.br\/cbradar\/wp-content\/uploads\/2026\/04\/IMAGEM_720p_1777179542074.jpg\" alt=\"Andar de um lado para o outro pode ser um mecanismo de organiza\u00e7\u00e3o do racioc\u00ednio\" class=\"wp-image-232267\" srcset=\"https:\/\/www.correiobraziliense.com.br\/cbradar\/wp-content\/uploads\/2026\/04\/IMAGEM_720p_1777179542074.jpg 1280w, https:\/\/www.correiobraziliense.com.br\/cbradar\/wp-content\/uploads\/2026\/04\/IMAGEM_720p_1777179542074-300x169.jpg 300w, https:\/\/www.correiobraziliense.com.br\/cbradar\/wp-content\/uploads\/2026\/04\/IMAGEM_720p_1777179542074-768x432.jpg 768w, https:\/\/www.correiobraziliense.com.br\/cbradar\/wp-content\/uploads\/2026\/04\/IMAGEM_720p_1777179542074-750x422.jpg 750w, https:\/\/www.correiobraziliense.com.br\/cbradar\/wp-content\/uploads\/2026\/04\/IMAGEM_720p_1777179542074-1140x641.jpg 1140w\" sizes=\"(max-width: 1280px) 100vw, 1280px\" \/><figcaption class=\"wp-element-caption\">Andar de um lado para o outro pode ser um mecanismo de organiza\u00e7\u00e3o do racioc\u00ednio<\/figcaption><\/figure><\/div>\n\n\n<h2 class=\"wp-block-heading\">Quais outros h\u00e1bitos corporais auxiliam o pensamento?<\/h2>\n\n\n\n<p>Andar de um lado para o outro \u00e9 apenas um dos comportamentos que o c\u00e9rebro utiliza para processar informa\u00e7\u00f5es. Em diferentes situa\u00e7\u00f5es, outros movimentos podem cumprir fun\u00e7\u00f5es semelhantes de ativa\u00e7\u00e3o e organiza\u00e7\u00e3o mental.<\/p>\n\n\n\n<p>Alguns exemplos observados no dia a dia:<\/p>\n\n\n\n<ul class=\"wp-block-list\">\n<li><strong>Rabiscar<\/strong> durante uma reuni\u00e3o<\/li>\n\n\n\n<li><strong>Falar sozinho<\/strong> em voz alta<\/li>\n\n\n\n<li><strong>Gesticular<\/strong> enquanto explica algo<\/li>\n\n\n\n<li><strong>Caminhar ao ar livre<\/strong> para clarear as ideias<\/li>\n<\/ul>\n\n\n\n<h2 class=\"wp-block-heading\">Como usar o movimento a favor da concentra\u00e7\u00e3o no dia a dia?<\/h2>\n\n\n\n<p>Incluir pequenas pausas para caminhar ao longo do dia pode fazer diferen\u00e7a na qualidade do racioc\u00ednio. Levantar da cadeira a cada <strong>45 minutos<\/strong> e dar alguns passos pelo ambiente ajuda a reativar \u00e1reas do c\u00e9rebro que ficam mais lentas com a imobilidade prolongada.<\/p>\n\n\n\n<p>Quem trabalha com criatividade ou resolu\u00e7\u00e3o de problemas pode se beneficiar de um espa\u00e7o que permita breves deslocamentos. O importante \u00e9 respeitar o ritmo natural do corpo e enxergar o movimento n\u00e3o como distra\u00e7\u00e3o, mas como parte ativa do processo de pensar.<\/p>\n","protected":false},"excerpt":{"rendered":"<p>Por que tanta gente se levanta e come\u00e7a a andar de um lado para o outro quando precisa pensar em algo importante? A cena \u00e9 comum: a pessoa circula pela sala, vai e volta, e s\u00f3 percebe o movimento depois de v\u00e1rios trajetos repetidos. A psicologia cognitiva explica que esse comportamento n\u00e3o \u00e9 um sinal [&hellip;]<\/p>\n","protected":false},"author":11,"featured_media":232269,"comment_status":"open","ping_status":"open","sticky":false,"template":"","format":"standard","meta":{"_yoast_wpseo_focuskw":"andar de um lado para o outro racioc\u00ednio","_yoast_wpseo_title":"","_yoast_wpseo_metadesc":"Andar de um lado para o outro enquanto pensa n\u00e3o \u00e9, necessariamente, ansiedade. A psicologia revela como o corpo ajuda o c\u00e9rebro a organizar melhor o racioc\u00ednio.","jnews-multi-image_gallery":[],"jnews_single_post":{"format":"standard"},"jnews_primary_category":[],"jnews_social_meta":[],"jnews_override_counter":[],"footnotes":""},"categories":[119],"post_tag":[],"class_list":["post-232266","post","type-post","status-publish","format-standard","has-post-thumbnail","hentry","category-bem-estar"],"yoast_head":"<!-- This site is optimized with the Yoast SEO plugin v24.6 - https:\/\/yoast.com\/wordpress\/plugins\/seo\/ -->\n<title>A psicologia diz que quem anda de um lado para o outro enquanto pensa n\u00e3o est\u00e1 ansioso, est\u00e1 organizando melhor o racioc\u00ednio - Correio Braziliense - Radar<\/title>\n<meta name=\"description\" content=\"Andar de um lado para o outro enquanto pensa n\u00e3o \u00e9, necessariamente, ansiedade. A psicologia revela como o corpo ajuda o c\u00e9rebro a organizar melhor o racioc\u00ednio.\" \/>\n<meta name=\"robots\" content=\"index, follow, max-snippet:-1, max-image-preview:large, max-video-preview:-1\" \/>\n<link rel=\"canonical\" href=\"https:\/\/www.correiobraziliense.com.br\/cbradar\/a-psicologia-diz-que-quem-anda-de-um-lado-para-o-outro-enquanto-pensa-nao-esta-ansioso-esta-organizando-melhor-o-raciocinio\/\" \/>\n<meta property=\"og:locale\" content=\"pt_BR\" \/>\n<meta property=\"og:type\" content=\"article\" \/>\n<meta property=\"og:title\" content=\"A psicologia diz que quem anda de um lado para o outro enquanto pensa n\u00e3o est\u00e1 ansioso, est\u00e1 organizando melhor o racioc\u00ednio - Correio Braziliense - Radar\" \/>\n<meta property=\"og:description\" content=\"Andar de um lado para o outro enquanto pensa n\u00e3o \u00e9, necessariamente, ansiedade. A psicologia revela como o corpo ajuda o c\u00e9rebro a organizar melhor o racioc\u00ednio.\" \/>\n<meta property=\"og:url\" content=\"https:\/\/www.correiobraziliense.com.br\/cbradar\/a-psicologia-diz-que-quem-anda-de-um-lado-para-o-outro-enquanto-pensa-nao-esta-ansioso-esta-organizando-melhor-o-raciocinio\/\" \/>\n<meta property=\"og:site_name\" content=\"Correio Braziliense - Radar\" \/>\n<meta property=\"article:published_time\" content=\"2026-04-26T09:49:00+00:00\" \/>\n<meta property=\"og:image\" content=\"https:\/\/www.correiobraziliense.com.br\/cbradar\/wp-content\/uploads\/2026\/04\/IMAGEM_720p_1777179688803.jpg\" \/>\n\t<meta property=\"og:image:width\" content=\"1280\" \/>\n\t<meta property=\"og:image:height\" content=\"720\" \/>\n\t<meta property=\"og:image:type\" content=\"image\/jpeg\" \/>\n<meta name=\"author\" content=\"Paulo Custodio\" \/>\n<meta name=\"twitter:card\" content=\"summary_large_image\" \/>\n<meta name=\"twitter:label1\" content=\"Escrito por\" \/>\n\t<meta name=\"twitter:data1\" content=\"Paulo Custodio\" \/>\n\t<meta name=\"twitter:label2\" content=\"Est. tempo de leitura\" \/>\n\t<meta name=\"twitter:data2\" content=\"5 minutos\" \/>\n<!-- \/ Yoast SEO plugin. -->","yoast_head_json":{"title":"A psicologia diz que quem anda de um lado para o outro enquanto pensa n\u00e3o est\u00e1 ansioso, est\u00e1 organizando melhor o racioc\u00ednio - Correio Braziliense - Radar","description":"Andar de um lado para o outro enquanto pensa n\u00e3o \u00e9, necessariamente, ansiedade. A psicologia revela como o corpo ajuda o c\u00e9rebro a organizar melhor o racioc\u00ednio.","robots":{"index":"index","follow":"follow","max-snippet":"max-snippet:-1","max-image-preview":"max-image-preview:large","max-video-preview":"max-video-preview:-1"},"canonical":"https:\/\/www.correiobraziliense.com.br\/cbradar\/a-psicologia-diz-que-quem-anda-de-um-lado-para-o-outro-enquanto-pensa-nao-esta-ansioso-esta-organizando-melhor-o-raciocinio\/","og_locale":"pt_BR","og_type":"article","og_title":"A psicologia diz que quem anda de um lado para o outro enquanto pensa n\u00e3o est\u00e1 ansioso, est\u00e1 organizando melhor o racioc\u00ednio - Correio Braziliense - Radar","og_description":"Andar de um lado para o outro enquanto pensa n\u00e3o \u00e9, necessariamente, ansiedade. A psicologia revela como o corpo ajuda o c\u00e9rebro a organizar melhor o racioc\u00ednio.","og_url":"https:\/\/www.correiobraziliense.com.br\/cbradar\/a-psicologia-diz-que-quem-anda-de-um-lado-para-o-outro-enquanto-pensa-nao-esta-ansioso-esta-organizando-melhor-o-raciocinio\/","og_site_name":"Correio Braziliense - Radar","article_published_time":"2026-04-26T09:49:00+00:00","og_image":[{"width":1280,"height":720,"url":"https:\/\/www.correiobraziliense.com.br\/cbradar\/wp-content\/uploads\/2026\/04\/IMAGEM_720p_1777179688803.jpg","type":"image\/jpeg"}],"author":"Paulo Custodio","twitter_card":"summary_large_image","twitter_misc":{"Escrito por":"Paulo Custodio","Est. tempo de leitura":"5 minutos"},"schema":{"@context":"https:\/\/schema.org","@graph":[{"@type":"WebPage","@id":"https:\/\/www.correiobraziliense.com.br\/cbradar\/a-psicologia-diz-que-quem-anda-de-um-lado-para-o-outro-enquanto-pensa-nao-esta-ansioso-esta-organizando-melhor-o-raciocinio\/","url":"https:\/\/www.correiobraziliense.com.br\/cbradar\/a-psicologia-diz-que-quem-anda-de-um-lado-para-o-outro-enquanto-pensa-nao-esta-ansioso-esta-organizando-melhor-o-raciocinio\/","name":"A psicologia diz que quem anda de um lado para o outro enquanto pensa n\u00e3o est\u00e1 ansioso, est\u00e1 organizando melhor o racioc\u00ednio - Correio Braziliense - Radar","isPartOf":{"@id":"https:\/\/www.correiobraziliense.com.br\/cbradar\/#website"},"primaryImageOfPage":{"@id":"https:\/\/www.correiobraziliense.com.br\/cbradar\/a-psicologia-diz-que-quem-anda-de-um-lado-para-o-outro-enquanto-pensa-nao-esta-ansioso-esta-organizando-melhor-o-raciocinio\/#primaryimage"},"image":{"@id":"https:\/\/www.correiobraziliense.com.br\/cbradar\/a-psicologia-diz-que-quem-anda-de-um-lado-para-o-outro-enquanto-pensa-nao-esta-ansioso-esta-organizando-melhor-o-raciocinio\/#primaryimage"},"thumbnailUrl":"https:\/\/www.correiobraziliense.com.br\/cbradar\/wp-content\/uploads\/2026\/04\/IMAGEM_720p_1777179688803.jpg","datePublished":"2026-04-26T09:49:00+00:00","author":{"@id":"https:\/\/www.correiobraziliense.com.br\/cbradar\/#\/schema\/person\/4cec7857301a9a1a2ef249893cd908d3"},"description":"Andar de um lado para o outro enquanto pensa n\u00e3o \u00e9, necessariamente, ansiedade. A psicologia revela como o corpo ajuda o c\u00e9rebro a organizar melhor o racioc\u00ednio.","breadcrumb":{"@id":"https:\/\/www.correiobraziliense.com.br\/cbradar\/a-psicologia-diz-que-quem-anda-de-um-lado-para-o-outro-enquanto-pensa-nao-esta-ansioso-esta-organizando-melhor-o-raciocinio\/#breadcrumb"},"inLanguage":"pt-BR","potentialAction":[{"@type":"ReadAction","target":["https:\/\/www.correiobraziliense.com.br\/cbradar\/a-psicologia-diz-que-quem-anda-de-um-lado-para-o-outro-enquanto-pensa-nao-esta-ansioso-esta-organizando-melhor-o-raciocinio\/"]}]},{"@type":"ImageObject","inLanguage":"pt-BR","@id":"https:\/\/www.correiobraziliense.com.br\/cbradar\/a-psicologia-diz-que-quem-anda-de-um-lado-para-o-outro-enquanto-pensa-nao-esta-ansioso-esta-organizando-melhor-o-raciocinio\/#primaryimage","url":"https:\/\/www.correiobraziliense.com.br\/cbradar\/wp-content\/uploads\/2026\/04\/IMAGEM_720p_1777179688803.jpg","contentUrl":"https:\/\/www.correiobraziliense.com.br\/cbradar\/wp-content\/uploads\/2026\/04\/IMAGEM_720p_1777179688803.jpg","width":1280,"height":720,"caption":"Andar de um lado para o outro pode ser um mecanismo de organiza\u00e7\u00e3o do racioc\u00ednio"},{"@type":"BreadcrumbList","@id":"https:\/\/www.correiobraziliense.com.br\/cbradar\/a-psicologia-diz-que-quem-anda-de-um-lado-para-o-outro-enquanto-pensa-nao-esta-ansioso-esta-organizando-melhor-o-raciocinio\/#breadcrumb","itemListElement":[{"@type":"ListItem","position":1,"name":"In\u00edcio","item":"https:\/\/www.correiobraziliense.com.br\/cbradar\/"},{"@type":"ListItem","position":2,"name":"A psicologia diz que quem anda de um lado para o outro enquanto pensa n\u00e3o est\u00e1 ansioso, est\u00e1 organizando melhor o racioc\u00ednio"}]},{"@type":"WebSite","@id":"https:\/\/www.correiobraziliense.com.br\/cbradar\/#website","url":"https:\/\/www.correiobraziliense.com.br\/cbradar\/","name":"Correio Braziliense - Radar","description":"Acompanhe as \u00faltimas not\u00edcias e fique bem informado sobre tudo o que acontece no Brasil e no mundo.","potentialAction":[{"@type":"SearchAction","target":{"@type":"EntryPoint","urlTemplate":"https:\/\/www.correiobraziliense.com.br\/cbradar\/?s={search_term_string}"},"query-input":{"@type":"PropertyValueSpecification","valueRequired":true,"valueName":"search_term_string"}}],"inLanguage":"pt-BR"},{"@type":"Person","@id":"https:\/\/www.correiobraziliense.com.br\/cbradar\/#\/schema\/person\/4cec7857301a9a1a2ef249893cd908d3","name":"Paulo Custodio","image":{"@type":"ImageObject","inLanguage":"pt-BR","@id":"https:\/\/www.correiobraziliense.com.br\/cbradar\/#\/schema\/person\/image\/","url":"https:\/\/secure.gravatar.com\/avatar\/bcd67168d1534e8fcf4f45c726a87cea?s=96&d=mm&r=g","contentUrl":"https:\/\/secure.gravatar.com\/avatar\/bcd67168d1534e8fcf4f45c726a87cea?s=96&d=mm&r=g","caption":"Paulo Custodio"},"sameAs":["https:\/\/www.correiobraziliense.com.br\/cbradar"],"url":"https:\/\/www.correiobraziliense.com.br\/cbradar\/author\/paulomyth\/"}]}},"_links":{"self":[{"href":"https:\/\/www.correiobraziliense.com.br\/cbradar\/wp-json\/wp\/v2\/posts\/232266","targetHints":{"allow":["GET"]}}],"collection":[{"href":"https:\/\/www.correiobraziliense.com.br\/cbradar\/wp-json\/wp\/v2\/posts"}],"about":[{"href":"https:\/\/www.correiobraziliense.com.br\/cbradar\/wp-json\/wp\/v2\/types\/post"}],"author":[{"embeddable":true,"href":"https:\/\/www.correiobraziliense.com.br\/cbradar\/wp-json\/wp\/v2\/users\/11"}],"replies":[{"embeddable":true,"href":"https:\/\/www.correiobraziliense.com.br\/cbradar\/wp-json\/wp\/v2\/comments?post=232266"}],"version-history":[{"count":1,"href":"https:\/\/www.correiobraziliense.com.br\/cbradar\/wp-json\/wp\/v2\/posts\/232266\/revisions"}],"predecessor-version":[{"id":232270,"href":"https:\/\/www.correiobraziliense.com.br\/cbradar\/wp-json\/wp\/v2\/posts\/232266\/revisions\/232270"}],"wp:featuredmedia":[{"embeddable":true,"href":"https:\/\/www.correiobraziliense.com.br\/cbradar\/wp-json\/wp\/v2\/media\/232269"}],"wp:attachment":[{"href":"https:\/\/www.correiobraziliense.com.br\/cbradar\/wp-json\/wp\/v2\/media?parent=232266"}],"wp:term":[{"taxonomy":"category","embeddable":true,"href":"https:\/\/www.correiobraziliense.com.br\/cbradar\/wp-json\/wp\/v2\/categories?post=232266"},{"taxonomy":"post_tag","embeddable":true,"href":"https:\/\/www.correiobraziliense.com.br\/cbradar\/wp-json\/wp\/v2\/post_tag?post=232266"}],"curies":[{"name":"wp","href":"https:\/\/api.w.org\/{rel}","templated":true}]}}