{"id":232271,"date":"2026-04-26T07:49:00","date_gmt":"2026-04-26T10:49:00","guid":{"rendered":"https:\/\/www.correiobraziliense.com.br\/cbradar\/?p=232271"},"modified":"2026-04-26T02:37:06","modified_gmt":"2026-04-26T05:37:06","slug":"a-psicologia-aponta-que-ouvir-mais-do-que-falar-e-caracteristico-de-pessoas-com-alta-inteligencia-social","status":"publish","type":"post","link":"https:\/\/www.correiobraziliense.com.br\/cbradar\/a-psicologia-aponta-que-ouvir-mais-do-que-falar-e-caracteristico-de-pessoas-com-alta-inteligencia-social\/","title":{"rendered":"A psicologia aponta que ouvir mais do que falar \u00e9 caracter\u00edstico de pessoas com alta intelig\u00eancia social"},"content":{"rendered":"\n<p>Por que manter uma <strong>alta intelig\u00eancia social<\/strong> exige calar os nossos r\u00fasticos impulsos vocais nas grandes rodas intelectuais fechadas? A cl\u00ednica atesta rapidamente que suspender imensas teses sonoras egoc\u00eantricas aprimora e destrava a formid\u00e1vel e oculta leitura visual afiada sobre antigas e tristes microexpress\u00f5es comportamentais dolorosas alheias mudas di\u00e1rias e sutis.<\/p>\n\n\n\n<h2 class=\"wp-block-heading\">Por que o sil\u00eancio estrat\u00e9gico funciona melhor do que argumentos brilhantes na discuss\u00e3o?<\/h2>\n\n\n\n<p>O c\u00e9rebro primitivo ansioso interpreta o duro egocentrismo excessivo moderno como uma severa barreira f\u00edsica e emocional instintiva nas grandes disputas corporativas dif\u00edceis di\u00e1rias. Muitos chefes vocais arrogantes disparam falas cont\u00ednuas longas e brutas visando impor r\u00e1pidas autoridades hier\u00e1rquicas falsas vazias barulhentas agressivas amargas tensas cegas infelizes surdas e duras.<\/p>\n\n\n\n<p>Essa velha postura narcisista dispara violentamente e aciona velozmente o suado estado qu\u00edmico cerebral de extremo pavor biol\u00f3gico no fr\u00e1gil ouvinte cansado noturno di\u00e1rio. Suspender absolutamente o longo mon\u00f3logo oferece acolhimento mental gentil curador forte denso lindo puro e limpo capaz de trancar valiosas lealdades amig\u00e1veis reais pac\u00edficas seguras profundas duradouras.<\/p>\n\n\n<div class=\"wp-block-image\">\n<figure class=\"aligncenter size-full\"><img decoding=\"async\" width=\"1280\" height=\"720\" src=\"https:\/\/www.correiobraziliense.com.br\/cbradar\/wp-content\/uploads\/2026\/04\/IMAGEM_720p_1777180170641.jpg\" alt=\"Detalhadamente os mecanismos ps\u00edquicos e os fortes ganhos corporativos ocultos por tr\u00e1s do silencioso e curativo h\u00e1bito da longa escuta focada\" class=\"wp-image-232273\" srcset=\"https:\/\/www.correiobraziliense.com.br\/cbradar\/wp-content\/uploads\/2026\/04\/IMAGEM_720p_1777180170641.jpg 1280w, https:\/\/www.correiobraziliense.com.br\/cbradar\/wp-content\/uploads\/2026\/04\/IMAGEM_720p_1777180170641-300x169.jpg 300w, https:\/\/www.correiobraziliense.com.br\/cbradar\/wp-content\/uploads\/2026\/04\/IMAGEM_720p_1777180170641-768x432.jpg 768w, https:\/\/www.correiobraziliense.com.br\/cbradar\/wp-content\/uploads\/2026\/04\/IMAGEM_720p_1777180170641-750x422.jpg 750w, https:\/\/www.correiobraziliense.com.br\/cbradar\/wp-content\/uploads\/2026\/04\/IMAGEM_720p_1777180170641-1140x641.jpg 1140w\" sizes=\"(max-width: 1280px) 100vw, 1280px\" \/><figcaption class=\"wp-element-caption\">Detalhadamente os mecanismos ps\u00edquicos e os fortes ganhos corporativos ocultos por tr\u00e1s do silencioso e curativo h\u00e1bito da longa escuta focada<\/figcaption><\/figure><\/div>\n\n\n<h2 class=\"wp-block-heading\">Como a neuroci\u00eancia mapeia os reais ganhos cl\u00ednicos da velha escuta passiva focada?<\/h2>\n\n\n\n<p>Focar e absorver intensamente a triste e grande ang\u00fastia verbal chorosa do colega apaga e desliga severos gatilhos perigosos cr\u00f4nicos da sua forte depress\u00e3o e profunda exaust\u00e3o \u00edntima isolada escura silenciosa. A respeitada e valiosa <a href=\"https:\/\/dictionary.apa.org\/social-skills?utm_source=link%20interno&amp;utm_medium=referral&amp;jaytkMais%20Campus%20-%20Uniarp=CS1W_n0BAACDF1f-fQEAADg2NDg4ZGM4LTgwNmUtNDNlOS05YzkxLTgwN2M0NjI3OTJlNQ\" target=\"_blank\" rel=\"noreferrer noopener\"><strong>American Psychological Association<\/strong><\/a> atesta amplamente que \u00f3timos psicanalistas calados sustentam incr\u00edveis e baixos n\u00edveis inflamat\u00f3rios t\u00f3xicos f\u00edsicos.<\/p>\n\n\n\n<p>Raros equipamentos neurais provam uma estrondosa e gigante sincroniza\u00e7\u00e3o el\u00e9trica magn\u00e9tica r\u00edtmica perfeita e maravilhosa quando duas agitadas cabe\u00e7as brilhantes focam estritamente e silenciosamente o mesmo alvo triste escuro e ca\u00f3tico di\u00e1rio longo. Essa formid\u00e1vel e suave harmonia biol\u00f3gica m\u00fatua freia profundos e velhos ataques g\u00e9lidos noturnos paralisantes silenciosos suados frios.<\/p>\n\n\n\n<h2 class=\"wp-block-heading\">Quais v\u00edcios verbais grosseiros arru\u00ednam a sua valiosa e grande reputa\u00e7\u00e3o nas salas de ger\u00eancia?<\/h2>\n\n\n\n<p>Disputar e arrancar agressivamente os maravilhosos curtos focos luminosos centrais nas velhas e cansativas reuni\u00f5es estrat\u00e9gicas derruba e quebra fortes carreiras ascendentes velozmente e com muito impacto amargo fatal definitivo e cruel frio liso. Esse roubo longo e sujo de aten\u00e7\u00e3o sinaliza fortes e brutais traumas mimados narcisistas densos cravados profundamente.<\/p>\n\n\n\n<p>O excelente l\u00edder anal\u00edtico polido recusa categoricamente os severos cortes destrutivos duros t\u00f3xicos primitivos e rasos que decepam valiosos racioc\u00ednios flu\u00eddos alheios l\u00f3gicos sensatos claros diretos limpos.<\/p>\n\n\n\n<p>Mapeie rigorosamente as terr\u00edveis travas verbais imaturas comuns primitivas que explodem as ricas passagens comunicativas puras e livres das suas melhores negocia\u00e7\u00f5es noturnas amig\u00e1veis pac\u00edficas e serenas:<\/p>\n\n\n\n<ul class=\"wp-block-list\">\n<li><strong>Interrup\u00e7\u00e3o covarde brusca:<\/strong> fatiar o pensamento do tenso e fr\u00e1gil colaborador inibe completamente e assusta severamente a criativa formula\u00e7\u00e3o de excelentes teses modernas l\u00f3gicas profundas milion\u00e1rias e raras soltas.<\/li>\n\n\n\n<li><strong>Conselhos m\u00e1gicos falhos:<\/strong> disparar respostas fechadas montadas engessadas cegas surdas antes de absorver amplas dores apaga e ignora criminosamente toda a vasta raiz t\u00f3xica e doentia oculta complexa.<\/li>\n\n\n\n<li><strong>Dramas infantis invertidos:<\/strong> arrastar o dram\u00e1tico desabafo agudo e infeliz do triste parceiro machucado amargo para o seu curto umbigo apaga e destr\u00f3i absolutamente todo o curativo holofote sagrado do\u00eddo solit\u00e1rio e frio original dele.<\/li>\n<\/ul>\n\n\n\n<h2 class=\"wp-block-heading\">Onde a forte empatia cognitiva afasta os l\u00edderes amadores fracos dos formid\u00e1veis e gigantes mestres?<\/h2>\n\n\n\n<p>Sentir aquela pena leviana doce fraca superficial inofensiva passiva amena infantil oca e mole jamais uniu ferozes advers\u00e1rios afastados e distantes no mercado lotado competitivo blindado hostil cego duro veloz tenso. A maravilhosa e profunda <a href=\"https:\/\/pt.wikipedia.org\/wiki\/Intelig%C3%AAncia_emocional\" target=\"_blank\" rel=\"noreferrer noopener\">intelig\u00eancia emocional<\/a> cobra excelente e gigantesco racioc\u00ednio anal\u00edtico investigativo gelado forte agudo e cir\u00fargico incans\u00e1vel di\u00e1rio.<\/p>\n\n\n\n<h3 class=\"wp-block-heading\">O impacto pr\u00e1tico financeiro da valida\u00e7\u00e3o limpa nas pesadas negocia\u00e7\u00f5es duradouras milion\u00e1rias velhas di\u00e1rias reais<\/h3>\n\n\n\n<p>Cravar firmes e atentos olhares severos fixos compenetrados focados cont\u00ednuos atesta brilhantemente que voc\u00ea guardou segredos imensos amargos e vitais com extrema maestria \u00e9tica madura leal gigante e polida cont\u00ednua livre limpa e segura clara pura solta firme. O pequeno sil\u00eancio acalma temidos surtos inst\u00e1veis ansiosos perigosos di\u00e1rios tristes e reais rotineiros.<\/p>\n\n\n<div class=\"wp-block-image\">\n<figure class=\"aligncenter size-full\"><img decoding=\"async\" width=\"1280\" height=\"720\" src=\"https:\/\/www.correiobraziliense.com.br\/cbradar\/wp-content\/uploads\/2026\/04\/IMAGEM_720p_1777180168538.jpg\" alt=\"Detalhadamente os mecanismos ps\u00edquicos e os fortes ganhos corporativos ocultos por tr\u00e1s do silencioso e curativo h\u00e1bito da longa escuta focada\" class=\"wp-image-232274\" srcset=\"https:\/\/www.correiobraziliense.com.br\/cbradar\/wp-content\/uploads\/2026\/04\/IMAGEM_720p_1777180168538.jpg 1280w, https:\/\/www.correiobraziliense.com.br\/cbradar\/wp-content\/uploads\/2026\/04\/IMAGEM_720p_1777180168538-300x169.jpg 300w, https:\/\/www.correiobraziliense.com.br\/cbradar\/wp-content\/uploads\/2026\/04\/IMAGEM_720p_1777180168538-768x432.jpg 768w, https:\/\/www.correiobraziliense.com.br\/cbradar\/wp-content\/uploads\/2026\/04\/IMAGEM_720p_1777180168538-750x422.jpg 750w, https:\/\/www.correiobraziliense.com.br\/cbradar\/wp-content\/uploads\/2026\/04\/IMAGEM_720p_1777180168538-1140x641.jpg 1140w\" sizes=\"(max-width: 1280px) 100vw, 1280px\" \/><figcaption class=\"wp-element-caption\">Detalhadamente os mecanismos ps\u00edquicos e os fortes ganhos corporativos ocultos por tr\u00e1s do silencioso e curativo h\u00e1bito da longa escuta focada<\/figcaption><\/figure><\/div>\n\n\n<h2 class=\"wp-block-heading\">Qual o poderoso treinamento noturno pr\u00e1tico caseiro perfeito \u00fatil limpo e f\u00e1cil para polir a fala e garantir total paz mental pac\u00edfica e suave isolada \u00edntima?<\/h2>\n\n\n\n<p>A profunda e imensa gl\u00f3ria estrutural cont\u00ednua e madura come\u00e7a com humildade sempre nas curtas cozinhas familiares \u00edntimas noturnas quentes livres calmas cegas velhas e mudas puras soltas rotineiras di\u00e1rias pac\u00edficas f\u00e1ceis curtas \u00e1geis brandas limpas amenas isoladas e r\u00fasticas quentes soltas. Segure tr\u00eas amargos e longos grandes segundos respirat\u00f3rios imensos solit\u00e1rios ap\u00f3s o triste desabafo alheio choroso calar fisicamente.<\/p>\n\n\n\n<p>Essa longa paralisa\u00e7\u00e3o respirat\u00f3ria corporal biol\u00f3gica milim\u00e9trica for\u00e7a cegas inst\u00e2ncias cerebrais antigas nervosas primitivas furiosas duras r\u00fasticas e agressivas a traduzirem e colherem fortes p\u00e9rolas tristes ocultas alheias puras vitais densas amargas silenciosas fracas velhas. Voc\u00ea retruca elegantemente, assegurando gigante poder social pac\u00edfico acolhedor forte limpo sereno raro livre \u00e1gil seguro.<\/p>\n","protected":false},"excerpt":{"rendered":"<p>Por que manter uma alta intelig\u00eancia social exige calar os nossos r\u00fasticos impulsos vocais nas grandes rodas intelectuais fechadas? A cl\u00ednica atesta rapidamente que suspender imensas teses sonoras egoc\u00eantricas aprimora e destrava a formid\u00e1vel e oculta leitura visual afiada sobre antigas e tristes microexpress\u00f5es comportamentais dolorosas alheias mudas di\u00e1rias e sutis. Por que o sil\u00eancio [&hellip;]<\/p>\n","protected":false},"author":11,"featured_media":232272,"comment_status":"open","ping_status":"open","sticky":false,"template":"","format":"standard","meta":{"_yoast_wpseo_focuskw":"alta intelig\u00eancia social","_yoast_wpseo_title":"","_yoast_wpseo_metadesc":"Falar excessivamente arru\u00edna acordos valiosos e afasta \u00f3timos parceiros afetivos di\u00e1rios. Domine o sil\u00eancio focado para colher o profundo respeito alheio.","jnews-multi-image_gallery":[],"jnews_single_post":{"format":"standard"},"jnews_primary_category":[],"jnews_social_meta":[],"jnews_override_counter":[],"footnotes":""},"categories":[119],"post_tag":[],"class_list":["post-232271","post","type-post","status-publish","format-standard","has-post-thumbnail","hentry","category-bem-estar"],"yoast_head":"<!-- This site is optimized with the Yoast SEO plugin v24.6 - https:\/\/yoast.com\/wordpress\/plugins\/seo\/ -->\n<title>A psicologia aponta que ouvir mais do que falar \u00e9 caracter\u00edstico de pessoas com alta intelig\u00eancia social - Correio Braziliense - Radar<\/title>\n<meta name=\"description\" content=\"Falar excessivamente arru\u00edna acordos valiosos e afasta \u00f3timos parceiros afetivos di\u00e1rios. Domine o sil\u00eancio focado para colher o profundo respeito alheio.\" \/>\n<meta name=\"robots\" content=\"index, follow, max-snippet:-1, max-image-preview:large, max-video-preview:-1\" \/>\n<link rel=\"canonical\" href=\"https:\/\/www.correiobraziliense.com.br\/cbradar\/a-psicologia-aponta-que-ouvir-mais-do-que-falar-e-caracteristico-de-pessoas-com-alta-inteligencia-social\/\" \/>\n<meta property=\"og:locale\" content=\"pt_BR\" \/>\n<meta property=\"og:type\" content=\"article\" \/>\n<meta property=\"og:title\" content=\"A psicologia aponta que ouvir mais do que falar \u00e9 caracter\u00edstico de pessoas com alta intelig\u00eancia social - Correio Braziliense - Radar\" \/>\n<meta property=\"og:description\" content=\"Falar excessivamente arru\u00edna acordos valiosos e afasta \u00f3timos parceiros afetivos di\u00e1rios. Domine o sil\u00eancio focado para colher o profundo respeito alheio.\" \/>\n<meta property=\"og:url\" content=\"https:\/\/www.correiobraziliense.com.br\/cbradar\/a-psicologia-aponta-que-ouvir-mais-do-que-falar-e-caracteristico-de-pessoas-com-alta-inteligencia-social\/\" \/>\n<meta property=\"og:site_name\" content=\"Correio Braziliense - Radar\" \/>\n<meta property=\"article:published_time\" content=\"2026-04-26T10:49:00+00:00\" \/>\n<meta property=\"og:image\" content=\"https:\/\/www.correiobraziliense.com.br\/cbradar\/wp-content\/uploads\/2026\/04\/IMAGEM_720p_1777180155309.jpg\" \/>\n\t<meta property=\"og:image:width\" content=\"1280\" \/>\n\t<meta property=\"og:image:height\" content=\"720\" \/>\n\t<meta property=\"og:image:type\" content=\"image\/jpeg\" \/>\n<meta name=\"author\" content=\"Paulo Custodio\" \/>\n<meta name=\"twitter:card\" content=\"summary_large_image\" \/>\n<meta name=\"twitter:label1\" content=\"Escrito por\" \/>\n\t<meta name=\"twitter:data1\" content=\"Paulo Custodio\" \/>\n\t<meta name=\"twitter:label2\" content=\"Est. tempo de leitura\" \/>\n\t<meta name=\"twitter:data2\" content=\"6 minutos\" \/>\n<!-- \/ Yoast SEO plugin. -->","yoast_head_json":{"title":"A psicologia aponta que ouvir mais do que falar \u00e9 caracter\u00edstico de pessoas com alta intelig\u00eancia social - Correio Braziliense - Radar","description":"Falar excessivamente arru\u00edna acordos valiosos e afasta \u00f3timos parceiros afetivos di\u00e1rios. Domine o sil\u00eancio focado para colher o profundo respeito alheio.","robots":{"index":"index","follow":"follow","max-snippet":"max-snippet:-1","max-image-preview":"max-image-preview:large","max-video-preview":"max-video-preview:-1"},"canonical":"https:\/\/www.correiobraziliense.com.br\/cbradar\/a-psicologia-aponta-que-ouvir-mais-do-que-falar-e-caracteristico-de-pessoas-com-alta-inteligencia-social\/","og_locale":"pt_BR","og_type":"article","og_title":"A psicologia aponta que ouvir mais do que falar \u00e9 caracter\u00edstico de pessoas com alta intelig\u00eancia social - Correio Braziliense - Radar","og_description":"Falar excessivamente arru\u00edna acordos valiosos e afasta \u00f3timos parceiros afetivos di\u00e1rios. Domine o sil\u00eancio focado para colher o profundo respeito alheio.","og_url":"https:\/\/www.correiobraziliense.com.br\/cbradar\/a-psicologia-aponta-que-ouvir-mais-do-que-falar-e-caracteristico-de-pessoas-com-alta-inteligencia-social\/","og_site_name":"Correio Braziliense - Radar","article_published_time":"2026-04-26T10:49:00+00:00","og_image":[{"width":1280,"height":720,"url":"https:\/\/www.correiobraziliense.com.br\/cbradar\/wp-content\/uploads\/2026\/04\/IMAGEM_720p_1777180155309.jpg","type":"image\/jpeg"}],"author":"Paulo Custodio","twitter_card":"summary_large_image","twitter_misc":{"Escrito por":"Paulo Custodio","Est. tempo de leitura":"6 minutos"},"schema":{"@context":"https:\/\/schema.org","@graph":[{"@type":"WebPage","@id":"https:\/\/www.correiobraziliense.com.br\/cbradar\/a-psicologia-aponta-que-ouvir-mais-do-que-falar-e-caracteristico-de-pessoas-com-alta-inteligencia-social\/","url":"https:\/\/www.correiobraziliense.com.br\/cbradar\/a-psicologia-aponta-que-ouvir-mais-do-que-falar-e-caracteristico-de-pessoas-com-alta-inteligencia-social\/","name":"A psicologia aponta que ouvir mais do que falar \u00e9 caracter\u00edstico de pessoas com alta intelig\u00eancia social - Correio Braziliense - Radar","isPartOf":{"@id":"https:\/\/www.correiobraziliense.com.br\/cbradar\/#website"},"primaryImageOfPage":{"@id":"https:\/\/www.correiobraziliense.com.br\/cbradar\/a-psicologia-aponta-que-ouvir-mais-do-que-falar-e-caracteristico-de-pessoas-com-alta-inteligencia-social\/#primaryimage"},"image":{"@id":"https:\/\/www.correiobraziliense.com.br\/cbradar\/a-psicologia-aponta-que-ouvir-mais-do-que-falar-e-caracteristico-de-pessoas-com-alta-inteligencia-social\/#primaryimage"},"thumbnailUrl":"https:\/\/www.correiobraziliense.com.br\/cbradar\/wp-content\/uploads\/2026\/04\/IMAGEM_720p_1777180155309.jpg","datePublished":"2026-04-26T10:49:00+00:00","author":{"@id":"https:\/\/www.correiobraziliense.com.br\/cbradar\/#\/schema\/person\/4cec7857301a9a1a2ef249893cd908d3"},"description":"Falar excessivamente arru\u00edna acordos valiosos e afasta \u00f3timos parceiros afetivos di\u00e1rios. Domine o sil\u00eancio focado para colher o profundo respeito alheio.","breadcrumb":{"@id":"https:\/\/www.correiobraziliense.com.br\/cbradar\/a-psicologia-aponta-que-ouvir-mais-do-que-falar-e-caracteristico-de-pessoas-com-alta-inteligencia-social\/#breadcrumb"},"inLanguage":"pt-BR","potentialAction":[{"@type":"ReadAction","target":["https:\/\/www.correiobraziliense.com.br\/cbradar\/a-psicologia-aponta-que-ouvir-mais-do-que-falar-e-caracteristico-de-pessoas-com-alta-inteligencia-social\/"]}]},{"@type":"ImageObject","inLanguage":"pt-BR","@id":"https:\/\/www.correiobraziliense.com.br\/cbradar\/a-psicologia-aponta-que-ouvir-mais-do-que-falar-e-caracteristico-de-pessoas-com-alta-inteligencia-social\/#primaryimage","url":"https:\/\/www.correiobraziliense.com.br\/cbradar\/wp-content\/uploads\/2026\/04\/IMAGEM_720p_1777180155309.jpg","contentUrl":"https:\/\/www.correiobraziliense.com.br\/cbradar\/wp-content\/uploads\/2026\/04\/IMAGEM_720p_1777180155309.jpg","width":1280,"height":720,"caption":"Detalhadamente os mecanismos ps\u00edquicos e os fortes ganhos corporativos ocultos por tr\u00e1s do silencioso e curativo h\u00e1bito da longa escuta focada"},{"@type":"BreadcrumbList","@id":"https:\/\/www.correiobraziliense.com.br\/cbradar\/a-psicologia-aponta-que-ouvir-mais-do-que-falar-e-caracteristico-de-pessoas-com-alta-inteligencia-social\/#breadcrumb","itemListElement":[{"@type":"ListItem","position":1,"name":"In\u00edcio","item":"https:\/\/www.correiobraziliense.com.br\/cbradar\/"},{"@type":"ListItem","position":2,"name":"A psicologia aponta que ouvir mais do que falar \u00e9 caracter\u00edstico de pessoas com alta intelig\u00eancia social"}]},{"@type":"WebSite","@id":"https:\/\/www.correiobraziliense.com.br\/cbradar\/#website","url":"https:\/\/www.correiobraziliense.com.br\/cbradar\/","name":"Correio Braziliense - Radar","description":"Acompanhe as \u00faltimas not\u00edcias e fique bem informado sobre tudo o que acontece no Brasil e no mundo.","potentialAction":[{"@type":"SearchAction","target":{"@type":"EntryPoint","urlTemplate":"https:\/\/www.correiobraziliense.com.br\/cbradar\/?s={search_term_string}"},"query-input":{"@type":"PropertyValueSpecification","valueRequired":true,"valueName":"search_term_string"}}],"inLanguage":"pt-BR"},{"@type":"Person","@id":"https:\/\/www.correiobraziliense.com.br\/cbradar\/#\/schema\/person\/4cec7857301a9a1a2ef249893cd908d3","name":"Paulo Custodio","image":{"@type":"ImageObject","inLanguage":"pt-BR","@id":"https:\/\/www.correiobraziliense.com.br\/cbradar\/#\/schema\/person\/image\/","url":"https:\/\/secure.gravatar.com\/avatar\/bcd67168d1534e8fcf4f45c726a87cea?s=96&d=mm&r=g","contentUrl":"https:\/\/secure.gravatar.com\/avatar\/bcd67168d1534e8fcf4f45c726a87cea?s=96&d=mm&r=g","caption":"Paulo Custodio"},"sameAs":["https:\/\/www.correiobraziliense.com.br\/cbradar"],"url":"https:\/\/www.correiobraziliense.com.br\/cbradar\/author\/paulomyth\/"}]}},"_links":{"self":[{"href":"https:\/\/www.correiobraziliense.com.br\/cbradar\/wp-json\/wp\/v2\/posts\/232271","targetHints":{"allow":["GET"]}}],"collection":[{"href":"https:\/\/www.correiobraziliense.com.br\/cbradar\/wp-json\/wp\/v2\/posts"}],"about":[{"href":"https:\/\/www.correiobraziliense.com.br\/cbradar\/wp-json\/wp\/v2\/types\/post"}],"author":[{"embeddable":true,"href":"https:\/\/www.correiobraziliense.com.br\/cbradar\/wp-json\/wp\/v2\/users\/11"}],"replies":[{"embeddable":true,"href":"https:\/\/www.correiobraziliense.com.br\/cbradar\/wp-json\/wp\/v2\/comments?post=232271"}],"version-history":[{"count":1,"href":"https:\/\/www.correiobraziliense.com.br\/cbradar\/wp-json\/wp\/v2\/posts\/232271\/revisions"}],"predecessor-version":[{"id":232275,"href":"https:\/\/www.correiobraziliense.com.br\/cbradar\/wp-json\/wp\/v2\/posts\/232271\/revisions\/232275"}],"wp:featuredmedia":[{"embeddable":true,"href":"https:\/\/www.correiobraziliense.com.br\/cbradar\/wp-json\/wp\/v2\/media\/232272"}],"wp:attachment":[{"href":"https:\/\/www.correiobraziliense.com.br\/cbradar\/wp-json\/wp\/v2\/media?parent=232271"}],"wp:term":[{"taxonomy":"category","embeddable":true,"href":"https:\/\/www.correiobraziliense.com.br\/cbradar\/wp-json\/wp\/v2\/categories?post=232271"},{"taxonomy":"post_tag","embeddable":true,"href":"https:\/\/www.correiobraziliense.com.br\/cbradar\/wp-json\/wp\/v2\/post_tag?post=232271"}],"curies":[{"name":"wp","href":"https:\/\/api.w.org\/{rel}","templated":true}]}}