{"id":232282,"date":"2026-04-26T10:39:00","date_gmt":"2026-04-26T13:39:00","guid":{"rendered":"https:\/\/www.correiobraziliense.com.br\/cbradar\/?p=232282"},"modified":"2026-04-26T02:39:12","modified_gmt":"2026-04-26T05:39:12","slug":"a-folha-amarga-que-pode-ajudar-seu-figado-e-intestino-e-ainda-e-facil-de-plantar-em-casa","status":"publish","type":"post","link":"https:\/\/www.correiobraziliense.com.br\/cbradar\/a-folha-amarga-que-pode-ajudar-seu-figado-e-intestino-e-ainda-e-facil-de-plantar-em-casa\/","title":{"rendered":"A folha amarga que pode ajudar seu f\u00edgado e intestino e ainda \u00e9 f\u00e1cil de plantar em casa"},"content":{"rendered":"\n<p>Existe uma folha de sabor intenso que divide opini\u00f5es \u00e0 mesa, mas que a ci\u00eancia trata com cada vez mais respeito. A <strong>chic\u00f3ria<\/strong> \u00e9 essa hortali\u00e7a de amargor inconfund\u00edvel, conhecida popularmente como aliada do f\u00edgado e do intestino. Estudos recentes mostram que os compostos amargos da chic\u00f3ria estimulam a produ\u00e7\u00e3o de bile e ajudam a equilibrar a microbiota intestinal.<\/p>\n\n\n\n<h2 class=\"wp-block-heading\">O que \u00e9 a chic\u00f3ria e por que ela tem sabor t\u00e3o amargo?<\/h2>\n\n\n\n<p>A chic\u00f3ria pertence ao g\u00eanero <strong>Cichorium<\/strong>, da fam\u00edlia Asteraceae, a mesma das margaridas e do girassol. Trata\u2011se de uma planta herb\u00e1cea de folhas verdes que podem ser lisas ou onduladas, cultivada em v\u00e1rias regi\u00f5es do mundo.<\/p>\n\n\n\n<p>O amargor caracter\u00edstico vem de compostos chamados <strong>lactonas sesquiterp\u00eanicas<\/strong>, como a intibina. Essas subst\u00e2ncias s\u00e3o respons\u00e1veis por ativar as papilas gustativas e, ao mesmo tempo, desencadear uma s\u00e9rie de rea\u00e7\u00f5es ben\u00e9ficas no sistema digestivo.<\/p>\n\n\n<div class=\"wp-block-image\">\n<figure class=\"aligncenter size-full\"><img decoding=\"async\" width=\"1280\" height=\"720\" src=\"https:\/\/www.correiobraziliense.com.br\/cbradar\/wp-content\/uploads\/2026\/04\/IMAGEM_720p_1777180937218.jpg\" alt=\"A chic\u00f3ria como uma folha amarga ben\u00e9fica para o f\u00edgado e intestino, explicar seus mecanismos de a\u00e7\u00e3o com base cient\u00edfica\" class=\"wp-image-232284\" srcset=\"https:\/\/www.correiobraziliense.com.br\/cbradar\/wp-content\/uploads\/2026\/04\/IMAGEM_720p_1777180937218.jpg 1280w, https:\/\/www.correiobraziliense.com.br\/cbradar\/wp-content\/uploads\/2026\/04\/IMAGEM_720p_1777180937218-300x169.jpg 300w, https:\/\/www.correiobraziliense.com.br\/cbradar\/wp-content\/uploads\/2026\/04\/IMAGEM_720p_1777180937218-768x432.jpg 768w, https:\/\/www.correiobraziliense.com.br\/cbradar\/wp-content\/uploads\/2026\/04\/IMAGEM_720p_1777180937218-750x422.jpg 750w, https:\/\/www.correiobraziliense.com.br\/cbradar\/wp-content\/uploads\/2026\/04\/IMAGEM_720p_1777180937218-1140x641.jpg 1140w\" sizes=\"(max-width: 1280px) 100vw, 1280px\" \/><figcaption class=\"wp-element-caption\">A chic\u00f3ria como uma folha amarga ben\u00e9fica para o f\u00edgado e intestino, explicar seus mecanismos de a\u00e7\u00e3o com base cient\u00edfica<\/figcaption><\/figure><\/div>\n\n\n<h2 class=\"wp-block-heading\">Como a chic\u00f3ria ajuda o f\u00edgado?<\/h2>\n\n\n\n<p>Os compostos amargos da chic\u00f3ria estimulam a produ\u00e7\u00e3o de <strong>bile<\/strong>, fluido essencial para a digest\u00e3o de gorduras. Com mais bile dispon\u00edvel, o f\u00edgado consegue processar melhor os lip\u00eddios e eliminar toxinas com mais efici\u00eancia.<\/p>\n\n\n\n<p>Um estudo pr\u00e9\u2011cl\u00ednico publicado em 2023 no <a href=\"https:\/\/pmc.ncbi.nlm.nih.gov\/articles\/PMC10609820\/\" target=\"_blank\" rel=\"noreferrer noopener\"><strong>PubMed <\/strong><\/a><strong><a href=\"https:\/\/pmc.ncbi.nlm.nih.gov\/articles\/PMC10609820\/\" target=\"_blank\" rel=\"noreferrer noopener\">Central<\/a> <\/strong>demonstrou que o extrato de chic\u00f3ria reduziu os n\u00edveis de enzimas hep\u00e1ticas e de bilirrubina em ratos com les\u00e3o aguda no f\u00edgado. Os pesquisadores conclu\u00edram que a chic\u00f3ria pode auxiliar na prote\u00e7\u00e3o das c\u00e9lulas hep\u00e1ticas contra danos oxidativos.<\/p>\n\n\n\n<p>No v\u00eddeo a seguir, o perfil da <strong><em>SURAMA MARQUES<\/em><\/strong>, com mais de 1800 inscritos, fala um pouco da <strong>chic\u00f3ria<\/strong>:<\/p>\n\n\n\n<blockquote class=\"instagram-media\" data-instgrm-captioned data-instgrm-permalink=\"https:\/\/www.instagram.com\/reel\/DS3j_yFjIR7\/?utm_source=ig_embed&amp;utm_campaign=loading\" data-instgrm-version=\"14\" style=\" background:#FFF; border:0; border-radius:3px; box-shadow:0 0 1px 0 rgba(0,0,0,0.5),0 1px 10px 0 rgba(0,0,0,0.15); margin: 1px; max-width:540px; min-width:326px; padding:0; width:99.375%; width:-webkit-calc(100% - 2px); width:calc(100% - 2px);\"><div style=\"padding:16px;\"> <a href=\"https:\/\/www.instagram.com\/reel\/DS3j_yFjIR7\/?utm_source=ig_embed&amp;utm_campaign=loading\" style=\" background:#FFFFFF; line-height:0; padding:0 0; text-align:center; text-decoration:none; width:100%;\" target=\"_blank\"> <div style=\" display: flex; flex-direction: row; align-items: center;\"> <div style=\"background-color: #F4F4F4; border-radius: 50%; flex-grow: 0; height: 40px; margin-right: 14px; width: 40px;\"><\/div> <div style=\"display: flex; flex-direction: column; flex-grow: 1; justify-content: center;\"> <div style=\" background-color: #F4F4F4; border-radius: 4px; flex-grow: 0; height: 14px; margin-bottom: 6px; width: 100px;\"><\/div> <div style=\" background-color: #F4F4F4; border-radius: 4px; flex-grow: 0; height: 14px; width: 60px;\"><\/div><\/div><\/div><div style=\"padding: 19% 0;\"><\/div> <div style=\"display:block; height:50px; margin:0 auto 12px; width:50px;\"><svg width=\"50px\" height=\"50px\" viewBox=\"0 0 60 60\" version=\"1.1\" xmlns=\"https:\/\/www.w3.org\/2000\/svg\" xmlns:xlink=\"https:\/\/www.w3.org\/1999\/xlink\"><g stroke=\"none\" stroke-width=\"1\" fill=\"none\" fill-rule=\"evenodd\"><g transform=\"translate(-511.000000, -20.000000)\" fill=\"#000000\"><g><path d=\"M556.869,30.41 C554.814,30.41 553.148,32.076 553.148,34.131 C553.148,36.186 554.814,37.852 556.869,37.852 C558.924,37.852 560.59,36.186 560.59,34.131 C560.59,32.076 558.924,30.41 556.869,30.41 M541,60.657 C535.114,60.657 530.342,55.887 530.342,50 C530.342,44.114 535.114,39.342 541,39.342 C546.887,39.342 551.658,44.114 551.658,50 C551.658,55.887 546.887,60.657 541,60.657 M541,33.886 C532.1,33.886 524.886,41.1 524.886,50 C524.886,58.899 532.1,66.113 541,66.113 C549.9,66.113 557.115,58.899 557.115,50 C557.115,41.1 549.9,33.886 541,33.886 M565.378,62.101 C565.244,65.022 564.756,66.606 564.346,67.663 C563.803,69.06 563.154,70.057 562.106,71.106 C561.058,72.155 560.06,72.803 558.662,73.347 C557.607,73.757 556.021,74.244 553.102,74.378 C549.944,74.521 548.997,74.552 541,74.552 C533.003,74.552 532.056,74.521 528.898,74.378 C525.979,74.244 524.393,73.757 523.338,73.347 C521.94,72.803 520.942,72.155 519.894,71.106 C518.846,70.057 518.197,69.06 517.654,67.663 C517.244,66.606 516.755,65.022 516.623,62.101 C516.479,58.943 516.448,57.996 516.448,50 C516.448,42.003 516.479,41.056 516.623,37.899 C516.755,34.978 517.244,33.391 517.654,32.338 C518.197,30.938 518.846,29.942 519.894,28.894 C520.942,27.846 521.94,27.196 523.338,26.654 C524.393,26.244 525.979,25.756 528.898,25.623 C532.057,25.479 533.004,25.448 541,25.448 C548.997,25.448 549.943,25.479 553.102,25.623 C556.021,25.756 557.607,26.244 558.662,26.654 C560.06,27.196 561.058,27.846 562.106,28.894 C563.154,29.942 563.803,30.938 564.346,32.338 C564.756,33.391 565.244,34.978 565.378,37.899 C565.522,41.056 565.552,42.003 565.552,50 C565.552,57.996 565.522,58.943 565.378,62.101 M570.82,37.631 C570.674,34.438 570.167,32.258 569.425,30.349 C568.659,28.377 567.633,26.702 565.965,25.035 C564.297,23.368 562.623,22.342 560.652,21.575 C558.743,20.834 556.562,20.326 553.369,20.18 C550.169,20.033 549.148,20 541,20 C532.853,20 531.831,20.033 528.631,20.18 C525.438,20.326 523.257,20.834 521.349,21.575 C519.376,22.342 517.703,23.368 516.035,25.035 C514.368,26.702 513.342,28.377 512.574,30.349 C511.834,32.258 511.326,34.438 511.181,37.631 C511.035,40.831 511,41.851 511,50 C511,58.147 511.035,59.17 511.181,62.369 C511.326,65.562 511.834,67.743 512.574,69.651 C513.342,71.625 514.368,73.296 516.035,74.965 C517.703,76.634 519.376,77.658 521.349,78.425 C523.257,79.167 525.438,79.673 528.631,79.82 C531.831,79.965 532.853,80.001 541,80.001 C549.148,80.001 550.169,79.965 553.369,79.82 C556.562,79.673 558.743,79.167 560.652,78.425 C562.623,77.658 564.297,76.634 565.965,74.965 C567.633,73.296 568.659,71.625 569.425,69.651 C570.167,67.743 570.674,65.562 570.82,62.369 C570.966,59.17 571,58.147 571,50 C571,41.851 570.966,40.831 570.82,37.631\"><\/path><\/g><\/g><\/g><\/svg><\/div><div style=\"padding-top: 8px;\"> <div style=\" color:#3897f0; font-family:Arial,sans-serif; font-size:14px; font-style:normal; font-weight:550; line-height:18px;\">Ver essa foto no Instagram<\/div><\/div><div style=\"padding: 12.5% 0;\"><\/div> <div style=\"display: flex; flex-direction: row; margin-bottom: 14px; align-items: center;\"><div> <div style=\"background-color: #F4F4F4; border-radius: 50%; height: 12.5px; width: 12.5px; transform: translateX(0px) translateY(7px);\"><\/div> <div style=\"background-color: #F4F4F4; height: 12.5px; transform: rotate(-45deg) translateX(3px) translateY(1px); width: 12.5px; flex-grow: 0; margin-right: 14px; margin-left: 2px;\"><\/div> <div style=\"background-color: #F4F4F4; border-radius: 50%; height: 12.5px; width: 12.5px; transform: translateX(9px) translateY(-18px);\"><\/div><\/div><div style=\"margin-left: 8px;\"> <div style=\" background-color: #F4F4F4; border-radius: 50%; flex-grow: 0; height: 20px; width: 20px;\"><\/div> <div style=\" width: 0; height: 0; border-top: 2px solid transparent; border-left: 6px solid #f4f4f4; border-bottom: 2px solid transparent; transform: translateX(16px) translateY(-4px) rotate(30deg)\"><\/div><\/div><div style=\"margin-left: auto;\"> <div style=\" width: 0px; border-top: 8px solid #F4F4F4; border-right: 8px solid transparent; transform: translateY(16px);\"><\/div> <div style=\" background-color: #F4F4F4; flex-grow: 0; height: 12px; width: 16px; transform: translateY(-4px);\"><\/div> <div style=\" width: 0; height: 0; border-top: 8px solid #F4F4F4; border-left: 8px solid transparent; transform: translateY(-4px) translateX(8px);\"><\/div><\/div><\/div> <div style=\"display: flex; flex-direction: column; flex-grow: 1; justify-content: center; margin-bottom: 24px;\"> <div style=\" background-color: #F4F4F4; border-radius: 4px; flex-grow: 0; height: 14px; margin-bottom: 6px; width: 224px;\"><\/div> <div style=\" background-color: #F4F4F4; border-radius: 4px; flex-grow: 0; height: 14px; width: 144px;\"><\/div><\/div><\/a><p style=\" color:#c9c8cd; font-family:Arial,sans-serif; font-size:14px; line-height:17px; margin-bottom:0; margin-top:8px; overflow:hidden; padding:8px 0 7px; text-align:center; text-overflow:ellipsis; white-space:nowrap;\"><a href=\"https:\/\/www.instagram.com\/reel\/DS3j_yFjIR7\/?utm_source=ig_embed&amp;utm_campaign=loading\" style=\" color:#c9c8cd; font-family:Arial,sans-serif; font-size:14px; font-style:normal; font-weight:normal; line-height:17px; text-decoration:none;\" target=\"_blank\">Um post compartilhado por SURAMA MARQUES| Emagrecimento sem efeito sanfona (@surama.nutri)<\/a><\/p><\/div><\/blockquote>\n<script async src=\"\/\/www.instagram.com\/embed.js\"><\/script>\n\n\n\n<h2 class=\"wp-block-heading\">De que forma a chic\u00f3ria beneficia o intestino?<\/h2>\n\n\n\n<p>A chic\u00f3ria \u00e9 uma das fontes vegetais mais ricas em <strong>inulina<\/strong>, uma fibra sol\u00favel de a\u00e7\u00e3o prebi\u00f3tica. A inulina serve de alimento para as bact\u00e9rias ben\u00e9ficas da flora intestinal, fortalecendo a barreira natural do intestino.<\/p>\n\n\n\n<p>Al\u00e9m disso, as fibras insol\u00faveis presentes nas folhas aumentam o volume do bolo fecal e aceleram o tr\u00e2nsito intestinal. O consumo regular de chic\u00f3ria, associado a outras hortali\u00e7as, ajuda a combater a pris\u00e3o de ventre e a manter o intestino funcionando de forma equilibrada.<\/p>\n\n\n\n<p>Leia tamb\u00e9m: <a href=\"https:\/\/www.correiobraziliense.com.br\/cbradar\/segundo-especialistas-em-psicologia-pessoas-que-precisaram-se-virar-sozinhas-na-infancia-desenvolvem-independencia-emocional-que-poucos-entendem-hoje\/\" target=\"_blank\" rel=\"noreferrer noopener\">Segundo especialistas em psicologia, pessoas que precisaram se virar sozinhas na inf\u00e2ncia desenvolvem independ\u00eancia emocional que poucos entendem hoje<\/a><\/p>\n\n\n\n<h2 class=\"wp-block-heading\">Quais s\u00e3o os principais nutrientes da chic\u00f3ria?<\/h2>\n\n\n\n<p>Embora muita gente a veja apenas como uma folha amarga, a chic\u00f3ria concentra uma variedade de vitaminas e minerais importantes. Em cada por\u00e7\u00e3o de folhas frescas, o organismo recebe nutrientes que participam de fun\u00e7\u00f5es vitais.<\/p>\n\n\n\n<p>Confira os principais nutrientes encontrados na chic\u00f3ria:<\/p>\n\n\n\n<ul class=\"wp-block-list\">\n<li><strong>Vitamina K<\/strong>: essencial para a coagula\u00e7\u00e3o sangu\u00ednea e a sa\u00fade \u00f3ssea<\/li>\n\n\n\n<li><strong>Vitamina C<\/strong>: antioxidante que fortalece o sistema imunol\u00f3gico<\/li>\n\n\n\n<li><strong>Vitamina A<\/strong> (betacaroteno): importante para a vis\u00e3o e a renova\u00e7\u00e3o celular<\/li>\n\n\n\n<li><strong>Pot\u00e1ssio<\/strong>: mineral que auxilia no equil\u00edbrio da press\u00e3o arterial<\/li>\n\n\n\n<li><strong>Fibras sol\u00faveis e insol\u00faveis<\/strong>: combinam a\u00e7\u00e3o prebi\u00f3tica e regula\u00e7\u00e3o intestinal<\/li>\n<\/ul>\n\n\n\n<h2 class=\"wp-block-heading\">Como plantar chic\u00f3ria em casa?<\/h2>\n\n\n\n<p>A chic\u00f3ria \u00e9 uma planta de clima ameno que se adapta muito bem a <strong>vasos<\/strong>, <strong>jardineiras<\/strong> ou <strong>pequenos canteiros<\/strong>. Mesmo em apartamentos, com alguns cuidados simples, \u00e9 poss\u00edvel ter folhas frescas o ano inteiro.<\/p>\n\n\n\n<p>Veja o passo a passo para cultivar chic\u00f3ria em casa:<\/p>\n\n\n\n<ul class=\"wp-block-list\">\n<li><strong>Escolha do vaso<\/strong>: utilize recipientes com furos de drenagem e pelo menos 20 cm de profundidade<\/li>\n\n\n\n<li><strong>Preparo do solo<\/strong>: misture terra f\u00e9rtil com composto org\u00e2nico ou h\u00famus de minhoca<\/li>\n\n\n\n<li><strong>Semeadura<\/strong>: coloque as sementes a 0,5 cm de profundidade, com espa\u00e7amento de 15 cm entre plantas<\/li>\n\n\n\n<li><strong>Luminosidade<\/strong>: mantenha o vaso em local que receba 4 a 6 horas de sol por dia<\/li>\n\n\n\n<li><strong>Rega<\/strong>: mantenha o solo levemente \u00famido, sem encharcar<\/li>\n\n\n\n<li><strong>Colheita<\/strong>: ap\u00f3s 60 a 80 dias, corte as folhas externas, preservando o centro para novos brotos<\/li>\n<\/ul>\n\n\n<div class=\"wp-block-image\">\n<figure class=\"aligncenter size-full\"><img decoding=\"async\" width=\"1280\" height=\"720\" src=\"https:\/\/www.correiobraziliense.com.br\/cbradar\/wp-content\/uploads\/2026\/04\/IMAGEM_720p_1777180928059.jpg\" alt=\"A chic\u00f3ria como uma folha amarga ben\u00e9fica para o f\u00edgado e intestino, explicar seus mecanismos de a\u00e7\u00e3o com base cient\u00edfica\" class=\"wp-image-232283\" srcset=\"https:\/\/www.correiobraziliense.com.br\/cbradar\/wp-content\/uploads\/2026\/04\/IMAGEM_720p_1777180928059.jpg 1280w, https:\/\/www.correiobraziliense.com.br\/cbradar\/wp-content\/uploads\/2026\/04\/IMAGEM_720p_1777180928059-300x169.jpg 300w, https:\/\/www.correiobraziliense.com.br\/cbradar\/wp-content\/uploads\/2026\/04\/IMAGEM_720p_1777180928059-768x432.jpg 768w, https:\/\/www.correiobraziliense.com.br\/cbradar\/wp-content\/uploads\/2026\/04\/IMAGEM_720p_1777180928059-750x422.jpg 750w, https:\/\/www.correiobraziliense.com.br\/cbradar\/wp-content\/uploads\/2026\/04\/IMAGEM_720p_1777180928059-1140x641.jpg 1140w\" sizes=\"(max-width: 1280px) 100vw, 1280px\" \/><figcaption class=\"wp-element-caption\">A chic\u00f3ria como uma folha amarga ben\u00e9fica para o f\u00edgado e intestino, explicar seus mecanismos de a\u00e7\u00e3o com base cient\u00edfica<\/figcaption><\/figure><\/div>\n\n\n<h2 class=\"wp-block-heading\">Como usar a chic\u00f3ria na alimenta\u00e7\u00e3o?<\/h2>\n\n\n\n<p>O sabor amargo pode causar estranhamento nas primeiras mordidas, mas a versatilidade da chic\u00f3ria permite inclu\u00ed\u2011la em diversas prepara\u00e7\u00f5es. Combinada com ingredientes certos, ela se torna um complemento saboroso e nutritivo.<\/p>\n\n\n\n<p>Algumas formas pr\u00e1ticas de consumir a chic\u00f3ria no dia a dia:<\/p>\n\n\n\n<ul class=\"wp-block-list\">\n<li><strong>Saladas<\/strong>: as folhas cruas combinam com manga, nozes, queijo e molhos c\u00edtricos<\/li>\n\n\n\n<li><strong>Refogados<\/strong>: o calor suaviza o amargor e real\u00e7a o sabor com alho e azeite<\/li>\n\n\n\n<li><strong>Sucos verdes<\/strong>: bater com ma\u00e7\u00e3, lim\u00e3o e gengibre cria uma bebida refrescante<\/li>\n\n\n\n<li><strong>Ch\u00e1<\/strong>: as folhas frescas ou secas podem ser usadas em infus\u00e3o ap\u00f3s as refei\u00e7\u00f5es<\/li>\n<\/ul>\n\n\n\n<h2 class=\"wp-block-heading\">Todo mundo pode consumir chic\u00f3ria?<\/h2>\n\n\n\n<p>A chic\u00f3ria \u00e9 segura para a maioria das pessoas quando consumida como alimento. No entanto, por conter <strong>vitamina K<\/strong> em quantidade expressiva, quem utiliza medicamentos anticoagulantes deve manter consumo regular e monitorado, sem varia\u00e7\u00f5es bruscas.<\/p>\n\n\n\n<p>Como qualquer alimento, o excesso pode causar desconforto. O ideal \u00e9 incluir a chic\u00f3ria em uma rotina alimentar variada, sem exageros. Havendo d\u00favidas espec\u00edficas, buscar orienta\u00e7\u00e3o de um profissional de sa\u00fade continua sendo a atitude mais prudente.<\/p>\n","protected":false},"excerpt":{"rendered":"<p>Existe uma folha de sabor intenso que divide opini\u00f5es \u00e0 mesa, mas que a ci\u00eancia trata com cada vez mais respeito. A chic\u00f3ria \u00e9 essa hortali\u00e7a de amargor inconfund\u00edvel, conhecida popularmente como aliada do f\u00edgado e do intestino. Estudos recentes mostram que os compostos amargos da chic\u00f3ria estimulam a produ\u00e7\u00e3o de bile e ajudam a [&hellip;]<\/p>\n","protected":false},"author":11,"featured_media":232285,"comment_status":"open","ping_status":"open","sticky":false,"template":"","format":"standard","meta":{"_yoast_wpseo_focuskw":"chic\u00f3ria f\u00edgado intestino","_yoast_wpseo_title":"","_yoast_wpseo_metadesc":"Uma folha de sabor marcante pode transformar a sa\u00fade do seu f\u00edgado e intestino, e voc\u00ea ainda consegue plantar em casa sem esfor\u00e7o.","jnews-multi-image_gallery":[],"jnews_single_post":{"format":"standard"},"jnews_primary_category":[],"jnews_social_meta":[],"jnews_override_counter":[],"footnotes":""},"categories":[119],"post_tag":[],"class_list":["post-232282","post","type-post","status-publish","format-standard","has-post-thumbnail","hentry","category-bem-estar"],"yoast_head":"<!-- This site is optimized with the Yoast SEO plugin v24.6 - https:\/\/yoast.com\/wordpress\/plugins\/seo\/ -->\n<title>A folha amarga que pode ajudar seu f\u00edgado e intestino e ainda \u00e9 f\u00e1cil de plantar em casa - Correio Braziliense - Radar<\/title>\n<meta name=\"description\" content=\"Uma folha de sabor marcante pode transformar a sa\u00fade do seu f\u00edgado e intestino, e voc\u00ea ainda consegue plantar em casa sem esfor\u00e7o.\" \/>\n<meta name=\"robots\" content=\"index, follow, max-snippet:-1, max-image-preview:large, max-video-preview:-1\" \/>\n<link rel=\"canonical\" href=\"https:\/\/www.correiobraziliense.com.br\/cbradar\/a-folha-amarga-que-pode-ajudar-seu-figado-e-intestino-e-ainda-e-facil-de-plantar-em-casa\/\" \/>\n<meta property=\"og:locale\" content=\"pt_BR\" \/>\n<meta property=\"og:type\" content=\"article\" \/>\n<meta property=\"og:title\" content=\"A folha amarga que pode ajudar seu f\u00edgado e intestino e ainda \u00e9 f\u00e1cil de plantar em casa - Correio Braziliense - Radar\" \/>\n<meta property=\"og:description\" content=\"Uma folha de sabor marcante pode transformar a sa\u00fade do seu f\u00edgado e intestino, e voc\u00ea ainda consegue plantar em casa sem esfor\u00e7o.\" \/>\n<meta property=\"og:url\" content=\"https:\/\/www.correiobraziliense.com.br\/cbradar\/a-folha-amarga-que-pode-ajudar-seu-figado-e-intestino-e-ainda-e-facil-de-plantar-em-casa\/\" \/>\n<meta property=\"og:site_name\" content=\"Correio Braziliense - Radar\" \/>\n<meta property=\"article:published_time\" content=\"2026-04-26T13:39:00+00:00\" \/>\n<meta property=\"og:image\" content=\"https:\/\/www.correiobraziliense.com.br\/cbradar\/wp-content\/uploads\/2026\/04\/IMAGEM_720p_1777180949098.jpg\" \/>\n\t<meta property=\"og:image:width\" content=\"1280\" \/>\n\t<meta property=\"og:image:height\" content=\"720\" \/>\n\t<meta property=\"og:image:type\" content=\"image\/jpeg\" \/>\n<meta name=\"author\" content=\"Paulo Custodio\" \/>\n<meta name=\"twitter:card\" content=\"summary_large_image\" \/>\n<meta name=\"twitter:label1\" content=\"Escrito por\" \/>\n\t<meta name=\"twitter:data1\" content=\"Paulo Custodio\" \/>\n\t<meta name=\"twitter:label2\" content=\"Est. tempo de leitura\" \/>\n\t<meta name=\"twitter:data2\" content=\"6 minutos\" \/>\n<!-- \/ Yoast SEO plugin. -->","yoast_head_json":{"title":"A folha amarga que pode ajudar seu f\u00edgado e intestino e ainda \u00e9 f\u00e1cil de plantar em casa - Correio Braziliense - Radar","description":"Uma folha de sabor marcante pode transformar a sa\u00fade do seu f\u00edgado e intestino, e voc\u00ea ainda consegue plantar em casa sem esfor\u00e7o.","robots":{"index":"index","follow":"follow","max-snippet":"max-snippet:-1","max-image-preview":"max-image-preview:large","max-video-preview":"max-video-preview:-1"},"canonical":"https:\/\/www.correiobraziliense.com.br\/cbradar\/a-folha-amarga-que-pode-ajudar-seu-figado-e-intestino-e-ainda-e-facil-de-plantar-em-casa\/","og_locale":"pt_BR","og_type":"article","og_title":"A folha amarga que pode ajudar seu f\u00edgado e intestino e ainda \u00e9 f\u00e1cil de plantar em casa - Correio Braziliense - Radar","og_description":"Uma folha de sabor marcante pode transformar a sa\u00fade do seu f\u00edgado e intestino, e voc\u00ea ainda consegue plantar em casa sem esfor\u00e7o.","og_url":"https:\/\/www.correiobraziliense.com.br\/cbradar\/a-folha-amarga-que-pode-ajudar-seu-figado-e-intestino-e-ainda-e-facil-de-plantar-em-casa\/","og_site_name":"Correio Braziliense - Radar","article_published_time":"2026-04-26T13:39:00+00:00","og_image":[{"width":1280,"height":720,"url":"https:\/\/www.correiobraziliense.com.br\/cbradar\/wp-content\/uploads\/2026\/04\/IMAGEM_720p_1777180949098.jpg","type":"image\/jpeg"}],"author":"Paulo Custodio","twitter_card":"summary_large_image","twitter_misc":{"Escrito por":"Paulo Custodio","Est. tempo de leitura":"6 minutos"},"schema":{"@context":"https:\/\/schema.org","@graph":[{"@type":"WebPage","@id":"https:\/\/www.correiobraziliense.com.br\/cbradar\/a-folha-amarga-que-pode-ajudar-seu-figado-e-intestino-e-ainda-e-facil-de-plantar-em-casa\/","url":"https:\/\/www.correiobraziliense.com.br\/cbradar\/a-folha-amarga-que-pode-ajudar-seu-figado-e-intestino-e-ainda-e-facil-de-plantar-em-casa\/","name":"A folha amarga que pode ajudar seu f\u00edgado e intestino e ainda \u00e9 f\u00e1cil de plantar em casa - Correio Braziliense - Radar","isPartOf":{"@id":"https:\/\/www.correiobraziliense.com.br\/cbradar\/#website"},"primaryImageOfPage":{"@id":"https:\/\/www.correiobraziliense.com.br\/cbradar\/a-folha-amarga-que-pode-ajudar-seu-figado-e-intestino-e-ainda-e-facil-de-plantar-em-casa\/#primaryimage"},"image":{"@id":"https:\/\/www.correiobraziliense.com.br\/cbradar\/a-folha-amarga-que-pode-ajudar-seu-figado-e-intestino-e-ainda-e-facil-de-plantar-em-casa\/#primaryimage"},"thumbnailUrl":"https:\/\/www.correiobraziliense.com.br\/cbradar\/wp-content\/uploads\/2026\/04\/IMAGEM_720p_1777180949098.jpg","datePublished":"2026-04-26T13:39:00+00:00","author":{"@id":"https:\/\/www.correiobraziliense.com.br\/cbradar\/#\/schema\/person\/4cec7857301a9a1a2ef249893cd908d3"},"description":"Uma folha de sabor marcante pode transformar a sa\u00fade do seu f\u00edgado e intestino, e voc\u00ea ainda consegue plantar em casa sem esfor\u00e7o.","breadcrumb":{"@id":"https:\/\/www.correiobraziliense.com.br\/cbradar\/a-folha-amarga-que-pode-ajudar-seu-figado-e-intestino-e-ainda-e-facil-de-plantar-em-casa\/#breadcrumb"},"inLanguage":"pt-BR","potentialAction":[{"@type":"ReadAction","target":["https:\/\/www.correiobraziliense.com.br\/cbradar\/a-folha-amarga-que-pode-ajudar-seu-figado-e-intestino-e-ainda-e-facil-de-plantar-em-casa\/"]}]},{"@type":"ImageObject","inLanguage":"pt-BR","@id":"https:\/\/www.correiobraziliense.com.br\/cbradar\/a-folha-amarga-que-pode-ajudar-seu-figado-e-intestino-e-ainda-e-facil-de-plantar-em-casa\/#primaryimage","url":"https:\/\/www.correiobraziliense.com.br\/cbradar\/wp-content\/uploads\/2026\/04\/IMAGEM_720p_1777180949098.jpg","contentUrl":"https:\/\/www.correiobraziliense.com.br\/cbradar\/wp-content\/uploads\/2026\/04\/IMAGEM_720p_1777180949098.jpg","width":1280,"height":720,"caption":"A chic\u00f3ria como uma folha amarga ben\u00e9fica para o f\u00edgado e intestino, explicar seus mecanismos de a\u00e7\u00e3o com base cient\u00edfica"},{"@type":"BreadcrumbList","@id":"https:\/\/www.correiobraziliense.com.br\/cbradar\/a-folha-amarga-que-pode-ajudar-seu-figado-e-intestino-e-ainda-e-facil-de-plantar-em-casa\/#breadcrumb","itemListElement":[{"@type":"ListItem","position":1,"name":"In\u00edcio","item":"https:\/\/www.correiobraziliense.com.br\/cbradar\/"},{"@type":"ListItem","position":2,"name":"A folha amarga que pode ajudar seu f\u00edgado e intestino e ainda \u00e9 f\u00e1cil de plantar em casa"}]},{"@type":"WebSite","@id":"https:\/\/www.correiobraziliense.com.br\/cbradar\/#website","url":"https:\/\/www.correiobraziliense.com.br\/cbradar\/","name":"Correio Braziliense - Radar","description":"Acompanhe as \u00faltimas not\u00edcias e fique bem informado sobre tudo o que acontece no Brasil e no mundo.","potentialAction":[{"@type":"SearchAction","target":{"@type":"EntryPoint","urlTemplate":"https:\/\/www.correiobraziliense.com.br\/cbradar\/?s={search_term_string}"},"query-input":{"@type":"PropertyValueSpecification","valueRequired":true,"valueName":"search_term_string"}}],"inLanguage":"pt-BR"},{"@type":"Person","@id":"https:\/\/www.correiobraziliense.com.br\/cbradar\/#\/schema\/person\/4cec7857301a9a1a2ef249893cd908d3","name":"Paulo Custodio","image":{"@type":"ImageObject","inLanguage":"pt-BR","@id":"https:\/\/www.correiobraziliense.com.br\/cbradar\/#\/schema\/person\/image\/","url":"https:\/\/secure.gravatar.com\/avatar\/bcd67168d1534e8fcf4f45c726a87cea?s=96&d=mm&r=g","contentUrl":"https:\/\/secure.gravatar.com\/avatar\/bcd67168d1534e8fcf4f45c726a87cea?s=96&d=mm&r=g","caption":"Paulo Custodio"},"sameAs":["https:\/\/www.correiobraziliense.com.br\/cbradar"],"url":"https:\/\/www.correiobraziliense.com.br\/cbradar\/author\/paulomyth\/"}]}},"_links":{"self":[{"href":"https:\/\/www.correiobraziliense.com.br\/cbradar\/wp-json\/wp\/v2\/posts\/232282","targetHints":{"allow":["GET"]}}],"collection":[{"href":"https:\/\/www.correiobraziliense.com.br\/cbradar\/wp-json\/wp\/v2\/posts"}],"about":[{"href":"https:\/\/www.correiobraziliense.com.br\/cbradar\/wp-json\/wp\/v2\/types\/post"}],"author":[{"embeddable":true,"href":"https:\/\/www.correiobraziliense.com.br\/cbradar\/wp-json\/wp\/v2\/users\/11"}],"replies":[{"embeddable":true,"href":"https:\/\/www.correiobraziliense.com.br\/cbradar\/wp-json\/wp\/v2\/comments?post=232282"}],"version-history":[{"count":2,"href":"https:\/\/www.correiobraziliense.com.br\/cbradar\/wp-json\/wp\/v2\/posts\/232282\/revisions"}],"predecessor-version":[{"id":232287,"href":"https:\/\/www.correiobraziliense.com.br\/cbradar\/wp-json\/wp\/v2\/posts\/232282\/revisions\/232287"}],"wp:featuredmedia":[{"embeddable":true,"href":"https:\/\/www.correiobraziliense.com.br\/cbradar\/wp-json\/wp\/v2\/media\/232285"}],"wp:attachment":[{"href":"https:\/\/www.correiobraziliense.com.br\/cbradar\/wp-json\/wp\/v2\/media?parent=232282"}],"wp:term":[{"taxonomy":"category","embeddable":true,"href":"https:\/\/www.correiobraziliense.com.br\/cbradar\/wp-json\/wp\/v2\/categories?post=232282"},{"taxonomy":"post_tag","embeddable":true,"href":"https:\/\/www.correiobraziliense.com.br\/cbradar\/wp-json\/wp\/v2\/post_tag?post=232282"}],"curies":[{"name":"wp","href":"https:\/\/api.w.org\/{rel}","templated":true}]}}