{"id":232298,"date":"2026-04-26T12:45:00","date_gmt":"2026-04-26T15:45:00","guid":{"rendered":"https:\/\/www.correiobraziliense.com.br\/cbradar\/?p=232298"},"modified":"2026-04-26T07:39:52","modified_gmt":"2026-04-26T10:39:52","slug":"a-california-brasileira-saltou-da-81a-para-a-15a-em-qualidade-de-vida-em-apenas-um-ano-e-esta-atraindo-moradores-para-o-interior","status":"publish","type":"post","link":"https:\/\/www.correiobraziliense.com.br\/cbradar\/a-california-brasileira-saltou-da-81a-para-a-15a-em-qualidade-de-vida-em-apenas-um-ano-e-esta-atraindo-moradores-para-o-interior\/","title":{"rendered":"A &#8220;Calif\u00f3rnia Brasileira&#8221; saltou da 81\u00aa para a 15\u00aa em qualidade de vida em apenas um ano e est\u00e1 atraindo moradores para o interior"},"content":{"rendered":"\n<p>Em <strong>2025<\/strong>, <strong>Ribeir\u00e3o Preto<\/strong> deu um salto raro entre as cidades brasileiras no <strong>\u00cdndice de Progresso Social (IPS)<\/strong>. A chamada <strong>Calif\u00f3rnia Brasileira<\/strong> consolidou o que muitos moradores j\u00e1 sentiam: a cidade combina infraestrutura de capital com ritmo de interior.<\/p>\n\n\n\n<h2 class=\"wp-block-heading\">Por que tanta gente decide morar na Calif\u00f3rnia Brasileira?<\/h2>\n\n\n\n<p>O apelido pegou nos anos <strong>1970<\/strong>, cunhado pelo jornalista <strong>Ricardo Kotscho<\/strong> em refer\u00eancia \u00e0 qualidade de vida e ao clima ensolarado do interior paulista. D\u00e9cadas depois, a compara\u00e7\u00e3o ainda faz sentido para quem desembarca em Ribeir\u00e3o Preto pensando em moradia.<\/p>\n\n\n\n<p>A cidade tem <strong>\u00cdndice de Desenvolvimento Humano (IDH)<\/strong> de 0,800, segundo o <a href=\"https:\/\/www.ibge.gov.br\/\" target=\"_blank\" rel=\"noreferrer noopener\"><strong>Instituto Brasileiro de Geografia e Estat\u00edstica (IBGE)<\/strong><\/a>, classifica\u00e7\u00e3o considerada muito alta. Em 2025, o munic\u00edpio saltou da 81\u00aa para a 15\u00aa posi\u00e7\u00e3o no IPS entre 5.570 cidades brasileiras avaliadas.<\/p>\n\n\n\n<p>Esse desempenho aparece em tr\u00eas frentes: necessidades humanas b\u00e1sicas, fundamentos do bem-estar e oportunidades. Sa\u00fade, educa\u00e7\u00e3o e saneamento puxaram a nota para cima.<\/p>\n\n\n<div class=\"wp-block-image\">\n<figure class=\"aligncenter size-large\"><img decoding=\"async\" width=\"1024\" height=\"576\" src=\"https:\/\/www.correiobraziliense.com.br\/cbradar\/wp-content\/uploads\/2025\/06\/Ribeirao-Preto-sao-paulo_1750571837840-1024x576.jpg\" alt=\"A &quot;Calif\u00f3rnia Brasileira&quot; \u00e9 perfeita para desfrutar da vida em um lugar que \u00e9 refer\u00eancia em sa\u00fade\" class=\"wp-image-57376\" srcset=\"https:\/\/www.correiobraziliense.com.br\/cbradar\/wp-content\/uploads\/2025\/06\/Ribeirao-Preto-sao-paulo_1750571837840-1024x576.jpg 1024w, https:\/\/www.correiobraziliense.com.br\/cbradar\/wp-content\/uploads\/2025\/06\/Ribeirao-Preto-sao-paulo_1750571837840-300x169.jpg 300w, https:\/\/www.correiobraziliense.com.br\/cbradar\/wp-content\/uploads\/2025\/06\/Ribeirao-Preto-sao-paulo_1750571837840-768x432.jpg 768w, https:\/\/www.correiobraziliense.com.br\/cbradar\/wp-content\/uploads\/2025\/06\/Ribeirao-Preto-sao-paulo_1750571837840-750x422.jpg 750w, https:\/\/www.correiobraziliense.com.br\/cbradar\/wp-content\/uploads\/2025\/06\/Ribeirao-Preto-sao-paulo_1750571837840-1140x641.jpg 1140w, https:\/\/www.correiobraziliense.com.br\/cbradar\/wp-content\/uploads\/2025\/06\/Ribeirao-Preto-sao-paulo_1750571837840.jpg 1280w\" sizes=\"(max-width: 1024px) 100vw, 1024px\" \/><figcaption class=\"wp-element-caption\">Em Ribeir\u00e3o Preto, aproveite parques, m\u00fasica ao vivo, gastronomia e eventos populares durante o ano todo. \/\/ Cr\u00e9ditos: depositphotos.com \/ gustavofrazao<\/figcaption><\/figure><\/div>\n\n\n<h2 class=\"wp-block-heading\">Como \u00e9 o cotidiano nos bairros da cidade do interior paulista?<\/h2>\n\n\n\n<p>Quem mora em Ribeir\u00e3o Preto costuma resumir a rotina assim: cidade grande com cara de cidade pequena. Os bairros da zona Sul, como <strong>Jardim Bot\u00e2nico<\/strong>, <strong>Ribeir\u00e2nia<\/strong> e <strong>Alto da Boa Vista<\/strong>, concentram boa parte dos pr\u00e9dios novos, escolas particulares e com\u00e9rcio de bairro.<\/p>\n\n\n\n<p>A vida acontece muito na rua. Padarias cheias no caf\u00e9 da manh\u00e3, academias lotadas ao entardecer e mesas espalhadas pelas cal\u00e7adas no fim da tarde. O h\u00e1bito de tomar chopp gelado depois do trabalho virou identidade local.<\/p>\n\n\n\n<p>Segundo dados do IBGE, 98,4% da cidade tem esgotamento sanit\u00e1rio adequado, \u00edndice raro entre munic\u00edpios de mesmo porte. Moradores costumam citar a \u00e1gua tratada e a limpeza urbana como pontos fortes do dia a dia.<\/p>\n\n\n\n<p>Este v\u00eddeo do canal <strong>Renato Rezende Drones<\/strong> explora a cidade de <strong>Ribeir\u00e3o Preto<\/strong>, no interior de S\u00e3o Paulo, atrav\u00e9s de imagens a\u00e9reas em 4K, destacando por que a cidade \u00e9 considerada um dos maiores polos econ\u00f4micos do Brasil.<\/p>\n\n\n\n<figure class=\"wp-block-embed aligncenter is-type-video is-provider-youtube wp-block-embed-youtube wp-embed-aspect-16-9 wp-has-aspect-ratio\"><div class=\"wp-block-embed__wrapper\">\n<div class=\"jeg_video_container jeg_video_content\"><iframe loading=\"lazy\" title=\"POR QUE RIBEIR\u00c3O PRETO \u00c9 T\u00c3O RICA?  O Cora\u00e7\u00e3o do Agron\u00e9g\u00f3cio (4k)\" width=\"500\" height=\"281\" src=\"https:\/\/www.youtube.com\/embed\/Z2FAX_ympiU?feature=oembed\" frameborder=\"0\" allow=\"accelerometer; autoplay; clipboard-write; encrypted-media; gyroscope; picture-in-picture; web-share\" referrerpolicy=\"strict-origin-when-cross-origin\" allowfullscreen><\/iframe><\/div>\n<\/div><\/figure>\n\n\n\n<h2 class=\"wp-block-heading\">O que faz a infraestrutura ribeir\u00e3o-pretana ser t\u00e3o elogiada?<\/h2>\n\n\n\n<p>A cidade abriga campus da <strong>Universidade de S\u00e3o Paulo (USP)<\/strong>, com a renomada <strong>Faculdade de Medicina de Ribeir\u00e3o Preto<\/strong>, refer\u00eancia em hospitais-escola e pesquisa. Isso explica parte da qualidade dos servi\u00e7os de sa\u00fade locais.<\/p>\n\n\n\n<p>O com\u00e9rcio \u00e9 forte, com quatro grandes shoppings e dezenas de centros de bairro. A mobilidade combina avenidas largas e linhas de \u00f4nibus que cobrem boa parte do territ\u00f3rio urbano.<\/p>\n\n\n\n<ul class=\"wp-block-list\">\n<li><strong>Sa\u00fade<\/strong>: rede de hospitais p\u00fablicos e privados puxada pelo <strong>Hospital das Cl\u00ednicas da FMRP-USP<\/strong>, refer\u00eancia nacional em transplantes.<\/li>\n\n\n\n<li><strong>Educa\u00e7\u00e3o<\/strong>: USP, <strong>Universidade Estadual Paulista (Unesp)<\/strong>, <strong>Universidade de Ribeir\u00e3o Preto (Unaerp)<\/strong> e dezenas de escolas t\u00e9cnicas.<\/li>\n\n\n\n<li><strong>Saneamento<\/strong>: cobertura de esgoto adequada em quase toda a malha urbana.<\/li>\n\n\n\n<li><strong>Conectividade<\/strong>: <strong>Aeroporto Doutor Leite Lopes<\/strong> com voos di\u00e1rios para a capital paulista e <strong>Bras\u00edlia<\/strong>.<\/li>\n<\/ul>\n\n\n<div class=\"wp-block-image\">\n<figure class=\"aligncenter size-large\"><img decoding=\"async\" width=\"1024\" height=\"576\" src=\"https:\/\/www.correiobraziliense.com.br\/cbradar\/wp-content\/uploads\/2025\/02\/Samsung-Galaxy-A55-16-1024x576.png\" alt=\"A 'Calif\u00f3rnia brasileira' \u00e9 perfeita para quem busca viver melhor que no exterior\" class=\"wp-image-6926\" srcset=\"https:\/\/www.correiobraziliense.com.br\/cbradar\/wp-content\/uploads\/2025\/02\/Samsung-Galaxy-A55-16-1024x576.png 1024w, https:\/\/www.correiobraziliense.com.br\/cbradar\/wp-content\/uploads\/2025\/02\/Samsung-Galaxy-A55-16-300x169.png 300w, https:\/\/www.correiobraziliense.com.br\/cbradar\/wp-content\/uploads\/2025\/02\/Samsung-Galaxy-A55-16-768x432.png 768w, https:\/\/www.correiobraziliense.com.br\/cbradar\/wp-content\/uploads\/2025\/02\/Samsung-Galaxy-A55-16-750x422.png 750w, https:\/\/www.correiobraziliense.com.br\/cbradar\/wp-content\/uploads\/2025\/02\/Samsung-Galaxy-A55-16-1140x641.png 1140w, https:\/\/www.correiobraziliense.com.br\/cbradar\/wp-content\/uploads\/2025\/02\/Samsung-Galaxy-A55-16.png 1280w\" sizes=\"(max-width: 1024px) 100vw, 1024px\" \/><figcaption class=\"wp-element-caption\">A cidade passa por um processo de desenvolvimento urbano com planos diretor e requalifica\u00e7\u00e3o de \u00e1reas centrais. \/\/ Reprodu\u00e7\u00e3o: Wikimedia Commons<\/figcaption><\/figure><\/div>\n\n\n<h2 class=\"wp-block-heading\">Lazer do morador: dos parques \u00e0 mesa do Pinguim<\/h2>\n\n\n\n<p>O ribeir\u00e3o-pretano leva o tempo livre a s\u00e9rio. A cidade tem nove parques municipais espalhados pelas zonas, com pistas de caminhada, lagos e quadras esportivas. O <strong>Bosque Municipal F\u00e1bio Barreto<\/strong> e o <strong>Parque Maur\u00edlio Biagi<\/strong> s\u00e3o os mais frequentados nos fins de semana.<\/p>\n\n\n\n<p>Ao cair da tarde, o destino \u00e9 a <a href=\"https:\/\/pinguimochopp.com.br\/\" target=\"_blank\" rel=\"noreferrer noopener\"><strong>Choperia Pinguim<\/strong><\/a>, aberta em <strong>1937<\/strong> no centro hist\u00f3rico. A casa carrega a lenda do &#8220;chopeduto&#8221; subterr\u00e2neo que ligava a antiga f\u00e1brica da <strong>Antarctica<\/strong> ao bar, mito de marketing que ajudou a fixar a fama do melhor chopp do pa\u00eds.<\/p>\n\n\n\n<p>A vida cultural soma teatros, museus e festivais. O <strong>Theatro Pedro II<\/strong>, inaugurado em 1930, \u00e9 o terceiro maior do tipo no <strong>Brasil<\/strong>. Eventos como o <strong>Jo\u00e3o Rock<\/strong> e a <strong>Feira Internacional do Livro<\/strong> movimentam o calend\u00e1rio, com programa\u00e7\u00e3o atualizada pela <a href=\"https:\/\/www.ribeiraopreto.sp.gov.br\/portal\/culturaeturismo\/\" target=\"_blank\" rel=\"noreferrer noopener\"><strong>Secretaria Municipal da Cultura e Turismo<\/strong><\/a>.<\/p>\n\n\n\n<p><strong>Leia tamb\u00e9m: <a href=\"https:\/\/www.correiobraziliense.com.br\/cbradar\/como-a-primeira-capital-planejada-do-brasil-nasceu-de-um-tabuleiro-de-xadrez-e-encantou-com-sua-organizacao-a-366-km-do-mar\/\" target=\"_blank\" rel=\"noreferrer noopener\">Como a primeira capital planejada do Brasil nasceu de um tabuleiro de xadrez e encantou com sua organiza\u00e7\u00e3o a 366 km do mar.<\/a><\/strong><\/p>\n\n\n\n<h2 class=\"wp-block-heading\">O calor faz parte da rotina na Calif\u00f3rnia Brasileira<\/h2>\n\n\n\n<p>O clima tropical da cidade tem ver\u00f5es chuvosos e invernos secos. Quem se muda costuma se adaptar r\u00e1pido ao calor, marca registrada da regi\u00e3o.<\/p>\n\n\n\n<style>\n  \/* --- CONTAINER BLINDADO (PADR\u00c3O REGISTRADO) --- *\/\n  .clima-grid-final {\n    font-family: -apple-system, BlinkMacSystemFont, \"Segoe UI\", Roboto, Arial, sans-serif !important;\n    width: 100% !important;\n    max-width: 1200px !important;\n    margin: 20px auto !important;\n    display: grid !important;\n    \/* FOR\u00c7A 4 COLUNAS NO DESKTOP *\/\n    grid-template-columns: repeat(4, 1fr) !important; \n    gap: 15px !important;\n    box-sizing: border-box !important;\n  }\n\n  .clima-grid-final * {\n    box-sizing: border-box !important;\n  }\n\n  \/* --- BLINDAGEM CONTRA ADS E PLUGINS INTRUSOS --- *\/\n  .clima-grid-final > :not(.card-clima) {\n    display: none !important;\n    width: 0 !important;\n    height: 0 !important;\n    opacity: 0 !important;\n  }\n\n  \/* --- CARD AZUL --- *\/\n  .card-clima {\n    background: #ffffff !important;\n    border: 1px solid #e3f2fd !important;\n    border-radius: 20px !important;\n    padding: 20px 10px !important;\n    text-align: center !important;\n    display: flex !important;\n    flex-direction: column !important;\n    align-items: center !important;\n    box-shadow: 0 4px 10px rgba(13, 71, 161, 0.05) !important;\n    min-width: 0 !important; \n    transition: transform 0.2s ease !important;\n    overflow: hidden !important;\n    height: 100% !important;\n  }\n\n  .card-clima:hover {\n    transform: translateY(-5px) !important;\n    border-color: #90caf9 !important;\n  }\n\n  \/* --- CONTE\u00daDO --- *\/\n  .estacao-nome { \n    font-size: 14px !important; \n    font-weight: 800 !important; \n    color: #0d47a1 !important; \n    text-transform: uppercase !important; \n    margin: 0 0 5px 0 !important; \n  }\n  \n  .estacao-meses { \n    font-size: 10px !important; \n    font-weight: 700 !important; \n    color: #1565c0 !important; \n    text-transform: uppercase !important; \n    margin-bottom: 15px !important; \n    display: block !important;\n  }\n  \n  .temp-valor { \n    font-size: 24px !important; \n    font-weight: 800 !important; \n    color: #01579b !important; \n    line-height: 1.1 !important; \n    margin: 0 !important;\n  }\n  \n  .temp-label { \n    font-size: 9px !important; \n    font-weight: 600 !important; \n    color: #0288d1 !important; \n    text-transform: uppercase !important; \n    margin-bottom: 15px !important; \n    display: block !important;\n  }\n  \n  .clima-desc { \n    font-size: 12px !important; \n    line-height: 1.4 !important; \n    color: #37474f !important; \n    margin-bottom: 15px !important; \n    flex-grow: 1 !important; \n  }\n\n  .tag-status {\n    background-color: #e1f5fe !important;\n    border: 1px solid #b3e5fc !important;\n    color: #0d47a1 !important;\n    padding: 5px 12px !important;\n    border-radius: 20px !important;\n    font-size: 9px !important;\n    font-weight: 800 !important;\n    text-transform: uppercase !important;\n    margin-top: auto !important;\n  }\n\n  \/* --- RESPONSIVIDADE --- *\/\n  @media (max-width: 800px) {\n    .clima-grid-final {\n      grid-template-columns: 1fr !important; \n    }\n    .card-clima {\n      padding: 25px 20px !important;\n    }\n  }\n<\/style>\n\n<div class=\"google-auto-ads-ignore clima-grid-final\">\n  \n  <div class=\"card-clima\">\n    <div class=\"estacao-nome\">\u2600\ufe0f Ver\u00e3o<\/div>\n    <span class=\"estacao-meses\">Dez &#8211; Fev<\/span>\n    <div class=\"temp-valor\">22-32\u00b0C<\/div>\n    <span class=\"temp-label\">M\u00e9dia<\/span>\n    <div class=\"clima-desc\">Devido \u00e0s chuvas altas de tarde, o ideal \u00e9 aproveitar os <b>parques pela manh\u00e3<\/b> para garantir o lazer ao ar livre.<\/div>\n    <div class=\"tag-status\">\ud83c\udf33 Manh\u00e3s Sol<\/div>\n  <\/div>\n\n  <div class=\"card-clima\">\n    <div class=\"estacao-nome\">\ud83c\udf42 Outono<\/div>\n    <span class=\"estacao-meses\">Mar &#8211; Mai<\/span>\n    <div class=\"temp-valor\">18-29\u00b0C<\/div>\n    <span class=\"temp-label\">M\u00e9dia<\/span>\n    <div class=\"clima-desc\">Com clima ameno e chuvas moderadas, alterne entre <b>caminhadas<\/b> relaxantes e visitas aos <b>shoppings<\/b> da cidade.<\/div>\n    <div class=\"tag-status\">\ud83c\udfd9\ufe0f Urbano<\/div>\n  <\/div>\n\n  <div class=\"card-clima\">\n    <div class=\"estacao-nome\">\ud83e\udde3 Inverno<\/div>\n    <span class=\"estacao-meses\">Jun &#8211; Ago<\/span>\n    <div class=\"temp-valor\">14-27\u00b0C<\/div>\n    <span class=\"temp-label\">M\u00e9dia<\/span>\n    <div class=\"clima-desc\">A esta\u00e7\u00e3o seca \u00e9 perfeita para curtir os <b>festivais<\/b> locais e aproveitar a noite em <b>bares ao ar livre<\/b>.<\/div>\n    <div class=\"tag-status\">\ud83c\udf7b Noite<\/div>\n  <\/div>\n\n  <div class=\"card-clima\">\n    <div class=\"estacao-nome\">\ud83c\udf38 Primavera<\/div>\n    <span class=\"estacao-meses\">Set &#8211; Nov<\/span>\n    <div class=\"temp-valor\">19-32\u00b0C<\/div>\n    <span class=\"temp-label\">M\u00e9dia<\/span>\n    <div class=\"clima-desc\">Aproveite o florescer da cidade para visitar os <b>bosques<\/b> e participar dos diversos <b>eventos<\/b> que agitam a esta\u00e7\u00e3o.<\/div>\n    <div class=\"tag-status\">\ud83c\udf37 Bosques<\/div>\n  <\/div>\n\n<\/div>\n\n\n\n<p><em>Temperaturas aproximadas com base no <a href=\"https:\/\/www.climatempo.com.br\/previsao-do-tempo\/cidade\/530\/ribeiraopreto-sp\" target=\"_blank\" rel=\"noreferrer noopener\"><strong>Climatempo<\/strong><\/a>. Condi\u00e7\u00f5es podem variar.<\/em><\/p>\n\n\n<div class=\"wp-block-image\">\n<figure class=\"aligncenter size-large\"><img decoding=\"async\" width=\"1024\" height=\"576\" src=\"https:\/\/www.correiobraziliense.com.br\/cbradar\/wp-content\/uploads\/2025\/06\/Ribeirao-Preto-sao-paulo_1750571977368-1024x576.jpg\" alt=\"A 'Calif\u00f3rnia brasileira' \u00e9 perfeita para quem busca viver melhor que no exterior\" class=\"wp-image-57380\" srcset=\"https:\/\/www.correiobraziliense.com.br\/cbradar\/wp-content\/uploads\/2025\/06\/Ribeirao-Preto-sao-paulo_1750571977368-1024x576.jpg 1024w, https:\/\/www.correiobraziliense.com.br\/cbradar\/wp-content\/uploads\/2025\/06\/Ribeirao-Preto-sao-paulo_1750571977368-300x169.jpg 300w, https:\/\/www.correiobraziliense.com.br\/cbradar\/wp-content\/uploads\/2025\/06\/Ribeirao-Preto-sao-paulo_1750571977368-768x432.jpg 768w, https:\/\/www.correiobraziliense.com.br\/cbradar\/wp-content\/uploads\/2025\/06\/Ribeirao-Preto-sao-paulo_1750571977368-750x422.jpg 750w, https:\/\/www.correiobraziliense.com.br\/cbradar\/wp-content\/uploads\/2025\/06\/Ribeirao-Preto-sao-paulo_1750571977368-1140x641.jpg 1140w, https:\/\/www.correiobraziliense.com.br\/cbradar\/wp-content\/uploads\/2025\/06\/Ribeirao-Preto-sao-paulo_1750571977368.jpg 1280w\" sizes=\"(max-width: 1024px) 100vw, 1024px\" \/><figcaption class=\"wp-element-caption\"> O munic\u00edpio tem interesse em planejamento urbano sustent\u00e1vel, conciliando crescimento e qualidade de vida. \/\/ Cr\u00e9ditos: depositphotos.com \/ paulobaqueta<\/figcaption><\/figure><\/div>\n\n\n<h2 class=\"wp-block-heading\">Como chegar a Ribeir\u00e3o Preto saindo da capital?<\/h2>\n\n\n\n<p>Ribeir\u00e3o Preto fica a 313 km de <strong>S\u00e3o Paulo<\/strong> pela <strong>Rodovia Anhanguera (SP-330)<\/strong> ou <strong>Bandeirantes (SP-348)<\/strong>, cerca de 4 horas de carro. O <strong>Aeroporto Leite Lopes<\/strong> recebe voos di\u00e1rios, e a rodovi\u00e1ria tem partidas a cada hora rumo \u00e0 capital.<\/p>\n\n\n\n<h2 class=\"wp-block-heading\">Vale a pena escrever sua hist\u00f3ria em Ribeir\u00e3o Preto<\/h2>\n\n\n\n<p><strong>A cidade entrega o que os indicadores prometem: <\/strong>sa\u00fade, educa\u00e7\u00e3o e cotidiano em ritmo equilibrado. O salto no IPS confirma o que o morador percebe ao caminhar pela Avenida Independ\u00eancia num fim de tarde.<\/p>\n\n\n\n<p>Voc\u00ea precisa conhecer Ribeir\u00e3o Preto e sentir como uma cidade do interior consegue oferecer infraestrutura de capital sem perder o gosto pelo chopp gelado e pela conversa na cal\u00e7ada.<\/p>\n","protected":false},"excerpt":{"rendered":"<p>Em 2025, Ribeir\u00e3o Preto deu um salto raro entre as cidades brasileiras no \u00cdndice de Progresso Social (IPS). A chamada Calif\u00f3rnia Brasileira consolidou o que muitos moradores j\u00e1 sentiam: a cidade combina infraestrutura de capital com ritmo de interior. Por que tanta gente decide morar na Calif\u00f3rnia Brasileira? O apelido pegou nos anos 1970, cunhado [&hellip;]<\/p>\n","protected":false},"author":8,"featured_media":232543,"comment_status":"open","ping_status":"open","sticky":false,"template":"","format":"standard","meta":{"_yoast_wpseo_focuskw":"Calif\u00f3rnia Brasileira","_yoast_wpseo_title":"","_yoast_wpseo_metadesc":"Conhecida como \u201cCalif\u00f3rnia Brasileira\u201d, a cidade saltou da 81\u00aa para a 15\u00aa posi\u00e7\u00e3o e est\u00e1 atraindo moradores para o interior.","jnews-multi-image_gallery":[],"jnews_single_post":{"format":"standard"},"jnews_primary_category":[],"jnews_social_meta":[],"jnews_override_counter":[],"footnotes":""},"categories":[108,111],"post_tag":[],"class_list":["post-232298","post","type-post","status-publish","format-standard","has-post-thumbnail","hentry","category-cidades","category-turismo"],"yoast_head":"<!-- This site is optimized with the Yoast SEO plugin v24.6 - https:\/\/yoast.com\/wordpress\/plugins\/seo\/ -->\n<title>A &quot;Calif\u00f3rnia Brasileira&quot; saltou da 81\u00aa para a 15\u00aa em qualidade de vida em apenas um ano e est\u00e1 atraindo moradores para o interior - Correio Braziliense - Radar<\/title>\n<meta name=\"description\" content=\"Conhecida como \u201cCalif\u00f3rnia Brasileira\u201d, a cidade saltou da 81\u00aa para a 15\u00aa posi\u00e7\u00e3o e est\u00e1 atraindo moradores para o interior.\" \/>\n<meta name=\"robots\" content=\"index, follow, max-snippet:-1, max-image-preview:large, max-video-preview:-1\" \/>\n<link rel=\"canonical\" href=\"https:\/\/www.correiobraziliense.com.br\/cbradar\/a-california-brasileira-saltou-da-81a-para-a-15a-em-qualidade-de-vida-em-apenas-um-ano-e-esta-atraindo-moradores-para-o-interior\/\" \/>\n<meta property=\"og:locale\" content=\"pt_BR\" \/>\n<meta property=\"og:type\" content=\"article\" \/>\n<meta property=\"og:title\" content=\"A &quot;Calif\u00f3rnia Brasileira&quot; saltou da 81\u00aa para a 15\u00aa em qualidade de vida em apenas um ano e est\u00e1 atraindo moradores para o interior - Correio Braziliense - Radar\" \/>\n<meta property=\"og:description\" content=\"Conhecida como \u201cCalif\u00f3rnia Brasileira\u201d, a cidade saltou da 81\u00aa para a 15\u00aa posi\u00e7\u00e3o e est\u00e1 atraindo moradores para o interior.\" \/>\n<meta property=\"og:url\" content=\"https:\/\/www.correiobraziliense.com.br\/cbradar\/a-california-brasileira-saltou-da-81a-para-a-15a-em-qualidade-de-vida-em-apenas-um-ano-e-esta-atraindo-moradores-para-o-interior\/\" \/>\n<meta property=\"og:site_name\" content=\"Correio Braziliense - Radar\" \/>\n<meta property=\"article:published_time\" content=\"2026-04-26T15:45:00+00:00\" \/>\n<meta property=\"og:image\" content=\"https:\/\/www.correiobraziliense.com.br\/cbradar\/wp-content\/uploads\/2026\/04\/aaa-2026-04-26T073813.302.png\" \/>\n\t<meta property=\"og:image:width\" content=\"1280\" \/>\n\t<meta property=\"og:image:height\" content=\"720\" \/>\n\t<meta property=\"og:image:type\" content=\"image\/png\" \/>\n<meta name=\"author\" content=\"Maura Pereira\" \/>\n<meta name=\"twitter:card\" content=\"summary_large_image\" \/>\n<meta name=\"twitter:label1\" content=\"Escrito por\" \/>\n\t<meta name=\"twitter:data1\" content=\"Maura Pereira\" \/>\n\t<meta name=\"twitter:label2\" content=\"Est. tempo de leitura\" \/>\n\t<meta name=\"twitter:data2\" content=\"7 minutos\" \/>\n<!-- \/ Yoast SEO plugin. -->","yoast_head_json":{"title":"A \"Calif\u00f3rnia Brasileira\" saltou da 81\u00aa para a 15\u00aa em qualidade de vida em apenas um ano e est\u00e1 atraindo moradores para o interior - Correio Braziliense - Radar","description":"Conhecida como \u201cCalif\u00f3rnia Brasileira\u201d, a cidade saltou da 81\u00aa para a 15\u00aa posi\u00e7\u00e3o e est\u00e1 atraindo moradores para o interior.","robots":{"index":"index","follow":"follow","max-snippet":"max-snippet:-1","max-image-preview":"max-image-preview:large","max-video-preview":"max-video-preview:-1"},"canonical":"https:\/\/www.correiobraziliense.com.br\/cbradar\/a-california-brasileira-saltou-da-81a-para-a-15a-em-qualidade-de-vida-em-apenas-um-ano-e-esta-atraindo-moradores-para-o-interior\/","og_locale":"pt_BR","og_type":"article","og_title":"A \"Calif\u00f3rnia Brasileira\" saltou da 81\u00aa para a 15\u00aa em qualidade de vida em apenas um ano e est\u00e1 atraindo moradores para o interior - Correio Braziliense - Radar","og_description":"Conhecida como \u201cCalif\u00f3rnia Brasileira\u201d, a cidade saltou da 81\u00aa para a 15\u00aa posi\u00e7\u00e3o e est\u00e1 atraindo moradores para o interior.","og_url":"https:\/\/www.correiobraziliense.com.br\/cbradar\/a-california-brasileira-saltou-da-81a-para-a-15a-em-qualidade-de-vida-em-apenas-um-ano-e-esta-atraindo-moradores-para-o-interior\/","og_site_name":"Correio Braziliense - Radar","article_published_time":"2026-04-26T15:45:00+00:00","og_image":[{"width":1280,"height":720,"url":"https:\/\/www.correiobraziliense.com.br\/cbradar\/wp-content\/uploads\/2026\/04\/aaa-2026-04-26T073813.302.png","type":"image\/png"}],"author":"Maura Pereira","twitter_card":"summary_large_image","twitter_misc":{"Escrito por":"Maura Pereira","Est. tempo de leitura":"7 minutos"},"schema":{"@context":"https:\/\/schema.org","@graph":[{"@type":"WebPage","@id":"https:\/\/www.correiobraziliense.com.br\/cbradar\/a-california-brasileira-saltou-da-81a-para-a-15a-em-qualidade-de-vida-em-apenas-um-ano-e-esta-atraindo-moradores-para-o-interior\/","url":"https:\/\/www.correiobraziliense.com.br\/cbradar\/a-california-brasileira-saltou-da-81a-para-a-15a-em-qualidade-de-vida-em-apenas-um-ano-e-esta-atraindo-moradores-para-o-interior\/","name":"A \"Calif\u00f3rnia Brasileira\" saltou da 81\u00aa para a 15\u00aa em qualidade de vida em apenas um ano e est\u00e1 atraindo moradores para o interior - Correio Braziliense - Radar","isPartOf":{"@id":"https:\/\/www.correiobraziliense.com.br\/cbradar\/#website"},"primaryImageOfPage":{"@id":"https:\/\/www.correiobraziliense.com.br\/cbradar\/a-california-brasileira-saltou-da-81a-para-a-15a-em-qualidade-de-vida-em-apenas-um-ano-e-esta-atraindo-moradores-para-o-interior\/#primaryimage"},"image":{"@id":"https:\/\/www.correiobraziliense.com.br\/cbradar\/a-california-brasileira-saltou-da-81a-para-a-15a-em-qualidade-de-vida-em-apenas-um-ano-e-esta-atraindo-moradores-para-o-interior\/#primaryimage"},"thumbnailUrl":"https:\/\/www.correiobraziliense.com.br\/cbradar\/wp-content\/uploads\/2026\/04\/aaa-2026-04-26T073813.302.png","datePublished":"2026-04-26T15:45:00+00:00","author":{"@id":"https:\/\/www.correiobraziliense.com.br\/cbradar\/#\/schema\/person\/4053c651a9bfc785afc6f4cbc9032fd3"},"description":"Conhecida como \u201cCalif\u00f3rnia Brasileira\u201d, a cidade saltou da 81\u00aa para a 15\u00aa posi\u00e7\u00e3o e est\u00e1 atraindo moradores para o interior.","breadcrumb":{"@id":"https:\/\/www.correiobraziliense.com.br\/cbradar\/a-california-brasileira-saltou-da-81a-para-a-15a-em-qualidade-de-vida-em-apenas-um-ano-e-esta-atraindo-moradores-para-o-interior\/#breadcrumb"},"inLanguage":"pt-BR","potentialAction":[{"@type":"ReadAction","target":["https:\/\/www.correiobraziliense.com.br\/cbradar\/a-california-brasileira-saltou-da-81a-para-a-15a-em-qualidade-de-vida-em-apenas-um-ano-e-esta-atraindo-moradores-para-o-interior\/"]}]},{"@type":"ImageObject","inLanguage":"pt-BR","@id":"https:\/\/www.correiobraziliense.com.br\/cbradar\/a-california-brasileira-saltou-da-81a-para-a-15a-em-qualidade-de-vida-em-apenas-um-ano-e-esta-atraindo-moradores-para-o-interior\/#primaryimage","url":"https:\/\/www.correiobraziliense.com.br\/cbradar\/wp-content\/uploads\/2026\/04\/aaa-2026-04-26T073813.302.png","contentUrl":"https:\/\/www.correiobraziliense.com.br\/cbradar\/wp-content\/uploads\/2026\/04\/aaa-2026-04-26T073813.302.png","width":1280,"height":720,"caption":"A chamada Calif\u00f3rnia Brasileira consolidou com infraestrutura de capital com ritmo de interior. \/ Imagem ilustrativa"},{"@type":"BreadcrumbList","@id":"https:\/\/www.correiobraziliense.com.br\/cbradar\/a-california-brasileira-saltou-da-81a-para-a-15a-em-qualidade-de-vida-em-apenas-um-ano-e-esta-atraindo-moradores-para-o-interior\/#breadcrumb","itemListElement":[{"@type":"ListItem","position":1,"name":"In\u00edcio","item":"https:\/\/www.correiobraziliense.com.br\/cbradar\/"},{"@type":"ListItem","position":2,"name":"A &#8220;Calif\u00f3rnia Brasileira&#8221; saltou da 81\u00aa para a 15\u00aa em qualidade de vida em apenas um ano e est\u00e1 atraindo moradores para o interior"}]},{"@type":"WebSite","@id":"https:\/\/www.correiobraziliense.com.br\/cbradar\/#website","url":"https:\/\/www.correiobraziliense.com.br\/cbradar\/","name":"Correio Braziliense - Radar","description":"Acompanhe as \u00faltimas not\u00edcias e fique bem informado sobre tudo o que acontece no Brasil e no mundo.","potentialAction":[{"@type":"SearchAction","target":{"@type":"EntryPoint","urlTemplate":"https:\/\/www.correiobraziliense.com.br\/cbradar\/?s={search_term_string}"},"query-input":{"@type":"PropertyValueSpecification","valueRequired":true,"valueName":"search_term_string"}}],"inLanguage":"pt-BR"},{"@type":"Person","@id":"https:\/\/www.correiobraziliense.com.br\/cbradar\/#\/schema\/person\/4053c651a9bfc785afc6f4cbc9032fd3","name":"Maura Pereira","image":{"@type":"ImageObject","inLanguage":"pt-BR","@id":"https:\/\/www.correiobraziliense.com.br\/cbradar\/#\/schema\/person\/image\/","url":"https:\/\/secure.gravatar.com\/avatar\/3effd6bdadfa447f15089c7f7144eaa6?s=96&d=mm&r=g","contentUrl":"https:\/\/secure.gravatar.com\/avatar\/3effd6bdadfa447f15089c7f7144eaa6?s=96&d=mm&r=g","caption":"Maura Pereira"},"sameAs":["https:\/\/www.correiobraziliense.com.br\/"],"url":"https:\/\/www.correiobraziliense.com.br\/cbradar\/author\/mauramyth\/"}]}},"_links":{"self":[{"href":"https:\/\/www.correiobraziliense.com.br\/cbradar\/wp-json\/wp\/v2\/posts\/232298","targetHints":{"allow":["GET"]}}],"collection":[{"href":"https:\/\/www.correiobraziliense.com.br\/cbradar\/wp-json\/wp\/v2\/posts"}],"about":[{"href":"https:\/\/www.correiobraziliense.com.br\/cbradar\/wp-json\/wp\/v2\/types\/post"}],"author":[{"embeddable":true,"href":"https:\/\/www.correiobraziliense.com.br\/cbradar\/wp-json\/wp\/v2\/users\/8"}],"replies":[{"embeddable":true,"href":"https:\/\/www.correiobraziliense.com.br\/cbradar\/wp-json\/wp\/v2\/comments?post=232298"}],"version-history":[{"count":9,"href":"https:\/\/www.correiobraziliense.com.br\/cbradar\/wp-json\/wp\/v2\/posts\/232298\/revisions"}],"predecessor-version":[{"id":232549,"href":"https:\/\/www.correiobraziliense.com.br\/cbradar\/wp-json\/wp\/v2\/posts\/232298\/revisions\/232549"}],"wp:featuredmedia":[{"embeddable":true,"href":"https:\/\/www.correiobraziliense.com.br\/cbradar\/wp-json\/wp\/v2\/media\/232543"}],"wp:attachment":[{"href":"https:\/\/www.correiobraziliense.com.br\/cbradar\/wp-json\/wp\/v2\/media?parent=232298"}],"wp:term":[{"taxonomy":"category","embeddable":true,"href":"https:\/\/www.correiobraziliense.com.br\/cbradar\/wp-json\/wp\/v2\/categories?post=232298"},{"taxonomy":"post_tag","embeddable":true,"href":"https:\/\/www.correiobraziliense.com.br\/cbradar\/wp-json\/wp\/v2\/post_tag?post=232298"}],"curies":[{"name":"wp","href":"https:\/\/api.w.org\/{rel}","templated":true}]}}