{"id":232299,"date":"2026-04-26T15:25:00","date_gmt":"2026-04-26T18:25:00","guid":{"rendered":"https:\/\/www.correiobraziliense.com.br\/cbradar\/?p=232299"},"modified":"2026-04-26T07:47:08","modified_gmt":"2026-04-26T10:47:08","slug":"a-cidade-criativa-da-gastronomia-onde-o-acai-e-salgado-e-o-maior-mercado-a-ceu-aberto-da-america-latina-abre-antes-do-sol-nascer","status":"publish","type":"post","link":"https:\/\/www.correiobraziliense.com.br\/cbradar\/a-cidade-criativa-da-gastronomia-onde-o-acai-e-salgado-e-o-maior-mercado-a-ceu-aberto-da-america-latina-abre-antes-do-sol-nascer\/","title":{"rendered":"A &#8220;Cidade Criativa da Gastronomia&#8221; onde o a\u00e7a\u00ed \u00e9 salgado e o maior mercado a c\u00e9u aberto da Am\u00e9rica Latina abre antes do sol nascer"},"content":{"rendered":"\n<p>\u00c0s margens da <strong>Ba\u00eda do Guajar\u00e1<\/strong>, <strong>Bel\u00e9m<\/strong> recebe quem chega \u00e0 <strong>Amaz\u00f4nia<\/strong> com cheiro de tucupi e fruta fresca. A cidade \u00e9 Cidade Criativa da Gastronomia da <strong>UNESCO<\/strong> desde 2015 e guarda no <strong>Ver-o-Peso<\/strong> o maior mercado a c\u00e9u aberto do continente.<\/p>\n\n\n\n<h2 class=\"wp-block-heading\">Por que Bel\u00e9m \u00e9 o portal da Amaz\u00f4nia?<\/h2>\n\n\n\n<p>Fundada em 12 de janeiro de 1616 como forte estrat\u00e9gico contra invasores europeus, a capital paraense controla a foz do rio que d\u00e1 acesso \u00e0 floresta. Hoje, com cerca de 1,4 milh\u00e3o de habitantes, \u00e9 a base de quem segue para o <strong>Maraj\u00f3<\/strong>, o <strong>Combu<\/strong> ou as comunidades ribeirinhas do interior.<\/p>\n\n\n\n<p>O Ciclo da Borracha, no fim do s\u00e9culo 19, transformou a cidade na chamada Paris das Am\u00e9ricas. Casar\u00f5es em estilo ecl\u00e9tico, pra\u00e7as arborizadas e o tra\u00e7ado das avenidas ainda preservam essa heran\u00e7a, agora misturada ao ritmo amaz\u00f4nico do dia a dia.<\/p>\n\n\n<div class=\"wp-block-image\">\n<figure class=\"aligncenter size-large\"><img decoding=\"async\" width=\"1024\" height=\"576\" src=\"https:\/\/www.correiobraziliense.com.br\/cbradar\/wp-content\/uploads\/2025\/06\/Edicoes-26-2-1024x576.png\" alt=\"Essa metr\u00f3pole da Amaz\u00f4nia conquistou espa\u00e7o por oferecer qualidade para viver bem onde ningu\u00e9m esperava mais do que selva\" class=\"wp-image-59644\" srcset=\"https:\/\/www.correiobraziliense.com.br\/cbradar\/wp-content\/uploads\/2025\/06\/Edicoes-26-2-1024x576.png 1024w, https:\/\/www.correiobraziliense.com.br\/cbradar\/wp-content\/uploads\/2025\/06\/Edicoes-26-2-300x169.png 300w, https:\/\/www.correiobraziliense.com.br\/cbradar\/wp-content\/uploads\/2025\/06\/Edicoes-26-2-768x432.png 768w, https:\/\/www.correiobraziliense.com.br\/cbradar\/wp-content\/uploads\/2025\/06\/Edicoes-26-2-750x422.png 750w, https:\/\/www.correiobraziliense.com.br\/cbradar\/wp-content\/uploads\/2025\/06\/Edicoes-26-2-1140x641.png 1140w, https:\/\/www.correiobraziliense.com.br\/cbradar\/wp-content\/uploads\/2025\/06\/Edicoes-26-2.png 1280w\" sizes=\"(max-width: 1024px) 100vw, 1024px\" \/><figcaption class=\"wp-element-caption\">Bel\u00e9m \u00e9 a capital do Par\u00e1, localizada na foz do rio Amazonas, com rica hist\u00f3ria e cultura. \/\/ Reprodu\u00e7\u00e3o: Wikimedia Commons<\/figcaption><\/figure><\/div>\n\n\n<h2 class=\"wp-block-heading\">Ver-o-Peso: o mercado que acorda antes da cidade<\/h2>\n\n\n\n<p>O <strong>Mercado Ver-o-Peso<\/strong> existe desde 1625, quando funcionava como casa de aferi\u00e7\u00e3o de mercadorias da Coroa portuguesa. O conjunto arquitet\u00f4nico atual ocupa 25 mil metros quadrados e foi tombado pelo <strong>Instituto do Patrim\u00f4nio Hist\u00f3rico e Art\u00edstico Nacional (IPHAN)<\/strong> em 1977.<\/p>\n\n\n\n<p>O mercado abre \u00e0s 5h e atrai cerca de 20 mil pessoas por dia. Vale chegar cedo para acompanhar a <strong>Feira do A\u00e7a\u00ed<\/strong>, quando os barcos descarregam paneiros do fruto vindos do interior. As barracas vendem cupua\u00e7u, bacuri, tapereb\u00e1, ervas medicinais e o famoso peixe frito com a\u00e7a\u00ed da Banca do L\u00e9o.<\/p>\n\n\n\n<p>Este v\u00eddeo do canal <strong>Coisas do Mundo<\/strong> apresenta <strong>Bel\u00e9m<\/strong>, a capital do Par\u00e1, como a &#8220;Metr\u00f3pole da Amaz\u00f4nia&#8221;, destacando sua import\u00e2ncia hist\u00f3rica, econ\u00f4mica e cultural para a Regi\u00e3o Norte do Brasil.<\/p>\n\n\n\n<figure class=\"wp-block-embed aligncenter is-type-video is-provider-youtube wp-block-embed-youtube wp-embed-aspect-16-9 wp-has-aspect-ratio\"><div class=\"wp-block-embed__wrapper\">\n<div class=\"jeg_video_container jeg_video_content\"><iframe loading=\"lazy\" title=\"BEL\u00c9M (PAR\u00c1). A Metr\u00f3pole da Amaz\u00f4nia \u00e9 a melhor cidade do Norte do Brasil?\" width=\"500\" height=\"281\" src=\"https:\/\/www.youtube.com\/embed\/D2Vmq2B9zPE?feature=oembed\" frameborder=\"0\" allow=\"accelerometer; autoplay; clipboard-write; encrypted-media; gyroscope; picture-in-picture; web-share\" referrerpolicy=\"strict-origin-when-cross-origin\" allowfullscreen><\/iframe><\/div>\n<\/div><\/figure>\n\n\n\n<h2 class=\"wp-block-heading\">O que se come quando se chega \u00e0 terra do tucupi?<\/h2>\n\n\n\n<p>A culin\u00e1ria paraense tem identidade pr\u00f3pria, com base ind\u00edgena refor\u00e7ada por influ\u00eancias portuguesa e africana. O <a href=\"https:\/\/visit.belem.pa.gov.br\/gastronomia\/\" target=\"_blank\" rel=\"noreferrer noopener\"><strong>portal oficial de turismo<\/strong><\/a> da prefeitura destaca os pratos que definem a cidade.<\/p>\n\n\n\n<ul class=\"wp-block-list\">\n<li><strong>Tacac\u00e1<\/strong>: caldo quente de tucupi servido em cuia, com goma de tapioca, camar\u00e3o seco e jambu, a planta que adormece a boca.<\/li>\n\n\n\n<li><strong>Pato no tucupi<\/strong>: pato assado e cozido no caldo amarelo da mandioca, com folhas de jambu e arroz branco.<\/li>\n\n\n\n<li><strong>Mani\u00e7oba<\/strong>: a feijoada paraense, feita com folhas de mandioca cozidas por at\u00e9 sete dias para retirar o \u00e1cido t\u00f3xico.<\/li>\n\n\n\n<li><strong>A\u00e7a\u00ed com peixe frito<\/strong>: a combina\u00e7\u00e3o que choca quem chega de fora, sempre servida sem a\u00e7\u00facar, com farinha de mandioca.<\/li>\n\n\n\n<li><strong>Caldeirada de filhote<\/strong>: ensopado feito com um dos maiores peixes de \u00e1gua doce do mundo.<\/li>\n<\/ul>\n\n\n\n<h2 class=\"wp-block-heading\">Onde ver o p\u00f4r do sol mais bonito da cidade?<\/h2>\n\n\n\n<p>A resposta dos belenenses costuma ser a <strong>Esta\u00e7\u00e3o das Docas<\/strong>. O antigo porto fluvial foi restaurado e inaugurado em 2000, ocupando 32 mil metros quadrados em tr\u00eas armaz\u00e9ns transformados em boulevard de gastronomia, lojas e cultura.<\/p>\n\n\n\n<p>O complexo recebe em m\u00e9dia 1,5 milh\u00e3o de visitantes por ano e tem palco com programa\u00e7\u00e3o musical di\u00e1ria. Vale conhecer a <strong>Amazon Beer<\/strong>, cervejaria com r\u00f3tulos feitos de bacuri e cupua\u00e7u, e tomar um sorvete na <strong>Cairu<\/strong>, sorveteria que serve sabores como castanha-do-par\u00e1, tapereb\u00e1 e murici.<\/p>\n\n\n<div class=\"wp-block-image\">\n<figure class=\"aligncenter size-large\"><img decoding=\"async\" width=\"1024\" height=\"576\" src=\"https:\/\/www.correiobraziliense.com.br\/cbradar\/wp-content\/uploads\/2025\/09\/Design-sem-nome-21-1024x576.png\" alt=\"Cidade porta de entrada para a Amaz\u00f4nia est\u00e1 encantando com sua beleza e qualidade para viver bem\" class=\"wp-image-101362\" srcset=\"https:\/\/www.correiobraziliense.com.br\/cbradar\/wp-content\/uploads\/2025\/09\/Design-sem-nome-21-1024x576.png 1024w, https:\/\/www.correiobraziliense.com.br\/cbradar\/wp-content\/uploads\/2025\/09\/Design-sem-nome-21-300x169.png 300w, https:\/\/www.correiobraziliense.com.br\/cbradar\/wp-content\/uploads\/2025\/09\/Design-sem-nome-21-768x432.png 768w, https:\/\/www.correiobraziliense.com.br\/cbradar\/wp-content\/uploads\/2025\/09\/Design-sem-nome-21-750x422.png 750w, https:\/\/www.correiobraziliense.com.br\/cbradar\/wp-content\/uploads\/2025\/09\/Design-sem-nome-21-1140x641.png 1140w, https:\/\/www.correiobraziliense.com.br\/cbradar\/wp-content\/uploads\/2025\/09\/Design-sem-nome-21.png 1280w\" sizes=\"(max-width: 1024px) 100vw, 1024px\" \/><figcaption class=\"wp-element-caption\">Explore Bel\u00e9m, a cidade que une a for\u00e7a da Amaz\u00f4nia com a beleza da cultura paraense. \/\/ Cr\u00e9ditos: YouTube @partiubr<\/figcaption><\/figure><\/div>\n\n\n<h2 class=\"wp-block-heading\">O que ver fora do roteiro do mercado?<\/h2>\n\n\n\n<p><strong>Bel\u00e9m guarda atra\u00e7\u00f5es para quem quer ir al\u00e9m das docas. <\/strong>A maioria fica concentrada no centro hist\u00f3rico, no bairro da <strong>Cidade Velha<\/strong>, onde a cidade nasceu.<\/p>\n\n\n\n<ul class=\"wp-block-list\">\n<li><strong>Theatro da Paz<\/strong>: inaugurado em 1878 no auge do Ciclo da Borracha, em estilo neocl\u00e1ssico inspirado no Scala de Mil\u00e3o. Tem 900 lugares e oferece visitas guiadas.<\/li>\n\n\n\n<li><strong>Mangal das Gar\u00e7as<\/strong>: parque de 40 mil m\u00b2 \u00e0s margens do rio Guam\u00e1, com borbolet\u00e1rio, viveiro de aves, mirante e o restaurante Manjar das Gar\u00e7as.<\/li>\n\n\n\n<li><strong>Cine Olympia<\/strong>: aberto em 1912, \u00e9 o cinema mais antigo em funcionamento no <strong>Brasil<\/strong>, no bairro Campina.<\/li>\n\n\n\n<li><strong>Forte do Pres\u00e9pio<\/strong>: marco zero da cidade, constru\u00eddo em 1616 para conter invasores estrangeiros na Amaz\u00f4nia.<\/li>\n\n\n\n<li><strong>Bas\u00edlica de Nossa Senhora de Nazar\u00e9<\/strong>: ponto final do <strong>C\u00edrio de Nazar\u00e9<\/strong>, prociss\u00e3o anual que re\u00fane 2 milh\u00f5es de pessoas no segundo domingo de outubro.<\/li>\n<\/ul>\n\n\n\n<h2 class=\"wp-block-heading\">Vale a pena cruzar o rio at\u00e9 a Ilha do Combu?<\/h2>\n\n\n\n<p>A poucos minutos de barco da capital, a <strong>Ilha do Combu<\/strong> oferece o contraponto fluvial \u00e0 vida urbana. Restaurantes ribeirinhos servem peixe fresco em redes sob o telhado de palha, e a chocolateira <strong>Filha do Combu<\/strong> produz bombons com cacau colhido na pr\u00f3pria ilha.<\/p>\n\n\n\n<p><strong>Leia tamb\u00e9m: <a href=\"https:\/\/www.correiobraziliense.com.br\/cbradar\/como-a-primeira-capital-planejada-do-brasil-nasceu-de-um-tabuleiro-de-xadrez-e-encantou-com-sua-organizacao-a-366-km-do-mar\/\" target=\"_blank\" rel=\"noreferrer noopener\">Como a primeira capital planejada do Brasil nasceu de um tabuleiro de xadrez e encantou com sua organiza\u00e7\u00e3o a 366 km do mar.<\/a><\/strong><\/p>\n\n\n<div class=\"wp-block-image\">\n<figure class=\"aligncenter size-large\"><img decoding=\"async\" width=\"1024\" height=\"576\" src=\"https:\/\/www.correiobraziliense.com.br\/cbradar\/wp-content\/uploads\/2025\/06\/Edicoes-25-1-1024x576.png\" alt=\"Cidade porta de entrada para a Amaz\u00f4nia est\u00e1 encantando com sua beleza e qualidade para viver bem\" class=\"wp-image-59645\" srcset=\"https:\/\/www.correiobraziliense.com.br\/cbradar\/wp-content\/uploads\/2025\/06\/Edicoes-25-1-1024x576.png 1024w, https:\/\/www.correiobraziliense.com.br\/cbradar\/wp-content\/uploads\/2025\/06\/Edicoes-25-1-300x169.png 300w, https:\/\/www.correiobraziliense.com.br\/cbradar\/wp-content\/uploads\/2025\/06\/Edicoes-25-1-768x432.png 768w, https:\/\/www.correiobraziliense.com.br\/cbradar\/wp-content\/uploads\/2025\/06\/Edicoes-25-1-750x422.png 750w, https:\/\/www.correiobraziliense.com.br\/cbradar\/wp-content\/uploads\/2025\/06\/Edicoes-25-1-1140x641.png 1140w, https:\/\/www.correiobraziliense.com.br\/cbradar\/wp-content\/uploads\/2025\/06\/Edicoes-25-1.png 1280w\" sizes=\"(max-width: 1024px) 100vw, 1024px\" \/><figcaption class=\"wp-element-caption\">Mergulhe na Amaz\u00f4nia vibrante de Bel\u00e9m! Cultura ind\u00edgena, manguezais e sabores ex\u00f3ticos renovam esp\u00edrito aventureiro.\u200b \/\/ Reprodu\u00e7\u00e3o: Wikimedia Commons<\/figcaption><\/figure><\/div>\n\n\n<h2 class=\"wp-block-heading\">Qual a melhor \u00e9poca para visitar?<\/h2>\n\n\n\n<p>Bel\u00e9m tem duas esta\u00e7\u00f5es bem definidas: o inverno amaz\u00f4nico, mais chuvoso, e o ver\u00e3o, mais seco. A chuva pode cair forte e curta em qualquer m\u00eas.<\/p>\n\n\n\n<style>\n  \/* --- CONTAINER BLINDADO (PADR\u00c3O REGISTRADO) --- *\/\n  .clima-grid-final {\n    font-family: -apple-system, BlinkMacSystemFont, \"Segoe UI\", Roboto, Arial, sans-serif !important;\n    width: 100% !important;\n    max-width: 1200px !important;\n    margin: 20px auto !important;\n    display: grid !important;\n    \/* AJUSTE PARA 2 COLUNAS DEVIDO AOS DADOS FORNECIDOS *\/\n    grid-template-columns: repeat(2, 1fr) !important; \n    gap: 20px !important;\n    box-sizing: border-box !important;\n  }\n\n  .clima-grid-final * {\n    box-sizing: border-box !important;\n  }\n\n  \/* --- BLINDAGEM CONTRA ADS E PLUGINS INTRUSOS --- *\/\n  .clima-grid-final > :not(.card-clima) {\n    display: none !important;\n    width: 0 !important;\n    height: 0 !important;\n    opacity: 0 !important;\n  }\n\n  \/* --- CARD AZUL --- *\/\n  .card-clima {\n    background: #ffffff !important;\n    border: 1px solid #e3f2fd !important;\n    border-radius: 20px !important;\n    padding: 25px 15px !important;\n    text-align: center !important;\n    display: flex !important;\n    flex-direction: column !important;\n    align-items: center !important;\n    box-shadow: 0 4px 10px rgba(13, 71, 161, 0.05) !important;\n    min-width: 0 !important; \n    transition: transform 0.2s ease !important;\n    overflow: hidden !important;\n    height: 100% !important;\n  }\n\n  .card-clima:hover {\n    transform: translateY(-5px) !important;\n    border-color: #90caf9 !important;\n  }\n\n  \/* --- CONTE\u00daDO --- *\/\n  .estacao-nome { \n    font-size: 16px !important; \n    font-weight: 800 !important; \n    color: #0d47a1 !important; \n    text-transform: uppercase !important; \n    margin: 0 0 5px 0 !important; \n  }\n  \n  .estacao-meses { \n    font-size: 11px !important; \n    font-weight: 700 !important; \n    color: #1565c0 !important; \n    text-transform: uppercase !important; \n    margin-bottom: 15px !important; \n    display: block !important;\n  }\n  \n  .temp-valor { \n    font-size: 28px !important; \n    font-weight: 800 !important; \n    color: #01579b !important; \n    line-height: 1.1 !important; \n    margin: 0 !important;\n  }\n  \n  .temp-label { \n    font-size: 9px !important; \n    font-weight: 600 !important; \n    color: #0288d1 !important; \n    text-transform: uppercase !important; \n    margin-bottom: 15px !important; \n    display: block !important;\n  }\n  \n  .clima-desc { \n    font-size: 13px !important; \n    line-height: 1.5 !important; \n    color: #37474f !important; \n    margin-bottom: 15px !important; \n    flex-grow: 1 !important; \n  }\n\n  .tag-status {\n    background-color: #e1f5fe !important;\n    border: 1px solid #b3e5fc !important;\n    color: #0d47a1 !important;\n    padding: 6px 15px !important;\n    border-radius: 20px !important;\n    font-size: 10px !important;\n    font-weight: 800 !important;\n    text-transform: uppercase !important;\n    margin-top: auto !important;\n  }\n\n  \/* --- RESPONSIVIDADE --- *\/\n  @media (max-width: 600px) {\n    .clima-grid-final {\n      grid-template-columns: 1fr !important; \n    }\n  }\n<\/style>\n\n<div class=\"google-auto-ads-ignore clima-grid-final\">\n  \n  <div class=\"card-clima\">\n    <div class=\"estacao-nome\">\ud83c\udf27\ufe0f Inverno Amaz\u00f4nico<\/div>\n    <span class=\"estacao-meses\">Dez &#8211; Mai<\/span>\n    <div class=\"temp-valor\">23-32\u00b0C<\/div>\n    <span class=\"temp-label\">M\u00e9dia T\u00e9rmica<\/span>\n    <div class=\"clima-desc\">Com chuvas muito altas, o per\u00edodo \u00e9 ideal para vivenciar a cultura local em <b>mercados<\/b>, visitar <b>museus<\/b> e se deliciar com a <b>gastronomia<\/b> regional em ambientes cobertos.<\/div>\n    <div class=\"tag-status\">\u2615 Cultura e Sabor<\/div>\n  <\/div>\n\n  <div class=\"card-clima\">\n    <div class=\"estacao-nome\">\u2600\ufe0f Ver\u00e3o Amaz\u00f4nico<\/div>\n    <span class=\"estacao-meses\">Jun &#8211; Nov<\/span>\n    <div class=\"temp-valor\">23-33\u00b0C<\/div>\n    <span class=\"temp-label\">M\u00e9dia T\u00e9rmica<\/span>\n    <div class=\"clima-desc\">A redu\u00e7\u00e3o das chuvas abre caminho para a explora\u00e7\u00e3o da natureza; aproveite para realizar <b>passeios fluviais<\/b> e conhecer as <b>ilhas<\/b> paradis\u00edacas da regi\u00e3o.<\/div>\n    <div class=\"tag-status\">\ud83d\udef6 Rios e Ilhas<\/div>\n  <\/div>\n\n<\/div>\n\n\n\n<p><em>Temperaturas aproximadas com base no <a href=\"https:\/\/www.climatempo.com.br\/previsao-do-tempo\/cidade\/232\/belem-pa\" target=\"_blank\" rel=\"noreferrer noopener\"><strong>Climatempo<\/strong><\/a>. Condi\u00e7\u00f5es podem variar.<\/em><\/p>\n\n\n\n<h2 class=\"wp-block-heading\">Como chegar at\u00e9 a capital paraense?<\/h2>\n\n\n\n<p>O <strong>Aeroporto Internacional de Bel\u00e9m Val-de-Cans<\/strong> recebe voos diretos das principais capitais brasileiras. A cidade tamb\u00e9m \u00e9 ponto de partida de cruzeiros fluviais que descem o rio Amazonas at\u00e9 <strong>Manaus<\/strong> e <strong>Santar\u00e9m<\/strong>.<\/p>\n\n\n\n<h2 class=\"wp-block-heading\">V\u00e1 experimentar a Amaz\u00f4nia que cabe na cuia<\/h2>\n\n\n\n<p><strong>Bel\u00e9m \u00e9 o tipo de cidade que entra pelos sentidos.<\/strong> O cheiro do tucupi fervendo, o calor da farinha amarela, o adormecer do jambu na boca, tudo desenha uma experi\u00eancia que n\u00e3o existe em outro canto do <strong>Brasil<\/strong>.<\/p>\n\n\n\n<p>Voc\u00ea precisa visitar Bel\u00e9m pelo menos uma vez para entender por que dizem que a Amaz\u00f4nia come\u00e7a na primeira garfada.<\/p>\n","protected":false},"excerpt":{"rendered":"<p>\u00c0s margens da Ba\u00eda do Guajar\u00e1, Bel\u00e9m recebe quem chega \u00e0 Amaz\u00f4nia com cheiro de tucupi e fruta fresca. A cidade \u00e9 Cidade Criativa da Gastronomia da UNESCO desde 2015 e guarda no Ver-o-Peso o maior mercado a c\u00e9u aberto do continente. Por que Bel\u00e9m \u00e9 o portal da Amaz\u00f4nia? Fundada em 12 de janeiro [&hellip;]<\/p>\n","protected":false},"author":8,"featured_media":232557,"comment_status":"open","ping_status":"open","sticky":false,"template":"","format":"standard","meta":{"_yoast_wpseo_focuskw":"Cidade Criativa da Gastronomia","_yoast_wpseo_title":"","_yoast_wpseo_metadesc":"A \"Cidade Criativa da Gastronomia\" surpreende com a\u00e7a\u00ed salgado e um dos maiores mercados a c\u00e9u aberto da Am\u00e9rica Latina, que come\u00e7a cedinho.","jnews-multi-image_gallery":[],"jnews_single_post":{"format":"standard"},"jnews_primary_category":[],"jnews_social_meta":[],"jnews_override_counter":[],"footnotes":""},"categories":[108,111],"post_tag":[],"class_list":["post-232299","post","type-post","status-publish","format-standard","has-post-thumbnail","hentry","category-cidades","category-turismo"],"yoast_head":"<!-- This site is optimized with the Yoast SEO plugin v24.6 - https:\/\/yoast.com\/wordpress\/plugins\/seo\/ -->\n<title>A &quot;Cidade Criativa da Gastronomia&quot; onde o a\u00e7a\u00ed \u00e9 salgado e o maior mercado a c\u00e9u aberto da Am\u00e9rica Latina abre antes do sol nascer - Correio Braziliense - Radar<\/title>\n<meta name=\"description\" content=\"A &quot;Cidade Criativa da Gastronomia&quot; surpreende com a\u00e7a\u00ed salgado e um dos maiores mercados a c\u00e9u aberto da Am\u00e9rica Latina, que come\u00e7a cedinho.\" \/>\n<meta name=\"robots\" content=\"index, follow, max-snippet:-1, max-image-preview:large, max-video-preview:-1\" \/>\n<link rel=\"canonical\" href=\"https:\/\/www.correiobraziliense.com.br\/cbradar\/a-cidade-criativa-da-gastronomia-onde-o-acai-e-salgado-e-o-maior-mercado-a-ceu-aberto-da-america-latina-abre-antes-do-sol-nascer\/\" \/>\n<meta property=\"og:locale\" content=\"pt_BR\" \/>\n<meta property=\"og:type\" content=\"article\" \/>\n<meta property=\"og:title\" content=\"A &quot;Cidade Criativa da Gastronomia&quot; onde o a\u00e7a\u00ed \u00e9 salgado e o maior mercado a c\u00e9u aberto da Am\u00e9rica Latina abre antes do sol nascer - Correio Braziliense - Radar\" \/>\n<meta property=\"og:description\" content=\"A &quot;Cidade Criativa da Gastronomia&quot; surpreende com a\u00e7a\u00ed salgado e um dos maiores mercados a c\u00e9u aberto da Am\u00e9rica Latina, que come\u00e7a cedinho.\" \/>\n<meta property=\"og:url\" content=\"https:\/\/www.correiobraziliense.com.br\/cbradar\/a-cidade-criativa-da-gastronomia-onde-o-acai-e-salgado-e-o-maior-mercado-a-ceu-aberto-da-america-latina-abre-antes-do-sol-nascer\/\" \/>\n<meta property=\"og:site_name\" content=\"Correio Braziliense - Radar\" \/>\n<meta property=\"article:published_time\" content=\"2026-04-26T18:25:00+00:00\" \/>\n<meta property=\"og:image\" content=\"https:\/\/www.correiobraziliense.com.br\/cbradar\/wp-content\/uploads\/2026\/04\/aaa-2026-04-26T074351.341.png\" \/>\n\t<meta property=\"og:image:width\" content=\"1280\" \/>\n\t<meta property=\"og:image:height\" content=\"720\" \/>\n\t<meta property=\"og:image:type\" content=\"image\/png\" \/>\n<meta name=\"author\" content=\"Maura Pereira\" \/>\n<meta name=\"twitter:card\" content=\"summary_large_image\" \/>\n<meta name=\"twitter:label1\" content=\"Escrito por\" \/>\n\t<meta name=\"twitter:data1\" content=\"Maura Pereira\" \/>\n\t<meta name=\"twitter:label2\" content=\"Est. tempo de leitura\" \/>\n\t<meta name=\"twitter:data2\" content=\"7 minutos\" \/>\n<!-- \/ Yoast SEO plugin. -->","yoast_head_json":{"title":"A \"Cidade Criativa da Gastronomia\" onde o a\u00e7a\u00ed \u00e9 salgado e o maior mercado a c\u00e9u aberto da Am\u00e9rica Latina abre antes do sol nascer - Correio Braziliense - Radar","description":"A \"Cidade Criativa da Gastronomia\" surpreende com a\u00e7a\u00ed salgado e um dos maiores mercados a c\u00e9u aberto da Am\u00e9rica Latina, que come\u00e7a cedinho.","robots":{"index":"index","follow":"follow","max-snippet":"max-snippet:-1","max-image-preview":"max-image-preview:large","max-video-preview":"max-video-preview:-1"},"canonical":"https:\/\/www.correiobraziliense.com.br\/cbradar\/a-cidade-criativa-da-gastronomia-onde-o-acai-e-salgado-e-o-maior-mercado-a-ceu-aberto-da-america-latina-abre-antes-do-sol-nascer\/","og_locale":"pt_BR","og_type":"article","og_title":"A \"Cidade Criativa da Gastronomia\" onde o a\u00e7a\u00ed \u00e9 salgado e o maior mercado a c\u00e9u aberto da Am\u00e9rica Latina abre antes do sol nascer - Correio Braziliense - Radar","og_description":"A \"Cidade Criativa da Gastronomia\" surpreende com a\u00e7a\u00ed salgado e um dos maiores mercados a c\u00e9u aberto da Am\u00e9rica Latina, que come\u00e7a cedinho.","og_url":"https:\/\/www.correiobraziliense.com.br\/cbradar\/a-cidade-criativa-da-gastronomia-onde-o-acai-e-salgado-e-o-maior-mercado-a-ceu-aberto-da-america-latina-abre-antes-do-sol-nascer\/","og_site_name":"Correio Braziliense - Radar","article_published_time":"2026-04-26T18:25:00+00:00","og_image":[{"width":1280,"height":720,"url":"https:\/\/www.correiobraziliense.com.br\/cbradar\/wp-content\/uploads\/2026\/04\/aaa-2026-04-26T074351.341.png","type":"image\/png"}],"author":"Maura Pereira","twitter_card":"summary_large_image","twitter_misc":{"Escrito por":"Maura Pereira","Est. tempo de leitura":"7 minutos"},"schema":{"@context":"https:\/\/schema.org","@graph":[{"@type":"WebPage","@id":"https:\/\/www.correiobraziliense.com.br\/cbradar\/a-cidade-criativa-da-gastronomia-onde-o-acai-e-salgado-e-o-maior-mercado-a-ceu-aberto-da-america-latina-abre-antes-do-sol-nascer\/","url":"https:\/\/www.correiobraziliense.com.br\/cbradar\/a-cidade-criativa-da-gastronomia-onde-o-acai-e-salgado-e-o-maior-mercado-a-ceu-aberto-da-america-latina-abre-antes-do-sol-nascer\/","name":"A \"Cidade Criativa da Gastronomia\" onde o a\u00e7a\u00ed \u00e9 salgado e o maior mercado a c\u00e9u aberto da Am\u00e9rica Latina abre antes do sol nascer - Correio Braziliense - Radar","isPartOf":{"@id":"https:\/\/www.correiobraziliense.com.br\/cbradar\/#website"},"primaryImageOfPage":{"@id":"https:\/\/www.correiobraziliense.com.br\/cbradar\/a-cidade-criativa-da-gastronomia-onde-o-acai-e-salgado-e-o-maior-mercado-a-ceu-aberto-da-america-latina-abre-antes-do-sol-nascer\/#primaryimage"},"image":{"@id":"https:\/\/www.correiobraziliense.com.br\/cbradar\/a-cidade-criativa-da-gastronomia-onde-o-acai-e-salgado-e-o-maior-mercado-a-ceu-aberto-da-america-latina-abre-antes-do-sol-nascer\/#primaryimage"},"thumbnailUrl":"https:\/\/www.correiobraziliense.com.br\/cbradar\/wp-content\/uploads\/2026\/04\/aaa-2026-04-26T074351.341.png","datePublished":"2026-04-26T18:25:00+00:00","author":{"@id":"https:\/\/www.correiobraziliense.com.br\/cbradar\/#\/schema\/person\/4053c651a9bfc785afc6f4cbc9032fd3"},"description":"A \"Cidade Criativa da Gastronomia\" surpreende com a\u00e7a\u00ed salgado e um dos maiores mercados a c\u00e9u aberto da Am\u00e9rica Latina, que come\u00e7a cedinho.","breadcrumb":{"@id":"https:\/\/www.correiobraziliense.com.br\/cbradar\/a-cidade-criativa-da-gastronomia-onde-o-acai-e-salgado-e-o-maior-mercado-a-ceu-aberto-da-america-latina-abre-antes-do-sol-nascer\/#breadcrumb"},"inLanguage":"pt-BR","potentialAction":[{"@type":"ReadAction","target":["https:\/\/www.correiobraziliense.com.br\/cbradar\/a-cidade-criativa-da-gastronomia-onde-o-acai-e-salgado-e-o-maior-mercado-a-ceu-aberto-da-america-latina-abre-antes-do-sol-nascer\/"]}]},{"@type":"ImageObject","inLanguage":"pt-BR","@id":"https:\/\/www.correiobraziliense.com.br\/cbradar\/a-cidade-criativa-da-gastronomia-onde-o-acai-e-salgado-e-o-maior-mercado-a-ceu-aberto-da-america-latina-abre-antes-do-sol-nascer\/#primaryimage","url":"https:\/\/www.correiobraziliense.com.br\/cbradar\/wp-content\/uploads\/2026\/04\/aaa-2026-04-26T074351.341.png","contentUrl":"https:\/\/www.correiobraziliense.com.br\/cbradar\/wp-content\/uploads\/2026\/04\/aaa-2026-04-26T074351.341.png","width":1280,"height":720,"caption":"A cidade \u00e9 Cidade Criativa da Gastronomia da UNESCO. \/ Imagem ilustrativa"},{"@type":"BreadcrumbList","@id":"https:\/\/www.correiobraziliense.com.br\/cbradar\/a-cidade-criativa-da-gastronomia-onde-o-acai-e-salgado-e-o-maior-mercado-a-ceu-aberto-da-america-latina-abre-antes-do-sol-nascer\/#breadcrumb","itemListElement":[{"@type":"ListItem","position":1,"name":"In\u00edcio","item":"https:\/\/www.correiobraziliense.com.br\/cbradar\/"},{"@type":"ListItem","position":2,"name":"A &#8220;Cidade Criativa da Gastronomia&#8221; onde o a\u00e7a\u00ed \u00e9 salgado e o maior mercado a c\u00e9u aberto da Am\u00e9rica Latina abre antes do sol nascer"}]},{"@type":"WebSite","@id":"https:\/\/www.correiobraziliense.com.br\/cbradar\/#website","url":"https:\/\/www.correiobraziliense.com.br\/cbradar\/","name":"Correio Braziliense - Radar","description":"Acompanhe as \u00faltimas not\u00edcias e fique bem informado sobre tudo o que acontece no Brasil e no mundo.","potentialAction":[{"@type":"SearchAction","target":{"@type":"EntryPoint","urlTemplate":"https:\/\/www.correiobraziliense.com.br\/cbradar\/?s={search_term_string}"},"query-input":{"@type":"PropertyValueSpecification","valueRequired":true,"valueName":"search_term_string"}}],"inLanguage":"pt-BR"},{"@type":"Person","@id":"https:\/\/www.correiobraziliense.com.br\/cbradar\/#\/schema\/person\/4053c651a9bfc785afc6f4cbc9032fd3","name":"Maura Pereira","image":{"@type":"ImageObject","inLanguage":"pt-BR","@id":"https:\/\/www.correiobraziliense.com.br\/cbradar\/#\/schema\/person\/image\/","url":"https:\/\/secure.gravatar.com\/avatar\/3effd6bdadfa447f15089c7f7144eaa6?s=96&d=mm&r=g","contentUrl":"https:\/\/secure.gravatar.com\/avatar\/3effd6bdadfa447f15089c7f7144eaa6?s=96&d=mm&r=g","caption":"Maura Pereira"},"sameAs":["https:\/\/www.correiobraziliense.com.br\/"],"url":"https:\/\/www.correiobraziliense.com.br\/cbradar\/author\/mauramyth\/"}]}},"_links":{"self":[{"href":"https:\/\/www.correiobraziliense.com.br\/cbradar\/wp-json\/wp\/v2\/posts\/232299","targetHints":{"allow":["GET"]}}],"collection":[{"href":"https:\/\/www.correiobraziliense.com.br\/cbradar\/wp-json\/wp\/v2\/posts"}],"about":[{"href":"https:\/\/www.correiobraziliense.com.br\/cbradar\/wp-json\/wp\/v2\/types\/post"}],"author":[{"embeddable":true,"href":"https:\/\/www.correiobraziliense.com.br\/cbradar\/wp-json\/wp\/v2\/users\/8"}],"replies":[{"embeddable":true,"href":"https:\/\/www.correiobraziliense.com.br\/cbradar\/wp-json\/wp\/v2\/comments?post=232299"}],"version-history":[{"count":11,"href":"https:\/\/www.correiobraziliense.com.br\/cbradar\/wp-json\/wp\/v2\/posts\/232299\/revisions"}],"predecessor-version":[{"id":232558,"href":"https:\/\/www.correiobraziliense.com.br\/cbradar\/wp-json\/wp\/v2\/posts\/232299\/revisions\/232558"}],"wp:featuredmedia":[{"embeddable":true,"href":"https:\/\/www.correiobraziliense.com.br\/cbradar\/wp-json\/wp\/v2\/media\/232557"}],"wp:attachment":[{"href":"https:\/\/www.correiobraziliense.com.br\/cbradar\/wp-json\/wp\/v2\/media?parent=232299"}],"wp:term":[{"taxonomy":"category","embeddable":true,"href":"https:\/\/www.correiobraziliense.com.br\/cbradar\/wp-json\/wp\/v2\/categories?post=232299"},{"taxonomy":"post_tag","embeddable":true,"href":"https:\/\/www.correiobraziliense.com.br\/cbradar\/wp-json\/wp\/v2\/post_tag?post=232299"}],"curies":[{"name":"wp","href":"https:\/\/api.w.org\/{rel}","templated":true}]}}