{"id":232300,"date":"2026-04-26T19:15:00","date_gmt":"2026-04-26T22:15:00","guid":{"rendered":"https:\/\/www.correiobraziliense.com.br\/cbradar\/?p=232300"},"modified":"2026-04-26T07:59:51","modified_gmt":"2026-04-26T10:59:51","slug":"a-princesa-do-sul-tambem-e-a-capital-nacional-do-doce-e-tem-200-receitas-que-viraram-patrimonio-do-brasil","status":"publish","type":"post","link":"https:\/\/www.correiobraziliense.com.br\/cbradar\/a-princesa-do-sul-tambem-e-a-capital-nacional-do-doce-e-tem-200-receitas-que-viraram-patrimonio-do-brasil\/","title":{"rendered":"A Princesa do Sul tamb\u00e9m \u00e9 a Capital Nacional do Doce e tem 200 receitas que viraram patrim\u00f4nio do Brasil"},"content":{"rendered":"\n<p>No extremo sul do <strong>Rio Grande do Sul<\/strong>, <strong>Pelotas<\/strong> guarda casar\u00f5es ecl\u00e9ticos, chafarizes vindos da Fran\u00e7a e a maior tradi\u00e7\u00e3o doceira do pa\u00eds. A cidade recebeu em 2024 o t\u00edtulo oficial de Capital Nacional do Doce e tem suas receitas reconhecidas como patrim\u00f4nio imaterial.<\/p>\n\n\n\n<h2 class=\"wp-block-heading\">Como uma cidade do charque virou a capital do quindim?<\/h2>\n\n\n\n<p>A hist\u00f3ria come\u00e7a nas charqueadas do s\u00e9culo 19, quando <strong>Pelotas<\/strong> exportava carne salgada para o <strong>Nordeste<\/strong>. Os navios voltavam carregados de a\u00e7\u00facar, e essa abund\u00e2ncia de mat\u00e9ria-prima encontrou as m\u00e3os das doceiras portuguesas e das mucamas das casas-grandes.<\/p>\n\n\n\n<p>O resultado foi uma confeitaria fina servida em saraus e teatros, com receitas como camafeu, pastel de Santa Clara e fios de ovos. A <a href=\"http:\/\/portal.iphan.gov.br\/pagina\/detalhes\/1768\/\" target=\"_blank\" rel=\"noreferrer noopener\"><strong>tradi\u00e7\u00e3o doceira pelotense<\/strong><\/a> foi registrada pelo <strong>Instituto do Patrim\u00f4nio Hist\u00f3rico e Art\u00edstico Nacional (IPHAN)<\/strong> como bem cultural imaterial do <strong>Brasil<\/strong>.<\/p>\n\n\n<div class=\"wp-block-image\">\n<figure class=\"aligncenter size-large\"><img decoding=\"async\" width=\"1024\" height=\"576\" src=\"https:\/\/www.correiobraziliense.com.br\/cbradar\/wp-content\/uploads\/2025\/05\/pelotas-1024x576.jpg\" alt=\"A &quot;Princesa do Sul&quot; encanta com seus casar\u00f5es coloniais e doces famosos que todos buscam experimentar\" class=\"wp-image-30959\" srcset=\"https:\/\/www.correiobraziliense.com.br\/cbradar\/wp-content\/uploads\/2025\/05\/pelotas-1024x576.jpg 1024w, https:\/\/www.correiobraziliense.com.br\/cbradar\/wp-content\/uploads\/2025\/05\/pelotas-300x169.jpg 300w, https:\/\/www.correiobraziliense.com.br\/cbradar\/wp-content\/uploads\/2025\/05\/pelotas-768x432.jpg 768w, https:\/\/www.correiobraziliense.com.br\/cbradar\/wp-content\/uploads\/2025\/05\/pelotas-750x422.jpg 750w, https:\/\/www.correiobraziliense.com.br\/cbradar\/wp-content\/uploads\/2025\/05\/pelotas-1140x641.jpg 1140w, https:\/\/www.correiobraziliense.com.br\/cbradar\/wp-content\/uploads\/2025\/05\/pelotas.jpg 1280w\" sizes=\"(max-width: 1024px) 100vw, 1024px\" \/><figcaption class=\"wp-element-caption\">A cidade \u00e9 um importante polo regional em educa\u00e7\u00e3o, economia e eventos culturais. \/\/ Cr\u00e9ditos: Wikimedia Commons<\/figcaption><\/figure><\/div>\n\n\n<h2 class=\"wp-block-heading\">Onde come\u00e7a o passeio pelo centro hist\u00f3rico?<\/h2>\n\n\n\n<p>A resposta est\u00e1 na <strong>Pra\u00e7a Coronel Pedro Os\u00f3rio<\/strong>, cora\u00e7\u00e3o da cidade desde 1832. No centro, o <strong>Chafariz das Nereidas<\/strong>, importado da <strong>Fran\u00e7a<\/strong> em 1873, distribui \u00e1gua ornamental cercado por casar\u00f5es ecl\u00e9ticos.<\/p>\n\n\n\n<p>Em volta da pra\u00e7a est\u00e3o a Prefeitura, o <strong>Theatro Sete de Abril<\/strong> (de 1834, um dos teatros mais antigos do <strong>Brasil<\/strong> em funcionamento), a <strong>Biblioteca P\u00fablica Pelotense<\/strong> (de 1875) e o <strong>Grande Hotel<\/strong>. O conjunto hist\u00f3rico foi tombado pelo IPHAN em 2018 como Patrim\u00f4nio Cultural Brasileiro.<\/p>\n\n\n\n<p>Este v\u00eddeo do canal <strong>Cidades &amp; Cia<\/strong> apresenta <strong>Pelotas<\/strong>, conhecida como a &#8220;Princesa do Sul&#8221;, destacando sua rica hist\u00f3ria ligada ao charque, sua tradi\u00e7\u00e3o doceira e sua import\u00e2ncia econ\u00f4mica e cultural no Rio Grande do Sul.<\/p>\n\n\n\n<figure class=\"wp-block-embed aligncenter is-type-video is-provider-youtube wp-block-embed-youtube wp-embed-aspect-16-9 wp-has-aspect-ratio\"><div class=\"wp-block-embed__wrapper\">\n<div class=\"jeg_video_container jeg_video_content\"><iframe loading=\"lazy\" title=\"Conhe\u00e7a PELOTAS (A Princesa do Sul) uma bel\u00edssima cidade do Rio Grande do Sul.\" width=\"500\" height=\"281\" src=\"https:\/\/www.youtube.com\/embed\/EJ5JEqXtkpg?feature=oembed\" frameborder=\"0\" allow=\"accelerometer; autoplay; clipboard-write; encrypted-media; gyroscope; picture-in-picture; web-share\" referrerpolicy=\"strict-origin-when-cross-origin\" allowfullscreen><\/iframe><\/div>\n<\/div><\/figure>\n\n\n\n<h2 class=\"wp-block-heading\">Por que o Mercado P\u00fablico parece uma esta\u00e7\u00e3o de trem?<\/h2>\n\n\n\n<p>Constru\u00eddo em 1847, o <strong>Mercado P\u00fablico de Pelotas<\/strong> tem torre de rel\u00f3gio importada da <strong>Alemanha<\/strong> e estrutura interna que remete \u00e0s esta\u00e7\u00f5es ferrovi\u00e1rias inglesas. O pr\u00e9dio em estilo neocl\u00e1ssico \u00e9 parada obrigat\u00f3ria para um caf\u00e9 da tarde com docinhos.<\/p>\n\n\n\n<p>Aos s\u00e1bados, o entorno do mercado abriga o <strong>Mercado das Pulgas<\/strong>, feira de antiguidades semelhante \u00e0s de <strong>Montevid\u00e9u<\/strong>. Vinis, m\u00f3veis dos anos 1950 e rel\u00edquias garimpadas circulam entre rodas de samba e chorinho ao vivo.<\/p>\n\n\n\n<h2 class=\"wp-block-heading\">Vale visitar uma charqueada de verdade?<\/h2>\n\n\n\n<p>A <strong>Rota das Charqueadas<\/strong> \u00e9 o segundo motivo mais forte para visitar a cidade. Das mais de 50 que existiram no s\u00e9culo 19, quatro foram preservadas e podem ser conhecidas hoje.<\/p>\n\n\n\n<ul class=\"wp-block-list\">\n<li><strong>Charqueada S\u00e3o Jo\u00e3o<\/strong>: constru\u00edda entre 1810 e 1813, \u00e9 a \u00fanica aberta para visita guiada. Hospedou o naturalista franc\u00eas Auguste de Saint-Hilaire em 1820.<\/li>\n\n\n\n<li><strong>Charqueada Boa Vista<\/strong>: tombada como patrim\u00f4nio hist\u00f3rico, mant\u00e9m a arquitetura original do per\u00edodo do charque.<\/li>\n\n\n\n<li><strong>Charqueada Santa Rita<\/strong>: hoje funciona como pousada de charme, permitindo dormir num casar\u00e3o do s\u00e9culo 19.<\/li>\n\n\n\n<li><strong>Charqueada Costa do Abolengo<\/strong>: completa o circuito, pr\u00f3xima ao arroio que deu nome \u00e0 cidade.<\/li>\n<\/ul>\n\n\n<div class=\"wp-block-image\">\n<figure class=\"aligncenter size-large\"><img decoding=\"async\" width=\"1024\" height=\"576\" src=\"https:\/\/www.correiobraziliense.com.br\/cbradar\/wp-content\/uploads\/2025\/05\/Edicoes-53-1024x576.png\" alt=\"Uma cidade do sul esconde o charme hist\u00f3rico e os doces mais famosos que surpreendem quem a visita\" class=\"wp-image-30962\" srcset=\"https:\/\/www.correiobraziliense.com.br\/cbradar\/wp-content\/uploads\/2025\/05\/Edicoes-53-1024x576.png 1024w, https:\/\/www.correiobraziliense.com.br\/cbradar\/wp-content\/uploads\/2025\/05\/Edicoes-53-300x169.png 300w, https:\/\/www.correiobraziliense.com.br\/cbradar\/wp-content\/uploads\/2025\/05\/Edicoes-53-768x432.png 768w, https:\/\/www.correiobraziliense.com.br\/cbradar\/wp-content\/uploads\/2025\/05\/Edicoes-53-750x422.png 750w, https:\/\/www.correiobraziliense.com.br\/cbradar\/wp-content\/uploads\/2025\/05\/Edicoes-53-1140x641.png 1140w, https:\/\/www.correiobraziliense.com.br\/cbradar\/wp-content\/uploads\/2025\/05\/Edicoes-53.png 1280w\" sizes=\"(max-width: 1024px) 100vw, 1024px\" \/><figcaption class=\"wp-element-caption\">Aproveite o charme e a hospitalidade que fazem de Pelotas um destino acolhedor e vibrante.l \/\/ Cr\u00e9ditos: Wikimedia Commons<\/figcaption><\/figure><\/div>\n\n\n<h2 class=\"wp-block-heading\">Quais doces precisam entrar na lista?<\/h2>\n\n\n\n<p><strong>Pelotas tem mais de 200 variedades catalogadas, sendo 15 com certifica\u00e7\u00e3o de autenticidade.<\/strong> As do\u00e7arias do centro hist\u00f3rico funcionam como museus comest\u00edveis da cidade.<\/p>\n\n\n\n<ul class=\"wp-block-list\">\n<li><strong>Quindim<\/strong>: o doce de gema e coco que virou s\u00edmbolo da cidade, servido em forminhas baixas.<\/li>\n\n\n\n<li><strong>Pastel de Santa Clara<\/strong>: massa folhada com recheio de doce de ovos, heran\u00e7a das receitas conventuais portuguesas.<\/li>\n\n\n\n<li><strong>Camafeu de noz<\/strong>: bolinha de doce de ovos coberta com glac\u00ea e adornada com meia noz, cl\u00e1ssico dos saraus oitocentistas.<\/li>\n\n\n\n<li><strong>Olho de sogra<\/strong>: ameixa preta recheada com doce de coco e a\u00e7\u00facar caramelado, presen\u00e7a obrigat\u00f3ria nas bandejas.<\/li>\n\n\n\n<li><strong>Fatia de Braga<\/strong>: bolo embebido em calda, receita portuguesa que chegou direto no porto de Pelotas.<\/li>\n<\/ul>\n\n\n\n<h2 class=\"wp-block-heading\">O que fazer fora do centro hist\u00f3rico?<\/h2>\n\n\n\n<p>A 12 km do centro, a <strong>Praia do Laranjal<\/strong> \u00e9 a alma de ver\u00e3o dos pelotenses. A orla em frente \u00e0 <strong>Lagoa dos Patos<\/strong> tem cal\u00e7ad\u00e3o arborizado por figueiras centen\u00e1rias e infraestrutura de bares e restaurantes.<\/p>\n\n\n\n<p>O <strong>Pontal da Barra<\/strong>, na ponta sul do Laranjal, oferece o p\u00f4r do sol mais procurado da regi\u00e3o. Vale combinar a visita com o <strong>Parque da Baronesa<\/strong>, antigo solar do s\u00e9culo 19 transformado em museu com jardins arborizados.<\/p>\n\n\n\n<p><strong>Leia tamb\u00e9m: <a href=\"https:\/\/www.correiobraziliense.com.br\/cbradar\/como-a-primeira-capital-planejada-do-brasil-nasceu-de-um-tabuleiro-de-xadrez-e-encantou-com-sua-organizacao-a-366-km-do-mar\/\" target=\"_blank\" rel=\"noreferrer noopener\">Como a primeira capital planejada do Brasil nasceu de um tabuleiro de xadrez e encantou com sua organiza\u00e7\u00e3o a 366 km do mar.<\/a><\/strong><\/p>\n\n\n<div class=\"wp-block-image\">\n<figure class=\"aligncenter size-large\"><img decoding=\"async\" width=\"1024\" height=\"576\" src=\"https:\/\/www.correiobraziliense.com.br\/cbradar\/wp-content\/uploads\/2025\/07\/Edicoes-52-1024x576.png\" alt=\"\" class=\"wp-image-71905\" srcset=\"https:\/\/www.correiobraziliense.com.br\/cbradar\/wp-content\/uploads\/2025\/07\/Edicoes-52-1024x576.png 1024w, https:\/\/www.correiobraziliense.com.br\/cbradar\/wp-content\/uploads\/2025\/07\/Edicoes-52-300x169.png 300w, https:\/\/www.correiobraziliense.com.br\/cbradar\/wp-content\/uploads\/2025\/07\/Edicoes-52-768x432.png 768w, https:\/\/www.correiobraziliense.com.br\/cbradar\/wp-content\/uploads\/2025\/07\/Edicoes-52-750x422.png 750w, https:\/\/www.correiobraziliense.com.br\/cbradar\/wp-content\/uploads\/2025\/07\/Edicoes-52-1140x641.png 1140w, https:\/\/www.correiobraziliense.com.br\/cbradar\/wp-content\/uploads\/2025\/07\/Edicoes-52.png 1280w\" sizes=\"(max-width: 1024px) 100vw, 1024px\" \/><figcaption class=\"wp-element-caption\">Pelotas tem clima temperado, com quatro esta\u00e7\u00f5es bem definidas.  \/\/ Cr\u00e9ditos: Wikip\u00e9dia<\/figcaption><\/figure><\/div>\n\n\n<h2 class=\"wp-block-heading\">Quando viajar para a cidade dos doces?<\/h2>\n\n\n\n<p><strong>Pelotas tem clima temperado, com quatro esta\u00e7\u00f5es bem definidas. <\/strong>O ver\u00e3o \u00e9 a alta temporada do Laranjal e o final de junho concentra a <strong>Fenadoce<\/strong>, maior feira gastron\u00f4mica do <strong>Sul<\/strong>.<\/p>\n\n\n\n<style>\n  \/* --- CONTAINER BLINDADO (PADR\u00c3O REGISTRADO) --- *\/\n  .clima-grid-final {\n    font-family: -apple-system, BlinkMacSystemFont, \"Segoe UI\", Roboto, Arial, sans-serif !important;\n    width: 100% !important;\n    max-width: 1200px !important;\n    margin: 20px auto !important;\n    display: grid !important;\n    \/* FOR\u00c7A 4 COLUNAS NO DESKTOP *\/\n    grid-template-columns: repeat(4, 1fr) !important; \n    gap: 15px !important;\n    box-sizing: border-box !important;\n  }\n\n  .clima-grid-final * {\n    box-sizing: border-box !important;\n  }\n\n  \/* --- BLINDAGEM CONTRA ADS E PLUGINS INTRUSOS --- *\/\n  .clima-grid-final > :not(.card-clima) {\n    display: none !important;\n    width: 0 !important;\n    height: 0 !important;\n    opacity: 0 !important;\n  }\n\n  \/* --- CARD AZUL --- *\/\n  .card-clima {\n    background: #ffffff !important;\n    border: 1px solid #e3f2fd !important;\n    border-radius: 20px !important;\n    padding: 20px 10px !important;\n    text-align: center !important;\n    display: flex !important;\n    flex-direction: column !important;\n    align-items: center !important;\n    box-shadow: 0 4px 10px rgba(13, 71, 161, 0.05) !important;\n    min-width: 0 !important; \n    transition: transform 0.2s ease !important;\n    overflow: hidden !important;\n    height: 100% !important;\n  }\n\n  .card-clima:hover {\n    transform: translateY(-5px) !important;\n    border-color: #90caf9 !important;\n  }\n\n  \/* --- CONTE\u00daDO --- *\/\n  .estacao-nome { \n    font-size: 14px !important; \n    font-weight: 800 !important; \n    color: #0d47a1 !important; \n    text-transform: uppercase !important; \n    margin: 0 0 5px 0 !important; \n  }\n  \n  .estacao-meses { \n    font-size: 10px !important; \n    font-weight: 700 !important; \n    color: #1565c0 !important; \n    text-transform: uppercase !important; \n    margin-bottom: 15px !important; \n    display: block !important;\n  }\n  \n  .temp-valor { \n    font-size: 24px !important; \n    font-weight: 800 !important; \n    color: #01579b !important; \n    line-height: 1.1 !important; \n    margin: 0 !important;\n  }\n  \n  .temp-label { \n    font-size: 9px !important; \n    font-weight: 600 !important; \n    color: #0288d1 !important; \n    text-transform: uppercase !important; \n    margin-bottom: 15px !important; \n    display: block !important;\n  }\n  \n  .clima-desc { \n    font-size: 12px !important; \n    line-height: 1.4 !important; \n    color: #37474f !important; \n    margin-bottom: 15px !important; \n    flex-grow: 1 !important; \n  }\n\n  .tag-status {\n    background-color: #e1f5fe !important;\n    border: 1px solid #b3e5fc !important;\n    color: #0d47a1 !important;\n    padding: 5px 12px !important;\n    border-radius: 20px !important;\n    font-size: 9px !important;\n    font-weight: 800 !important;\n    text-transform: uppercase !important;\n    margin-top: auto !important;\n  }\n\n  \/* --- RESPONSIVIDADE --- *\/\n  @media (max-width: 800px) {\n    .clima-grid-final {\n      grid-template-columns: 1fr !important; \n    }\n    .card-clima {\n      padding: 25px 20px !important;\n    }\n  }\n<\/style>\n\n<div class=\"google-auto-ads-ignore clima-grid-final\">\n  \n  <div class=\"card-clima\">\n    <div class=\"estacao-nome\">\u2600\ufe0f Ver\u00e3o<\/div>\n    <span class=\"estacao-meses\">Dez &#8211; Fev<\/span>\n    <div class=\"temp-valor\">18-30\u00b0C<\/div>\n    <span class=\"temp-label\">M\u00e9dia<\/span>\n    <div class=\"clima-desc\">Com dias longos, o per\u00edodo convida a relaxar na <b>Praia do Laranjal<\/b> ou realizar <b>passeios urbanos<\/b> aproveitando a brisa da Lagoa.<\/div>\n    <div class=\"tag-status\">\ud83c\udfd6\ufe0f Lagoa<\/div>\n  <\/div>\n\n  <div class=\"card-clima\">\n    <div class=\"estacao-nome\">\ud83c\udf42 Outono<\/div>\n    <span class=\"estacao-meses\">Mar &#8211; Mai<\/span>\n    <div class=\"temp-valor\">13-25\u00b0C<\/div>\n    <span class=\"temp-label\">M\u00e9dia<\/span>\n    <div class=\"clima-desc\">As temperaturas amenas s\u00e3o perfeitas para roteiros hist\u00f3ricos nas <b>charqueadas<\/b>, visitas a <b>museus<\/b> e paradas em tradicionais <b>do\u00e7arias<\/b>.<\/div>\n    <div class=\"tag-status\">\ud83c\udf6f Tradi\u00e7\u00e3o<\/div>\n  <\/div>\n\n  <div class=\"card-clima\">\n    <div class=\"estacao-nome\">\ud83e\udde3 Inverno<\/div>\n    <span class=\"estacao-meses\">Jun &#8211; Ago<\/span>\n    <div class=\"temp-valor\">8-19\u00b0C<\/div>\n    <span class=\"temp-label\">M\u00e9dia<\/span>\n    <div class=\"clima-desc\">Mesmo com chuvas, a cidade ferve com a <b>Fenadoce<\/b>; \u00e9poca ideal para curtir a <b>gastronomia<\/b> local e espet\u00e1culos nos <b>teatros<\/b>.<\/div>\n    <div class=\"tag-status\">\ud83c\udf70 Fenadoce<\/div>\n  <\/div>\n\n  <div class=\"card-clima\">\n    <div class=\"estacao-nome\">\ud83c\udf38 Primavera<\/div>\n    <span class=\"estacao-meses\">Set &#8211; Nov<\/span>\n    <div class=\"temp-valor\">11-25\u00b0C<\/div>\n    <span class=\"temp-label\">M\u00e9dia<\/span>\n    <div class=\"clima-desc\">O florescer da esta\u00e7\u00e3o embeleza o <b>centro hist\u00f3rico<\/b> e os <b>parques<\/b>, criando o cen\u00e1rio ideal para caminhadas culturais ao ar livre.<\/div>\n    <div class=\"tag-status\">\ud83c\udf33 Parques<\/div>\n  <\/div>\n\n<\/div>\n\n\n\n<p><em>Temperaturas aproximadas com base no <a href=\"https:\/\/www.climatempo.com.br\/previsao-do-tempo\/cidade\/362\/pelotas-rs\" target=\"_blank\" rel=\"noreferrer noopener\"><strong>Climatempo<\/strong><\/a>. Condi\u00e7\u00f5es podem variar.<\/em><\/p>\n\n\n\n<h2 class=\"wp-block-heading\">Como chegar at\u00e9 a Princesa do Sul?<\/h2>\n\n\n\n<p>Pelotas fica a 261 km de <strong>Porto Alegre<\/strong> pela <strong>BR-116<\/strong>, viagem de cerca de 3h30 de carro. O <strong>Aeroporto Jo\u00e3o Sim\u00f5es Lopes Neto<\/strong> recebe voos regionais de <strong>Porto Alegre<\/strong> e <strong>S\u00e3o Paulo<\/strong>. A cidade tamb\u00e9m tem terminal rodovi\u00e1rio com sa\u00eddas frequentes da capital ga\u00facha.<\/p>\n\n\n\n<h2 class=\"wp-block-heading\">V\u00e1 conhecer a cidade do a\u00e7\u00facar e do sal<\/h2>\n\n\n\n<p><strong>Pelotas \u00e9 o tipo de destino que cabe em qualquer paladar e vale a pena para quem quer entender por que a riqueza do<\/strong> <strong>Rio Grande do Sul<\/strong> passou por aqui antes de chegar a qualquer outro lugar.<\/p>\n\n\n\n<p>Voc\u00ea precisa visitar Pelotas pelo menos uma vez e provar um pastel de Santa Clara fresco enquanto o rel\u00f3gio do mercado p\u00fablico marca a hora.<\/p>\n","protected":false},"excerpt":{"rendered":"<p>No extremo sul do Rio Grande do Sul, Pelotas guarda casar\u00f5es ecl\u00e9ticos, chafarizes vindos da Fran\u00e7a e a maior tradi\u00e7\u00e3o doceira do pa\u00eds. A cidade recebeu em 2024 o t\u00edtulo oficial de Capital Nacional do Doce e tem suas receitas reconhecidas como patrim\u00f4nio imaterial. Como uma cidade do charque virou a capital do quindim? A [&hellip;]<\/p>\n","protected":false},"author":8,"featured_media":232567,"comment_status":"open","ping_status":"open","sticky":false,"template":"","format":"standard","meta":{"_yoast_wpseo_focuskw":"Princesa do Sul","_yoast_wpseo_title":"","_yoast_wpseo_metadesc":"Conhecida como \u201cPrincesa do Sul\u201d, a cidade \u00e9 Capital Nacional do Doce e preserva cerca de 200 receitas que viraram patrim\u00f4nio cultural.","jnews-multi-image_gallery":[],"jnews_single_post":{"format":"standard"},"jnews_primary_category":[],"jnews_social_meta":[],"jnews_override_counter":[],"footnotes":""},"categories":[108,111],"post_tag":[],"class_list":["post-232300","post","type-post","status-publish","format-standard","has-post-thumbnail","hentry","category-cidades","category-turismo"],"yoast_head":"<!-- This site is optimized with the Yoast SEO plugin v24.6 - https:\/\/yoast.com\/wordpress\/plugins\/seo\/ -->\n<title>A Princesa do Sul tamb\u00e9m \u00e9 a Capital Nacional do Doce e tem 200 receitas que viraram patrim\u00f4nio do Brasil - Correio Braziliense - Radar<\/title>\n<meta name=\"description\" content=\"Conhecida como \u201cPrincesa do Sul\u201d, a cidade \u00e9 Capital Nacional do Doce e preserva cerca de 200 receitas que viraram patrim\u00f4nio cultural.\" \/>\n<meta name=\"robots\" content=\"index, follow, max-snippet:-1, max-image-preview:large, max-video-preview:-1\" \/>\n<link rel=\"canonical\" href=\"https:\/\/www.correiobraziliense.com.br\/cbradar\/a-princesa-do-sul-tambem-e-a-capital-nacional-do-doce-e-tem-200-receitas-que-viraram-patrimonio-do-brasil\/\" \/>\n<meta property=\"og:locale\" content=\"pt_BR\" \/>\n<meta property=\"og:type\" content=\"article\" \/>\n<meta property=\"og:title\" content=\"A Princesa do Sul tamb\u00e9m \u00e9 a Capital Nacional do Doce e tem 200 receitas que viraram patrim\u00f4nio do Brasil - Correio Braziliense - Radar\" \/>\n<meta property=\"og:description\" content=\"Conhecida como \u201cPrincesa do Sul\u201d, a cidade \u00e9 Capital Nacional do Doce e preserva cerca de 200 receitas que viraram patrim\u00f4nio cultural.\" \/>\n<meta property=\"og:url\" content=\"https:\/\/www.correiobraziliense.com.br\/cbradar\/a-princesa-do-sul-tambem-e-a-capital-nacional-do-doce-e-tem-200-receitas-que-viraram-patrimonio-do-brasil\/\" \/>\n<meta property=\"og:site_name\" content=\"Correio Braziliense - Radar\" \/>\n<meta property=\"article:published_time\" content=\"2026-04-26T22:15:00+00:00\" \/>\n<meta property=\"og:image\" content=\"https:\/\/www.correiobraziliense.com.br\/cbradar\/wp-content\/uploads\/2026\/04\/aaa-2026-04-26T075822.818.png\" \/>\n\t<meta property=\"og:image:width\" content=\"1280\" \/>\n\t<meta property=\"og:image:height\" content=\"720\" \/>\n\t<meta property=\"og:image:type\" content=\"image\/png\" \/>\n<meta name=\"author\" content=\"Maura Pereira\" \/>\n<meta name=\"twitter:card\" content=\"summary_large_image\" \/>\n<meta name=\"twitter:label1\" content=\"Escrito por\" \/>\n\t<meta name=\"twitter:data1\" content=\"Maura Pereira\" \/>\n\t<meta name=\"twitter:label2\" content=\"Est. tempo de leitura\" \/>\n\t<meta name=\"twitter:data2\" content=\"7 minutos\" \/>\n<!-- \/ Yoast SEO plugin. -->","yoast_head_json":{"title":"A Princesa do Sul tamb\u00e9m \u00e9 a Capital Nacional do Doce e tem 200 receitas que viraram patrim\u00f4nio do Brasil - Correio Braziliense - Radar","description":"Conhecida como \u201cPrincesa do Sul\u201d, a cidade \u00e9 Capital Nacional do Doce e preserva cerca de 200 receitas que viraram patrim\u00f4nio cultural.","robots":{"index":"index","follow":"follow","max-snippet":"max-snippet:-1","max-image-preview":"max-image-preview:large","max-video-preview":"max-video-preview:-1"},"canonical":"https:\/\/www.correiobraziliense.com.br\/cbradar\/a-princesa-do-sul-tambem-e-a-capital-nacional-do-doce-e-tem-200-receitas-que-viraram-patrimonio-do-brasil\/","og_locale":"pt_BR","og_type":"article","og_title":"A Princesa do Sul tamb\u00e9m \u00e9 a Capital Nacional do Doce e tem 200 receitas que viraram patrim\u00f4nio do Brasil - Correio Braziliense - Radar","og_description":"Conhecida como \u201cPrincesa do Sul\u201d, a cidade \u00e9 Capital Nacional do Doce e preserva cerca de 200 receitas que viraram patrim\u00f4nio cultural.","og_url":"https:\/\/www.correiobraziliense.com.br\/cbradar\/a-princesa-do-sul-tambem-e-a-capital-nacional-do-doce-e-tem-200-receitas-que-viraram-patrimonio-do-brasil\/","og_site_name":"Correio Braziliense - Radar","article_published_time":"2026-04-26T22:15:00+00:00","og_image":[{"width":1280,"height":720,"url":"https:\/\/www.correiobraziliense.com.br\/cbradar\/wp-content\/uploads\/2026\/04\/aaa-2026-04-26T075822.818.png","type":"image\/png"}],"author":"Maura Pereira","twitter_card":"summary_large_image","twitter_misc":{"Escrito por":"Maura Pereira","Est. tempo de leitura":"7 minutos"},"schema":{"@context":"https:\/\/schema.org","@graph":[{"@type":"WebPage","@id":"https:\/\/www.correiobraziliense.com.br\/cbradar\/a-princesa-do-sul-tambem-e-a-capital-nacional-do-doce-e-tem-200-receitas-que-viraram-patrimonio-do-brasil\/","url":"https:\/\/www.correiobraziliense.com.br\/cbradar\/a-princesa-do-sul-tambem-e-a-capital-nacional-do-doce-e-tem-200-receitas-que-viraram-patrimonio-do-brasil\/","name":"A Princesa do Sul tamb\u00e9m \u00e9 a Capital Nacional do Doce e tem 200 receitas que viraram patrim\u00f4nio do Brasil - Correio Braziliense - Radar","isPartOf":{"@id":"https:\/\/www.correiobraziliense.com.br\/cbradar\/#website"},"primaryImageOfPage":{"@id":"https:\/\/www.correiobraziliense.com.br\/cbradar\/a-princesa-do-sul-tambem-e-a-capital-nacional-do-doce-e-tem-200-receitas-que-viraram-patrimonio-do-brasil\/#primaryimage"},"image":{"@id":"https:\/\/www.correiobraziliense.com.br\/cbradar\/a-princesa-do-sul-tambem-e-a-capital-nacional-do-doce-e-tem-200-receitas-que-viraram-patrimonio-do-brasil\/#primaryimage"},"thumbnailUrl":"https:\/\/www.correiobraziliense.com.br\/cbradar\/wp-content\/uploads\/2026\/04\/aaa-2026-04-26T075822.818.png","datePublished":"2026-04-26T22:15:00+00:00","author":{"@id":"https:\/\/www.correiobraziliense.com.br\/cbradar\/#\/schema\/person\/4053c651a9bfc785afc6f4cbc9032fd3"},"description":"Conhecida como \u201cPrincesa do Sul\u201d, a cidade \u00e9 Capital Nacional do Doce e preserva cerca de 200 receitas que viraram patrim\u00f4nio cultural.","breadcrumb":{"@id":"https:\/\/www.correiobraziliense.com.br\/cbradar\/a-princesa-do-sul-tambem-e-a-capital-nacional-do-doce-e-tem-200-receitas-que-viraram-patrimonio-do-brasil\/#breadcrumb"},"inLanguage":"pt-BR","potentialAction":[{"@type":"ReadAction","target":["https:\/\/www.correiobraziliense.com.br\/cbradar\/a-princesa-do-sul-tambem-e-a-capital-nacional-do-doce-e-tem-200-receitas-que-viraram-patrimonio-do-brasil\/"]}]},{"@type":"ImageObject","inLanguage":"pt-BR","@id":"https:\/\/www.correiobraziliense.com.br\/cbradar\/a-princesa-do-sul-tambem-e-a-capital-nacional-do-doce-e-tem-200-receitas-que-viraram-patrimonio-do-brasil\/#primaryimage","url":"https:\/\/www.correiobraziliense.com.br\/cbradar\/wp-content\/uploads\/2026\/04\/aaa-2026-04-26T075822.818.png","contentUrl":"https:\/\/www.correiobraziliense.com.br\/cbradar\/wp-content\/uploads\/2026\/04\/aaa-2026-04-26T075822.818.png","width":1280,"height":720,"caption":"Pelotas guarda casar\u00f5es ecl\u00e9ticos, chafarizes vindos da Fran\u00e7a e a maior tradi\u00e7\u00e3o doceira do pa\u00eds. \/ Imagem ilustrativa"},{"@type":"BreadcrumbList","@id":"https:\/\/www.correiobraziliense.com.br\/cbradar\/a-princesa-do-sul-tambem-e-a-capital-nacional-do-doce-e-tem-200-receitas-que-viraram-patrimonio-do-brasil\/#breadcrumb","itemListElement":[{"@type":"ListItem","position":1,"name":"In\u00edcio","item":"https:\/\/www.correiobraziliense.com.br\/cbradar\/"},{"@type":"ListItem","position":2,"name":"A Princesa do Sul tamb\u00e9m \u00e9 a Capital Nacional do Doce e tem 200 receitas que viraram patrim\u00f4nio do Brasil"}]},{"@type":"WebSite","@id":"https:\/\/www.correiobraziliense.com.br\/cbradar\/#website","url":"https:\/\/www.correiobraziliense.com.br\/cbradar\/","name":"Correio Braziliense - Radar","description":"Acompanhe as \u00faltimas not\u00edcias e fique bem informado sobre tudo o que acontece no Brasil e no mundo.","potentialAction":[{"@type":"SearchAction","target":{"@type":"EntryPoint","urlTemplate":"https:\/\/www.correiobraziliense.com.br\/cbradar\/?s={search_term_string}"},"query-input":{"@type":"PropertyValueSpecification","valueRequired":true,"valueName":"search_term_string"}}],"inLanguage":"pt-BR"},{"@type":"Person","@id":"https:\/\/www.correiobraziliense.com.br\/cbradar\/#\/schema\/person\/4053c651a9bfc785afc6f4cbc9032fd3","name":"Maura Pereira","image":{"@type":"ImageObject","inLanguage":"pt-BR","@id":"https:\/\/www.correiobraziliense.com.br\/cbradar\/#\/schema\/person\/image\/","url":"https:\/\/secure.gravatar.com\/avatar\/3effd6bdadfa447f15089c7f7144eaa6?s=96&d=mm&r=g","contentUrl":"https:\/\/secure.gravatar.com\/avatar\/3effd6bdadfa447f15089c7f7144eaa6?s=96&d=mm&r=g","caption":"Maura Pereira"},"sameAs":["https:\/\/www.correiobraziliense.com.br\/"],"url":"https:\/\/www.correiobraziliense.com.br\/cbradar\/author\/mauramyth\/"}]}},"_links":{"self":[{"href":"https:\/\/www.correiobraziliense.com.br\/cbradar\/wp-json\/wp\/v2\/posts\/232300","targetHints":{"allow":["GET"]}}],"collection":[{"href":"https:\/\/www.correiobraziliense.com.br\/cbradar\/wp-json\/wp\/v2\/posts"}],"about":[{"href":"https:\/\/www.correiobraziliense.com.br\/cbradar\/wp-json\/wp\/v2\/types\/post"}],"author":[{"embeddable":true,"href":"https:\/\/www.correiobraziliense.com.br\/cbradar\/wp-json\/wp\/v2\/users\/8"}],"replies":[{"embeddable":true,"href":"https:\/\/www.correiobraziliense.com.br\/cbradar\/wp-json\/wp\/v2\/comments?post=232300"}],"version-history":[{"count":10,"href":"https:\/\/www.correiobraziliense.com.br\/cbradar\/wp-json\/wp\/v2\/posts\/232300\/revisions"}],"predecessor-version":[{"id":232568,"href":"https:\/\/www.correiobraziliense.com.br\/cbradar\/wp-json\/wp\/v2\/posts\/232300\/revisions\/232568"}],"wp:featuredmedia":[{"embeddable":true,"href":"https:\/\/www.correiobraziliense.com.br\/cbradar\/wp-json\/wp\/v2\/media\/232567"}],"wp:attachment":[{"href":"https:\/\/www.correiobraziliense.com.br\/cbradar\/wp-json\/wp\/v2\/media?parent=232300"}],"wp:term":[{"taxonomy":"category","embeddable":true,"href":"https:\/\/www.correiobraziliense.com.br\/cbradar\/wp-json\/wp\/v2\/categories?post=232300"},{"taxonomy":"post_tag","embeddable":true,"href":"https:\/\/www.correiobraziliense.com.br\/cbradar\/wp-json\/wp\/v2\/post_tag?post=232300"}],"curies":[{"name":"wp","href":"https:\/\/api.w.org\/{rel}","templated":true}]}}