{"id":232322,"date":"2026-04-26T06:25:00","date_gmt":"2026-04-26T09:25:00","guid":{"rendered":"https:\/\/www.correiobraziliense.com.br\/cbradar\/?p=232322"},"modified":"2026-04-26T06:19:10","modified_gmt":"2026-04-26T09:19:10","slug":"com-27-praias-a-95-km-de-sao-paulo-a-perola-do-atlantico-abriga-a-praia-mais-premiada-da-america-do-sul-e-e-modelo-no-surfe","status":"publish","type":"post","link":"https:\/\/www.correiobraziliense.com.br\/cbradar\/com-27-praias-a-95-km-de-sao-paulo-a-perola-do-atlantico-abriga-a-praia-mais-premiada-da-america-do-sul-e-e-modelo-no-surfe\/","title":{"rendered":"Com 27 praias a 95 km de S\u00e3o Paulo, a P\u00e9rola do Atl\u00e2ntico abriga a praia mais premiada da Am\u00e9rica do Sul e \u00e9 modelo no surfe"},"content":{"rendered":"\n<p><strong>A menos de duas horas da capital paulista,<\/strong> o <strong>Guaruj\u00e1<\/strong>, na <strong>Ilha de Santo Amaro<\/strong>, re\u00fane surf de n\u00edvel internacional, aqu\u00e1rio de grande porte e enseadas escondidas. Conhecida como \u201cP\u00e9rola do Atl\u00e2ntico\u201d, a cidade oferece praias para todos os estilos, desde faixas urbanas com cal\u00e7ad\u00e3o movimentado at\u00e9 ref\u00fagios acess\u00edveis por trilha ou barco, combinando quiosques, mirantes e fortes hist\u00f3ricos em um dos destinos litor\u00e2neos mais procurados por quem vive em S\u00e3o Paulo.<\/p>\n\n\n\n<h2 class=\"wp-block-heading\">Por que a Praia do Tombo \u00e9 refer\u00eancia ambiental no continente?<\/h2>\n\n\n\n<p>A <strong>Praia do Tombo<\/strong>, no <strong>Guaruj\u00e1<\/strong>, se tornou um s\u00edmbolo de qualidade ambiental ao conquistar, em 2025, o selo Bandeira Azul pela 16\u00aa vez consecutiva, um recorde na Am\u00e9rica do Sul, conforme a <strong><a href=\"https:\/\/www.guaruja.sp.gov.br\/praia-do-tombo-conquista-16a-bandeira-azul-consecutiva-e-sedia-evento-nacional-2\" target=\"_blank\" rel=\"noreferrer noopener\">Prefeitura de Guaruj\u00e1<\/a><\/strong>. A certifica\u00e7\u00e3o \u00e9 concedida pela <strong>Foundation for Environmental Education <\/strong>e leva em conta crit\u00e9rios rigorosos como qualidade da \u00e1gua, seguran\u00e7a, acessibilidade e a\u00e7\u00f5es de educa\u00e7\u00e3o ambiental.<\/p>\n\n\n\n<p>Com cerca de 856 metros de extens\u00e3o, a praia tamb\u00e9m \u00e9 destaque no cen\u00e1rio do surf, recebendo competi\u00e7\u00f5es nacionais e internacionais. Suas ondas fortes atraem tanto iniciantes quanto profissionais, enquanto o cal\u00e7ad\u00e3o oferece boa estrutura com bares e caf\u00e9s, garantindo uma experi\u00eancia completa em qualquer \u00e9poca do ano.<\/p>\n\n\n<div class=\"wp-block-image\">\n<figure class=\"aligncenter size-large\"><img decoding=\"async\" width=\"1024\" height=\"576\" src=\"https:\/\/www.correiobraziliense.com.br\/cbradar\/wp-content\/uploads\/2025\/07\/Guaruja_1752730325377-1024x576.jpg\" alt=\"Uma das melhores escapadas do litoral \u00e9 a &quot;P\u00e9rola do Atl\u00e2ntico&quot; com praias f\u00e1ceis e santu\u00e1rios quase secretos\" class=\"wp-image-70982\" srcset=\"https:\/\/www.correiobraziliense.com.br\/cbradar\/wp-content\/uploads\/2025\/07\/Guaruja_1752730325377-1024x576.jpg 1024w, https:\/\/www.correiobraziliense.com.br\/cbradar\/wp-content\/uploads\/2025\/07\/Guaruja_1752730325377-300x169.jpg 300w, https:\/\/www.correiobraziliense.com.br\/cbradar\/wp-content\/uploads\/2025\/07\/Guaruja_1752730325377-768x432.jpg 768w, https:\/\/www.correiobraziliense.com.br\/cbradar\/wp-content\/uploads\/2025\/07\/Guaruja_1752730325377-750x422.jpg 750w, https:\/\/www.correiobraziliense.com.br\/cbradar\/wp-content\/uploads\/2025\/07\/Guaruja_1752730325377-1140x641.jpg 1140w, https:\/\/www.correiobraziliense.com.br\/cbradar\/wp-content\/uploads\/2025\/07\/Guaruja_1752730325377.jpg 1280w\" sizes=\"(max-width: 1024px) 100vw, 1024px\" \/><figcaption class=\"wp-element-caption\">Guaruj\u00e1, SP \u00e9 a \u201cP\u00e9rola do Atl\u00e2ntico\u201d, com praias deslumbrantes, qualidade de vida e infraestrutura completa no litoral paulista. \/\/ Cr\u00e9ditos: depositphotos.com \/ PedroTruffi<\/figcaption><\/figure><\/div>\n\n\n<h2 class=\"wp-block-heading\">O maior aqu\u00e1rio da Am\u00e9rica Latina<\/h2>\n\n\n\n<p>O <strong>Acqua Mundo<\/strong>, instalado na Praia da Enseada, abriga mais de 170 esp\u00e9cies marinhas, terrestres e aqu\u00e1ticas em aproximadamente 5 mil m\u00b2. O espa\u00e7o re\u00fane tubar\u00f5es, pinguins, arraias, tartarugas e um tanque principal com 800 mil litros de \u00e1gua salgada. \u00c9 uma das atra\u00e7\u00f5es mais procuradas da cidade em dias nublados.<\/p>\n\n\n\n<p>Quem prefere altitude tem o <strong>Mirante das Galhetas<\/strong>, entre as praias de Ast\u00farias e Tombo, que ganhou recentemente um balan\u00e7o gigante e um Sky Glass, piso de vidro suspenso sobre a mata. Do alto \u00e9 poss\u00edvel ver boa parte da costa paulista. Outro ponto procurado \u00e9 o <strong>Forte dos Andradas<\/strong>, constru\u00eddo durante a Segunda Guerra Mundial, hoje usado pelo Ex\u00e9rcito e aberto a visitas guiadas.<\/p>\n\n\n\n<h2 class=\"wp-block-heading\">Quais s\u00e3o as praias imperd\u00edveis do Guaruj\u00e1?<\/h2>\n\n\n\n<p>S\u00e3o 27 praias ao todo, espalhadas pela Ilha de Santo Amaro. Algumas s\u00f3 podem ser acessadas por trilha ou barco, outras concentram a infraestrutura urbana do munic\u00edpio. Cada faixa de areia tem um perfil bem definido.<\/p>\n\n\n\n<ul class=\"wp-block-list\">\n<li><strong>Praia da Enseada<\/strong>: a mais extensa, com 5,6 km de areia branca, ideal para fam\u00edlias e esportes aqu\u00e1ticos. Concentra quiosques e o Acqua Mundo.<\/li>\n\n\n\n<li><strong>Praia de Pitangueiras<\/strong>: o cora\u00e7\u00e3o da cidade, com cal\u00e7ad\u00e3o animado, Shopping La Plage e ondas para surf no canto do Morro do Maluf.<\/li>\n\n\n\n<li><strong>Praia das Ast\u00farias<\/strong>: mar mais calmo, pesca artesanal e clima de vizinhan\u00e7a, uma das preferidas das fam\u00edlias.<\/li>\n\n\n\n<li><strong>Praia de Pernambuco<\/strong>: sofisticada, cercada de condom\u00ednios de luxo e mar tranquilo, menos urbanizada.<\/li>\n\n\n\n<li><strong>Praia Branca<\/strong>: 1.350 metros de areia paradis\u00edaca acess\u00edveis apenas por trilha ou barco, cercada por vila de pescadores.<\/li>\n\n\n\n<li><strong>Praia do \u00c9den<\/strong>: pequeno ref\u00fagio escondido no extremo da Enseada, com \u00e1guas cristalinas e cachoeira ao fundo.<\/li>\n<\/ul>\n\n\n\n<p>O v\u00eddeo do canal <strong>Casal Alencar<\/strong> apresenta um roteiro completo pelas melhores praias do <strong>Guaruj\u00e1<\/strong>, no litoral de S\u00e3o Paulo, explorando desde praias isoladas at\u00e9 \u00e1reas urbanas e mirantes.<\/p>\n\n\n\n<figure class=\"wp-block-embed aligncenter is-type-video is-provider-youtube wp-block-embed-youtube wp-embed-aspect-16-9 wp-has-aspect-ratio\"><div class=\"wp-block-embed__wrapper\">\n<div class=\"jeg_video_container jeg_video_content\"><iframe loading=\"lazy\" title=\"GUARUJ\u00c1 - ROTEIRO COMPLETO DAS MELHORES PRAIAS\" width=\"500\" height=\"281\" src=\"https:\/\/www.youtube.com\/embed\/pygRY334_mc?feature=oembed\" frameborder=\"0\" allow=\"accelerometer; autoplay; clipboard-write; encrypted-media; gyroscope; picture-in-picture; web-share\" referrerpolicy=\"strict-origin-when-cross-origin\" allowfullscreen><\/iframe><\/div>\n<\/div><\/figure>\n\n\n\n<h2 class=\"wp-block-heading\">Onde comer frutos do mar e comida cai\u00e7ara<\/h2>\n\n\n\n<p><strong>A heran\u00e7a cai\u00e7ara aparece nos pratos servidos ao longo da orla. <\/strong>Peixes frescos, camar\u00f5es, lulas e moquecas lideram os card\u00e1pios dos quiosques e restaurantes.<\/p>\n\n\n\n<ul class=\"wp-block-list\">\n<li><strong>Tortugas<\/strong>: regi\u00e3o no fim da Praia da Enseada conhecida por restaurantes sofisticados e cozinha contempor\u00e2nea \u00e0 base de frutos do mar.<\/li>\n\n\n\n<li><strong>Trevo de Santa Rosa<\/strong>: concentra bares, lanchonetes e casas com m\u00fasica ao vivo, o ponto mais animado para o jantar.<\/li>\n\n\n\n<li><strong>Boulevard Caminho do Mar<\/strong>: refer\u00eancia em doces e sobremesas, bom para um caf\u00e9 depois da praia.<\/li>\n\n\n\n<li><strong>Cal\u00e7ad\u00e3o do Tombo<\/strong>: quiosques \u00e0 beira da areia servem por\u00e7\u00f5es de camar\u00e3o, pescados e cervejas geladas com vista para o surf.<\/li>\n<\/ul>\n\n\n<div class=\"wp-block-image\">\n<figure class=\"aligncenter size-large\"><img decoding=\"async\" width=\"1024\" height=\"576\" src=\"https:\/\/www.correiobraziliense.com.br\/cbradar\/wp-content\/uploads\/2025\/07\/Guaruja_1752730502497-1024x576.jpg\" alt=\"A cidade em S\u00e3o Paulo que conquista al\u00e9m das praias com uma vida boa e leve de levar\" class=\"wp-image-70986\" srcset=\"https:\/\/www.correiobraziliense.com.br\/cbradar\/wp-content\/uploads\/2025\/07\/Guaruja_1752730502497-1024x576.jpg 1024w, https:\/\/www.correiobraziliense.com.br\/cbradar\/wp-content\/uploads\/2025\/07\/Guaruja_1752730502497-300x169.jpg 300w, https:\/\/www.correiobraziliense.com.br\/cbradar\/wp-content\/uploads\/2025\/07\/Guaruja_1752730502497-768x432.jpg 768w, https:\/\/www.correiobraziliense.com.br\/cbradar\/wp-content\/uploads\/2025\/07\/Guaruja_1752730502497-750x422.jpg 750w, https:\/\/www.correiobraziliense.com.br\/cbradar\/wp-content\/uploads\/2025\/07\/Guaruja_1752730502497-1140x642.jpg 1140w, https:\/\/www.correiobraziliense.com.br\/cbradar\/wp-content\/uploads\/2025\/07\/Guaruja_1752730502497.jpg 1279w\" sizes=\"(max-width: 1024px) 100vw, 1024px\" \/><figcaption class=\"wp-element-caption\">Guaruj\u00e1, SP oferece praias incr\u00edveis, desenvolvimento urbano e localiza\u00e7\u00e3o estrat\u00e9gica no litoral de S\u00e3o Paulo. \/\/ Cr\u00e9ditos: depositphotos.com \/ vbacarin<\/figcaption><\/figure><\/div>\n\n\n<p><strong><strong>Leia tamb\u00e9m: <a href=\"https:\/\/www.correiobraziliense.com.br\/cbradar\/como-a-primeira-capital-planejada-do-brasil-nasceu-de-um-tabuleiro-de-xadrez-e-encantou-com-sua-organizacao-a-366-km-do-mar\/\" target=\"_blank\" rel=\"noreferrer noopener\">Como a primeira capital planejada do Brasil nasceu de um tabuleiro de xadrez e encantou com sua organiza\u00e7\u00e3o a 366 km do mar.<\/a><\/strong><\/strong><\/p>\n\n\n\n<h2 class=\"wp-block-heading\">Quando viajar para a P\u00e9rola do Atl\u00e2ntico?<\/h2>\n\n\n\n<p><strong>O ver\u00e3o concentra a alta temporada, com praias cheias e programa\u00e7\u00e3o intensa. <\/strong>Quem busca mais tranquilidade encontra nos meses frios um litoral mais vazio e pre\u00e7os mais amig\u00e1veis.<\/p>\n\n\n\n<style>\n  \/* --- CONTAINER BLINDADO (PADR\u00c3O REGISTRADO) --- *\/\n  .clima-grid-final {\n    font-family: -apple-system, BlinkMacSystemFont, \"Segoe UI\", Roboto, Arial, sans-serif;\n    width: 100% !important;\n    max-width: 1200px !important;\n    margin: 20px auto !important;\n    display: grid !important;\n    \/* FOR\u00c7A 4 COLUNAS NO DESKTOP *\/\n    grid-template-columns: repeat(4, 1fr) !important; \n    gap: 15px !important;\n    box-sizing: border-box !important;\n  }\n\n  .clima-grid-final * {\n    box-sizing: border-box !important;\n  }\n\n  \/* --- CARD --- *\/\n  .card-clima {\n    background: #ffffff !important;\n    border: 1px solid #e0f2fe !important;\n    border-radius: 20px !important;\n    padding: 20px 10px !important;\n    text-align: center !important;\n    display: flex !important;\n    flex-direction: column !important;\n    align-items: center !important;\n    box-shadow: 0 4px 10px rgba(2, 132, 199, 0.05) !important;\n    min-width: 0 !important; \n    transition: transform 0.2s ease !important;\n  }\n\n  .card-clima:hover {\n    transform: translateY(-5px) !important;\n    border-color: #38bdf8 !important;\n  }\n\n  \/* --- CONTE\u00daDO --- *\/\n  .estacao-nome { font-size: 14px !important; font-weight: 800 !important; color: #0369a1 !important; text-transform: uppercase !important; margin: 0 0 5px 0 !important; }\n  .estacao-meses { font-size: 10px !important; font-weight: 700 !important; color: #64748b !important; text-transform: uppercase !important; margin-bottom: 15px !important; display: block !important;}\n  .temp-valor { font-size: 24px !important; font-weight: 800 !important; color: #0c4a6e !important; line-height: 1 !important; margin: 0 !important;}\n  .temp-label { font-size: 9px !important; font-weight: 600 !important; color: #38bdf8 !important; text-transform: uppercase !important; margin-bottom: 15px !important; display: block !important;}\n  .clima-desc { font-size: 12px !important; line-height: 1.4 !important; color: #334155 !important; margin-bottom: 15px !important; flex-grow: 1 !important; }\n\n  .tag-chuva {\n    background-color: #f0f9ff !important;\n    border: 1px solid #e0f2fe !important;\n    color: #0369a1 !important;\n    padding: 5px 12px !important;\n    border-radius: 20px !important;\n    font-size: 9px !important;\n    font-weight: 800 !important;\n    text-transform: uppercase !important;\n    margin-top: auto !important;\n  }\n\n  \/* --- RESPONSIVIDADE --- *\/\n  @media (max-width: 800px) {\n    .clima-grid-final {\n      grid-template-columns: 1fr !important; \n    }\n    .card-clima {\n      padding: 25px 20px !important;\n    }\n  }\n<\/style>\n\n<div class=\"clima-grid-final\">\n  \n  <div class=\"card-clima\">\n    <p class=\"estacao-nome\">\u2600\ufe0f Ver\u00e3o<\/p>\n    <span class=\"estacao-meses\">Dez &#8211; Fev<\/span>\n    <p class=\"temp-valor\">23-32\u00b0C<\/p>\n    <span class=\"temp-label\">Temperatura<\/span>\n    <div class=\"clima-desc\">Temporada perfeita para aproveitar as <b>praias<\/b> e realizar diversos <b>passeios de barco<\/b>.<\/div>\n    <div class=\"tag-chuva\">\ud83c\udf27\ufe0f Chuva Alta<\/div>\n  <\/div>\n\n  <div class=\"card-clima\">\n    <p class=\"estacao-nome\">\ud83c\udf42 Outono<\/p>\n    <span class=\"estacao-meses\">Mar &#8211; Mai<\/span>\n    <p class=\"temp-valor\">19-28\u00b0C<\/p>\n    <span class=\"temp-label\">Temperatura<\/span>\n    <div class=\"clima-desc\">Clima ameno e agrad\u00e1vel, ideal para percorrer as <b>trilhas<\/b> e visitar os <b>mirantes<\/b>.<\/div>\n    <div class=\"tag-chuva\">\ud83c\udf26\ufe0f Chuva M\u00e9dia<\/div>\n  <\/div>\n\n  <div class=\"card-clima\">\n    <p class=\"estacao-nome\">\u2744\ufe0f Inverno<\/p>\n    <span class=\"estacao-meses\">Jun &#8211; Ago<\/span>\n    <p class=\"temp-valor\">15-24\u00b0C<\/p>\n    <span class=\"temp-label\">Temperatura<\/span>\n    <div class=\"clima-desc\">Per\u00edodo seco para conhecer o <b>Forte dos Andradas<\/b> e se divertir no <b>Acqua Mundo<\/b>.<\/div>\n    <div class=\"tag-chuva\">\u2600\ufe0f Chuva Baixa<\/div>\n  <\/div>\n\n  <div class=\"card-clima\">\n    <p class=\"estacao-nome\">\ud83c\udf38 Primavera<\/p>\n    <span class=\"estacao-meses\">Set &#8211; Nov<\/span>\n    <p class=\"temp-valor\">18-27\u00b0C<\/p>\n    <span class=\"temp-label\">Temperatura<\/span>\n    <div class=\"clima-desc\">\u00d3tima \u00e9poca para curtir as <b>praias vazias<\/b> e aproveitar a excelente <b>gastronomia<\/b> local.<\/div>\n    <div class=\"tag-chuva\">\ud83c\udf26\ufe0f Chuva M\u00e9dia<\/div>\n  <\/div>\n\n<\/div>\n\n\n\n<p><em>Temperaturas aproximadas com base no <a href=\"https:\/\/www.climatempo.com.br\/previsao-do-tempo\/cidade\/586\/guaruja-sp\" target=\"_blank\" rel=\"noreferrer noopener\"><strong>Climatempo<\/strong><\/a>. Condi\u00e7\u00f5es podem variar.<\/em><\/p>\n\n\n<div class=\"wp-block-image\">\n<figure class=\"aligncenter size-large\"><img decoding=\"async\" width=\"1024\" height=\"576\" src=\"https:\/\/www.correiobraziliense.com.br\/cbradar\/wp-content\/uploads\/2025\/02\/Guaruja_1740077877585-1024x576.jpg\" alt=\"O segredo da costa brasileira \u00e9 um para\u00edso com 27 praias preservadas escondidas na Mata Atl\u00e2ntica\" class=\"wp-image-4421\" srcset=\"https:\/\/www.correiobraziliense.com.br\/cbradar\/wp-content\/uploads\/2025\/02\/Guaruja_1740077877585-1024x576.jpg 1024w, https:\/\/www.correiobraziliense.com.br\/cbradar\/wp-content\/uploads\/2025\/02\/Guaruja_1740077877585-300x169.jpg 300w, https:\/\/www.correiobraziliense.com.br\/cbradar\/wp-content\/uploads\/2025\/02\/Guaruja_1740077877585-768x432.jpg 768w, https:\/\/www.correiobraziliense.com.br\/cbradar\/wp-content\/uploads\/2025\/02\/Guaruja_1740077877585-750x422.jpg 750w, https:\/\/www.correiobraziliense.com.br\/cbradar\/wp-content\/uploads\/2025\/02\/Guaruja_1740077877585-1140x641.jpg 1140w, https:\/\/www.correiobraziliense.com.br\/cbradar\/wp-content\/uploads\/2025\/02\/Guaruja_1740077877585.jpg 1280w\" sizes=\"(max-width: 1024px) 100vw, 1024px\" \/><figcaption class=\"wp-element-caption\">Guaruj\u00e1 \u00e9 uma cidade costeira de S\u00e3o Paulo famosa por suas praias badaladas e natureza exuberante. \/\/ Cr\u00e9ditos: depositphotos.com \/ joao_camarneiro@uol.com.br<\/figcaption><\/figure><\/div>\n\n\n<h2 class=\"wp-block-heading\">Desvende a P\u00e9rola do Atl\u00e2ntico<\/h2>\n\n\n\n<p>Entre a <strong>Praia do Tombo<\/strong>, refer\u00eancia ambiental, e as enseadas escondidas da <strong>Ilha de Santo Amaro<\/strong>, o <strong>Guaruj\u00e1<\/strong> revela um litoral que ainda surpreende at\u00e9 quem acha que j\u00e1 conhece tudo. Com 27 praias, o destino atende diferentes perfis, de quem busca agito \u00e0 beira-mar a quem prefere tranquilidade ou aventura em cen\u00e1rios mais isolados.<\/p>\n\n\n\n<p>A poucos quil\u00f4metros de <strong>S\u00e3o Paulo<\/strong>, o <strong>Guaruj\u00e1<\/strong> segue como uma escolha certeira para escapadas r\u00e1pidas, reunindo diversidade de paisagens, boa estrutura e f\u00e1cil acesso. N\u00e3o \u00e9 por acaso que tantos visitantes retornam ao destino em busca do melhor da costa paulista.<\/p>\n","protected":false},"excerpt":{"rendered":"<p>A menos de duas horas da capital paulista, o Guaruj\u00e1, na Ilha de Santo Amaro, re\u00fane surf de n\u00edvel internacional, aqu\u00e1rio de grande porte e enseadas escondidas. Conhecida como \u201cP\u00e9rola do Atl\u00e2ntico\u201d, a cidade oferece praias para todos os estilos, desde faixas urbanas com cal\u00e7ad\u00e3o movimentado at\u00e9 ref\u00fagios acess\u00edveis por trilha ou barco, combinando quiosques, [&hellip;]<\/p>\n","protected":false},"author":8,"featured_media":224914,"comment_status":"open","ping_status":"open","sticky":false,"template":"","format":"standard","meta":{"_yoast_wpseo_focuskw":"P\u00e9rola do Atl\u00e2ntico","_yoast_wpseo_title":"","_yoast_wpseo_metadesc":"A 95 km de S\u00e3o Paulo, a \u201cP\u00e9rola do Atl\u00e2ntico\u201d re\u00fane 27 praias e abriga a mais premiada da Am\u00e9rica do Sul, sendo refer\u00eancia no surfe.","jnews-multi-image_gallery":[],"jnews_single_post":{"format":"standard"},"jnews_primary_category":[],"jnews_social_meta":[],"jnews_override_counter":[],"footnotes":""},"categories":[108,111],"post_tag":[],"class_list":["post-232322","post","type-post","status-publish","format-standard","has-post-thumbnail","hentry","category-cidades","category-turismo"],"yoast_head":"<!-- This site is optimized with the Yoast SEO plugin v24.6 - https:\/\/yoast.com\/wordpress\/plugins\/seo\/ -->\n<title>Com 27 praias a 95 km de S\u00e3o Paulo, a P\u00e9rola do Atl\u00e2ntico abriga a praia mais premiada da Am\u00e9rica do Sul e \u00e9 modelo no surfe - Correio Braziliense - Radar<\/title>\n<meta name=\"description\" content=\"A 95 km de S\u00e3o Paulo, a \u201cP\u00e9rola do Atl\u00e2ntico\u201d re\u00fane 27 praias e abriga a mais premiada da Am\u00e9rica do Sul, sendo refer\u00eancia no surfe.\" \/>\n<meta name=\"robots\" content=\"index, follow, max-snippet:-1, max-image-preview:large, max-video-preview:-1\" \/>\n<link rel=\"canonical\" href=\"https:\/\/www.correiobraziliense.com.br\/cbradar\/com-27-praias-a-95-km-de-sao-paulo-a-perola-do-atlantico-abriga-a-praia-mais-premiada-da-america-do-sul-e-e-modelo-no-surfe\/\" \/>\n<meta property=\"og:locale\" content=\"pt_BR\" \/>\n<meta property=\"og:type\" content=\"article\" \/>\n<meta property=\"og:title\" content=\"Com 27 praias a 95 km de S\u00e3o Paulo, a P\u00e9rola do Atl\u00e2ntico abriga a praia mais premiada da Am\u00e9rica do Sul e \u00e9 modelo no surfe - Correio Braziliense - Radar\" \/>\n<meta property=\"og:description\" content=\"A 95 km de S\u00e3o Paulo, a \u201cP\u00e9rola do Atl\u00e2ntico\u201d re\u00fane 27 praias e abriga a mais premiada da Am\u00e9rica do Sul, sendo refer\u00eancia no surfe.\" \/>\n<meta property=\"og:url\" content=\"https:\/\/www.correiobraziliense.com.br\/cbradar\/com-27-praias-a-95-km-de-sao-paulo-a-perola-do-atlantico-abriga-a-praia-mais-premiada-da-america-do-sul-e-e-modelo-no-surfe\/\" \/>\n<meta property=\"og:site_name\" content=\"Correio Braziliense - Radar\" \/>\n<meta property=\"article:published_time\" content=\"2026-04-26T09:25:00+00:00\" \/>\n<meta property=\"og:image\" content=\"https:\/\/www.correiobraziliense.com.br\/cbradar\/wp-content\/uploads\/2026\/04\/aaa-2026-04-14T033719.881.png\" \/>\n\t<meta property=\"og:image:width\" content=\"1280\" \/>\n\t<meta property=\"og:image:height\" content=\"720\" \/>\n\t<meta property=\"og:image:type\" content=\"image\/png\" \/>\n<meta name=\"author\" content=\"Maura Pereira\" \/>\n<meta name=\"twitter:card\" content=\"summary_large_image\" \/>\n<meta name=\"twitter:label1\" content=\"Escrito por\" \/>\n\t<meta name=\"twitter:data1\" content=\"Maura Pereira\" \/>\n\t<meta name=\"twitter:label2\" content=\"Est. tempo de leitura\" \/>\n\t<meta name=\"twitter:data2\" content=\"6 minutos\" \/>\n<!-- \/ Yoast SEO plugin. -->","yoast_head_json":{"title":"Com 27 praias a 95 km de S\u00e3o Paulo, a P\u00e9rola do Atl\u00e2ntico abriga a praia mais premiada da Am\u00e9rica do Sul e \u00e9 modelo no surfe - Correio Braziliense - Radar","description":"A 95 km de S\u00e3o Paulo, a \u201cP\u00e9rola do Atl\u00e2ntico\u201d re\u00fane 27 praias e abriga a mais premiada da Am\u00e9rica do Sul, sendo refer\u00eancia no surfe.","robots":{"index":"index","follow":"follow","max-snippet":"max-snippet:-1","max-image-preview":"max-image-preview:large","max-video-preview":"max-video-preview:-1"},"canonical":"https:\/\/www.correiobraziliense.com.br\/cbradar\/com-27-praias-a-95-km-de-sao-paulo-a-perola-do-atlantico-abriga-a-praia-mais-premiada-da-america-do-sul-e-e-modelo-no-surfe\/","og_locale":"pt_BR","og_type":"article","og_title":"Com 27 praias a 95 km de S\u00e3o Paulo, a P\u00e9rola do Atl\u00e2ntico abriga a praia mais premiada da Am\u00e9rica do Sul e \u00e9 modelo no surfe - Correio Braziliense - Radar","og_description":"A 95 km de S\u00e3o Paulo, a \u201cP\u00e9rola do Atl\u00e2ntico\u201d re\u00fane 27 praias e abriga a mais premiada da Am\u00e9rica do Sul, sendo refer\u00eancia no surfe.","og_url":"https:\/\/www.correiobraziliense.com.br\/cbradar\/com-27-praias-a-95-km-de-sao-paulo-a-perola-do-atlantico-abriga-a-praia-mais-premiada-da-america-do-sul-e-e-modelo-no-surfe\/","og_site_name":"Correio Braziliense - Radar","article_published_time":"2026-04-26T09:25:00+00:00","og_image":[{"width":1280,"height":720,"url":"https:\/\/www.correiobraziliense.com.br\/cbradar\/wp-content\/uploads\/2026\/04\/aaa-2026-04-14T033719.881.png","type":"image\/png"}],"author":"Maura Pereira","twitter_card":"summary_large_image","twitter_misc":{"Escrito por":"Maura Pereira","Est. tempo de leitura":"6 minutos"},"schema":{"@context":"https:\/\/schema.org","@graph":[{"@type":"WebPage","@id":"https:\/\/www.correiobraziliense.com.br\/cbradar\/com-27-praias-a-95-km-de-sao-paulo-a-perola-do-atlantico-abriga-a-praia-mais-premiada-da-america-do-sul-e-e-modelo-no-surfe\/","url":"https:\/\/www.correiobraziliense.com.br\/cbradar\/com-27-praias-a-95-km-de-sao-paulo-a-perola-do-atlantico-abriga-a-praia-mais-premiada-da-america-do-sul-e-e-modelo-no-surfe\/","name":"Com 27 praias a 95 km de S\u00e3o Paulo, a P\u00e9rola do Atl\u00e2ntico abriga a praia mais premiada da Am\u00e9rica do Sul e \u00e9 modelo no surfe - Correio Braziliense - Radar","isPartOf":{"@id":"https:\/\/www.correiobraziliense.com.br\/cbradar\/#website"},"primaryImageOfPage":{"@id":"https:\/\/www.correiobraziliense.com.br\/cbradar\/com-27-praias-a-95-km-de-sao-paulo-a-perola-do-atlantico-abriga-a-praia-mais-premiada-da-america-do-sul-e-e-modelo-no-surfe\/#primaryimage"},"image":{"@id":"https:\/\/www.correiobraziliense.com.br\/cbradar\/com-27-praias-a-95-km-de-sao-paulo-a-perola-do-atlantico-abriga-a-praia-mais-premiada-da-america-do-sul-e-e-modelo-no-surfe\/#primaryimage"},"thumbnailUrl":"https:\/\/www.correiobraziliense.com.br\/cbradar\/wp-content\/uploads\/2026\/04\/aaa-2026-04-14T033719.881.png","datePublished":"2026-04-26T09:25:00+00:00","author":{"@id":"https:\/\/www.correiobraziliense.com.br\/cbradar\/#\/schema\/person\/4053c651a9bfc785afc6f4cbc9032fd3"},"description":"A 95 km de S\u00e3o Paulo, a \u201cP\u00e9rola do Atl\u00e2ntico\u201d re\u00fane 27 praias e abriga a mais premiada da Am\u00e9rica do Sul, sendo refer\u00eancia no surfe.","breadcrumb":{"@id":"https:\/\/www.correiobraziliense.com.br\/cbradar\/com-27-praias-a-95-km-de-sao-paulo-a-perola-do-atlantico-abriga-a-praia-mais-premiada-da-america-do-sul-e-e-modelo-no-surfe\/#breadcrumb"},"inLanguage":"pt-BR","potentialAction":[{"@type":"ReadAction","target":["https:\/\/www.correiobraziliense.com.br\/cbradar\/com-27-praias-a-95-km-de-sao-paulo-a-perola-do-atlantico-abriga-a-praia-mais-premiada-da-america-do-sul-e-e-modelo-no-surfe\/"]}]},{"@type":"ImageObject","inLanguage":"pt-BR","@id":"https:\/\/www.correiobraziliense.com.br\/cbradar\/com-27-praias-a-95-km-de-sao-paulo-a-perola-do-atlantico-abriga-a-praia-mais-premiada-da-america-do-sul-e-e-modelo-no-surfe\/#primaryimage","url":"https:\/\/www.correiobraziliense.com.br\/cbradar\/wp-content\/uploads\/2026\/04\/aaa-2026-04-14T033719.881.png","contentUrl":"https:\/\/www.correiobraziliense.com.br\/cbradar\/wp-content\/uploads\/2026\/04\/aaa-2026-04-14T033719.881.png","width":1280,"height":720,"caption":"Guaruj\u00e1 combina surf internacional, aqu\u00e1rio gigante e enseadas escondidas a menos de duas horas da capital paulista. \/ Imagem ilustrativa"},{"@type":"BreadcrumbList","@id":"https:\/\/www.correiobraziliense.com.br\/cbradar\/com-27-praias-a-95-km-de-sao-paulo-a-perola-do-atlantico-abriga-a-praia-mais-premiada-da-america-do-sul-e-e-modelo-no-surfe\/#breadcrumb","itemListElement":[{"@type":"ListItem","position":1,"name":"In\u00edcio","item":"https:\/\/www.correiobraziliense.com.br\/cbradar\/"},{"@type":"ListItem","position":2,"name":"Com 27 praias a 95 km de S\u00e3o Paulo, a P\u00e9rola do Atl\u00e2ntico abriga a praia mais premiada da Am\u00e9rica do Sul e \u00e9 modelo no surfe"}]},{"@type":"WebSite","@id":"https:\/\/www.correiobraziliense.com.br\/cbradar\/#website","url":"https:\/\/www.correiobraziliense.com.br\/cbradar\/","name":"Correio Braziliense - Radar","description":"Acompanhe as \u00faltimas not\u00edcias e fique bem informado sobre tudo o que acontece no Brasil e no mundo.","potentialAction":[{"@type":"SearchAction","target":{"@type":"EntryPoint","urlTemplate":"https:\/\/www.correiobraziliense.com.br\/cbradar\/?s={search_term_string}"},"query-input":{"@type":"PropertyValueSpecification","valueRequired":true,"valueName":"search_term_string"}}],"inLanguage":"pt-BR"},{"@type":"Person","@id":"https:\/\/www.correiobraziliense.com.br\/cbradar\/#\/schema\/person\/4053c651a9bfc785afc6f4cbc9032fd3","name":"Maura Pereira","image":{"@type":"ImageObject","inLanguage":"pt-BR","@id":"https:\/\/www.correiobraziliense.com.br\/cbradar\/#\/schema\/person\/image\/","url":"https:\/\/secure.gravatar.com\/avatar\/3effd6bdadfa447f15089c7f7144eaa6?s=96&d=mm&r=g","contentUrl":"https:\/\/secure.gravatar.com\/avatar\/3effd6bdadfa447f15089c7f7144eaa6?s=96&d=mm&r=g","caption":"Maura Pereira"},"sameAs":["https:\/\/www.correiobraziliense.com.br\/"],"url":"https:\/\/www.correiobraziliense.com.br\/cbradar\/author\/mauramyth\/"}]}},"_links":{"self":[{"href":"https:\/\/www.correiobraziliense.com.br\/cbradar\/wp-json\/wp\/v2\/posts\/232322","targetHints":{"allow":["GET"]}}],"collection":[{"href":"https:\/\/www.correiobraziliense.com.br\/cbradar\/wp-json\/wp\/v2\/posts"}],"about":[{"href":"https:\/\/www.correiobraziliense.com.br\/cbradar\/wp-json\/wp\/v2\/types\/post"}],"author":[{"embeddable":true,"href":"https:\/\/www.correiobraziliense.com.br\/cbradar\/wp-json\/wp\/v2\/users\/8"}],"replies":[{"embeddable":true,"href":"https:\/\/www.correiobraziliense.com.br\/cbradar\/wp-json\/wp\/v2\/comments?post=232322"}],"version-history":[{"count":8,"href":"https:\/\/www.correiobraziliense.com.br\/cbradar\/wp-json\/wp\/v2\/posts\/232322\/revisions"}],"predecessor-version":[{"id":232440,"href":"https:\/\/www.correiobraziliense.com.br\/cbradar\/wp-json\/wp\/v2\/posts\/232322\/revisions\/232440"}],"wp:featuredmedia":[{"embeddable":true,"href":"https:\/\/www.correiobraziliense.com.br\/cbradar\/wp-json\/wp\/v2\/media\/224914"}],"wp:attachment":[{"href":"https:\/\/www.correiobraziliense.com.br\/cbradar\/wp-json\/wp\/v2\/media?parent=232322"}],"wp:term":[{"taxonomy":"category","embeddable":true,"href":"https:\/\/www.correiobraziliense.com.br\/cbradar\/wp-json\/wp\/v2\/categories?post=232322"},{"taxonomy":"post_tag","embeddable":true,"href":"https:\/\/www.correiobraziliense.com.br\/cbradar\/wp-json\/wp\/v2\/post_tag?post=232322"}],"curies":[{"name":"wp","href":"https:\/\/api.w.org\/{rel}","templated":true}]}}