{"id":232349,"date":"2026-04-26T14:58:00","date_gmt":"2026-04-26T17:58:00","guid":{"rendered":"https:\/\/www.correiobraziliense.com.br\/cbradar\/?p=232349"},"modified":"2026-04-26T06:33:06","modified_gmt":"2026-04-26T09:33:06","slug":"o-que-o-cafe-preto-consumido-em-jejum-faz-no-revestimento-do-estomago-e-no-sistema-nervoso","status":"publish","type":"post","link":"https:\/\/www.correiobraziliense.com.br\/cbradar\/o-que-o-cafe-preto-consumido-em-jejum-faz-no-revestimento-do-estomago-e-no-sistema-nervoso\/","title":{"rendered":"O que o caf\u00e9 preto consumido em jejum faz no revestimento do est\u00f4mago e no sistema nervoso"},"content":{"rendered":"\n<p><strong>Caf\u00e9 preto<\/strong> em jejum \u00e9 um h\u00e1bito comum, mas a rea\u00e7\u00e3o do corpo n\u00e3o depende s\u00f3 da bebida. O jejum muda o ambiente g\u00e1strico, a secre\u00e7\u00e3o \u00e1cida, a sensibilidade do <strong>revestimento do est\u00f4mago<\/strong> e a resposta do sistema nervoso \u00e0 cafe\u00edna. Em quem tem boa toler\u00e2ncia, o efeito pode ser leve. Em quem j\u00e1 convive com azia, n\u00e1usea ou ansiedade, o impacto costuma aparecer r\u00e1pido.<\/p>\n\n\n\n<h2 class=\"wp-block-heading\">Por que o est\u00f4mago reage diferente quando est\u00e1 vazio?<\/h2>\n\n\n\n<p>Jejum n\u00e3o significa um est\u00f4mago desprotegido, mas sim um cen\u00e1rio com menos alimento para amortecer est\u00edmulos qu\u00edmicos. Quando o caf\u00e9 preto entra sozinho, ele pode estimular secre\u00e7\u00e3o g\u00e1strica e aumentar a percep\u00e7\u00e3o de ardor, refluxo, empachamento ou desconforto na boca do est\u00f4mago. Isso n\u00e3o quer dizer que a bebida esteja ferindo o tecido em poucos goles, e sim que a mucosa fica mais exposta \u00e0 sensa\u00e7\u00e3o de irrita\u00e7\u00e3o.<\/p>\n\n\n\n<p>O revestimento do est\u00f4mago produz muco, bicarbonato e mant\u00e9m uma barreira que ajuda a lidar com \u00e1cido e enzimas digestivas. O problema aparece quando a pessoa j\u00e1 tem gastrite, dispepsia funcional, refluxo gastroesof\u00e1gico ou alta sensibilidade visceral. Nesses casos, o jejum pode amplificar sintomas e atrapalhar a <strong>sa\u00fade digestiva<\/strong> logo no come\u00e7o do dia.<\/p>\n\n\n\n<h2 class=\"wp-block-heading\">O caf\u00e9 preto agride a mucosa ou apenas aumenta os sintomas?<\/h2>\n\n\n\n<p>A ideia de que o caf\u00e9 preto sempre \u201ccorr\u00f3i\u201d o est\u00f4mago simplifica demais a fisiologia digestiva. Em pessoas saud\u00e1veis, o mais comum \u00e9 haver est\u00edmulo de \u00e1cido e motilidade, com poss\u00edvel desconforto sem les\u00e3o direta comprovada da mucosa. J\u00e1 em quem tem inflama\u00e7\u00e3o pr\u00e9via, a bebida em jejum pode piorar a dor epig\u00e1strica e facilitar crises de azia.<\/p>\n\n\n\n<p>Alguns sinais merecem aten\u00e7\u00e3o porque indicam baixa toler\u00e2ncia ao caf\u00e9 preto em jejum:<\/p>\n\n\n\n<ul class=\"wp-block-list\">\n<li>queima\u00e7\u00e3o recorrente ap\u00f3s os primeiros goles<\/li>\n\n\n\n<li>n\u00e1usea ou gosto amargo na garganta<\/li>\n\n\n\n<li>estufamento e arrotos frequentes<\/li>\n\n\n\n<li>dor na regi\u00e3o alta do abdome<\/li>\n\n\n\n<li>vontade urgente de evacuar junto com mal-estar<\/li>\n<\/ul>\n\n\n\n<h2 class=\"wp-block-heading\">O que acontece com o sistema nervoso logo cedo?<\/h2>\n\n\n\n<p>O <strong>sistema nervoso<\/strong> sente o efeito da cafe\u00edna em pouco tempo. A subst\u00e2ncia bloqueia receptores de adenosina, reduz a sensa\u00e7\u00e3o de sonol\u00eancia e aumenta o estado de alerta. Em jejum, muita gente percebe esse efeito de forma mais intensa, com mais vig\u00edlia, acelera\u00e7\u00e3o do pensamento e, em alguns casos, tremor fino, palpita\u00e7\u00e3o e irritabilidade.<\/p>\n\n\n\n<p>Essa resposta varia conforme dose, velocidade de consumo, qualidade do sono e sensibilidade individual. Uma x\u00edcara pequena pode melhorar foco e tempo de rea\u00e7\u00e3o. Duas ou tr\u00eas, tomadas rapidamente e sem alimento, podem elevar tens\u00e3o corporal e ativar demais o eixo de estresse. O resultado \u00e9 um contraste curioso: mais aten\u00e7\u00e3o mental, mas tamb\u00e9m mais chance de desconforto gastrointestinal e nervosismo.<\/p>\n\n\n\n<figure class=\"wp-block-image\"><img decoding=\"async\" width=\"1280\" height=\"720\" src=\"https:\/\/www.correiobraziliense.com.br\/cbradar\/wp-content\/uploads\/2026\/04\/o-que-o-cafe-preto-consumido-em-jejum-faz-no-revestimen-corpo-1-1.jpg\" alt=\"Tomar caf\u00e9 ap\u00f3s refei\u00e7\u00e3o leve ajuda a reduzir sintomas digestivos.\" class=\"wp-image-232452\" srcset=\"https:\/\/www.correiobraziliense.com.br\/cbradar\/wp-content\/uploads\/2026\/04\/o-que-o-cafe-preto-consumido-em-jejum-faz-no-revestimen-corpo-1-1.jpg 1280w, https:\/\/www.correiobraziliense.com.br\/cbradar\/wp-content\/uploads\/2026\/04\/o-que-o-cafe-preto-consumido-em-jejum-faz-no-revestimen-corpo-1-1-300x169.jpg 300w, https:\/\/www.correiobraziliense.com.br\/cbradar\/wp-content\/uploads\/2026\/04\/o-que-o-cafe-preto-consumido-em-jejum-faz-no-revestimen-corpo-1-1-768x432.jpg 768w, https:\/\/www.correiobraziliense.com.br\/cbradar\/wp-content\/uploads\/2026\/04\/o-que-o-cafe-preto-consumido-em-jejum-faz-no-revestimen-corpo-1-1-750x422.jpg 750w, https:\/\/www.correiobraziliense.com.br\/cbradar\/wp-content\/uploads\/2026\/04\/o-que-o-cafe-preto-consumido-em-jejum-faz-no-revestimen-corpo-1-1-1140x641.jpg 1140w\" sizes=\"(max-width: 1280px) 100vw, 1280px\" \/><figcaption class=\"wp-element-caption\">Tomar caf\u00e9 ap\u00f3s refei\u00e7\u00e3o leve ajuda a reduzir sintomas digestivos.<\/figcaption><\/figure>\n\n\n\n<h2 class=\"wp-block-heading\">O que a pesquisa cient\u00edfica j\u00e1 observou sobre caf\u00e9, mucosa e eixo c\u00e9rebro-intestino?<\/h2>\n\n\n\n<p>Essa liga\u00e7\u00e3o entre est\u00f4mago e c\u00e9rebro n\u00e3o \u00e9 impress\u00e3o subjetiva. A digest\u00e3o conversa o tempo todo com sinais neurais, horm\u00f4nios e motilidade intestinal, por isso sintomas g\u00e1stricos e sensa\u00e7\u00e3o de agita\u00e7\u00e3o costumam surgir juntos ap\u00f3s o caf\u00e9 preto em jejum.<\/p>\n\n\n\n<p>Segundo a revis\u00e3o narrativa <a href=\"https:\/\/pubmed.ncbi.nlm.nih.gov\/33383958\/\" target=\"_blank\" rel=\"noopener noreferrer\">Effects of Coffee and Its Components on the Gastrointestinal Tract and the Brain-Gut Axis<\/a>, publicada no peri\u00f3dico <strong>Nutrients<\/strong>, o caf\u00e9 estimula secre\u00e7\u00e3o g\u00e1strica e interage com a mucosa gastrointestinal, a motilidade e o eixo c\u00e9rebro-intestino. Isso ajuda a explicar por que o caf\u00e9 preto pode intensificar sintomas digestivos em pessoas suscet\u00edveis, ao mesmo tempo em que a cafe\u00edna atua no sistema nervoso central com efeito estimulante.<\/p>\n\n\n\n<h2 class=\"wp-block-heading\">Como reduzir o inc\u00f4modo sem abandonar a bebida?<\/h2>\n\n\n\n<p>Nem sempre a solu\u00e7\u00e3o \u00e9 cortar o caf\u00e9 preto. Muitas vezes, o ajuste est\u00e1 no contexto de consumo, na dose e no hor\u00e1rio. Para preservar a sa\u00fade digestiva e evitar sobrecarga do sistema nervoso, vale observar o padr\u00e3o do pr\u00f3prio corpo por alguns dias.<\/p>\n\n\n\n<p>Algumas estrat\u00e9gias costumam funcionar melhor:<\/p>\n\n\n\n<ul class=\"wp-block-list\">\n<li>tomar caf\u00e9 ap\u00f3s uma refei\u00e7\u00e3o leve, com prote\u00edna ou fibra<\/li>\n\n\n\n<li>reduzir o volume da primeira x\u00edcara<\/li>\n\n\n\n<li>evitar beber muito r\u00e1pido<\/li>\n\n\n\n<li>testar uma torra menos intensa ou preparo menos concentrado<\/li>\n\n\n\n<li>n\u00e3o combinar jejum prolongado, caf\u00e9 forte e noite mal dormida<\/li>\n<\/ul>\n\n\n\n<h2 class=\"wp-block-heading\">Quando esse h\u00e1bito deixa de ser simples e pede avalia\u00e7\u00e3o?<\/h2>\n\n\n\n<p>Se o jejum com caf\u00e9 preto provoca dor frequente, refluxo, enjoo, tremores, ins\u00f4nia ou piora clara da ansiedade, o corpo est\u00e1 dando um recado objetivo. Nessa situa\u00e7\u00e3o, a quest\u00e3o n\u00e3o \u00e9 demonizar a bebida, e sim investigar gastrite, refluxo, dispepsia, uso de anti-inflamat\u00f3rios, estresse cr\u00f4nico ou excesso de cafe\u00edna ao longo do dia.<\/p>\n\n\n\n<p>Curiosidades sobre alimenta\u00e7\u00e3o costumam virar regra absoluta nas redes, mas o organismo responde de forma bem menos dram\u00e1tica. No campo da sa\u00fade digestiva, o caf\u00e9 preto em jejum tende a funcionar mais como gatilho de sintomas e est\u00edmulo do sistema nervoso do que como agress\u00e3o inevit\u00e1vel ao revestimento do est\u00f4mago. A diferen\u00e7a aparece na sensibilidade individual, na dose e no hist\u00f3rico gastrointestinal de cada pessoa.<\/p>\n","protected":false},"excerpt":{"rendered":"<p>Caf\u00e9 preto em jejum \u00e9 um h\u00e1bito comum, mas a rea\u00e7\u00e3o do corpo n\u00e3o depende s\u00f3 da bebida. O jejum muda o ambiente g\u00e1strico, a secre\u00e7\u00e3o \u00e1cida, a sensibilidade do revestimento do est\u00f4mago e a resposta do sistema nervoso \u00e0 cafe\u00edna. Em quem tem boa toler\u00e2ncia, o efeito pode ser leve. Em quem j\u00e1 convive [&hellip;]<\/p>\n","protected":false},"author":19,"featured_media":232346,"comment_status":"open","ping_status":"open","sticky":false,"template":"","format":"standard","meta":{"_yoast_wpseo_focuskw":"caf\u00e9 preto","_yoast_wpseo_title":"","_yoast_wpseo_metadesc":"O caf\u00e9 preto em jejum mexe com o est\u00f4mago e o sistema nervoso de um jeito que pouca gente considera, e um detalhe muda toda a leitura desse h\u00e1bito","jnews-multi-image_gallery":[],"jnews_single_post":{"format":"standard"},"jnews_primary_category":[],"jnews_social_meta":[],"jnews_override_counter":[],"footnotes":""},"categories":[112],"post_tag":[3287,565],"class_list":["post-232349","post","type-post","status-publish","format-standard","has-post-thumbnail","hentry","category-curiosidades","tag-estudos","tag-saude"],"yoast_head":"<!-- This site is optimized with the Yoast SEO plugin v24.6 - https:\/\/yoast.com\/wordpress\/plugins\/seo\/ -->\n<title>O que o caf\u00e9 preto consumido em jejum faz no revestimento do est\u00f4mago e no sistema nervoso - Correio Braziliense - Radar<\/title>\n<meta name=\"description\" content=\"O caf\u00e9 preto em jejum mexe com o est\u00f4mago e o sistema nervoso de um jeito que pouca gente considera, e um detalhe muda toda a leitura desse h\u00e1bito\" \/>\n<meta name=\"robots\" content=\"index, follow, max-snippet:-1, max-image-preview:large, max-video-preview:-1\" \/>\n<link rel=\"canonical\" href=\"https:\/\/www.correiobraziliense.com.br\/cbradar\/o-que-o-cafe-preto-consumido-em-jejum-faz-no-revestimento-do-estomago-e-no-sistema-nervoso\/\" \/>\n<meta property=\"og:locale\" content=\"pt_BR\" \/>\n<meta property=\"og:type\" content=\"article\" \/>\n<meta property=\"og:title\" content=\"O que o caf\u00e9 preto consumido em jejum faz no revestimento do est\u00f4mago e no sistema nervoso - Correio Braziliense - Radar\" \/>\n<meta property=\"og:description\" content=\"O caf\u00e9 preto em jejum mexe com o est\u00f4mago e o sistema nervoso de um jeito que pouca gente considera, e um detalhe muda toda a leitura desse h\u00e1bito\" \/>\n<meta property=\"og:url\" content=\"https:\/\/www.correiobraziliense.com.br\/cbradar\/o-que-o-cafe-preto-consumido-em-jejum-faz-no-revestimento-do-estomago-e-no-sistema-nervoso\/\" \/>\n<meta property=\"og:site_name\" content=\"Correio Braziliense - Radar\" \/>\n<meta property=\"article:published_time\" content=\"2026-04-26T17:58:00+00:00\" \/>\n<meta property=\"og:image\" content=\"https:\/\/www.correiobraziliense.com.br\/cbradar\/wp-content\/uploads\/2026\/04\/o-que-o-cafe-preto-consumido-em-jejum-faz-no-revestimento-do-1.jpg\" \/>\n\t<meta property=\"og:image:width\" content=\"1280\" \/>\n\t<meta property=\"og:image:height\" content=\"720\" \/>\n\t<meta property=\"og:image:type\" content=\"image\/jpeg\" \/>\n<meta name=\"author\" content=\"Nubia Rangel\" \/>\n<meta name=\"twitter:card\" content=\"summary_large_image\" \/>\n<meta name=\"twitter:label1\" content=\"Escrito por\" \/>\n\t<meta name=\"twitter:data1\" content=\"Nubia Rangel\" \/>\n\t<meta name=\"twitter:label2\" content=\"Est. tempo de leitura\" \/>\n\t<meta name=\"twitter:data2\" content=\"5 minutos\" \/>\n<!-- \/ Yoast SEO plugin. -->","yoast_head_json":{"title":"O que o caf\u00e9 preto consumido em jejum faz no revestimento do est\u00f4mago e no sistema nervoso - Correio Braziliense - Radar","description":"O caf\u00e9 preto em jejum mexe com o est\u00f4mago e o sistema nervoso de um jeito que pouca gente considera, e um detalhe muda toda a leitura desse h\u00e1bito","robots":{"index":"index","follow":"follow","max-snippet":"max-snippet:-1","max-image-preview":"max-image-preview:large","max-video-preview":"max-video-preview:-1"},"canonical":"https:\/\/www.correiobraziliense.com.br\/cbradar\/o-que-o-cafe-preto-consumido-em-jejum-faz-no-revestimento-do-estomago-e-no-sistema-nervoso\/","og_locale":"pt_BR","og_type":"article","og_title":"O que o caf\u00e9 preto consumido em jejum faz no revestimento do est\u00f4mago e no sistema nervoso - Correio Braziliense - Radar","og_description":"O caf\u00e9 preto em jejum mexe com o est\u00f4mago e o sistema nervoso de um jeito que pouca gente considera, e um detalhe muda toda a leitura desse h\u00e1bito","og_url":"https:\/\/www.correiobraziliense.com.br\/cbradar\/o-que-o-cafe-preto-consumido-em-jejum-faz-no-revestimento-do-estomago-e-no-sistema-nervoso\/","og_site_name":"Correio Braziliense - Radar","article_published_time":"2026-04-26T17:58:00+00:00","og_image":[{"width":1280,"height":720,"url":"https:\/\/www.correiobraziliense.com.br\/cbradar\/wp-content\/uploads\/2026\/04\/o-que-o-cafe-preto-consumido-em-jejum-faz-no-revestimento-do-1.jpg","type":"image\/jpeg"}],"author":"Nubia Rangel","twitter_card":"summary_large_image","twitter_misc":{"Escrito por":"Nubia Rangel","Est. tempo de leitura":"5 minutos"},"schema":{"@context":"https:\/\/schema.org","@graph":[{"@type":"WebPage","@id":"https:\/\/www.correiobraziliense.com.br\/cbradar\/o-que-o-cafe-preto-consumido-em-jejum-faz-no-revestimento-do-estomago-e-no-sistema-nervoso\/","url":"https:\/\/www.correiobraziliense.com.br\/cbradar\/o-que-o-cafe-preto-consumido-em-jejum-faz-no-revestimento-do-estomago-e-no-sistema-nervoso\/","name":"O que o caf\u00e9 preto consumido em jejum faz no revestimento do est\u00f4mago e no sistema nervoso - Correio Braziliense - Radar","isPartOf":{"@id":"https:\/\/www.correiobraziliense.com.br\/cbradar\/#website"},"primaryImageOfPage":{"@id":"https:\/\/www.correiobraziliense.com.br\/cbradar\/o-que-o-cafe-preto-consumido-em-jejum-faz-no-revestimento-do-estomago-e-no-sistema-nervoso\/#primaryimage"},"image":{"@id":"https:\/\/www.correiobraziliense.com.br\/cbradar\/o-que-o-cafe-preto-consumido-em-jejum-faz-no-revestimento-do-estomago-e-no-sistema-nervoso\/#primaryimage"},"thumbnailUrl":"https:\/\/www.correiobraziliense.com.br\/cbradar\/wp-content\/uploads\/2026\/04\/o-que-o-cafe-preto-consumido-em-jejum-faz-no-revestimento-do-1.jpg","datePublished":"2026-04-26T17:58:00+00:00","author":{"@id":"https:\/\/www.correiobraziliense.com.br\/cbradar\/#\/schema\/person\/30abac48e98cee79b01faef7380df736"},"description":"O caf\u00e9 preto em jejum mexe com o est\u00f4mago e o sistema nervoso de um jeito que pouca gente considera, e um detalhe muda toda a leitura desse h\u00e1bito","breadcrumb":{"@id":"https:\/\/www.correiobraziliense.com.br\/cbradar\/o-que-o-cafe-preto-consumido-em-jejum-faz-no-revestimento-do-estomago-e-no-sistema-nervoso\/#breadcrumb"},"inLanguage":"pt-BR","potentialAction":[{"@type":"ReadAction","target":["https:\/\/www.correiobraziliense.com.br\/cbradar\/o-que-o-cafe-preto-consumido-em-jejum-faz-no-revestimento-do-estomago-e-no-sistema-nervoso\/"]}]},{"@type":"ImageObject","inLanguage":"pt-BR","@id":"https:\/\/www.correiobraziliense.com.br\/cbradar\/o-que-o-cafe-preto-consumido-em-jejum-faz-no-revestimento-do-estomago-e-no-sistema-nervoso\/#primaryimage","url":"https:\/\/www.correiobraziliense.com.br\/cbradar\/wp-content\/uploads\/2026\/04\/o-que-o-cafe-preto-consumido-em-jejum-faz-no-revestimento-do-1.jpg","contentUrl":"https:\/\/www.correiobraziliense.com.br\/cbradar\/wp-content\/uploads\/2026\/04\/o-que-o-cafe-preto-consumido-em-jejum-faz-no-revestimento-do-1.jpg","width":1280,"height":720,"caption":"Caf\u00e9 preto em jejum pode intensificar azia, n\u00e1usea e desconforto g\u00e1strico."},{"@type":"BreadcrumbList","@id":"https:\/\/www.correiobraziliense.com.br\/cbradar\/o-que-o-cafe-preto-consumido-em-jejum-faz-no-revestimento-do-estomago-e-no-sistema-nervoso\/#breadcrumb","itemListElement":[{"@type":"ListItem","position":1,"name":"In\u00edcio","item":"https:\/\/www.correiobraziliense.com.br\/cbradar\/"},{"@type":"ListItem","position":2,"name":"O que o caf\u00e9 preto consumido em jejum faz no revestimento do est\u00f4mago e no sistema nervoso"}]},{"@type":"WebSite","@id":"https:\/\/www.correiobraziliense.com.br\/cbradar\/#website","url":"https:\/\/www.correiobraziliense.com.br\/cbradar\/","name":"Correio Braziliense - Radar","description":"Acompanhe as \u00faltimas not\u00edcias e fique bem informado sobre tudo o que acontece no Brasil e no mundo.","potentialAction":[{"@type":"SearchAction","target":{"@type":"EntryPoint","urlTemplate":"https:\/\/www.correiobraziliense.com.br\/cbradar\/?s={search_term_string}"},"query-input":{"@type":"PropertyValueSpecification","valueRequired":true,"valueName":"search_term_string"}}],"inLanguage":"pt-BR"},{"@type":"Person","@id":"https:\/\/www.correiobraziliense.com.br\/cbradar\/#\/schema\/person\/30abac48e98cee79b01faef7380df736","name":"Nubia Rangel","image":{"@type":"ImageObject","inLanguage":"pt-BR","@id":"https:\/\/www.correiobraziliense.com.br\/cbradar\/#\/schema\/person\/image\/","url":"https:\/\/secure.gravatar.com\/avatar\/47cff2827a5ba23c37e8068c86817ea4?s=96&d=mm&r=g","contentUrl":"https:\/\/secure.gravatar.com\/avatar\/47cff2827a5ba23c37e8068c86817ea4?s=96&d=mm&r=g","caption":"Nubia Rangel"},"sameAs":["https:\/\/www.correiobraziliense.com.br\/cbradar\/"],"url":"https:\/\/www.correiobraziliense.com.br\/cbradar\/author\/nubia-rangel\/"}]}},"_links":{"self":[{"href":"https:\/\/www.correiobraziliense.com.br\/cbradar\/wp-json\/wp\/v2\/posts\/232349","targetHints":{"allow":["GET"]}}],"collection":[{"href":"https:\/\/www.correiobraziliense.com.br\/cbradar\/wp-json\/wp\/v2\/posts"}],"about":[{"href":"https:\/\/www.correiobraziliense.com.br\/cbradar\/wp-json\/wp\/v2\/types\/post"}],"author":[{"embeddable":true,"href":"https:\/\/www.correiobraziliense.com.br\/cbradar\/wp-json\/wp\/v2\/users\/19"}],"replies":[{"embeddable":true,"href":"https:\/\/www.correiobraziliense.com.br\/cbradar\/wp-json\/wp\/v2\/comments?post=232349"}],"version-history":[{"count":3,"href":"https:\/\/www.correiobraziliense.com.br\/cbradar\/wp-json\/wp\/v2\/posts\/232349\/revisions"}],"predecessor-version":[{"id":232453,"href":"https:\/\/www.correiobraziliense.com.br\/cbradar\/wp-json\/wp\/v2\/posts\/232349\/revisions\/232453"}],"wp:featuredmedia":[{"embeddable":true,"href":"https:\/\/www.correiobraziliense.com.br\/cbradar\/wp-json\/wp\/v2\/media\/232346"}],"wp:attachment":[{"href":"https:\/\/www.correiobraziliense.com.br\/cbradar\/wp-json\/wp\/v2\/media?parent=232349"}],"wp:term":[{"taxonomy":"category","embeddable":true,"href":"https:\/\/www.correiobraziliense.com.br\/cbradar\/wp-json\/wp\/v2\/categories?post=232349"},{"taxonomy":"post_tag","embeddable":true,"href":"https:\/\/www.correiobraziliense.com.br\/cbradar\/wp-json\/wp\/v2\/post_tag?post=232349"}],"curies":[{"name":"wp","href":"https:\/\/api.w.org\/{rel}","templated":true}]}}