{"id":232358,"date":"2026-04-26T15:58:00","date_gmt":"2026-04-26T18:58:00","guid":{"rendered":"https:\/\/www.correiobraziliense.com.br\/cbradar\/?p=232358"},"modified":"2026-04-26T06:33:14","modified_gmt":"2026-04-26T09:33:14","slug":"a-psicologia-diz-que-criancas-que-assumiram-o-papel-de-cuidadores-dos-proprios-irmaos-se-tornam-adultos-hiper-responsaveis-com-extrema-dificuldade-de-pedir-ajuda","status":"publish","type":"post","link":"https:\/\/www.correiobraziliense.com.br\/cbradar\/a-psicologia-diz-que-criancas-que-assumiram-o-papel-de-cuidadores-dos-proprios-irmaos-se-tornam-adultos-hiper-responsaveis-com-extrema-dificuldade-de-pedir-ajuda\/","title":{"rendered":"A psicologia diz que crian\u00e7as que assumiram o papel de cuidadores dos pr\u00f3prios irm\u00e3os se tornam adultos hiper-respons\u00e1veis com extrema dificuldade de pedir ajuda"},"content":{"rendered":"\n<p><strong>Psicologia<\/strong>, v\u00ednculos familiares e desenvolvimento emocional ajudam a explicar por que alguns adultos parecem dar conta de tudo, mas travam quando precisam de apoio. Entre os <strong>cuidadores na inf\u00e2ncia<\/strong>, especialmente quem assumiu responsabilidades pelos pr\u00f3prios irm\u00e3os, a rotina precoce de vigil\u00e2ncia, media\u00e7\u00e3o e cuidado pode deixar marcas duradouras no comportamento.<\/p>\n\n\n\n<h2 class=\"wp-block-heading\">Por que algumas crian\u00e7as viram apoio constante dentro de casa?<\/h2>\n\n\n\n<p>Quando uma crian\u00e7a passa a organizar hor\u00e1rios, acalmar crises, servir de refer\u00eancia para os irm\u00e3os e at\u00e9 antecipar problemas da fam\u00edlia, ela ocupa um lugar que n\u00e3o combina com sua fase de desenvolvimento. A psicologia descreve esse movimento como invers\u00e3o de pap\u00e9is, algo comum em lares com sobrecarga, conflito, doen\u00e7a, aus\u00eancia emocional ou falta de rede de apoio.<\/p>\n\n\n\n<p>Nesse cen\u00e1rio, os irm\u00e3os deixam de ser apenas companhia de inf\u00e2ncia e passam a representar uma responsabilidade di\u00e1ria. Quem vive isso costuma aprender cedo a observar o humor dos adultos, evitar atritos, manter a rotina funcionando e esconder o pr\u00f3prio cansa\u00e7o. Essa adapta\u00e7\u00e3o pode parecer maturidade, mas muitas vezes nasce de tens\u00e3o cont\u00ednua.<\/p>\n\n\n\n<h2 class=\"wp-block-heading\">Como a hiper-responsabilidade aparece na vida adulta?<\/h2>\n\n\n\n<p>A <strong>hiper-responsabilidade<\/strong> raramente surge como tra\u00e7o isolado. Ela costuma aparecer na agenda lotada, no perfeccionismo, na culpa ao descansar e na sensa\u00e7\u00e3o de que, se a pessoa relaxar, tudo sai do eixo. Adultos que cuidaram dos irm\u00e3os muito cedo tendem a assumir tarefas antes de serem solicitados e a se sentir indispens\u00e1veis mesmo quando ningu\u00e9m pediu isso.<\/p>\n\n\n\n<p>No trabalho, nos relacionamentos e na vida dom\u00e9stica, esse padr\u00e3o costuma seguir alguns sinais bem reconhec\u00edveis:<\/p>\n\n\n\n<ul class=\"wp-block-list\">\n<li>dificuldade de delegar tarefas simples<\/li>\n\n\n\n<li>inc\u00f4modo intenso quando outra pessoa erra<\/li>\n\n\n\n<li>necessidade de monitorar tudo ao redor<\/li>\n\n\n\n<li>culpa ao priorizar descanso ou lazer<\/li>\n\n\n\n<li>sensa\u00e7\u00e3o de valor pessoal ligada apenas \u00e0 utilidade<\/li>\n<\/ul>\n\n\n\n<h2 class=\"wp-block-heading\">Pedir ajuda parece fraqueza ou perda de controle?<\/h2>\n\n\n\n<p>A <strong>dificuldade de pedir ajuda<\/strong> costuma ter menos rela\u00e7\u00e3o com orgulho e mais com aprendizado emocional. Para muitos cuidadores na inf\u00e2ncia, depender de algu\u00e9m nunca foi uma experi\u00eancia segura. Em vez de acolhimento, houve cobran\u00e7a, imprevisibilidade ou a mensagem silenciosa de que sentir necessidade atrapalhava a casa.<\/p>\n\n\n\n<p>Na vida adulta, isso pode gerar frases internas como \u201ceu resolvo\u201d, \u201cn\u00e3o quero incomodar\u201d ou \u201c\u00e9 mais f\u00e1cil fazer sozinho\u201d. O problema \u00e9 que esse funcionamento isola. A pessoa cuida de amigos, parceiros e familiares, mas n\u00e3o consegue nomear a pr\u00f3pria exaust\u00e3o, nem dividir peso quando os v\u00ednculos poderiam justamente oferecer suporte real.<\/p>\n\n\n\n<figure class=\"wp-block-image\"><img decoding=\"async\" width=\"1280\" height=\"720\" src=\"https:\/\/www.correiobraziliense.com.br\/cbradar\/wp-content\/uploads\/2026\/04\/a-psicologia-diz-que-criancas-que-assumiram-o-papel-de-corpo-1-1.jpg\" alt=\"O cuidado precoce com irm\u00e3os pode prolongar a vigil\u00e2ncia na vida adulta.\" class=\"wp-image-232455\" srcset=\"https:\/\/www.correiobraziliense.com.br\/cbradar\/wp-content\/uploads\/2026\/04\/a-psicologia-diz-que-criancas-que-assumiram-o-papel-de-corpo-1-1.jpg 1280w, https:\/\/www.correiobraziliense.com.br\/cbradar\/wp-content\/uploads\/2026\/04\/a-psicologia-diz-que-criancas-que-assumiram-o-papel-de-corpo-1-1-300x169.jpg 300w, https:\/\/www.correiobraziliense.com.br\/cbradar\/wp-content\/uploads\/2026\/04\/a-psicologia-diz-que-criancas-que-assumiram-o-papel-de-corpo-1-1-768x432.jpg 768w, https:\/\/www.correiobraziliense.com.br\/cbradar\/wp-content\/uploads\/2026\/04\/a-psicologia-diz-que-criancas-que-assumiram-o-papel-de-corpo-1-1-750x422.jpg 750w, https:\/\/www.correiobraziliense.com.br\/cbradar\/wp-content\/uploads\/2026\/04\/a-psicologia-diz-que-criancas-que-assumiram-o-papel-de-corpo-1-1-1140x641.jpg 1140w\" sizes=\"(max-width: 1280px) 100vw, 1280px\" \/><figcaption class=\"wp-element-caption\">O cuidado precoce com irm\u00e3os pode prolongar a vigil\u00e2ncia na vida adulta.<\/figcaption><\/figure>\n\n\n\n<h2 class=\"wp-block-heading\">O que os estudos mostram sobre esse padr\u00e3o familiar?<\/h2>\n\n\n\n<p>Esse tipo de funcionamento n\u00e3o aparece apenas em relatos cl\u00ednicos. Segundo o estudo <a href=\"https:\/\/pubmed.ncbi.nlm.nih.gov\/18729677\/\" target=\"_blank\" rel=\"noopener noreferrer\">Marital conflict and support seeking by parents in adolescence: empirical support for the parentification construct<\/a>, publicado no peri\u00f3dico <strong>Journal of Family Psychology<\/strong>, a parentifica\u00e7\u00e3o esteve associada a conflito familiar, menor calor na rela\u00e7\u00e3o entre pais e filhos e pior ajuste emocional dos adolescentes. O artigo analisa justamente a sobrecarga de responsabilidades inadequadas para a fase do desenvolvimento.<\/p>\n\n\n\n<p>Quando o foco recai sobre irm\u00e3os, o tema tamb\u00e9m ganha for\u00e7a. Segundo o estudo <a href=\"https:\/\/pubmed.ncbi.nlm.nih.gov\/32502846\/\" target=\"_blank\" rel=\"noopener noreferrer\">Influences of parentification and benefit finding on prosocial behavior among typically developing siblings of individuals with autism spectrum disorder<\/a>, publicado no peri\u00f3dico Research in Developmental Disabilities, a experi\u00eancia de parentifica\u00e7\u00e3o voltada aos irm\u00e3os influencia o comportamento social e a forma como esse papel \u00e9 vivido. Isso ajuda a entender por que o cuidado precoce com irm\u00e3os pode moldar adultos atentos, prestativos e, ao mesmo tempo, tensos e sobrecarregados.<\/p>\n\n\n\n<h2 class=\"wp-block-heading\">Quais marcas emocionais costumam acompanhar esses adultos?<\/h2>\n\n\n\n<p>Nem todo cuidador na inf\u00e2ncia ter\u00e1 sofrimento intenso, mas alguns padr\u00f5es aparecem com frequ\u00eancia. A psicologia observa que a hiper-vigil\u00e2ncia, a culpa e a autoexig\u00eancia podem se misturar a afeto genu\u00edno pelos irm\u00e3os, o que torna esse hist\u00f3rico dif\u00edcil de reconhecer. A pessoa lembra que amava cuidar, mas esquece o quanto tamb\u00e9m precisou abrir m\u00e3o de descanso, espontaneidade e depend\u00eancia saud\u00e1vel.<\/p>\n\n\n\n<p>Entre as marcas mais comuns, vale observar:<\/p>\n\n\n\n<ul class=\"wp-block-list\">\n<li>ansiedade ao perceber desorganiza\u00e7\u00e3o no ambiente<\/li>\n\n\n\n<li>medo de decepcionar pessoas pr\u00f3ximas<\/li>\n\n\n\n<li>dificuldade de reconhecer limites f\u00edsicos e emocionais<\/li>\n\n\n\n<li>tend\u00eancia a escolher rela\u00e7\u00f5es nas quais sempre cuida mais<\/li>\n\n\n\n<li>estranhamento diante de apoio, colo e reciprocidade<\/li>\n<\/ul>\n\n\n\n<h2 class=\"wp-block-heading\">\u00c9 poss\u00edvel manter o v\u00ednculo com os irm\u00e3os sem repetir o mesmo papel?<\/h2>\n\n\n\n<p>Sim, mas isso exige revisar a fun\u00e7\u00e3o que a pessoa aprendeu a ocupar na fam\u00edlia. Irm\u00e3os podem continuar muito pr\u00f3ximos sem que um deles siga como gestor emocional de todos. Na pr\u00e1tica, isso envolve diferenciar carinho de responsabilidade cr\u00f4nica, cuidado de controle, presen\u00e7a de salvamento autom\u00e1tico.<\/p>\n\n\n\n<p>Quando o adulto come\u00e7a a notar esse padr\u00e3o, abre espa\u00e7o para rela\u00e7\u00f5es mais equilibradas. Pedir ajuda em tarefas simples, tolerar a imperfei\u00e7\u00e3o alheia, nomear cansa\u00e7o e aceitar apoio sem se justificar s\u00e3o movimentos pequenos, mas profundos. Dentro desse olhar da psicologia, a curiosidade mais importante n\u00e3o \u00e9 por que algu\u00e9m virou t\u00e3o respons\u00e1vel, e sim quanto dessa responsabilidade nasceu cedo demais, no lugar onde irm\u00e3os e afeto se confundiram com dever permanente.<\/p>\n","protected":false},"excerpt":{"rendered":"<p>Psicologia, v\u00ednculos familiares e desenvolvimento emocional ajudam a explicar por que alguns adultos parecem dar conta de tudo, mas travam quando precisam de apoio. Entre os cuidadores na inf\u00e2ncia, especialmente quem assumiu responsabilidades pelos pr\u00f3prios irm\u00e3os, a rotina precoce de vigil\u00e2ncia, media\u00e7\u00e3o e cuidado pode deixar marcas duradouras no comportamento. Por que algumas crian\u00e7as viram [&hellip;]<\/p>\n","protected":false},"author":19,"featured_media":232356,"comment_status":"open","ping_status":"open","sticky":false,"template":"","format":"standard","meta":{"_yoast_wpseo_focuskw":"psicologia","_yoast_wpseo_title":"","_yoast_wpseo_metadesc":"A psicologia aponta um elo pouco notado entre inf\u00e2ncia, irm\u00e3os e autocobran\u00e7a. Esse padr\u00e3o ajuda a explicar por que pedir ajuda pesa tanto depois.","jnews-multi-image_gallery":[],"jnews_single_post":{"format":"standard"},"jnews_primary_category":[],"jnews_social_meta":[],"jnews_override_counter":[],"footnotes":""},"categories":[112],"post_tag":[6173,3287,404],"class_list":["post-232358","post","type-post","status-publish","format-standard","has-post-thumbnail","hentry","category-curiosidades","tag-comportamento-humano","tag-estudos","tag-psicologia"],"yoast_head":"<!-- This site is optimized with the Yoast SEO plugin v24.6 - https:\/\/yoast.com\/wordpress\/plugins\/seo\/ -->\n<title>A psicologia diz que crian\u00e7as que assumiram o papel de cuidadores dos pr\u00f3prios irm\u00e3os se tornam adultos hiper-respons\u00e1veis com extrema dificuldade de pedir ajuda - Correio Braziliense - Radar<\/title>\n<meta name=\"description\" content=\"A psicologia aponta um elo pouco notado entre inf\u00e2ncia, irm\u00e3os e autocobran\u00e7a. Esse padr\u00e3o ajuda a explicar por que pedir ajuda pesa tanto depois.\" \/>\n<meta name=\"robots\" content=\"index, follow, max-snippet:-1, max-image-preview:large, max-video-preview:-1\" \/>\n<link rel=\"canonical\" href=\"https:\/\/www.correiobraziliense.com.br\/cbradar\/a-psicologia-diz-que-criancas-que-assumiram-o-papel-de-cuidadores-dos-proprios-irmaos-se-tornam-adultos-hiper-responsaveis-com-extrema-dificuldade-de-pedir-ajuda\/\" \/>\n<meta property=\"og:locale\" content=\"pt_BR\" \/>\n<meta property=\"og:type\" content=\"article\" \/>\n<meta property=\"og:title\" content=\"A psicologia diz que crian\u00e7as que assumiram o papel de cuidadores dos pr\u00f3prios irm\u00e3os se tornam adultos hiper-respons\u00e1veis com extrema dificuldade de pedir ajuda - Correio Braziliense - Radar\" \/>\n<meta property=\"og:description\" content=\"A psicologia aponta um elo pouco notado entre inf\u00e2ncia, irm\u00e3os e autocobran\u00e7a. Esse padr\u00e3o ajuda a explicar por que pedir ajuda pesa tanto depois.\" \/>\n<meta property=\"og:url\" content=\"https:\/\/www.correiobraziliense.com.br\/cbradar\/a-psicologia-diz-que-criancas-que-assumiram-o-papel-de-cuidadores-dos-proprios-irmaos-se-tornam-adultos-hiper-responsaveis-com-extrema-dificuldade-de-pedir-ajuda\/\" \/>\n<meta property=\"og:site_name\" content=\"Correio Braziliense - Radar\" \/>\n<meta property=\"article:published_time\" content=\"2026-04-26T18:58:00+00:00\" \/>\n<meta property=\"og:image\" content=\"https:\/\/www.correiobraziliense.com.br\/cbradar\/wp-content\/uploads\/2026\/04\/a-psicologia-diz-que-criancas-que-assumiram-o-papel-de-cuida-1.jpg\" \/>\n\t<meta property=\"og:image:width\" content=\"1280\" \/>\n\t<meta property=\"og:image:height\" content=\"720\" \/>\n\t<meta property=\"og:image:type\" content=\"image\/jpeg\" \/>\n<meta name=\"author\" content=\"Nubia Rangel\" \/>\n<meta name=\"twitter:card\" content=\"summary_large_image\" \/>\n<meta name=\"twitter:label1\" content=\"Escrito por\" \/>\n\t<meta name=\"twitter:data1\" content=\"Nubia Rangel\" \/>\n\t<meta name=\"twitter:label2\" content=\"Est. tempo de leitura\" \/>\n\t<meta name=\"twitter:data2\" content=\"5 minutos\" \/>\n<!-- \/ Yoast SEO plugin. -->","yoast_head_json":{"title":"A psicologia diz que crian\u00e7as que assumiram o papel de cuidadores dos pr\u00f3prios irm\u00e3os se tornam adultos hiper-respons\u00e1veis com extrema dificuldade de pedir ajuda - Correio Braziliense - Radar","description":"A psicologia aponta um elo pouco notado entre inf\u00e2ncia, irm\u00e3os e autocobran\u00e7a. Esse padr\u00e3o ajuda a explicar por que pedir ajuda pesa tanto depois.","robots":{"index":"index","follow":"follow","max-snippet":"max-snippet:-1","max-image-preview":"max-image-preview:large","max-video-preview":"max-video-preview:-1"},"canonical":"https:\/\/www.correiobraziliense.com.br\/cbradar\/a-psicologia-diz-que-criancas-que-assumiram-o-papel-de-cuidadores-dos-proprios-irmaos-se-tornam-adultos-hiper-responsaveis-com-extrema-dificuldade-de-pedir-ajuda\/","og_locale":"pt_BR","og_type":"article","og_title":"A psicologia diz que crian\u00e7as que assumiram o papel de cuidadores dos pr\u00f3prios irm\u00e3os se tornam adultos hiper-respons\u00e1veis com extrema dificuldade de pedir ajuda - Correio Braziliense - Radar","og_description":"A psicologia aponta um elo pouco notado entre inf\u00e2ncia, irm\u00e3os e autocobran\u00e7a. Esse padr\u00e3o ajuda a explicar por que pedir ajuda pesa tanto depois.","og_url":"https:\/\/www.correiobraziliense.com.br\/cbradar\/a-psicologia-diz-que-criancas-que-assumiram-o-papel-de-cuidadores-dos-proprios-irmaos-se-tornam-adultos-hiper-responsaveis-com-extrema-dificuldade-de-pedir-ajuda\/","og_site_name":"Correio Braziliense - Radar","article_published_time":"2026-04-26T18:58:00+00:00","og_image":[{"width":1280,"height":720,"url":"https:\/\/www.correiobraziliense.com.br\/cbradar\/wp-content\/uploads\/2026\/04\/a-psicologia-diz-que-criancas-que-assumiram-o-papel-de-cuida-1.jpg","type":"image\/jpeg"}],"author":"Nubia Rangel","twitter_card":"summary_large_image","twitter_misc":{"Escrito por":"Nubia Rangel","Est. tempo de leitura":"5 minutos"},"schema":{"@context":"https:\/\/schema.org","@graph":[{"@type":"WebPage","@id":"https:\/\/www.correiobraziliense.com.br\/cbradar\/a-psicologia-diz-que-criancas-que-assumiram-o-papel-de-cuidadores-dos-proprios-irmaos-se-tornam-adultos-hiper-responsaveis-com-extrema-dificuldade-de-pedir-ajuda\/","url":"https:\/\/www.correiobraziliense.com.br\/cbradar\/a-psicologia-diz-que-criancas-que-assumiram-o-papel-de-cuidadores-dos-proprios-irmaos-se-tornam-adultos-hiper-responsaveis-com-extrema-dificuldade-de-pedir-ajuda\/","name":"A psicologia diz que crian\u00e7as que assumiram o papel de cuidadores dos pr\u00f3prios irm\u00e3os se tornam adultos hiper-respons\u00e1veis com extrema dificuldade de pedir ajuda - Correio Braziliense - Radar","isPartOf":{"@id":"https:\/\/www.correiobraziliense.com.br\/cbradar\/#website"},"primaryImageOfPage":{"@id":"https:\/\/www.correiobraziliense.com.br\/cbradar\/a-psicologia-diz-que-criancas-que-assumiram-o-papel-de-cuidadores-dos-proprios-irmaos-se-tornam-adultos-hiper-responsaveis-com-extrema-dificuldade-de-pedir-ajuda\/#primaryimage"},"image":{"@id":"https:\/\/www.correiobraziliense.com.br\/cbradar\/a-psicologia-diz-que-criancas-que-assumiram-o-papel-de-cuidadores-dos-proprios-irmaos-se-tornam-adultos-hiper-responsaveis-com-extrema-dificuldade-de-pedir-ajuda\/#primaryimage"},"thumbnailUrl":"https:\/\/www.correiobraziliense.com.br\/cbradar\/wp-content\/uploads\/2026\/04\/a-psicologia-diz-que-criancas-que-assumiram-o-papel-de-cuida-1.jpg","datePublished":"2026-04-26T18:58:00+00:00","author":{"@id":"https:\/\/www.correiobraziliense.com.br\/cbradar\/#\/schema\/person\/30abac48e98cee79b01faef7380df736"},"description":"A psicologia aponta um elo pouco notado entre inf\u00e2ncia, irm\u00e3os e autocobran\u00e7a. Esse padr\u00e3o ajuda a explicar por que pedir ajuda pesa tanto depois.","breadcrumb":{"@id":"https:\/\/www.correiobraziliense.com.br\/cbradar\/a-psicologia-diz-que-criancas-que-assumiram-o-papel-de-cuidadores-dos-proprios-irmaos-se-tornam-adultos-hiper-responsaveis-com-extrema-dificuldade-de-pedir-ajuda\/#breadcrumb"},"inLanguage":"pt-BR","potentialAction":[{"@type":"ReadAction","target":["https:\/\/www.correiobraziliense.com.br\/cbradar\/a-psicologia-diz-que-criancas-que-assumiram-o-papel-de-cuidadores-dos-proprios-irmaos-se-tornam-adultos-hiper-responsaveis-com-extrema-dificuldade-de-pedir-ajuda\/"]}]},{"@type":"ImageObject","inLanguage":"pt-BR","@id":"https:\/\/www.correiobraziliense.com.br\/cbradar\/a-psicologia-diz-que-criancas-que-assumiram-o-papel-de-cuidadores-dos-proprios-irmaos-se-tornam-adultos-hiper-responsaveis-com-extrema-dificuldade-de-pedir-ajuda\/#primaryimage","url":"https:\/\/www.correiobraziliense.com.br\/cbradar\/wp-content\/uploads\/2026\/04\/a-psicologia-diz-que-criancas-que-assumiram-o-papel-de-cuida-1.jpg","contentUrl":"https:\/\/www.correiobraziliense.com.br\/cbradar\/wp-content\/uploads\/2026\/04\/a-psicologia-diz-que-criancas-que-assumiram-o-papel-de-cuida-1.jpg","width":1280,"height":720,"caption":"Hiper-responsabilidade na vida adulta pode esconder exaust\u00e3o e dificuldade de pedir ajuda."},{"@type":"BreadcrumbList","@id":"https:\/\/www.correiobraziliense.com.br\/cbradar\/a-psicologia-diz-que-criancas-que-assumiram-o-papel-de-cuidadores-dos-proprios-irmaos-se-tornam-adultos-hiper-responsaveis-com-extrema-dificuldade-de-pedir-ajuda\/#breadcrumb","itemListElement":[{"@type":"ListItem","position":1,"name":"In\u00edcio","item":"https:\/\/www.correiobraziliense.com.br\/cbradar\/"},{"@type":"ListItem","position":2,"name":"A psicologia diz que crian\u00e7as que assumiram o papel de cuidadores dos pr\u00f3prios irm\u00e3os se tornam adultos hiper-respons\u00e1veis com extrema dificuldade de pedir ajuda"}]},{"@type":"WebSite","@id":"https:\/\/www.correiobraziliense.com.br\/cbradar\/#website","url":"https:\/\/www.correiobraziliense.com.br\/cbradar\/","name":"Correio Braziliense - Radar","description":"Acompanhe as \u00faltimas not\u00edcias e fique bem informado sobre tudo o que acontece no Brasil e no mundo.","potentialAction":[{"@type":"SearchAction","target":{"@type":"EntryPoint","urlTemplate":"https:\/\/www.correiobraziliense.com.br\/cbradar\/?s={search_term_string}"},"query-input":{"@type":"PropertyValueSpecification","valueRequired":true,"valueName":"search_term_string"}}],"inLanguage":"pt-BR"},{"@type":"Person","@id":"https:\/\/www.correiobraziliense.com.br\/cbradar\/#\/schema\/person\/30abac48e98cee79b01faef7380df736","name":"Nubia Rangel","image":{"@type":"ImageObject","inLanguage":"pt-BR","@id":"https:\/\/www.correiobraziliense.com.br\/cbradar\/#\/schema\/person\/image\/","url":"https:\/\/secure.gravatar.com\/avatar\/47cff2827a5ba23c37e8068c86817ea4?s=96&d=mm&r=g","contentUrl":"https:\/\/secure.gravatar.com\/avatar\/47cff2827a5ba23c37e8068c86817ea4?s=96&d=mm&r=g","caption":"Nubia Rangel"},"sameAs":["https:\/\/www.correiobraziliense.com.br\/cbradar\/"],"url":"https:\/\/www.correiobraziliense.com.br\/cbradar\/author\/nubia-rangel\/"}]}},"_links":{"self":[{"href":"https:\/\/www.correiobraziliense.com.br\/cbradar\/wp-json\/wp\/v2\/posts\/232358","targetHints":{"allow":["GET"]}}],"collection":[{"href":"https:\/\/www.correiobraziliense.com.br\/cbradar\/wp-json\/wp\/v2\/posts"}],"about":[{"href":"https:\/\/www.correiobraziliense.com.br\/cbradar\/wp-json\/wp\/v2\/types\/post"}],"author":[{"embeddable":true,"href":"https:\/\/www.correiobraziliense.com.br\/cbradar\/wp-json\/wp\/v2\/users\/19"}],"replies":[{"embeddable":true,"href":"https:\/\/www.correiobraziliense.com.br\/cbradar\/wp-json\/wp\/v2\/comments?post=232358"}],"version-history":[{"count":3,"href":"https:\/\/www.correiobraziliense.com.br\/cbradar\/wp-json\/wp\/v2\/posts\/232358\/revisions"}],"predecessor-version":[{"id":232457,"href":"https:\/\/www.correiobraziliense.com.br\/cbradar\/wp-json\/wp\/v2\/posts\/232358\/revisions\/232457"}],"wp:featuredmedia":[{"embeddable":true,"href":"https:\/\/www.correiobraziliense.com.br\/cbradar\/wp-json\/wp\/v2\/media\/232356"}],"wp:attachment":[{"href":"https:\/\/www.correiobraziliense.com.br\/cbradar\/wp-json\/wp\/v2\/media?parent=232358"}],"wp:term":[{"taxonomy":"category","embeddable":true,"href":"https:\/\/www.correiobraziliense.com.br\/cbradar\/wp-json\/wp\/v2\/categories?post=232358"},{"taxonomy":"post_tag","embeddable":true,"href":"https:\/\/www.correiobraziliense.com.br\/cbradar\/wp-json\/wp\/v2\/post_tag?post=232358"}],"curies":[{"name":"wp","href":"https:\/\/api.w.org\/{rel}","templated":true}]}}