{"id":232361,"date":"2026-04-26T06:38:00","date_gmt":"2026-04-26T09:38:00","guid":{"rendered":"https:\/\/www.correiobraziliense.com.br\/cbradar\/?p=232361"},"modified":"2026-04-26T06:30:12","modified_gmt":"2026-04-26T09:30:12","slug":"o-que-o-consumo-diario-de-refrigerante-diet-faz-no-cerebro-e-na-flora-intestinal-a-longo-prazo","status":"publish","type":"post","link":"https:\/\/www.correiobraziliense.com.br\/cbradar\/o-que-o-consumo-diario-de-refrigerante-diet-faz-no-cerebro-e-na-flora-intestinal-a-longo-prazo\/","title":{"rendered":"O que o consumo di\u00e1rio de refrigerante diet faz no c\u00e9rebro e na flora intestinal a longo prazo"},"content":{"rendered":"\n<p><strong>Refrigerante diet<\/strong> aparece como atalho para cortar a\u00e7\u00facar, mas o consumo di\u00e1rio levanta uma d\u00favida curiosa e importante. Quando esse h\u00e1bito entra na rotina, ele passa a dialogar com circuitos de recompensa do <strong>c\u00e9rebro<\/strong>, com a microbiota e com sinais digestivos que influenciam apetite, paladar e metabolismo.<\/p>\n\n\n\n<h2 class=\"wp-block-heading\">Por que a bebida zero mexe com a percep\u00e7\u00e3o de sabor?<\/h2>\n\n\n\n<p>O paladar n\u00e3o funciona isolado. Quando o consumo di\u00e1rio de bebidas ado\u00e7adas artificialmente se repete, o organismo recebe sabor doce sem a mesma carga energ\u00e9tica do a\u00e7\u00facar. Esse descompasso pode alterar expectativa sensorial, saciedade e busca por alimentos mais intensos ao longo do dia, especialmente em quem j\u00e1 tem dieta rica em ultraprocessados.<\/p>\n\n\n\n<p>No caso do refrigerante diet, a combina\u00e7\u00e3o de g\u00e1s, acidez, aroma e edulcorantes cria um est\u00edmulo muito espec\u00edfico. A boca percebe do\u00e7ura, mas o intestino e o sistema nervoso central nem sempre respondem da mesma forma. \u00c9 a\u00ed que a discuss\u00e3o sobre sa\u00fade a longo prazo ganha peso, porque o h\u00e1bito deixa de ser s\u00f3 uma troca cal\u00f3rica.<\/p>\n\n\n\n<h2 class=\"wp-block-heading\">O que acontece no c\u00e9rebro com o consumo di\u00e1rio?<\/h2>\n\n\n\n<p>O c\u00e9rebro interpreta alimentos e bebidas por meio de mem\u00f3ria, recompensa e antecipa\u00e7\u00e3o. Em bebidas diet, esse processo pode envolver \u00e1reas ligadas \u00e0 motiva\u00e7\u00e3o para comer, \u00e0 aten\u00e7\u00e3o a pistas alimentares e ao prazer esperado. Isso n\u00e3o significa dano neurol\u00f3gico direto em todo consumidor, mas indica que a resposta cerebral ao sabor doce pode ficar menos simples do que parece.<\/p>\n\n\n\n<p>Segundo o estudo <a href=\"https:\/\/pubmed.ncbi.nlm.nih.gov\/33588630\/\" target=\"_blank\" rel=\"noopener noreferrer\">Acute diet soda consumption alters brain responses to food cues in humans<\/a>, publicado no peri\u00f3dico <strong>Nutritional Health<\/strong>, a ingest\u00e3o de diet soda alterou respostas cerebrais a imagens de comida em um ensaio controlado e cruzado. O trabalho avaliou um efeito agudo, n\u00e3o d\u00e9cadas de uso, mas ajuda a sustentar a hip\u00f3tese de que o refrigerante diet pode modular circuitos de recompensa e aten\u00e7\u00e3o ligados ao comportamento alimentar.<\/p>\n\n\n\n<figure class=\"wp-block-image\"><img decoding=\"async\" width=\"1280\" height=\"720\" src=\"https:\/\/www.correiobraziliense.com.br\/cbradar\/wp-content\/uploads\/2026\/04\/o-que-o-consumo-diario-de-refrigerante-diet-faz-no-cere-corpo-1-1.jpg\" alt=\"\u00c1gua com g\u00e1s, fibras e modera\u00e7\u00e3o ajudam mais no longo prazo.\" class=\"wp-image-232432\" srcset=\"https:\/\/www.correiobraziliense.com.br\/cbradar\/wp-content\/uploads\/2026\/04\/o-que-o-consumo-diario-de-refrigerante-diet-faz-no-cere-corpo-1-1.jpg 1280w, https:\/\/www.correiobraziliense.com.br\/cbradar\/wp-content\/uploads\/2026\/04\/o-que-o-consumo-diario-de-refrigerante-diet-faz-no-cere-corpo-1-1-300x169.jpg 300w, https:\/\/www.correiobraziliense.com.br\/cbradar\/wp-content\/uploads\/2026\/04\/o-que-o-consumo-diario-de-refrigerante-diet-faz-no-cere-corpo-1-1-768x432.jpg 768w, https:\/\/www.correiobraziliense.com.br\/cbradar\/wp-content\/uploads\/2026\/04\/o-que-o-consumo-diario-de-refrigerante-diet-faz-no-cere-corpo-1-1-750x422.jpg 750w, https:\/\/www.correiobraziliense.com.br\/cbradar\/wp-content\/uploads\/2026\/04\/o-que-o-consumo-diario-de-refrigerante-diet-faz-no-cere-corpo-1-1-1140x641.jpg 1140w\" sizes=\"(max-width: 1280px) 100vw, 1280px\" \/><figcaption class=\"wp-element-caption\">\u00c1gua com g\u00e1s, fibras e modera\u00e7\u00e3o ajudam mais no longo prazo.<\/figcaption><\/figure>\n\n\n\n<h2 class=\"wp-block-heading\">A flora intestinal sente essa rotina?<\/h2>\n\n\n\n<p>A flora intestinal, hoje descrita com mais precis\u00e3o como microbiota intestinal, participa da fermenta\u00e7\u00e3o, da barreira intestinal e da produ\u00e7\u00e3o de metab\u00f3litos que conversam com o sistema imune. Quando o consumo di\u00e1rio inclui refrigerante diet, alguns pesquisadores investigam se certos edulcorantes alteram a composi\u00e7\u00e3o bacteriana, a diversidade microbiana e a toler\u00e2ncia \u00e0 glicose em parte dos indiv\u00edduos.<\/p>\n\n\n\n<p>O debate ainda n\u00e3o est\u00e1 fechado, porque os efeitos variam conforme dose, tipo de ado\u00e7ante, padr\u00e3o alimentar e perfil de cada microbiota. Mesmo assim, a hip\u00f3tese de desequil\u00edbrio intestinal j\u00e1 aparece com frequ\u00eancia em revis\u00f5es e estudos experimentais. Por isso, sa\u00fade a longo prazo n\u00e3o depende apenas do r\u00f3tulo zero a\u00e7\u00facar, mas do contexto completo da dieta.<\/p>\n\n\n\n<h2 class=\"wp-block-heading\">Quais sinais do intestino e do comportamento merecem aten\u00e7\u00e3o?<\/h2>\n\n\n\n<p>Nem todo mundo percebe efeitos claros, mas alguns sinais entram no radar quando o refrigerante diet vira presen\u00e7a fixa nas refei\u00e7\u00f5es e lanches. O ponto principal n\u00e3o \u00e9 p\u00e2nico, e sim observar se a bebida passou a influenciar fome, digest\u00e3o ou prefer\u00eancia por sabor muito doce.<\/p>\n\n\n\n<ul class=\"wp-block-list\">\n<li>Vontade frequente de consumir produtos muito doces depois das refei\u00e7\u00f5es.<\/li>\n\n\n\n<li>Estufamento ou desconforto intestinal em rotinas com muitos ultraprocessados.<\/li>\n\n\n\n<li>Dificuldade de manter hidrata\u00e7\u00e3o com \u00e1gua pura ao longo do dia.<\/li>\n\n\n\n<li>Uso da bebida como compensa\u00e7\u00e3o para comer mais em outras refei\u00e7\u00f5es.<\/li>\n<\/ul>\n\n\n\n<p>Esses sinais n\u00e3o provam, sozinhos, uma altera\u00e7\u00e3o da flora intestinal ou do c\u00e9rebro. Eles funcionam como pistas de padr\u00e3o alimentar. Quando aparecem junto de baixa ingest\u00e3o de fibras, frutas, leguminosas e \u00e1gua, a microbiota tende a perder diversidade, o que pesa mais do que um alimento isolado.<\/p>\n\n\n\n<h2 class=\"wp-block-heading\">Trocar o a\u00e7\u00facar pelo diet resolve tudo?<\/h2>\n\n\n\n<p>Trocar refrigerante comum por refrigerante diet pode reduzir a\u00e7\u00facar livre e calorias em alguns contextos. Para quem consome grandes volumes de bebida a\u00e7ucarada, isso pode ser uma mudan\u00e7a \u00fatil. O problema surge quando a troca \u00e9 tratada como passe livre para um consumo di\u00e1rio sem limite, como se a composi\u00e7\u00e3o deixasse de importar para intestino, apetite e comportamento alimentar.<\/p>\n\n\n\n<p>Na pr\u00e1tica, a escolha faz mais sentido quando entra em uma estrat\u00e9gia maior. Alguns ajustes ajudam a reduzir depend\u00eancia do sabor doce e a proteger a sa\u00fade a longo prazo:<\/p>\n\n\n\n<ul class=\"wp-block-list\">\n<li>Usar \u00e1gua com g\u00e1s e lim\u00e3o em parte das ocasi\u00f5es.<\/li>\n\n\n\n<li>Reservar o refrigerante diet para momentos espec\u00edficos, n\u00e3o para todas as refei\u00e7\u00f5es.<\/li>\n\n\n\n<li>Aumentar fibras, vegetais e alimentos fermentados, que d\u00e3o suporte \u00e0 microbiota.<\/li>\n\n\n\n<li>Observar qual ado\u00e7ante aparece no r\u00f3tulo e como seu corpo reage ao consumo frequente.<\/li>\n<\/ul>\n\n\n\n<h2 class=\"wp-block-heading\">O que faz mais diferen\u00e7a a longo prazo?<\/h2>\n\n\n\n<p>O efeito do refrigerante diet n\u00e3o pode ser lido fora do conjunto. O c\u00e9rebro responde ao padr\u00e3o de recompensa constru\u00eddo pela rotina, e a flora intestinal responde ao que chega todos os dias ao tubo digestivo. Se a base alimentar inclui fibras, prote\u00edna adequada, comida in natura e hidrata\u00e7\u00e3o, o impacto do consumo ocasional tende a ser bem diferente daquele visto em uma rotina dominada por produtos ultraprocessados.<\/p>\n\n\n\n<p>Curiosidades sobre alimenta\u00e7\u00e3o costumam parecer simples, mas aqui o detalhe importa. O consumo di\u00e1rio de refrigerante diet pode influenciar percep\u00e7\u00e3o de do\u00e7ura, sinais de fome e equil\u00edbrio da microbiota, mesmo sem entregar a\u00e7\u00facar como o refrigerante comum. Para pensar em sa\u00fade a longo prazo, vale olhar menos para a promessa do r\u00f3tulo e mais para o efeito do h\u00e1bito sobre intestino, paladar, comportamento e metabolismo.<\/p>\n","protected":false},"excerpt":{"rendered":"<p>Refrigerante diet aparece como atalho para cortar a\u00e7\u00facar, mas o consumo di\u00e1rio levanta uma d\u00favida curiosa e importante. Quando esse h\u00e1bito entra na rotina, ele passa a dialogar com circuitos de recompensa do c\u00e9rebro, com a microbiota e com sinais digestivos que influenciam apetite, paladar e metabolismo. Por que a bebida zero mexe com a [&hellip;]<\/p>\n","protected":false},"author":19,"featured_media":232359,"comment_status":"open","ping_status":"open","sticky":false,"template":"","format":"standard","meta":{"_yoast_wpseo_focuskw":"refrigerante diet","_yoast_wpseo_title":"","_yoast_wpseo_metadesc":"O refrigerante diet parece inofensivo na rotina, mas um detalhe sobre c\u00e9rebro e flora intestinal muda a leitura desse h\u00e1bito a longo prazo","jnews-multi-image_gallery":[],"jnews_single_post":{"format":"standard"},"jnews_primary_category":[],"jnews_social_meta":[],"jnews_override_counter":[],"footnotes":""},"categories":[112],"post_tag":[6173,3287,565],"class_list":["post-232361","post","type-post","status-publish","format-standard","has-post-thumbnail","hentry","category-curiosidades","tag-comportamento-humano","tag-estudos","tag-saude"],"yoast_head":"<!-- This site is optimized with the Yoast SEO plugin v24.6 - https:\/\/yoast.com\/wordpress\/plugins\/seo\/ -->\n<title>O que o consumo di\u00e1rio de refrigerante diet faz no c\u00e9rebro e na flora intestinal a longo prazo - Correio Braziliense - Radar<\/title>\n<meta name=\"description\" content=\"O refrigerante diet parece inofensivo na rotina, mas um detalhe sobre c\u00e9rebro e flora intestinal muda a leitura desse h\u00e1bito a longo prazo\" \/>\n<meta name=\"robots\" content=\"index, follow, max-snippet:-1, max-image-preview:large, max-video-preview:-1\" \/>\n<link rel=\"canonical\" href=\"https:\/\/www.correiobraziliense.com.br\/cbradar\/o-que-o-consumo-diario-de-refrigerante-diet-faz-no-cerebro-e-na-flora-intestinal-a-longo-prazo\/\" \/>\n<meta property=\"og:locale\" content=\"pt_BR\" \/>\n<meta property=\"og:type\" content=\"article\" \/>\n<meta property=\"og:title\" content=\"O que o consumo di\u00e1rio de refrigerante diet faz no c\u00e9rebro e na flora intestinal a longo prazo - Correio Braziliense - Radar\" \/>\n<meta property=\"og:description\" content=\"O refrigerante diet parece inofensivo na rotina, mas um detalhe sobre c\u00e9rebro e flora intestinal muda a leitura desse h\u00e1bito a longo prazo\" \/>\n<meta property=\"og:url\" content=\"https:\/\/www.correiobraziliense.com.br\/cbradar\/o-que-o-consumo-diario-de-refrigerante-diet-faz-no-cerebro-e-na-flora-intestinal-a-longo-prazo\/\" \/>\n<meta property=\"og:site_name\" content=\"Correio Braziliense - Radar\" \/>\n<meta property=\"article:published_time\" content=\"2026-04-26T09:38:00+00:00\" \/>\n<meta property=\"og:image\" content=\"https:\/\/www.correiobraziliense.com.br\/cbradar\/wp-content\/uploads\/2026\/04\/o-que-o-consumo-diario-de-refrigerante-diet-faz-no-cerebro-e-1.jpg\" \/>\n\t<meta property=\"og:image:width\" content=\"1280\" \/>\n\t<meta property=\"og:image:height\" content=\"720\" \/>\n\t<meta property=\"og:image:type\" content=\"image\/jpeg\" \/>\n<meta name=\"author\" content=\"Nubia Rangel\" \/>\n<meta name=\"twitter:card\" content=\"summary_large_image\" \/>\n<meta name=\"twitter:label1\" content=\"Escrito por\" \/>\n\t<meta name=\"twitter:data1\" content=\"Nubia Rangel\" \/>\n\t<meta name=\"twitter:label2\" content=\"Est. tempo de leitura\" \/>\n\t<meta name=\"twitter:data2\" content=\"6 minutos\" \/>\n<!-- \/ Yoast SEO plugin. -->","yoast_head_json":{"title":"O que o consumo di\u00e1rio de refrigerante diet faz no c\u00e9rebro e na flora intestinal a longo prazo - Correio Braziliense - Radar","description":"O refrigerante diet parece inofensivo na rotina, mas um detalhe sobre c\u00e9rebro e flora intestinal muda a leitura desse h\u00e1bito a longo prazo","robots":{"index":"index","follow":"follow","max-snippet":"max-snippet:-1","max-image-preview":"max-image-preview:large","max-video-preview":"max-video-preview:-1"},"canonical":"https:\/\/www.correiobraziliense.com.br\/cbradar\/o-que-o-consumo-diario-de-refrigerante-diet-faz-no-cerebro-e-na-flora-intestinal-a-longo-prazo\/","og_locale":"pt_BR","og_type":"article","og_title":"O que o consumo di\u00e1rio de refrigerante diet faz no c\u00e9rebro e na flora intestinal a longo prazo - Correio Braziliense - Radar","og_description":"O refrigerante diet parece inofensivo na rotina, mas um detalhe sobre c\u00e9rebro e flora intestinal muda a leitura desse h\u00e1bito a longo prazo","og_url":"https:\/\/www.correiobraziliense.com.br\/cbradar\/o-que-o-consumo-diario-de-refrigerante-diet-faz-no-cerebro-e-na-flora-intestinal-a-longo-prazo\/","og_site_name":"Correio Braziliense - Radar","article_published_time":"2026-04-26T09:38:00+00:00","og_image":[{"width":1280,"height":720,"url":"https:\/\/www.correiobraziliense.com.br\/cbradar\/wp-content\/uploads\/2026\/04\/o-que-o-consumo-diario-de-refrigerante-diet-faz-no-cerebro-e-1.jpg","type":"image\/jpeg"}],"author":"Nubia Rangel","twitter_card":"summary_large_image","twitter_misc":{"Escrito por":"Nubia Rangel","Est. tempo de leitura":"6 minutos"},"schema":{"@context":"https:\/\/schema.org","@graph":[{"@type":"WebPage","@id":"https:\/\/www.correiobraziliense.com.br\/cbradar\/o-que-o-consumo-diario-de-refrigerante-diet-faz-no-cerebro-e-na-flora-intestinal-a-longo-prazo\/","url":"https:\/\/www.correiobraziliense.com.br\/cbradar\/o-que-o-consumo-diario-de-refrigerante-diet-faz-no-cerebro-e-na-flora-intestinal-a-longo-prazo\/","name":"O que o consumo di\u00e1rio de refrigerante diet faz no c\u00e9rebro e na flora intestinal a longo prazo - Correio Braziliense - Radar","isPartOf":{"@id":"https:\/\/www.correiobraziliense.com.br\/cbradar\/#website"},"primaryImageOfPage":{"@id":"https:\/\/www.correiobraziliense.com.br\/cbradar\/o-que-o-consumo-diario-de-refrigerante-diet-faz-no-cerebro-e-na-flora-intestinal-a-longo-prazo\/#primaryimage"},"image":{"@id":"https:\/\/www.correiobraziliense.com.br\/cbradar\/o-que-o-consumo-diario-de-refrigerante-diet-faz-no-cerebro-e-na-flora-intestinal-a-longo-prazo\/#primaryimage"},"thumbnailUrl":"https:\/\/www.correiobraziliense.com.br\/cbradar\/wp-content\/uploads\/2026\/04\/o-que-o-consumo-diario-de-refrigerante-diet-faz-no-cerebro-e-1.jpg","datePublished":"2026-04-26T09:38:00+00:00","author":{"@id":"https:\/\/www.correiobraziliense.com.br\/cbradar\/#\/schema\/person\/30abac48e98cee79b01faef7380df736"},"description":"O refrigerante diet parece inofensivo na rotina, mas um detalhe sobre c\u00e9rebro e flora intestinal muda a leitura desse h\u00e1bito a longo prazo","breadcrumb":{"@id":"https:\/\/www.correiobraziliense.com.br\/cbradar\/o-que-o-consumo-diario-de-refrigerante-diet-faz-no-cerebro-e-na-flora-intestinal-a-longo-prazo\/#breadcrumb"},"inLanguage":"pt-BR","potentialAction":[{"@type":"ReadAction","target":["https:\/\/www.correiobraziliense.com.br\/cbradar\/o-que-o-consumo-diario-de-refrigerante-diet-faz-no-cerebro-e-na-flora-intestinal-a-longo-prazo\/"]}]},{"@type":"ImageObject","inLanguage":"pt-BR","@id":"https:\/\/www.correiobraziliense.com.br\/cbradar\/o-que-o-consumo-diario-de-refrigerante-diet-faz-no-cerebro-e-na-flora-intestinal-a-longo-prazo\/#primaryimage","url":"https:\/\/www.correiobraziliense.com.br\/cbradar\/wp-content\/uploads\/2026\/04\/o-que-o-consumo-diario-de-refrigerante-diet-faz-no-cerebro-e-1.jpg","contentUrl":"https:\/\/www.correiobraziliense.com.br\/cbradar\/wp-content\/uploads\/2026\/04\/o-que-o-consumo-diario-de-refrigerante-diet-faz-no-cerebro-e-1.jpg","width":1280,"height":720,"caption":"Refrigerante diet pode influenciar c\u00e9rebro, intestino e percep\u00e7\u00e3o de do\u00e7ura."},{"@type":"BreadcrumbList","@id":"https:\/\/www.correiobraziliense.com.br\/cbradar\/o-que-o-consumo-diario-de-refrigerante-diet-faz-no-cerebro-e-na-flora-intestinal-a-longo-prazo\/#breadcrumb","itemListElement":[{"@type":"ListItem","position":1,"name":"In\u00edcio","item":"https:\/\/www.correiobraziliense.com.br\/cbradar\/"},{"@type":"ListItem","position":2,"name":"O que o consumo di\u00e1rio de refrigerante diet faz no c\u00e9rebro e na flora intestinal a longo prazo"}]},{"@type":"WebSite","@id":"https:\/\/www.correiobraziliense.com.br\/cbradar\/#website","url":"https:\/\/www.correiobraziliense.com.br\/cbradar\/","name":"Correio Braziliense - Radar","description":"Acompanhe as \u00faltimas not\u00edcias e fique bem informado sobre tudo o que acontece no Brasil e no mundo.","potentialAction":[{"@type":"SearchAction","target":{"@type":"EntryPoint","urlTemplate":"https:\/\/www.correiobraziliense.com.br\/cbradar\/?s={search_term_string}"},"query-input":{"@type":"PropertyValueSpecification","valueRequired":true,"valueName":"search_term_string"}}],"inLanguage":"pt-BR"},{"@type":"Person","@id":"https:\/\/www.correiobraziliense.com.br\/cbradar\/#\/schema\/person\/30abac48e98cee79b01faef7380df736","name":"Nubia Rangel","image":{"@type":"ImageObject","inLanguage":"pt-BR","@id":"https:\/\/www.correiobraziliense.com.br\/cbradar\/#\/schema\/person\/image\/","url":"https:\/\/secure.gravatar.com\/avatar\/47cff2827a5ba23c37e8068c86817ea4?s=96&d=mm&r=g","contentUrl":"https:\/\/secure.gravatar.com\/avatar\/47cff2827a5ba23c37e8068c86817ea4?s=96&d=mm&r=g","caption":"Nubia Rangel"},"sameAs":["https:\/\/www.correiobraziliense.com.br\/cbradar\/"],"url":"https:\/\/www.correiobraziliense.com.br\/cbradar\/author\/nubia-rangel\/"}]}},"_links":{"self":[{"href":"https:\/\/www.correiobraziliense.com.br\/cbradar\/wp-json\/wp\/v2\/posts\/232361","targetHints":{"allow":["GET"]}}],"collection":[{"href":"https:\/\/www.correiobraziliense.com.br\/cbradar\/wp-json\/wp\/v2\/posts"}],"about":[{"href":"https:\/\/www.correiobraziliense.com.br\/cbradar\/wp-json\/wp\/v2\/types\/post"}],"author":[{"embeddable":true,"href":"https:\/\/www.correiobraziliense.com.br\/cbradar\/wp-json\/wp\/v2\/users\/19"}],"replies":[{"embeddable":true,"href":"https:\/\/www.correiobraziliense.com.br\/cbradar\/wp-json\/wp\/v2\/comments?post=232361"}],"version-history":[{"count":3,"href":"https:\/\/www.correiobraziliense.com.br\/cbradar\/wp-json\/wp\/v2\/posts\/232361\/revisions"}],"predecessor-version":[{"id":232433,"href":"https:\/\/www.correiobraziliense.com.br\/cbradar\/wp-json\/wp\/v2\/posts\/232361\/revisions\/232433"}],"wp:featuredmedia":[{"embeddable":true,"href":"https:\/\/www.correiobraziliense.com.br\/cbradar\/wp-json\/wp\/v2\/media\/232359"}],"wp:attachment":[{"href":"https:\/\/www.correiobraziliense.com.br\/cbradar\/wp-json\/wp\/v2\/media?parent=232361"}],"wp:term":[{"taxonomy":"category","embeddable":true,"href":"https:\/\/www.correiobraziliense.com.br\/cbradar\/wp-json\/wp\/v2\/categories?post=232361"},{"taxonomy":"post_tag","embeddable":true,"href":"https:\/\/www.correiobraziliense.com.br\/cbradar\/wp-json\/wp\/v2\/post_tag?post=232361"}],"curies":[{"name":"wp","href":"https:\/\/api.w.org\/{rel}","templated":true}]}}