{"id":232364,"date":"2026-04-26T18:00:00","date_gmt":"2026-04-26T21:00:00","guid":{"rendered":"https:\/\/www.correiobraziliense.com.br\/cbradar\/?p=232364"},"modified":"2026-04-26T07:34:06","modified_gmt":"2026-04-26T10:34:06","slug":"estudos-mostram-que-criancas-que-liam-historias-de-ficcao-e-fantasia-com-frequencia-desenvolveram-maior-facilidade-em-exercitar-o-que-hoje-e-conhecido-como-empatia-cognitiva","status":"publish","type":"post","link":"https:\/\/www.correiobraziliense.com.br\/cbradar\/estudos-mostram-que-criancas-que-liam-historias-de-ficcao-e-fantasia-com-frequencia-desenvolveram-maior-facilidade-em-exercitar-o-que-hoje-e-conhecido-como-empatia-cognitiva\/","title":{"rendered":"Estudos mostram que crian\u00e7as que liam hist\u00f3rias de fic\u00e7\u00e3o e fantasia com frequ\u00eancia desenvolveram maior facilidade em exercitar o que hoje \u00e9 conhecido como empatia cognitiva"},"content":{"rendered":"\n<p><strong>Leitura infantil<\/strong> n\u00e3o mexe s\u00f3 com vocabul\u00e1rio e imagina\u00e7\u00e3o. Em rodas de leitura, livros ilustrados e narrativas de <strong>fic\u00e7\u00e3o e fantasia<\/strong>, a crian\u00e7a treina aten\u00e7\u00e3o, interpreta emo\u00e7\u00f5es e acompanha conflitos entre personagens. Esse percurso ajuda a explicar por que tantos estudos ligam o h\u00e1bito de ouvir e ler hist\u00f3rias ao fortalecimento da <strong>empatia cognitiva<\/strong>, uma habilidade central no desenvolvimento infantil.<\/p>\n\n\n\n<h2 class=\"wp-block-heading\">Por que hist\u00f3rias inventadas mexem tanto com a mente da crian\u00e7a?<\/h2>\n\n\n\n<p>Fic\u00e7\u00e3o e fantasia criam um espa\u00e7o seguro para a crian\u00e7a observar medo, ci\u00fame, coragem, frustra\u00e7\u00e3o e repara\u00e7\u00e3o sem viver tudo aquilo na pr\u00f3pria pele. Ao seguir o ponto de vista de um her\u00f3i, de um irm\u00e3o mais velho ou at\u00e9 de um drag\u00e3o, ela pratica interpreta\u00e7\u00e3o, infer\u00eancia e percep\u00e7\u00e3o social, tr\u00eas pe\u00e7as importantes para entender o que o outro pensa.<\/p>\n\n\n\n<p>No desenvolvimento infantil, isso aparece em situa\u00e7\u00f5es simples do cotidiano. A crian\u00e7a que acompanha enredos com conflito tende a notar pistas emocionais com mais rapidez, prever rea\u00e7\u00f5es e ajustar a pr\u00f3pria resposta. N\u00e3o \u00e9 magia do livro, \u00e9 exerc\u00edcio mental repetido, mediado por linguagem, mem\u00f3ria e imagina\u00e7\u00e3o.<\/p>\n\n\n\n<h2 class=\"wp-block-heading\">O que a empatia cognitiva realmente significa na inf\u00e2ncia?<\/h2>\n\n\n\n<p>Empatia cognitiva \u00e9 a capacidade de perceber a perspectiva do outro e imaginar o que ele pode estar sentindo ou pensando. Na inf\u00e2ncia, ela n\u00e3o surge pronta. Ela amadurece com conversa, conviv\u00eancia, brincadeira simb\u00f3lica, repert\u00f3rio emocional e contato frequente com narrativas que mostram inten\u00e7\u00f5es, mal-entendidos e escolhas.<\/p>\n\n\n\n<p>Estudos sobre desenvolvimento infantil costumam separar essa habilidade da empatia mais emocional, aquela rea\u00e7\u00e3o imediata diante da dor ou da alegria de algu\u00e9m. Quando a leitura infantil apresenta personagens com motiva\u00e7\u00f5es diferentes, a crian\u00e7a precisa organizar causas, consequ\u00eancias e estados mentais, o que aproxima o livro de um treino de cogni\u00e7\u00e3o social.<\/p>\n\n\n\n<figure class=\"wp-block-image\"><img decoding=\"async\" width=\"1280\" height=\"720\" src=\"https:\/\/www.correiobraziliense.com.br\/cbradar\/wp-content\/uploads\/2026\/04\/estudos-mostram-que-criancas-que-liam-historias-de-ficc-corpo-1-1.jpg\" alt=\"Conversas sobre personagens ajudam a crian\u00e7a a interpretar emo\u00e7\u00f5es e inten\u00e7\u00f5es.\" class=\"wp-image-232526\" srcset=\"https:\/\/www.correiobraziliense.com.br\/cbradar\/wp-content\/uploads\/2026\/04\/estudos-mostram-que-criancas-que-liam-historias-de-ficc-corpo-1-1.jpg 1280w, https:\/\/www.correiobraziliense.com.br\/cbradar\/wp-content\/uploads\/2026\/04\/estudos-mostram-que-criancas-que-liam-historias-de-ficc-corpo-1-1-300x169.jpg 300w, https:\/\/www.correiobraziliense.com.br\/cbradar\/wp-content\/uploads\/2026\/04\/estudos-mostram-que-criancas-que-liam-historias-de-ficc-corpo-1-1-768x432.jpg 768w, https:\/\/www.correiobraziliense.com.br\/cbradar\/wp-content\/uploads\/2026\/04\/estudos-mostram-que-criancas-que-liam-historias-de-ficc-corpo-1-1-750x422.jpg 750w, https:\/\/www.correiobraziliense.com.br\/cbradar\/wp-content\/uploads\/2026\/04\/estudos-mostram-que-criancas-que-liam-historias-de-ficc-corpo-1-1-1140x641.jpg 1140w\" sizes=\"(max-width: 1280px) 100vw, 1280px\" \/><figcaption class=\"wp-element-caption\">Conversas sobre personagens ajudam a crian\u00e7a a interpretar emo\u00e7\u00f5es e inten\u00e7\u00f5es.<\/figcaption><\/figure>\n\n\n\n<h2 class=\"wp-block-heading\">Quais sinais aparecem quando a leitura entra na rotina?<\/h2>\n\n\n\n<p>Quando a leitura infantil vira h\u00e1bito, alguns efeitos ficam mais vis\u00edveis na fala e no comportamento. Eles n\u00e3o aparecem da mesma forma em toda crian\u00e7a, mas costumam seguir um padr\u00e3o observado por pais, professores e pesquisadores.<\/p>\n\n\n\n<ul class=\"wp-block-list\">\n<li>Maior facilidade para nomear emo\u00e7\u00f5es e inten\u00e7\u00f5es dos personagens.<\/li>\n\n\n\n<li>Mais perguntas sobre motivos, injusti\u00e7a e consequ\u00eancias dentro da hist\u00f3ria.<\/li>\n\n\n\n<li>Melhor toler\u00e2ncia a pontos de vista diferentes durante conversas e brincadeiras.<\/li>\n\n\n\n<li>Uso mais rico de linguagem simb\u00f3lica, faz de conta e compara\u00e7\u00e3o.<\/li>\n<\/ul>\n\n\n\n<p>Fic\u00e7\u00e3o e fantasia ajudam bastante nesse processo porque ampliam o repert\u00f3rio sem ficar presas ao cotidiano literal. Um castelo, uma floresta encantada ou um animal falante exigem que a crian\u00e7a interprete regras do enredo, rela\u00e7\u00f5es sociais e mudan\u00e7as de perspectiva o tempo todo.<\/p>\n\n\n\n<h2 class=\"wp-block-heading\">O que os estudos dizem sobre empatia e hist\u00f3rias lidas em casa?<\/h2>\n\n\n\n<p>Esse elo entre narrativa e vida social ganhou for\u00e7a quando pesquisadores passaram a medir empatia em crian\u00e7as com mais precis\u00e3o. Segundo o estudo <strong>A measure of cognitive and affective empathy in children using parent ratings<\/strong>, publicado no peri\u00f3dico <strong>Child Psychiatry and Human Development<\/strong>, a empatia infantil inclui componentes afetivos e cognitivos com associa\u00e7\u00f5es diferentes em aspectos do funcionamento da crian\u00e7a, o que refor\u00e7a a import\u00e2ncia de observar como ela interpreta o outro, e n\u00e3o apenas como reage emocionalmente. O trabalho pode ser consultado em <a href=\"https:\/\/pubmed.ncbi.nlm.nih.gov\/17710538\/\" target=\"_blank\" rel=\"noopener noreferrer\">registro do estudo sobre empatia cognitiva e afetiva em crian\u00e7as<\/a>.<\/p>\n\n\n\n<p>Quando essa base \u00e9 cruzada com pesquisas sobre leitura compartilhada, o quadro fica ainda mais interessante. Um ensaio cl\u00ednico randomizado mais recente, <strong>Keep the bedtime story: A daily reading ritual improves empathy and creativity in children<\/strong>, publicado na <strong>PLOS One<\/strong>, avaliou uma rotina de leitura noturna por duas semanas em crian\u00e7as de 6 a 8 anos. O estudo observou melhora em medidas gerais de empatia e criatividade, sugerindo que o ritual de leitura em casa pode funcionar como pr\u00e1tica social e cognitiva relevante, mesmo quando os ganhos em empatia cognitiva exigem acompanhamento mais longo. O artigo est\u00e1 em <a href=\"https:\/\/pubmed.ncbi.nlm.nih.gov\/41511944\/\" target=\"_blank\" rel=\"noopener noreferrer\">ensaio cl\u00ednico sobre leitura noturna, empatia e criatividade<\/a>.<\/p>\n\n\n\n<h2 class=\"wp-block-heading\">Como pais e educadores podem estimular essa habilidade sem transformar leitura em tarefa?<\/h2>\n\n\n\n<p>O efeito n\u00e3o depende de transformar o livro em aula formal. O que mais favorece a empatia cognitiva \u00e9 a conversa que nasce durante e depois da hist\u00f3ria, com espa\u00e7o para d\u00favida, hip\u00f3tese e interpreta\u00e7\u00e3o do comportamento dos personagens.<\/p>\n\n\n\n<ul class=\"wp-block-list\">\n<li>Pergunte o que cada personagem pode ter pensado naquela cena.<\/li>\n\n\n\n<li>Pe\u00e7a compara\u00e7\u00f5es entre escolhas diferentes dentro do enredo.<\/li>\n\n\n\n<li>Retome express\u00f5es faciais, sil\u00eancio e mudan\u00e7as de atitude na narrativa.<\/li>\n\n\n\n<li>Alterne livros realistas com obras de fic\u00e7\u00e3o e fantasia.<\/li>\n\n\n\n<li>Deixe a crian\u00e7a discordar do narrador ou do protagonista.<\/li>\n<\/ul>\n\n\n\n<p>Estudos sobre leitura infantil mostram que a media\u00e7\u00e3o do adulto pesa bastante. Quando algu\u00e9m l\u00ea em voz alta, faz pausas e acolhe interpreta\u00e7\u00f5es, a crian\u00e7a usa linguagem, aten\u00e7\u00e3o e mem\u00f3ria narrativa para construir sentido. Esse processo alimenta tanto a compreens\u00e3o leitora quanto o desenvolvimento infantil ligado \u00e0 conviv\u00eancia.<\/p>\n\n\n\n<h2 class=\"wp-block-heading\">Fic\u00e7\u00e3o e fantasia ainda fazem diferen\u00e7a na era das telas?<\/h2>\n\n\n\n<p>Fazem, especialmente porque a leitura pede um tipo de elabora\u00e7\u00e3o interna que nem sempre acontece em conte\u00fados r\u00e1pidos e fragmentados. Na p\u00e1gina, a crian\u00e7a precisa imaginar cen\u00e1rio, ritmo, inten\u00e7\u00e3o e voz. Esse trabalho mental sustenta a leitura infantil como pr\u00e1tica valiosa para ampliar repert\u00f3rio simb\u00f3lico e sensibilidade social.<\/p>\n\n\n\n<p>Curiosamente, o fasc\u00ednio por monstros, magos, animais que falam e mundos paralelos pode ter um efeito muito concreto fora do livro. Ao circular por narrativas complexas, a crian\u00e7a aprende a reconhecer perspectivas, negociar sentidos e interpretar emo\u00e7\u00f5es com mais nuance. Em Curiosidades sobre comportamento e desenvolvimento infantil, poucos temas mostram t\u00e3o bem quanto fic\u00e7\u00e3o e fantasia podem influenciar a forma\u00e7\u00e3o da empatia cognitiva de forma t\u00e3o consistente.<\/p>\n","protected":false},"excerpt":{"rendered":"<p>Leitura infantil n\u00e3o mexe s\u00f3 com vocabul\u00e1rio e imagina\u00e7\u00e3o. Em rodas de leitura, livros ilustrados e narrativas de fic\u00e7\u00e3o e fantasia, a crian\u00e7a treina aten\u00e7\u00e3o, interpreta emo\u00e7\u00f5es e acompanha conflitos entre personagens. Esse percurso ajuda a explicar por que tantos estudos ligam o h\u00e1bito de ouvir e ler hist\u00f3rias ao fortalecimento da empatia cognitiva, uma [&hellip;]<\/p>\n","protected":false},"author":12,"featured_media":232362,"comment_status":"open","ping_status":"open","sticky":false,"template":"","format":"standard","meta":{"_yoast_wpseo_focuskw":"leitura infantil","_yoast_wpseo_title":"","_yoast_wpseo_metadesc":"Leitura infantil tem um efeito que poucos associam \u00e0s hist\u00f3rias de fic\u00e7\u00e3o e fantasia, e esse detalhe muda o debate sobre empatia cognitiva","jnews-multi-image_gallery":[],"jnews_single_post":{"format":"standard"},"jnews_primary_category":[],"jnews_social_meta":[],"jnews_override_counter":[],"footnotes":""},"categories":[112],"post_tag":[],"class_list":["post-232364","post","type-post","status-publish","format-standard","has-post-thumbnail","hentry","category-curiosidades"],"yoast_head":"<!-- This site is optimized with the Yoast SEO plugin v24.6 - https:\/\/yoast.com\/wordpress\/plugins\/seo\/ -->\n<title>Estudos mostram que crian\u00e7as que liam hist\u00f3rias de fic\u00e7\u00e3o e fantasia com frequ\u00eancia desenvolveram maior facilidade em exercitar o que hoje \u00e9 conhecido como empatia cognitiva - Correio Braziliense - Radar<\/title>\n<meta name=\"description\" content=\"Leitura infantil tem um efeito que poucos associam \u00e0s hist\u00f3rias de fic\u00e7\u00e3o e fantasia, e esse detalhe muda o debate sobre empatia cognitiva\" \/>\n<meta name=\"robots\" content=\"index, follow, max-snippet:-1, max-image-preview:large, max-video-preview:-1\" \/>\n<link rel=\"canonical\" href=\"https:\/\/www.correiobraziliense.com.br\/cbradar\/estudos-mostram-que-criancas-que-liam-historias-de-ficcao-e-fantasia-com-frequencia-desenvolveram-maior-facilidade-em-exercitar-o-que-hoje-e-conhecido-como-empatia-cognitiva\/\" \/>\n<meta property=\"og:locale\" content=\"pt_BR\" \/>\n<meta property=\"og:type\" content=\"article\" \/>\n<meta property=\"og:title\" content=\"Estudos mostram que crian\u00e7as que liam hist\u00f3rias de fic\u00e7\u00e3o e fantasia com frequ\u00eancia desenvolveram maior facilidade em exercitar o que hoje \u00e9 conhecido como empatia cognitiva - Correio Braziliense - Radar\" \/>\n<meta property=\"og:description\" content=\"Leitura infantil tem um efeito que poucos associam \u00e0s hist\u00f3rias de fic\u00e7\u00e3o e fantasia, e esse detalhe muda o debate sobre empatia cognitiva\" \/>\n<meta property=\"og:url\" content=\"https:\/\/www.correiobraziliense.com.br\/cbradar\/estudos-mostram-que-criancas-que-liam-historias-de-ficcao-e-fantasia-com-frequencia-desenvolveram-maior-facilidade-em-exercitar-o-que-hoje-e-conhecido-como-empatia-cognitiva\/\" \/>\n<meta property=\"og:site_name\" content=\"Correio Braziliense - Radar\" \/>\n<meta property=\"article:published_time\" content=\"2026-04-26T21:00:00+00:00\" \/>\n<meta property=\"og:image\" content=\"https:\/\/www.correiobraziliense.com.br\/cbradar\/wp-content\/uploads\/2026\/04\/estudos-mostram-que-criancas-que-liam-historias-de-ficcao-e-1-1.jpg\" \/>\n\t<meta property=\"og:image:width\" content=\"1280\" \/>\n\t<meta property=\"og:image:height\" content=\"720\" \/>\n\t<meta property=\"og:image:type\" content=\"image\/jpeg\" \/>\n<meta name=\"author\" content=\"Gabriel Leme\" \/>\n<meta name=\"twitter:card\" content=\"summary_large_image\" \/>\n<meta name=\"twitter:label1\" content=\"Escrito por\" \/>\n\t<meta name=\"twitter:data1\" content=\"Gabriel Leme\" \/>\n\t<meta name=\"twitter:label2\" content=\"Est. tempo de leitura\" \/>\n\t<meta name=\"twitter:data2\" content=\"6 minutos\" \/>\n<!-- \/ Yoast SEO plugin. -->","yoast_head_json":{"title":"Estudos mostram que crian\u00e7as que liam hist\u00f3rias de fic\u00e7\u00e3o e fantasia com frequ\u00eancia desenvolveram maior facilidade em exercitar o que hoje \u00e9 conhecido como empatia cognitiva - Correio Braziliense - Radar","description":"Leitura infantil tem um efeito que poucos associam \u00e0s hist\u00f3rias de fic\u00e7\u00e3o e fantasia, e esse detalhe muda o debate sobre empatia cognitiva","robots":{"index":"index","follow":"follow","max-snippet":"max-snippet:-1","max-image-preview":"max-image-preview:large","max-video-preview":"max-video-preview:-1"},"canonical":"https:\/\/www.correiobraziliense.com.br\/cbradar\/estudos-mostram-que-criancas-que-liam-historias-de-ficcao-e-fantasia-com-frequencia-desenvolveram-maior-facilidade-em-exercitar-o-que-hoje-e-conhecido-como-empatia-cognitiva\/","og_locale":"pt_BR","og_type":"article","og_title":"Estudos mostram que crian\u00e7as que liam hist\u00f3rias de fic\u00e7\u00e3o e fantasia com frequ\u00eancia desenvolveram maior facilidade em exercitar o que hoje \u00e9 conhecido como empatia cognitiva - Correio Braziliense - Radar","og_description":"Leitura infantil tem um efeito que poucos associam \u00e0s hist\u00f3rias de fic\u00e7\u00e3o e fantasia, e esse detalhe muda o debate sobre empatia cognitiva","og_url":"https:\/\/www.correiobraziliense.com.br\/cbradar\/estudos-mostram-que-criancas-que-liam-historias-de-ficcao-e-fantasia-com-frequencia-desenvolveram-maior-facilidade-em-exercitar-o-que-hoje-e-conhecido-como-empatia-cognitiva\/","og_site_name":"Correio Braziliense - Radar","article_published_time":"2026-04-26T21:00:00+00:00","og_image":[{"width":1280,"height":720,"url":"https:\/\/www.correiobraziliense.com.br\/cbradar\/wp-content\/uploads\/2026\/04\/estudos-mostram-que-criancas-que-liam-historias-de-ficcao-e-1-1.jpg","type":"image\/jpeg"}],"author":"Gabriel Leme","twitter_card":"summary_large_image","twitter_misc":{"Escrito por":"Gabriel Leme","Est. tempo de leitura":"6 minutos"},"schema":{"@context":"https:\/\/schema.org","@graph":[{"@type":"WebPage","@id":"https:\/\/www.correiobraziliense.com.br\/cbradar\/estudos-mostram-que-criancas-que-liam-historias-de-ficcao-e-fantasia-com-frequencia-desenvolveram-maior-facilidade-em-exercitar-o-que-hoje-e-conhecido-como-empatia-cognitiva\/","url":"https:\/\/www.correiobraziliense.com.br\/cbradar\/estudos-mostram-que-criancas-que-liam-historias-de-ficcao-e-fantasia-com-frequencia-desenvolveram-maior-facilidade-em-exercitar-o-que-hoje-e-conhecido-como-empatia-cognitiva\/","name":"Estudos mostram que crian\u00e7as que liam hist\u00f3rias de fic\u00e7\u00e3o e fantasia com frequ\u00eancia desenvolveram maior facilidade em exercitar o que hoje \u00e9 conhecido como empatia cognitiva - Correio Braziliense - Radar","isPartOf":{"@id":"https:\/\/www.correiobraziliense.com.br\/cbradar\/#website"},"primaryImageOfPage":{"@id":"https:\/\/www.correiobraziliense.com.br\/cbradar\/estudos-mostram-que-criancas-que-liam-historias-de-ficcao-e-fantasia-com-frequencia-desenvolveram-maior-facilidade-em-exercitar-o-que-hoje-e-conhecido-como-empatia-cognitiva\/#primaryimage"},"image":{"@id":"https:\/\/www.correiobraziliense.com.br\/cbradar\/estudos-mostram-que-criancas-que-liam-historias-de-ficcao-e-fantasia-com-frequencia-desenvolveram-maior-facilidade-em-exercitar-o-que-hoje-e-conhecido-como-empatia-cognitiva\/#primaryimage"},"thumbnailUrl":"https:\/\/www.correiobraziliense.com.br\/cbradar\/wp-content\/uploads\/2026\/04\/estudos-mostram-que-criancas-que-liam-historias-de-ficcao-e-1-1.jpg","datePublished":"2026-04-26T21:00:00+00:00","author":{"@id":"https:\/\/www.correiobraziliense.com.br\/cbradar\/#\/schema\/person\/67a081d63a0fe55fb267145a7be2f7c1"},"description":"Leitura infantil tem um efeito que poucos associam \u00e0s hist\u00f3rias de fic\u00e7\u00e3o e fantasia, e esse detalhe muda o debate sobre empatia cognitiva","breadcrumb":{"@id":"https:\/\/www.correiobraziliense.com.br\/cbradar\/estudos-mostram-que-criancas-que-liam-historias-de-ficcao-e-fantasia-com-frequencia-desenvolveram-maior-facilidade-em-exercitar-o-que-hoje-e-conhecido-como-empatia-cognitiva\/#breadcrumb"},"inLanguage":"pt-BR","potentialAction":[{"@type":"ReadAction","target":["https:\/\/www.correiobraziliense.com.br\/cbradar\/estudos-mostram-que-criancas-que-liam-historias-de-ficcao-e-fantasia-com-frequencia-desenvolveram-maior-facilidade-em-exercitar-o-que-hoje-e-conhecido-como-empatia-cognitiva\/"]}]},{"@type":"ImageObject","inLanguage":"pt-BR","@id":"https:\/\/www.correiobraziliense.com.br\/cbradar\/estudos-mostram-que-criancas-que-liam-historias-de-ficcao-e-fantasia-com-frequencia-desenvolveram-maior-facilidade-em-exercitar-o-que-hoje-e-conhecido-como-empatia-cognitiva\/#primaryimage","url":"https:\/\/www.correiobraziliense.com.br\/cbradar\/wp-content\/uploads\/2026\/04\/estudos-mostram-que-criancas-que-liam-historias-de-ficcao-e-1-1.jpg","contentUrl":"https:\/\/www.correiobraziliense.com.br\/cbradar\/wp-content\/uploads\/2026\/04\/estudos-mostram-que-criancas-que-liam-historias-de-ficcao-e-1-1.jpg","width":1280,"height":720,"caption":"Leitura infantil em casa fortalece v\u00ednculo, imagina\u00e7\u00e3o e empatia cognitiva."},{"@type":"BreadcrumbList","@id":"https:\/\/www.correiobraziliense.com.br\/cbradar\/estudos-mostram-que-criancas-que-liam-historias-de-ficcao-e-fantasia-com-frequencia-desenvolveram-maior-facilidade-em-exercitar-o-que-hoje-e-conhecido-como-empatia-cognitiva\/#breadcrumb","itemListElement":[{"@type":"ListItem","position":1,"name":"In\u00edcio","item":"https:\/\/www.correiobraziliense.com.br\/cbradar\/"},{"@type":"ListItem","position":2,"name":"Estudos mostram que crian\u00e7as que liam hist\u00f3rias de fic\u00e7\u00e3o e fantasia com frequ\u00eancia desenvolveram maior facilidade em exercitar o que hoje \u00e9 conhecido como empatia cognitiva"}]},{"@type":"WebSite","@id":"https:\/\/www.correiobraziliense.com.br\/cbradar\/#website","url":"https:\/\/www.correiobraziliense.com.br\/cbradar\/","name":"Correio Braziliense - Radar","description":"Acompanhe as \u00faltimas not\u00edcias e fique bem informado sobre tudo o que acontece no Brasil e no mundo.","potentialAction":[{"@type":"SearchAction","target":{"@type":"EntryPoint","urlTemplate":"https:\/\/www.correiobraziliense.com.br\/cbradar\/?s={search_term_string}"},"query-input":{"@type":"PropertyValueSpecification","valueRequired":true,"valueName":"search_term_string"}}],"inLanguage":"pt-BR"},{"@type":"Person","@id":"https:\/\/www.correiobraziliense.com.br\/cbradar\/#\/schema\/person\/67a081d63a0fe55fb267145a7be2f7c1","name":"Gabriel Leme","image":{"@type":"ImageObject","inLanguage":"pt-BR","@id":"https:\/\/www.correiobraziliense.com.br\/cbradar\/#\/schema\/person\/image\/","url":"https:\/\/secure.gravatar.com\/avatar\/85bf2e3517d27149969b72412b460c20?s=96&d=mm&r=g","contentUrl":"https:\/\/secure.gravatar.com\/avatar\/85bf2e3517d27149969b72412b460c20?s=96&d=mm&r=g","caption":"Gabriel Leme"},"sameAs":["https:\/\/www.correiobraziliense.com.br\/"],"url":"https:\/\/www.correiobraziliense.com.br\/cbradar\/author\/gabrielmyth\/"}]}},"_links":{"self":[{"href":"https:\/\/www.correiobraziliense.com.br\/cbradar\/wp-json\/wp\/v2\/posts\/232364","targetHints":{"allow":["GET"]}}],"collection":[{"href":"https:\/\/www.correiobraziliense.com.br\/cbradar\/wp-json\/wp\/v2\/posts"}],"about":[{"href":"https:\/\/www.correiobraziliense.com.br\/cbradar\/wp-json\/wp\/v2\/types\/post"}],"author":[{"embeddable":true,"href":"https:\/\/www.correiobraziliense.com.br\/cbradar\/wp-json\/wp\/v2\/users\/12"}],"replies":[{"embeddable":true,"href":"https:\/\/www.correiobraziliense.com.br\/cbradar\/wp-json\/wp\/v2\/comments?post=232364"}],"version-history":[{"count":3,"href":"https:\/\/www.correiobraziliense.com.br\/cbradar\/wp-json\/wp\/v2\/posts\/232364\/revisions"}],"predecessor-version":[{"id":232527,"href":"https:\/\/www.correiobraziliense.com.br\/cbradar\/wp-json\/wp\/v2\/posts\/232364\/revisions\/232527"}],"wp:featuredmedia":[{"embeddable":true,"href":"https:\/\/www.correiobraziliense.com.br\/cbradar\/wp-json\/wp\/v2\/media\/232362"}],"wp:attachment":[{"href":"https:\/\/www.correiobraziliense.com.br\/cbradar\/wp-json\/wp\/v2\/media?parent=232364"}],"wp:term":[{"taxonomy":"category","embeddable":true,"href":"https:\/\/www.correiobraziliense.com.br\/cbradar\/wp-json\/wp\/v2\/categories?post=232364"},{"taxonomy":"post_tag","embeddable":true,"href":"https:\/\/www.correiobraziliense.com.br\/cbradar\/wp-json\/wp\/v2\/post_tag?post=232364"}],"curies":[{"name":"wp","href":"https:\/\/api.w.org\/{rel}","templated":true}]}}