{"id":232370,"date":"2026-04-26T19:00:00","date_gmt":"2026-04-26T22:00:00","guid":{"rendered":"https:\/\/www.correiobraziliense.com.br\/cbradar\/?p=232370"},"modified":"2026-04-26T07:34:50","modified_gmt":"2026-04-26T10:34:50","slug":"a-psicologia-diz-que-a-procrastinacao-cronica-em-tarefas-importantes-nao-e-preguica-mas-uma-falha-na-regulacao-emocional-profundamente-ligada-ao-perfeccionismo-e-ao-medo-de-falhar","status":"publish","type":"post","link":"https:\/\/www.correiobraziliense.com.br\/cbradar\/a-psicologia-diz-que-a-procrastinacao-cronica-em-tarefas-importantes-nao-e-preguica-mas-uma-falha-na-regulacao-emocional-profundamente-ligada-ao-perfeccionismo-e-ao-medo-de-falhar\/","title":{"rendered":"A psicologia diz que a procrastina\u00e7\u00e3o cr\u00f4nica em tarefas importantes n\u00e3o \u00e9 pregui\u00e7a, mas uma falha na regula\u00e7\u00e3o emocional profundamente ligada ao perfeccionismo e ao medo de falhar"},"content":{"rendered":"\n<p><strong>Psicologia<\/strong> e comportamento t\u00eam tratado a procrastina\u00e7\u00e3o cr\u00f4nica como um problema de adiamento, autocontrole e desconforto interno, n\u00e3o como simples falta de vontade. Quando tarefas importantes ativam ansiedade, cobran\u00e7a e expectativa de desempenho, a regula\u00e7\u00e3o emocional falha, e o c\u00e9rebro passa a buscar al\u00edvio r\u00e1pido. \u00c9 nesse ponto que perfeccionismo e medo de falhar entram no centro da hist\u00f3ria.<\/p>\n\n\n\n<h2 class=\"wp-block-heading\">Por que adiar o que mais importa causa tanto al\u00edvio imediato?<\/h2>\n\n\n\n<p>A procrastina\u00e7\u00e3o cr\u00f4nica costuma nascer de uma troca silenciosa. A tarefa relevante continua ali, mas a pessoa foge da tens\u00e3o que ela provoca. Responder um e-mail decisivo, come\u00e7ar um relat\u00f3rio ou estudar para uma prova pode acionar vergonha antecipada, d\u00favida e sensa\u00e7\u00e3o de incapacidade.<\/p>\n\n\n\n<p>Esse al\u00edvio imediato engana. A tens\u00e3o diminui por alguns minutos, s\u00f3 que volta maior depois, acompanhada de culpa, estresse e perda de prazo. A <strong>regula\u00e7\u00e3o emocional<\/strong> entra como pe\u00e7a central porque o adiamento funciona, na pr\u00e1tica, como uma tentativa de escapar de emo\u00e7\u00f5es desagrad\u00e1veis.<\/p>\n\n\n\n<h2 class=\"wp-block-heading\">O perfeccionismo sempre leva ao atraso?<\/h2>\n\n\n\n<p>Nem todo perfeccionismo produz paralisia, mas um padr\u00e3o r\u00edgido aumenta muito esse risco. Quando a meta interna \u00e9 fazer algo impec\u00e1vel, qualquer come\u00e7o parece insuficiente. A tarefa deixa de ser apenas uma entrega e vira um teste de valor pessoal.<\/p>\n\n\n\n<p>Nesse cen\u00e1rio, alguns sinais aparecem com frequ\u00eancia:<\/p>\n\n\n\n<ul class=\"wp-block-list\">\n<li>revis\u00e3o excessiva antes mesmo de existir um rascunho<\/li>\n\n\n\n<li>dificuldade de iniciar tarefas sem garantia de resultado excelente<\/li>\n\n\n\n<li>medo intenso de cometer erros vis\u00edveis<\/li>\n\n\n\n<li>troca de prioridades por atividades menores e mais seguras<\/li>\n<\/ul>\n\n\n\n<figure class=\"wp-block-image\"><img decoding=\"async\" width=\"1280\" height=\"720\" src=\"https:\/\/www.correiobraziliense.com.br\/cbradar\/wp-content\/uploads\/2026\/04\/a-psicologia-diz-que-a-procrastinacao-cronica-em-tarefa-corpo-1-1.jpg\" alt=\"Quebrar tarefas em etapas menores ajuda a reduzir o bloqueio emocional.\" class=\"wp-image-232529\" srcset=\"https:\/\/www.correiobraziliense.com.br\/cbradar\/wp-content\/uploads\/2026\/04\/a-psicologia-diz-que-a-procrastinacao-cronica-em-tarefa-corpo-1-1.jpg 1280w, https:\/\/www.correiobraziliense.com.br\/cbradar\/wp-content\/uploads\/2026\/04\/a-psicologia-diz-que-a-procrastinacao-cronica-em-tarefa-corpo-1-1-300x169.jpg 300w, https:\/\/www.correiobraziliense.com.br\/cbradar\/wp-content\/uploads\/2026\/04\/a-psicologia-diz-que-a-procrastinacao-cronica-em-tarefa-corpo-1-1-768x432.jpg 768w, https:\/\/www.correiobraziliense.com.br\/cbradar\/wp-content\/uploads\/2026\/04\/a-psicologia-diz-que-a-procrastinacao-cronica-em-tarefa-corpo-1-1-750x422.jpg 750w, https:\/\/www.correiobraziliense.com.br\/cbradar\/wp-content\/uploads\/2026\/04\/a-psicologia-diz-que-a-procrastinacao-cronica-em-tarefa-corpo-1-1-1140x641.jpg 1140w\" sizes=\"(max-width: 1280px) 100vw, 1280px\" \/><figcaption class=\"wp-element-caption\">Quebrar tarefas em etapas menores ajuda a reduzir o bloqueio emocional.<\/figcaption><\/figure>\n\n\n\n<h2 class=\"wp-block-heading\">O que o medo de falhar faz com decis\u00f5es simples do dia?<\/h2>\n\n\n\n<p>O <strong>medo de falhar<\/strong> amplia o peso emocional de tarefas comuns. Um projeto vira julgamento. Uma apresenta\u00e7\u00e3o vira amea\u00e7a. Uma conversa dif\u00edcil vira possibilidade de rejei\u00e7\u00e3o. A pessoa n\u00e3o adia porque acha a tarefa sem import\u00e2ncia, ela adia porque a import\u00e2ncia ficou emocionalmente cara demais.<\/p>\n\n\n\n<p>Isso ajuda a explicar por que gente competente tamb\u00e9m empaca. Quanto mais a identidade fica misturada ao desempenho, maior a chance de congelamento. A procrastina\u00e7\u00e3o cr\u00f4nica aparece, ent\u00e3o, como prote\u00e7\u00e3o ruim, porque reduz a ang\u00fastia do agora, mas piora a vida pr\u00e1tica, o foco e a autoestima.<\/p>\n\n\n\n<h2 class=\"wp-block-heading\">O que a pesquisa cient\u00edfica encontrou sobre regula\u00e7\u00e3o emocional?<\/h2>\n\n\n\n<p>Essa leitura n\u00e3o ficou s\u00f3 na observa\u00e7\u00e3o cl\u00ednica. Segundo o ensaio cl\u00ednico randomizado <strong>&#8220;I&#8217;ll Worry About It Tomorrow&#8221;<\/strong>, publicado no peri\u00f3dico <strong>Frontiers in Psychology<\/strong>, fortalecer habilidades adaptativas de regula\u00e7\u00e3o emocional reduziu a procrastina\u00e7\u00e3o em estudantes universit\u00e1rios ap\u00f3s uma interven\u00e7\u00e3o online de nove semanas. O trabalho refor\u00e7a a ideia de que adiar tarefas importantes pode funcionar como manejo emocional disfuncional, e n\u00e3o como pregui\u00e7a pura. O estudo pode ser consultado em <a href=\"https:\/\/pubmed.ncbi.nlm.nih.gov\/35391959\/\" target=\"_blank\" rel=\"noopener noreferrer\">registro do estudo no PubMed com refer\u00eancia ao artigo original<\/a>.<\/p>\n\n\n\n<p>Outro ponto relevante aparece quando perfeccionismo e vergonha entram na equa\u00e7\u00e3o. Segundo o estudo \u201cPerfectionism, fear of failure, and affective responses to success and failure\u201d, publicado no peri\u00f3dico J Sport &amp; Exercise Psychology, o medo de experimentar vergonha e embara\u00e7o ocupa papel central na liga\u00e7\u00e3o entre perfeccionismo e resposta emocional negativa ap\u00f3s falhas. Mesmo em contexto esportivo, a l\u00f3gica psicol\u00f3gica ajuda a entender por que tanta gente trava diante de tarefas em que sente que ser\u00e1 avaliada.<\/p>\n\n\n\n<h2 class=\"wp-block-heading\">Como perceber que o problema \u00e9 emocional e n\u00e3o pregui\u00e7a?<\/h2>\n\n\n\n<p>Alguns padr\u00f5es diferenciam bem uma coisa da outra. Na pregui\u00e7a ocasional, a pessoa at\u00e9 prefere descansar, mas n\u00e3o entra em espiral de culpa e tens\u00e3o por dias. Na procrastina\u00e7\u00e3o cr\u00f4nica, existe desejo real de fazer, junto de bloqueio, autocobran\u00e7a e desgaste mental antes mesmo da a\u00e7\u00e3o.<\/p>\n\n\n\n<p>Vale observar sinais recorrentes:<\/p>\n\n\n\n<ul class=\"wp-block-list\">\n<li>pensar na tarefa v\u00e1rias vezes e ainda assim n\u00e3o come\u00e7ar<\/li>\n\n\n\n<li>sentir ansiedade antes de abrir arquivos, mensagens ou planilhas<\/li>\n\n\n\n<li>esperar o momento perfeito para iniciar<\/li>\n\n\n\n<li>ligar erro a fracasso pessoal, n\u00e3o a aprendizado<\/li>\n\n\n\n<li>alternar culpa, pressa e exaust\u00e3o perto do prazo<\/li>\n<\/ul>\n\n\n\n<h2 class=\"wp-block-heading\">O que costuma funcionar melhor na pr\u00e1tica?<\/h2>\n\n\n\n<p>Quando a origem passa por perfeccionismo, avalia\u00e7\u00e3o e desconforto emocional, a sa\u00edda raramente est\u00e1 em frases motivacionais. Funciona melhor reduzir a carga afetiva da tarefa, quebrar entregas em etapas vis\u00edveis e trocar o ideal de desempenho por crit\u00e9rios concretos de execu\u00e7\u00e3o. Come\u00e7ar mal, mas come\u00e7ar, costuma ser psicologicamente mais \u00fatil do que esperar confian\u00e7a total.<\/p>\n\n\n\n<p>A psicologia tamb\u00e9m trabalha com toler\u00e2ncia ao erro, autopercep\u00e7\u00e3o menos punitiva e revis\u00e3o de cren\u00e7as r\u00edgidas sobre compet\u00eancia. Em vez de perguntar se a pessoa \u00e9 disciplinada por natureza, faz mais sentido investigar como ela reage a frustra\u00e7\u00e3o, cr\u00edtica, prazo e exposi\u00e7\u00e3o. Esse olhar torna a procrastina\u00e7\u00e3o cr\u00f4nica menos moralizada e muito mais precisa dentro do campo das curiosidades sobre comportamento humano.<\/p>\n","protected":false},"excerpt":{"rendered":"<p>Psicologia e comportamento t\u00eam tratado a procrastina\u00e7\u00e3o cr\u00f4nica como um problema de adiamento, autocontrole e desconforto interno, n\u00e3o como simples falta de vontade. Quando tarefas importantes ativam ansiedade, cobran\u00e7a e expectativa de desempenho, a regula\u00e7\u00e3o emocional falha, e o c\u00e9rebro passa a buscar al\u00edvio r\u00e1pido. \u00c9 nesse ponto que perfeccionismo e medo de falhar entram [&hellip;]<\/p>\n","protected":false},"author":12,"featured_media":232368,"comment_status":"open","ping_status":"open","sticky":false,"template":"","format":"standard","meta":{"_yoast_wpseo_focuskw":"psicologia","_yoast_wpseo_title":"","_yoast_wpseo_metadesc":"A psicologia trata a procrastina\u00e7\u00e3o cr\u00f4nica de um jeito pouco intuitivo, e um detalhe sobre perfeccionismo muda toda a leitura do problema","jnews-multi-image_gallery":[],"jnews_single_post":{"format":"standard"},"jnews_primary_category":[],"jnews_social_meta":[],"jnews_override_counter":[],"footnotes":""},"categories":[112],"post_tag":[],"class_list":["post-232370","post","type-post","status-publish","format-standard","has-post-thumbnail","hentry","category-curiosidades"],"yoast_head":"<!-- This site is optimized with the Yoast SEO plugin v24.6 - https:\/\/yoast.com\/wordpress\/plugins\/seo\/ -->\n<title>A psicologia diz que a procrastina\u00e7\u00e3o cr\u00f4nica em tarefas importantes n\u00e3o \u00e9 pregui\u00e7a, mas uma falha na regula\u00e7\u00e3o emocional profundamente ligada ao perfeccionismo e ao medo de falhar - Correio Braziliense - Radar<\/title>\n<meta name=\"description\" content=\"A psicologia trata a procrastina\u00e7\u00e3o cr\u00f4nica de um jeito pouco intuitivo, e um detalhe sobre perfeccionismo muda toda a leitura do problema\" \/>\n<meta name=\"robots\" content=\"index, follow, max-snippet:-1, max-image-preview:large, max-video-preview:-1\" \/>\n<link rel=\"canonical\" href=\"https:\/\/www.correiobraziliense.com.br\/cbradar\/a-psicologia-diz-que-a-procrastinacao-cronica-em-tarefas-importantes-nao-e-preguica-mas-uma-falha-na-regulacao-emocional-profundamente-ligada-ao-perfeccionismo-e-ao-medo-de-falhar\/\" \/>\n<meta property=\"og:locale\" content=\"pt_BR\" \/>\n<meta property=\"og:type\" content=\"article\" \/>\n<meta property=\"og:title\" content=\"A psicologia diz que a procrastina\u00e7\u00e3o cr\u00f4nica em tarefas importantes n\u00e3o \u00e9 pregui\u00e7a, mas uma falha na regula\u00e7\u00e3o emocional profundamente ligada ao perfeccionismo e ao medo de falhar - Correio Braziliense - Radar\" \/>\n<meta property=\"og:description\" content=\"A psicologia trata a procrastina\u00e7\u00e3o cr\u00f4nica de um jeito pouco intuitivo, e um detalhe sobre perfeccionismo muda toda a leitura do problema\" \/>\n<meta property=\"og:url\" content=\"https:\/\/www.correiobraziliense.com.br\/cbradar\/a-psicologia-diz-que-a-procrastinacao-cronica-em-tarefas-importantes-nao-e-preguica-mas-uma-falha-na-regulacao-emocional-profundamente-ligada-ao-perfeccionismo-e-ao-medo-de-falhar\/\" \/>\n<meta property=\"og:site_name\" content=\"Correio Braziliense - Radar\" \/>\n<meta property=\"article:published_time\" content=\"2026-04-26T22:00:00+00:00\" \/>\n<meta property=\"og:image\" content=\"https:\/\/www.correiobraziliense.com.br\/cbradar\/wp-content\/uploads\/2026\/04\/a-psicologia-diz-que-a-procrastinacao-cronica-em-tarefas-imp-1.jpg\" \/>\n\t<meta property=\"og:image:width\" content=\"1280\" \/>\n\t<meta property=\"og:image:height\" content=\"720\" \/>\n\t<meta property=\"og:image:type\" content=\"image\/jpeg\" \/>\n<meta name=\"author\" content=\"Gabriel Leme\" \/>\n<meta name=\"twitter:card\" content=\"summary_large_image\" \/>\n<meta name=\"twitter:label1\" content=\"Escrito por\" \/>\n\t<meta name=\"twitter:data1\" content=\"Gabriel Leme\" \/>\n\t<meta name=\"twitter:label2\" content=\"Est. tempo de leitura\" \/>\n\t<meta name=\"twitter:data2\" content=\"5 minutos\" \/>\n<!-- \/ Yoast SEO plugin. -->","yoast_head_json":{"title":"A psicologia diz que a procrastina\u00e7\u00e3o cr\u00f4nica em tarefas importantes n\u00e3o \u00e9 pregui\u00e7a, mas uma falha na regula\u00e7\u00e3o emocional profundamente ligada ao perfeccionismo e ao medo de falhar - Correio Braziliense - Radar","description":"A psicologia trata a procrastina\u00e7\u00e3o cr\u00f4nica de um jeito pouco intuitivo, e um detalhe sobre perfeccionismo muda toda a leitura do problema","robots":{"index":"index","follow":"follow","max-snippet":"max-snippet:-1","max-image-preview":"max-image-preview:large","max-video-preview":"max-video-preview:-1"},"canonical":"https:\/\/www.correiobraziliense.com.br\/cbradar\/a-psicologia-diz-que-a-procrastinacao-cronica-em-tarefas-importantes-nao-e-preguica-mas-uma-falha-na-regulacao-emocional-profundamente-ligada-ao-perfeccionismo-e-ao-medo-de-falhar\/","og_locale":"pt_BR","og_type":"article","og_title":"A psicologia diz que a procrastina\u00e7\u00e3o cr\u00f4nica em tarefas importantes n\u00e3o \u00e9 pregui\u00e7a, mas uma falha na regula\u00e7\u00e3o emocional profundamente ligada ao perfeccionismo e ao medo de falhar - Correio Braziliense - Radar","og_description":"A psicologia trata a procrastina\u00e7\u00e3o cr\u00f4nica de um jeito pouco intuitivo, e um detalhe sobre perfeccionismo muda toda a leitura do problema","og_url":"https:\/\/www.correiobraziliense.com.br\/cbradar\/a-psicologia-diz-que-a-procrastinacao-cronica-em-tarefas-importantes-nao-e-preguica-mas-uma-falha-na-regulacao-emocional-profundamente-ligada-ao-perfeccionismo-e-ao-medo-de-falhar\/","og_site_name":"Correio Braziliense - Radar","article_published_time":"2026-04-26T22:00:00+00:00","og_image":[{"width":1280,"height":720,"url":"https:\/\/www.correiobraziliense.com.br\/cbradar\/wp-content\/uploads\/2026\/04\/a-psicologia-diz-que-a-procrastinacao-cronica-em-tarefas-imp-1.jpg","type":"image\/jpeg"}],"author":"Gabriel Leme","twitter_card":"summary_large_image","twitter_misc":{"Escrito por":"Gabriel Leme","Est. tempo de leitura":"5 minutos"},"schema":{"@context":"https:\/\/schema.org","@graph":[{"@type":"WebPage","@id":"https:\/\/www.correiobraziliense.com.br\/cbradar\/a-psicologia-diz-que-a-procrastinacao-cronica-em-tarefas-importantes-nao-e-preguica-mas-uma-falha-na-regulacao-emocional-profundamente-ligada-ao-perfeccionismo-e-ao-medo-de-falhar\/","url":"https:\/\/www.correiobraziliense.com.br\/cbradar\/a-psicologia-diz-que-a-procrastinacao-cronica-em-tarefas-importantes-nao-e-preguica-mas-uma-falha-na-regulacao-emocional-profundamente-ligada-ao-perfeccionismo-e-ao-medo-de-falhar\/","name":"A psicologia diz que a procrastina\u00e7\u00e3o cr\u00f4nica em tarefas importantes n\u00e3o \u00e9 pregui\u00e7a, mas uma falha na regula\u00e7\u00e3o emocional profundamente ligada ao perfeccionismo e ao medo de falhar - Correio Braziliense - Radar","isPartOf":{"@id":"https:\/\/www.correiobraziliense.com.br\/cbradar\/#website"},"primaryImageOfPage":{"@id":"https:\/\/www.correiobraziliense.com.br\/cbradar\/a-psicologia-diz-que-a-procrastinacao-cronica-em-tarefas-importantes-nao-e-preguica-mas-uma-falha-na-regulacao-emocional-profundamente-ligada-ao-perfeccionismo-e-ao-medo-de-falhar\/#primaryimage"},"image":{"@id":"https:\/\/www.correiobraziliense.com.br\/cbradar\/a-psicologia-diz-que-a-procrastinacao-cronica-em-tarefas-importantes-nao-e-preguica-mas-uma-falha-na-regulacao-emocional-profundamente-ligada-ao-perfeccionismo-e-ao-medo-de-falhar\/#primaryimage"},"thumbnailUrl":"https:\/\/www.correiobraziliense.com.br\/cbradar\/wp-content\/uploads\/2026\/04\/a-psicologia-diz-que-a-procrastinacao-cronica-em-tarefas-imp-1.jpg","datePublished":"2026-04-26T22:00:00+00:00","author":{"@id":"https:\/\/www.correiobraziliense.com.br\/cbradar\/#\/schema\/person\/67a081d63a0fe55fb267145a7be2f7c1"},"description":"A psicologia trata a procrastina\u00e7\u00e3o cr\u00f4nica de um jeito pouco intuitivo, e um detalhe sobre perfeccionismo muda toda a leitura do problema","breadcrumb":{"@id":"https:\/\/www.correiobraziliense.com.br\/cbradar\/a-psicologia-diz-que-a-procrastinacao-cronica-em-tarefas-importantes-nao-e-preguica-mas-uma-falha-na-regulacao-emocional-profundamente-ligada-ao-perfeccionismo-e-ao-medo-de-falhar\/#breadcrumb"},"inLanguage":"pt-BR","potentialAction":[{"@type":"ReadAction","target":["https:\/\/www.correiobraziliense.com.br\/cbradar\/a-psicologia-diz-que-a-procrastinacao-cronica-em-tarefas-importantes-nao-e-preguica-mas-uma-falha-na-regulacao-emocional-profundamente-ligada-ao-perfeccionismo-e-ao-medo-de-falhar\/"]}]},{"@type":"ImageObject","inLanguage":"pt-BR","@id":"https:\/\/www.correiobraziliense.com.br\/cbradar\/a-psicologia-diz-que-a-procrastinacao-cronica-em-tarefas-importantes-nao-e-preguica-mas-uma-falha-na-regulacao-emocional-profundamente-ligada-ao-perfeccionismo-e-ao-medo-de-falhar\/#primaryimage","url":"https:\/\/www.correiobraziliense.com.br\/cbradar\/wp-content\/uploads\/2026\/04\/a-psicologia-diz-que-a-procrastinacao-cronica-em-tarefas-imp-1.jpg","contentUrl":"https:\/\/www.correiobraziliense.com.br\/cbradar\/wp-content\/uploads\/2026\/04\/a-psicologia-diz-que-a-procrastinacao-cronica-em-tarefas-imp-1.jpg","width":1280,"height":720,"caption":"Procrastina\u00e7\u00e3o cr\u00f4nica pode surgir da ansiedade, autocobran\u00e7a e medo de falhar."},{"@type":"BreadcrumbList","@id":"https:\/\/www.correiobraziliense.com.br\/cbradar\/a-psicologia-diz-que-a-procrastinacao-cronica-em-tarefas-importantes-nao-e-preguica-mas-uma-falha-na-regulacao-emocional-profundamente-ligada-ao-perfeccionismo-e-ao-medo-de-falhar\/#breadcrumb","itemListElement":[{"@type":"ListItem","position":1,"name":"In\u00edcio","item":"https:\/\/www.correiobraziliense.com.br\/cbradar\/"},{"@type":"ListItem","position":2,"name":"A psicologia diz que a procrastina\u00e7\u00e3o cr\u00f4nica em tarefas importantes n\u00e3o \u00e9 pregui\u00e7a, mas uma falha na regula\u00e7\u00e3o emocional profundamente ligada ao perfeccionismo e ao medo de falhar"}]},{"@type":"WebSite","@id":"https:\/\/www.correiobraziliense.com.br\/cbradar\/#website","url":"https:\/\/www.correiobraziliense.com.br\/cbradar\/","name":"Correio Braziliense - Radar","description":"Acompanhe as \u00faltimas not\u00edcias e fique bem informado sobre tudo o que acontece no Brasil e no mundo.","potentialAction":[{"@type":"SearchAction","target":{"@type":"EntryPoint","urlTemplate":"https:\/\/www.correiobraziliense.com.br\/cbradar\/?s={search_term_string}"},"query-input":{"@type":"PropertyValueSpecification","valueRequired":true,"valueName":"search_term_string"}}],"inLanguage":"pt-BR"},{"@type":"Person","@id":"https:\/\/www.correiobraziliense.com.br\/cbradar\/#\/schema\/person\/67a081d63a0fe55fb267145a7be2f7c1","name":"Gabriel Leme","image":{"@type":"ImageObject","inLanguage":"pt-BR","@id":"https:\/\/www.correiobraziliense.com.br\/cbradar\/#\/schema\/person\/image\/","url":"https:\/\/secure.gravatar.com\/avatar\/85bf2e3517d27149969b72412b460c20?s=96&d=mm&r=g","contentUrl":"https:\/\/secure.gravatar.com\/avatar\/85bf2e3517d27149969b72412b460c20?s=96&d=mm&r=g","caption":"Gabriel Leme"},"sameAs":["https:\/\/www.correiobraziliense.com.br\/"],"url":"https:\/\/www.correiobraziliense.com.br\/cbradar\/author\/gabrielmyth\/"}]}},"_links":{"self":[{"href":"https:\/\/www.correiobraziliense.com.br\/cbradar\/wp-json\/wp\/v2\/posts\/232370","targetHints":{"allow":["GET"]}}],"collection":[{"href":"https:\/\/www.correiobraziliense.com.br\/cbradar\/wp-json\/wp\/v2\/posts"}],"about":[{"href":"https:\/\/www.correiobraziliense.com.br\/cbradar\/wp-json\/wp\/v2\/types\/post"}],"author":[{"embeddable":true,"href":"https:\/\/www.correiobraziliense.com.br\/cbradar\/wp-json\/wp\/v2\/users\/12"}],"replies":[{"embeddable":true,"href":"https:\/\/www.correiobraziliense.com.br\/cbradar\/wp-json\/wp\/v2\/comments?post=232370"}],"version-history":[{"count":2,"href":"https:\/\/www.correiobraziliense.com.br\/cbradar\/wp-json\/wp\/v2\/posts\/232370\/revisions"}],"predecessor-version":[{"id":232530,"href":"https:\/\/www.correiobraziliense.com.br\/cbradar\/wp-json\/wp\/v2\/posts\/232370\/revisions\/232530"}],"wp:featuredmedia":[{"embeddable":true,"href":"https:\/\/www.correiobraziliense.com.br\/cbradar\/wp-json\/wp\/v2\/media\/232368"}],"wp:attachment":[{"href":"https:\/\/www.correiobraziliense.com.br\/cbradar\/wp-json\/wp\/v2\/media?parent=232370"}],"wp:term":[{"taxonomy":"category","embeddable":true,"href":"https:\/\/www.correiobraziliense.com.br\/cbradar\/wp-json\/wp\/v2\/categories?post=232370"},{"taxonomy":"post_tag","embeddable":true,"href":"https:\/\/www.correiobraziliense.com.br\/cbradar\/wp-json\/wp\/v2\/post_tag?post=232370"}],"curies":[{"name":"wp","href":"https:\/\/api.w.org\/{rel}","templated":true}]}}