{"id":232376,"date":"2026-04-26T08:25:00","date_gmt":"2026-04-26T11:25:00","guid":{"rendered":"https:\/\/www.correiobraziliense.com.br\/cbradar\/?p=232376"},"modified":"2026-04-26T07:35:59","modified_gmt":"2026-04-26T10:35:59","slug":"estudos-mostram-que-criancas-que-caminhavam-sozinhas-para-a-escola-ou-para-a-rua-com-frequencia-estavam-construindo-o-que-hoje-e-conhecido-como-autoconfianca-espacial-e-independencia","status":"publish","type":"post","link":"https:\/\/www.correiobraziliense.com.br\/cbradar\/estudos-mostram-que-criancas-que-caminhavam-sozinhas-para-a-escola-ou-para-a-rua-com-frequencia-estavam-construindo-o-que-hoje-e-conhecido-como-autoconfianca-espacial-e-independencia\/","title":{"rendered":"Estudos mostram que crian\u00e7as que caminhavam sozinhas para a escola ou para a rua com frequ\u00eancia estavam construindo o que hoje \u00e9 conhecido como autoconfian\u00e7a espacial e independ\u00eancia"},"content":{"rendered":"\n<p><strong>Caminhada infantil<\/strong> n\u00e3o era s\u00f3 um h\u00e1bito de rotina em muitas cidades. Ao circular sem adulto por trechos conhecidos, crian\u00e7as treinavam no\u00e7\u00f5es de percurso, leitura do bairro, percep\u00e7\u00e3o de risco e tomada de decis\u00e3o, habilidades ligadas ao <strong>desenvolvimento infantil<\/strong> e ao que hoje se descreve como autoconfian\u00e7a espacial.<\/p>\n\n\n\n<h2 class=\"wp-block-heading\">Por que andar sozinho fazia tanta diferen\u00e7a?<\/h2>\n\n\n\n<p>A caminhada infantil criava contato direto com cal\u00e7ada, esquina, faixa de pedestre, ponto de refer\u00eancia e fluxo da rua. Esse repert\u00f3rio cotidiano ajudava a crian\u00e7a a memorizar caminhos, comparar dist\u00e2ncias e ajustar escolhas sem depender o tempo todo de instru\u00e7\u00f5es prontas, algo muito pr\u00f3ximo da ideia de autoconfian\u00e7a espacial.<\/p>\n\n\n\n<p>Independ\u00eancia, nesse contexto, n\u00e3o significava abandono. Significava ampliar aos poucos a autonomia dentro de um territ\u00f3rio conhecido, com regras claras e observa\u00e7\u00e3o do entorno. No desenvolvimento infantil, esse tipo de experi\u00eancia costuma fortalecer iniciativa, aten\u00e7\u00e3o ambiental e senso de orienta\u00e7\u00e3o.<\/p>\n\n\n\n<h2 class=\"wp-block-heading\">O que \u00e9 autoconfian\u00e7a espacial na pr\u00e1tica?<\/h2>\n\n\n\n<p>Autoconfian\u00e7a espacial \u00e9 a seguran\u00e7a para se localizar, reconhecer refer\u00eancias e agir com calma diante de mudan\u00e7as simples no trajeto. A crian\u00e7a percebe onde est\u00e1, identifica caminhos alternativos e entende melhor a rela\u00e7\u00e3o entre casa, escola, pra\u00e7a, com\u00e9rcio e cruzamentos do bairro.<\/p>\n\n\n\n<p>Na pr\u00e1tica, essa compet\u00eancia costuma aparecer em comportamentos bem concretos:<\/p>\n\n\n\n<ul class=\"wp-block-list\">\n<li>lembrar o caminho de volta sem hesitar<\/li>\n\n\n\n<li>reconhecer pontos de refer\u00eancia do trajeto<\/li>\n\n\n\n<li>avaliar onde atravessar com mais seguran\u00e7a<\/li>\n\n\n\n<li>perceber diferen\u00e7as entre ruas movimentadas e vias locais<\/li>\n\n\n\n<li>ganhar confian\u00e7a para pequenos deslocamentos<\/li>\n<\/ul>\n\n\n\n<figure class=\"wp-block-image\"><img decoding=\"async\" width=\"1280\" height=\"720\" src=\"https:\/\/www.correiobraziliense.com.br\/cbradar\/wp-content\/uploads\/2026\/04\/estudos-mostram-que-criancas-que-caminhavam-sozinhas-pa-corpo-1-1.jpg\" alt=\"Refer\u00eancias urbanas ajudam a crian\u00e7a a reconhecer trajetos e atravessar melhor.\" class=\"wp-image-232532\" srcset=\"https:\/\/www.correiobraziliense.com.br\/cbradar\/wp-content\/uploads\/2026\/04\/estudos-mostram-que-criancas-que-caminhavam-sozinhas-pa-corpo-1-1.jpg 1280w, https:\/\/www.correiobraziliense.com.br\/cbradar\/wp-content\/uploads\/2026\/04\/estudos-mostram-que-criancas-que-caminhavam-sozinhas-pa-corpo-1-1-300x169.jpg 300w, https:\/\/www.correiobraziliense.com.br\/cbradar\/wp-content\/uploads\/2026\/04\/estudos-mostram-que-criancas-que-caminhavam-sozinhas-pa-corpo-1-1-768x432.jpg 768w, https:\/\/www.correiobraziliense.com.br\/cbradar\/wp-content\/uploads\/2026\/04\/estudos-mostram-que-criancas-que-caminhavam-sozinhas-pa-corpo-1-1-750x422.jpg 750w, https:\/\/www.correiobraziliense.com.br\/cbradar\/wp-content\/uploads\/2026\/04\/estudos-mostram-que-criancas-que-caminhavam-sozinhas-pa-corpo-1-1-1140x641.jpg 1140w\" sizes=\"(max-width: 1280px) 100vw, 1280px\" \/><figcaption class=\"wp-element-caption\">Refer\u00eancias urbanas ajudam a crian\u00e7a a reconhecer trajetos e atravessar melhor.<\/figcaption><\/figure>\n\n\n\n<h2 class=\"wp-block-heading\">Quais sinais dessa autonomia apareciam no cotidiano?<\/h2>\n\n\n\n<p>Muitas vezes, a independ\u00eancia surgia em tarefas simples. Ir at\u00e9 a escola, passar na padaria, visitar um amigo da mesma rua ou brincar em espa\u00e7os pr\u00f3ximos exigia observa\u00e7\u00e3o, negocia\u00e7\u00e3o e no\u00e7\u00e3o de limite. Esses deslocamentos alimentavam uma experi\u00eancia corporal do espa\u00e7o, algo que nenhum trajeto feito sempre no carro entrega da mesma forma.<\/p>\n\n\n\n<p>Estudos sobre mobilidade infantil tamb\u00e9m mostram que o ambiente pesa bastante nessa equa\u00e7\u00e3o. Tr\u00e2nsito intenso, medo de viol\u00eancia, dist\u00e2ncia at\u00e9 o destino e desenho urbano pouco amig\u00e1vel reduzem a liberdade de circula\u00e7\u00e3o. J\u00e1 ruas mais conectadas, presen\u00e7a de \u00e1reas verdes, cal\u00e7adas utiliz\u00e1veis e apoio familiar aumentam a chance de a caminhada infantil acontecer com regularidade.<\/p>\n\n\n\n<h2 class=\"wp-block-heading\">O que os estudos cient\u00edficos j\u00e1 observaram sobre isso?<\/h2>\n\n\n\n<p>Esse elo entre mobilidade e percep\u00e7\u00e3o do espa\u00e7o n\u00e3o \u00e9 s\u00f3 mem\u00f3ria afetiva de gera\u00e7\u00f5es passadas. A literatura cient\u00edfica trata a circula\u00e7\u00e3o aut\u00f4noma como parte relevante do desenvolvimento infantil, porque ela combina movimento, intera\u00e7\u00e3o social, navega\u00e7\u00e3o do ambiente e constru\u00e7\u00e3o de confian\u00e7a.<\/p>\n\n\n\n<p>Segundo a <strong>revis\u00e3o sistem\u00e1tica Social-Ecological Correlates of Children\u2019s Independent Mobility<\/strong>, publicada no peri\u00f3dico <strong>International Journal of Environmental Research and Public Health<\/strong>, a mobilidade independente das crian\u00e7as se relaciona a fatores individuais, familiares e do ambiente constru\u00eddo, e a percep\u00e7\u00e3o dos pais sobre a confian\u00e7a da crian\u00e7a aparece como um ponto consistentemente positivo. O estudo tamb\u00e9m destaca que a experi\u00eancia de circular pelo bairro vai al\u00e9m da atividade f\u00edsica e pode trazer ganhos sociais, cognitivos e pessoais. A leitura do artigo est\u00e1 em <a href=\"https:\/\/www.mdpi.com\/1660-4601\/19\/3\/1604\" target=\"_blank\" rel=\"noopener noreferrer\">revis\u00e3o sistem\u00e1tica sobre mobilidade independente infantil<\/a>.<\/p>\n\n\n\n<h2 class=\"wp-block-heading\">Como a rua ajudava a formar no\u00e7\u00e3o de espa\u00e7o?<\/h2>\n\n\n\n<p>A rua funcionava como um laborat\u00f3rio de orienta\u00e7\u00e3o. A crian\u00e7a aprendia a estimar tempo de trajeto, notar mudan\u00e7as no movimento dos carros, lembrar fachadas, \u00e1rvores, muros, esquinas e sons caracter\u00edsticos de cada trecho. Esse treino repetido consolidava mapas mentais, uma base importante da autoconfian\u00e7a espacial.<\/p>\n\n\n\n<p>Os efeitos apareciam em diferentes camadas do comportamento infantil:<\/p>\n\n\n\n<ul class=\"wp-block-list\">\n<li>maior familiaridade com o territ\u00f3rio pr\u00f3ximo<\/li>\n\n\n\n<li>capacidade de antecipar obst\u00e1culos no caminho<\/li>\n\n\n\n<li>mais iniciativa para resolver pequenos imprevistos<\/li>\n\n\n\n<li>melhor percep\u00e7\u00e3o de vizinhan\u00e7a e pertencimento<\/li>\n\n\n\n<li>avan\u00e7o gradual da independ\u00eancia com supervis\u00e3o indireta<\/li>\n<\/ul>\n\n\n\n<h2 class=\"wp-block-heading\">O que mudou nas cidades e nas fam\u00edlias?<\/h2>\n\n\n\n<p>Estudos e relatos de v\u00e1rias d\u00e9cadas apontam queda da mobilidade aut\u00f4noma na inf\u00e2ncia. Mais carros no entorno escolar, agendas cheias, receio com seguran\u00e7a e rotinas mais controladas diminu\u00edram o espa\u00e7o para essas experi\u00eancias. Com isso, a caminhada infantil deixou de ser um h\u00e1bito comum em muitos bairros e passou a depender de contextos muito espec\u00edficos.<\/p>\n\n\n\n<p>Isso n\u00e3o significa defender liberdade irrestrita. O ponto mais interessante \u00e9 perceber que parte da autoconfian\u00e7a espacial era constru\u00edda em intera\u00e7\u00f5es repetidas com o espa\u00e7o urbano, com trajetos curtos e progressivos. Quando a crian\u00e7a conhece o quarteir\u00e3o, observa a travessia, identifica refer\u00eancias e participa do pr\u00f3prio deslocamento, a independ\u00eancia deixa de ser abstra\u00e7\u00e3o e vira compet\u00eancia concreta dentro do desenvolvimento infantil.<\/p>\n","protected":false},"excerpt":{"rendered":"<p>Caminhada infantil n\u00e3o era s\u00f3 um h\u00e1bito de rotina em muitas cidades. Ao circular sem adulto por trechos conhecidos, crian\u00e7as treinavam no\u00e7\u00f5es de percurso, leitura do bairro, percep\u00e7\u00e3o de risco e tomada de decis\u00e3o, habilidades ligadas ao desenvolvimento infantil e ao que hoje se descreve como autoconfian\u00e7a espacial. Por que andar sozinho fazia tanta diferen\u00e7a? [&hellip;]<\/p>\n","protected":false},"author":12,"featured_media":232374,"comment_status":"open","ping_status":"open","sticky":false,"template":"","format":"standard","meta":{"_yoast_wpseo_focuskw":"caminhada infantil","_yoast_wpseo_title":"","_yoast_wpseo_metadesc":"A caminhada infantil tinha um efeito pouco notado na forma como crian\u00e7as liam ruas, trajetos e limites, com impactos que hoje ganham outro nome.","jnews-multi-image_gallery":[],"jnews_single_post":{"format":"standard"},"jnews_primary_category":[],"jnews_social_meta":[],"jnews_override_counter":[],"footnotes":""},"categories":[112],"post_tag":[],"class_list":["post-232376","post","type-post","status-publish","format-standard","has-post-thumbnail","hentry","category-curiosidades"],"yoast_head":"<!-- This site is optimized with the Yoast SEO plugin v24.6 - https:\/\/yoast.com\/wordpress\/plugins\/seo\/ -->\n<title>Estudos mostram que crian\u00e7as que caminhavam sozinhas para a escola ou para a rua com frequ\u00eancia estavam construindo o que hoje \u00e9 conhecido como autoconfian\u00e7a espacial e independ\u00eancia - Correio Braziliense - Radar<\/title>\n<meta name=\"description\" content=\"A caminhada infantil tinha um efeito pouco notado na forma como crian\u00e7as liam ruas, trajetos e limites, com impactos que hoje ganham outro nome.\" \/>\n<meta name=\"robots\" content=\"index, follow, max-snippet:-1, max-image-preview:large, max-video-preview:-1\" \/>\n<link rel=\"canonical\" href=\"https:\/\/www.correiobraziliense.com.br\/cbradar\/estudos-mostram-que-criancas-que-caminhavam-sozinhas-para-a-escola-ou-para-a-rua-com-frequencia-estavam-construindo-o-que-hoje-e-conhecido-como-autoconfianca-espacial-e-independencia\/\" \/>\n<meta property=\"og:locale\" content=\"pt_BR\" \/>\n<meta property=\"og:type\" content=\"article\" \/>\n<meta property=\"og:title\" content=\"Estudos mostram que crian\u00e7as que caminhavam sozinhas para a escola ou para a rua com frequ\u00eancia estavam construindo o que hoje \u00e9 conhecido como autoconfian\u00e7a espacial e independ\u00eancia - Correio Braziliense - Radar\" \/>\n<meta property=\"og:description\" content=\"A caminhada infantil tinha um efeito pouco notado na forma como crian\u00e7as liam ruas, trajetos e limites, com impactos que hoje ganham outro nome.\" \/>\n<meta property=\"og:url\" content=\"https:\/\/www.correiobraziliense.com.br\/cbradar\/estudos-mostram-que-criancas-que-caminhavam-sozinhas-para-a-escola-ou-para-a-rua-com-frequencia-estavam-construindo-o-que-hoje-e-conhecido-como-autoconfianca-espacial-e-independencia\/\" \/>\n<meta property=\"og:site_name\" content=\"Correio Braziliense - Radar\" \/>\n<meta property=\"article:published_time\" content=\"2026-04-26T11:25:00+00:00\" \/>\n<meta property=\"og:image\" content=\"https:\/\/www.correiobraziliense.com.br\/cbradar\/wp-content\/uploads\/2026\/04\/estudos-mostram-que-criancas-que-caminhavam-sozinhas-para-a-1-1.jpg\" \/>\n\t<meta property=\"og:image:width\" content=\"1280\" \/>\n\t<meta property=\"og:image:height\" content=\"720\" \/>\n\t<meta property=\"og:image:type\" content=\"image\/jpeg\" \/>\n<meta name=\"author\" content=\"Gabriel Leme\" \/>\n<meta name=\"twitter:card\" content=\"summary_large_image\" \/>\n<meta name=\"twitter:label1\" content=\"Escrito por\" \/>\n\t<meta name=\"twitter:data1\" content=\"Gabriel Leme\" \/>\n\t<meta name=\"twitter:label2\" content=\"Est. tempo de leitura\" \/>\n\t<meta name=\"twitter:data2\" content=\"5 minutos\" \/>\n<!-- \/ Yoast SEO plugin. -->","yoast_head_json":{"title":"Estudos mostram que crian\u00e7as que caminhavam sozinhas para a escola ou para a rua com frequ\u00eancia estavam construindo o que hoje \u00e9 conhecido como autoconfian\u00e7a espacial e independ\u00eancia - Correio Braziliense - Radar","description":"A caminhada infantil tinha um efeito pouco notado na forma como crian\u00e7as liam ruas, trajetos e limites, com impactos que hoje ganham outro nome.","robots":{"index":"index","follow":"follow","max-snippet":"max-snippet:-1","max-image-preview":"max-image-preview:large","max-video-preview":"max-video-preview:-1"},"canonical":"https:\/\/www.correiobraziliense.com.br\/cbradar\/estudos-mostram-que-criancas-que-caminhavam-sozinhas-para-a-escola-ou-para-a-rua-com-frequencia-estavam-construindo-o-que-hoje-e-conhecido-como-autoconfianca-espacial-e-independencia\/","og_locale":"pt_BR","og_type":"article","og_title":"Estudos mostram que crian\u00e7as que caminhavam sozinhas para a escola ou para a rua com frequ\u00eancia estavam construindo o que hoje \u00e9 conhecido como autoconfian\u00e7a espacial e independ\u00eancia - Correio Braziliense - Radar","og_description":"A caminhada infantil tinha um efeito pouco notado na forma como crian\u00e7as liam ruas, trajetos e limites, com impactos que hoje ganham outro nome.","og_url":"https:\/\/www.correiobraziliense.com.br\/cbradar\/estudos-mostram-que-criancas-que-caminhavam-sozinhas-para-a-escola-ou-para-a-rua-com-frequencia-estavam-construindo-o-que-hoje-e-conhecido-como-autoconfianca-espacial-e-independencia\/","og_site_name":"Correio Braziliense - Radar","article_published_time":"2026-04-26T11:25:00+00:00","og_image":[{"width":1280,"height":720,"url":"https:\/\/www.correiobraziliense.com.br\/cbradar\/wp-content\/uploads\/2026\/04\/estudos-mostram-que-criancas-que-caminhavam-sozinhas-para-a-1-1.jpg","type":"image\/jpeg"}],"author":"Gabriel Leme","twitter_card":"summary_large_image","twitter_misc":{"Escrito por":"Gabriel Leme","Est. tempo de leitura":"5 minutos"},"schema":{"@context":"https:\/\/schema.org","@graph":[{"@type":"WebPage","@id":"https:\/\/www.correiobraziliense.com.br\/cbradar\/estudos-mostram-que-criancas-que-caminhavam-sozinhas-para-a-escola-ou-para-a-rua-com-frequencia-estavam-construindo-o-que-hoje-e-conhecido-como-autoconfianca-espacial-e-independencia\/","url":"https:\/\/www.correiobraziliense.com.br\/cbradar\/estudos-mostram-que-criancas-que-caminhavam-sozinhas-para-a-escola-ou-para-a-rua-com-frequencia-estavam-construindo-o-que-hoje-e-conhecido-como-autoconfianca-espacial-e-independencia\/","name":"Estudos mostram que crian\u00e7as que caminhavam sozinhas para a escola ou para a rua com frequ\u00eancia estavam construindo o que hoje \u00e9 conhecido como autoconfian\u00e7a espacial e independ\u00eancia - Correio Braziliense - Radar","isPartOf":{"@id":"https:\/\/www.correiobraziliense.com.br\/cbradar\/#website"},"primaryImageOfPage":{"@id":"https:\/\/www.correiobraziliense.com.br\/cbradar\/estudos-mostram-que-criancas-que-caminhavam-sozinhas-para-a-escola-ou-para-a-rua-com-frequencia-estavam-construindo-o-que-hoje-e-conhecido-como-autoconfianca-espacial-e-independencia\/#primaryimage"},"image":{"@id":"https:\/\/www.correiobraziliense.com.br\/cbradar\/estudos-mostram-que-criancas-que-caminhavam-sozinhas-para-a-escola-ou-para-a-rua-com-frequencia-estavam-construindo-o-que-hoje-e-conhecido-como-autoconfianca-espacial-e-independencia\/#primaryimage"},"thumbnailUrl":"https:\/\/www.correiobraziliense.com.br\/cbradar\/wp-content\/uploads\/2026\/04\/estudos-mostram-que-criancas-que-caminhavam-sozinhas-para-a-1-1.jpg","datePublished":"2026-04-26T11:25:00+00:00","author":{"@id":"https:\/\/www.correiobraziliense.com.br\/cbradar\/#\/schema\/person\/67a081d63a0fe55fb267145a7be2f7c1"},"description":"A caminhada infantil tinha um efeito pouco notado na forma como crian\u00e7as liam ruas, trajetos e limites, com impactos que hoje ganham outro nome.","breadcrumb":{"@id":"https:\/\/www.correiobraziliense.com.br\/cbradar\/estudos-mostram-que-criancas-que-caminhavam-sozinhas-para-a-escola-ou-para-a-rua-com-frequencia-estavam-construindo-o-que-hoje-e-conhecido-como-autoconfianca-espacial-e-independencia\/#breadcrumb"},"inLanguage":"pt-BR","potentialAction":[{"@type":"ReadAction","target":["https:\/\/www.correiobraziliense.com.br\/cbradar\/estudos-mostram-que-criancas-que-caminhavam-sozinhas-para-a-escola-ou-para-a-rua-com-frequencia-estavam-construindo-o-que-hoje-e-conhecido-como-autoconfianca-espacial-e-independencia\/"]}]},{"@type":"ImageObject","inLanguage":"pt-BR","@id":"https:\/\/www.correiobraziliense.com.br\/cbradar\/estudos-mostram-que-criancas-que-caminhavam-sozinhas-para-a-escola-ou-para-a-rua-com-frequencia-estavam-construindo-o-que-hoje-e-conhecido-como-autoconfianca-espacial-e-independencia\/#primaryimage","url":"https:\/\/www.correiobraziliense.com.br\/cbradar\/wp-content\/uploads\/2026\/04\/estudos-mostram-que-criancas-que-caminhavam-sozinhas-para-a-1-1.jpg","contentUrl":"https:\/\/www.correiobraziliense.com.br\/cbradar\/wp-content\/uploads\/2026\/04\/estudos-mostram-que-criancas-que-caminhavam-sozinhas-para-a-1-1.jpg","width":1280,"height":720,"caption":"Caminhada infantil no bairro fortalece autonomia, orienta\u00e7\u00e3o e autoconfian\u00e7a espacial."},{"@type":"BreadcrumbList","@id":"https:\/\/www.correiobraziliense.com.br\/cbradar\/estudos-mostram-que-criancas-que-caminhavam-sozinhas-para-a-escola-ou-para-a-rua-com-frequencia-estavam-construindo-o-que-hoje-e-conhecido-como-autoconfianca-espacial-e-independencia\/#breadcrumb","itemListElement":[{"@type":"ListItem","position":1,"name":"In\u00edcio","item":"https:\/\/www.correiobraziliense.com.br\/cbradar\/"},{"@type":"ListItem","position":2,"name":"Estudos mostram que crian\u00e7as que caminhavam sozinhas para a escola ou para a rua com frequ\u00eancia estavam construindo o que hoje \u00e9 conhecido como autoconfian\u00e7a espacial e independ\u00eancia"}]},{"@type":"WebSite","@id":"https:\/\/www.correiobraziliense.com.br\/cbradar\/#website","url":"https:\/\/www.correiobraziliense.com.br\/cbradar\/","name":"Correio Braziliense - Radar","description":"Acompanhe as \u00faltimas not\u00edcias e fique bem informado sobre tudo o que acontece no Brasil e no mundo.","potentialAction":[{"@type":"SearchAction","target":{"@type":"EntryPoint","urlTemplate":"https:\/\/www.correiobraziliense.com.br\/cbradar\/?s={search_term_string}"},"query-input":{"@type":"PropertyValueSpecification","valueRequired":true,"valueName":"search_term_string"}}],"inLanguage":"pt-BR"},{"@type":"Person","@id":"https:\/\/www.correiobraziliense.com.br\/cbradar\/#\/schema\/person\/67a081d63a0fe55fb267145a7be2f7c1","name":"Gabriel Leme","image":{"@type":"ImageObject","inLanguage":"pt-BR","@id":"https:\/\/www.correiobraziliense.com.br\/cbradar\/#\/schema\/person\/image\/","url":"https:\/\/secure.gravatar.com\/avatar\/85bf2e3517d27149969b72412b460c20?s=96&d=mm&r=g","contentUrl":"https:\/\/secure.gravatar.com\/avatar\/85bf2e3517d27149969b72412b460c20?s=96&d=mm&r=g","caption":"Gabriel Leme"},"sameAs":["https:\/\/www.correiobraziliense.com.br\/"],"url":"https:\/\/www.correiobraziliense.com.br\/cbradar\/author\/gabrielmyth\/"}]}},"_links":{"self":[{"href":"https:\/\/www.correiobraziliense.com.br\/cbradar\/wp-json\/wp\/v2\/posts\/232376","targetHints":{"allow":["GET"]}}],"collection":[{"href":"https:\/\/www.correiobraziliense.com.br\/cbradar\/wp-json\/wp\/v2\/posts"}],"about":[{"href":"https:\/\/www.correiobraziliense.com.br\/cbradar\/wp-json\/wp\/v2\/types\/post"}],"author":[{"embeddable":true,"href":"https:\/\/www.correiobraziliense.com.br\/cbradar\/wp-json\/wp\/v2\/users\/12"}],"replies":[{"embeddable":true,"href":"https:\/\/www.correiobraziliense.com.br\/cbradar\/wp-json\/wp\/v2\/comments?post=232376"}],"version-history":[{"count":2,"href":"https:\/\/www.correiobraziliense.com.br\/cbradar\/wp-json\/wp\/v2\/posts\/232376\/revisions"}],"predecessor-version":[{"id":232533,"href":"https:\/\/www.correiobraziliense.com.br\/cbradar\/wp-json\/wp\/v2\/posts\/232376\/revisions\/232533"}],"wp:featuredmedia":[{"embeddable":true,"href":"https:\/\/www.correiobraziliense.com.br\/cbradar\/wp-json\/wp\/v2\/media\/232374"}],"wp:attachment":[{"href":"https:\/\/www.correiobraziliense.com.br\/cbradar\/wp-json\/wp\/v2\/media?parent=232376"}],"wp:term":[{"taxonomy":"category","embeddable":true,"href":"https:\/\/www.correiobraziliense.com.br\/cbradar\/wp-json\/wp\/v2\/categories?post=232376"},{"taxonomy":"post_tag","embeddable":true,"href":"https:\/\/www.correiobraziliense.com.br\/cbradar\/wp-json\/wp\/v2\/post_tag?post=232376"}],"curies":[{"name":"wp","href":"https:\/\/api.w.org\/{rel}","templated":true}]}}