{"id":232385,"date":"2026-04-26T10:58:00","date_gmt":"2026-04-26T13:58:00","guid":{"rendered":"https:\/\/www.correiobraziliense.com.br\/cbradar\/?p=232385"},"modified":"2026-04-26T06:32:40","modified_gmt":"2026-04-26T09:32:40","slug":"o-que-o-excesso-de-acucar-branco-refinado-faz-no-hipocampo-do-cerebro-e-no-sistema-imunologico","status":"publish","type":"post","link":"https:\/\/www.correiobraziliense.com.br\/cbradar\/o-que-o-excesso-de-acucar-branco-refinado-faz-no-hipocampo-do-cerebro-e-no-sistema-imunologico\/","title":{"rendered":"O que o excesso de a\u00e7\u00facar branco refinado faz no hipocampo do c\u00e9rebro e no sistema imunol\u00f3gico"},"content":{"rendered":"\n<p><strong>A\u00e7\u00facar branco refinado<\/strong> entra f\u00e1cil na rotina, mas o consumo excessivo n\u00e3o pesa s\u00f3 na balan\u00e7a. Ele tamb\u00e9m se relaciona com mem\u00f3ria, inflama\u00e7\u00e3o, microbiota e resposta de defesa, pontos que ajudam a entender por que o hipocampo, o c\u00e9rebro e o sistema imunol\u00f3gico aparecem tanto nessa conversa. O tema chama aten\u00e7\u00e3o porque mistura alimenta\u00e7\u00e3o cotidiana com efeitos biol\u00f3gicos que muita gente s\u00f3 percebe quando os sintomas j\u00e1 se acumulam.<\/p>\n\n\n\n<h2 class=\"wp-block-heading\">Por que o hipocampo sente tanto o consumo excessivo?<\/h2>\n\n\n\n<p>O <strong>hipocampo<\/strong> \u00e9 uma \u00e1rea do c\u00e9rebro ligada \u00e0 forma\u00e7\u00e3o de mem\u00f3rias, ao aprendizado e \u00e0 navega\u00e7\u00e3o espacial. Quando a dieta fica marcada por picos frequentes de glicose, refrigerantes, doces e ultraprocessados, esse tecido passa a trabalhar sob maior estresse metab\u00f3lico e inflamat\u00f3rio, cen\u00e1rio que pode afetar plasticidade neuronal e desempenho cognitivo.<\/p>\n\n\n\n<p>No dia a dia, isso n\u00e3o significa um dano instant\u00e2neo ap\u00f3s uma sobremesa. O problema aparece com repeti\u00e7\u00e3o, volume e padr\u00e3o alimentar. O consumo excessivo de a\u00e7\u00facar branco refinado costuma vir junto de baixa ingest\u00e3o de fibras, frutas e vegetais, combina\u00e7\u00e3o que favorece altera\u00e7\u00f5es no metabolismo energ\u00e9tico do c\u00e9rebro e torna o hipocampo mais vulner\u00e1vel.<\/p>\n\n\n\n<h2 class=\"wp-block-heading\">Quais sinais aparecem no c\u00e9rebro antes de um problema maior?<\/h2>\n\n\n\n<p>O c\u00e9rebro nem sempre d\u00e1 alertas dram\u00e1ticos. Em muitos casos, os sinais surgem como lapsos discretos e persistentes, especialmente quando o a\u00e7\u00facar branco refinado domina lanches, bebidas e sobremesas ao longo da semana.<\/p>\n\n\n\n<ul class=\"wp-block-list\">\n<li>Dificuldade para fixar informa\u00e7\u00f5es recentes.<\/li>\n\n\n\n<li>Maior oscila\u00e7\u00e3o de foco durante tarefas simples.<\/li>\n\n\n\n<li>Vontade frequente de repetir alimentos muito doces.<\/li>\n\n\n\n<li>Cansa\u00e7o mental ap\u00f3s refei\u00e7\u00f5es ricas em carboidratos refinados.<\/li>\n<\/ul>\n\n\n\n<p>Esses pontos n\u00e3o fecham diagn\u00f3stico, mas ajudam a observar padr\u00e3o. Quando aparecem junto de sono ruim, sedentarismo e consumo excessivo, o impacto sobre o hipocampo e outras \u00e1reas do c\u00e9rebro tende a ganhar for\u00e7a.<\/p>\n\n\n\n<h2 class=\"wp-block-heading\">O sistema imunol\u00f3gico tamb\u00e9m reage a esse excesso?<\/h2>\n\n\n\n<p>O <strong>sistema imunol\u00f3gico<\/strong> depende de equil\u00edbrio entre energia, barreira intestinal, citocinas e microbiota. Dietas com muito a\u00e7\u00facar branco refinado podem favorecer um ambiente pr\u00f3 inflamat\u00f3rio, alterar a composi\u00e7\u00e3o das bact\u00e9rias intestinais e prejudicar mecanismos que ajudam o corpo a responder de forma organizada a infec\u00e7\u00f5es e agress\u00f5es metab\u00f3licas.<\/p>\n\n\n\n<p>Na pr\u00e1tica, isso n\u00e3o quer dizer que o a\u00e7\u00facar \u201cdesliga\u201d a imunidade de uma vez. O que a literatura mostra \u00e9 um terreno mais prop\u00edcio a desregula\u00e7\u00e3o, com inflama\u00e7\u00e3o de baixo grau, resposta imune menos eficiente e pior rela\u00e7\u00e3o entre intestino e c\u00e9rebro, eixo que influencia tanto a defesa do organismo quanto fun\u00e7\u00f5es cognitivas.<\/p>\n\n\n\n<figure class=\"wp-block-image\"><img decoding=\"async\" width=\"1280\" height=\"720\" src=\"https:\/\/www.correiobraziliense.com.br\/cbradar\/wp-content\/uploads\/2026\/04\/o-que-o-excesso-de-acucar-branco-refinado-faz-no-hipoca-corpo-1-1.jpg\" alt=\"Bebidas e lanches a\u00e7ucarados escondem excessos que sobrecarregam metabolismo e microbiota.\" class=\"wp-image-232444\" srcset=\"https:\/\/www.correiobraziliense.com.br\/cbradar\/wp-content\/uploads\/2026\/04\/o-que-o-excesso-de-acucar-branco-refinado-faz-no-hipoca-corpo-1-1.jpg 1280w, https:\/\/www.correiobraziliense.com.br\/cbradar\/wp-content\/uploads\/2026\/04\/o-que-o-excesso-de-acucar-branco-refinado-faz-no-hipoca-corpo-1-1-300x169.jpg 300w, https:\/\/www.correiobraziliense.com.br\/cbradar\/wp-content\/uploads\/2026\/04\/o-que-o-excesso-de-acucar-branco-refinado-faz-no-hipoca-corpo-1-1-768x432.jpg 768w, https:\/\/www.correiobraziliense.com.br\/cbradar\/wp-content\/uploads\/2026\/04\/o-que-o-excesso-de-acucar-branco-refinado-faz-no-hipoca-corpo-1-1-750x422.jpg 750w, https:\/\/www.correiobraziliense.com.br\/cbradar\/wp-content\/uploads\/2026\/04\/o-que-o-excesso-de-acucar-branco-refinado-faz-no-hipoca-corpo-1-1-1140x641.jpg 1140w\" sizes=\"(max-width: 1280px) 100vw, 1280px\" \/><figcaption class=\"wp-element-caption\">Bebidas e lanches a\u00e7ucarados escondem excessos que sobrecarregam metabolismo e microbiota.<\/figcaption><\/figure>\n\n\n\n<h2 class=\"wp-block-heading\">O que a pesquisa cient\u00edfica j\u00e1 observou sobre mem\u00f3ria e defesa do organismo?<\/h2>\n\n\n\n<p>Esse ponto ganha peso quando a conversa sai da opini\u00e3o e entra nos dados. Segundo o estudo <strong>Higher reported saturated fat and refined sugar intake is associated with reduced hippocampal-dependent memory and sensitivity to interoceptive signals<\/strong>, publicado no peri\u00f3dico <strong>Hippocampus<\/strong>, uma maior ingest\u00e3o de gordura saturada e a\u00e7\u00facar refinado foi associada a pior desempenho em tarefas de mem\u00f3ria dependentes do hipocampo em humanos. O trabalho pode ser consultado em <a href=\"https:\/\/pubmed.ncbi.nlm.nih.gov\/22023100\/\" target=\"_blank\" rel=\"noopener noreferrer\">registro do estudo no PubMed<\/a>.<\/p>\n\n\n\n<p>Na frente imune, a revis\u00e3o Harmful effects of high amounts of glucose on the immune system, publicada em <strong>Immunology Letters<\/strong>, reuniu evid\u00eancias de que n\u00edveis elevados de glicose interferem em vias inflamat\u00f3rias e no funcionamento de c\u00e9lulas de defesa. Isso ajuda a explicar por que consumo excessivo, c\u00e9rebro e sistema imunol\u00f3gico n\u00e3o devem ser analisados separadamente, j\u00e1 que metabolismo, inflama\u00e7\u00e3o e microbiota conversam o tempo todo.<\/p>\n\n\n\n<h2 class=\"wp-block-heading\">Que h\u00e1bitos agravam esse quadro sem chamar aten\u00e7\u00e3o?<\/h2>\n\n\n\n<p>Nem sempre o excesso vem do a\u00e7\u00facar do caf\u00e9. Muitas vezes ele se esconde na rotina e soma doses altas sem causar percep\u00e7\u00e3o imediata.<\/p>\n\n\n\n<ul class=\"wp-block-list\">\n<li>Bebidas ado\u00e7adas consumidas todos os dias.<\/li>\n\n\n\n<li>Molhos, cereais e iogurtes com adi\u00e7\u00e3o de a\u00e7\u00facar.<\/li>\n\n\n\n<li>Lanches r\u00e1pidos pobres em prote\u00edna e fibra.<\/li>\n\n\n\n<li>Sobremesas frequentes ap\u00f3s refei\u00e7\u00f5es j\u00e1 cal\u00f3ricas.<\/li>\n\n\n\n<li>Pouco intervalo entre picos de fome e vontade de doce.<\/li>\n<\/ul>\n\n\n\n<p>Esse padr\u00e3o refor\u00e7a o ciclo de recompensa do c\u00e9rebro e dificulta saciedade est\u00e1vel. O resultado pode ser mais consumo excessivo, maior carga glic\u00eamica e um ambiente menos favor\u00e1vel para hipocampo, aten\u00e7\u00e3o, resposta imune e regula\u00e7\u00e3o do apetite.<\/p>\n\n\n\n<h2 class=\"wp-block-heading\">Como reduzir danos sem entrar em radicalismo?<\/h2>\n\n\n\n<p>Reduzir a\u00e7\u00facar branco refinado funciona melhor quando a troca \u00e9 concreta. Fruta com iogurte natural, aveia, feij\u00e3o, castanhas, ovos e refei\u00e7\u00f5es com mais fibra e prote\u00edna costumam diminuir picos de glicose e melhorar saciedade. O c\u00e9rebro responde melhor quando recebe energia de forma est\u00e1vel, sem tantos altos e baixos ao longo do dia.<\/p>\n\n\n\n<p>Para quem observa muito cansa\u00e7o, compuls\u00e3o, lapsos de mem\u00f3ria ou infec\u00e7\u00f5es recorrentes, vale olhar a rotina alimentar com mais aten\u00e7\u00e3o. Hipocampo, c\u00e9rebro e sistema imunol\u00f3gico dependem de contexto, e o consumo excessivo de a\u00e7\u00facar branco refinado \u00e9 uma curiosidade do cotidiano que revela algo maior, a forma como escolhas repetidas moldam inflama\u00e7\u00e3o, aprendizado, defesa e bem-estar biol\u00f3gico.<\/p>\n","protected":false},"excerpt":{"rendered":"<p>A\u00e7\u00facar branco refinado entra f\u00e1cil na rotina, mas o consumo excessivo n\u00e3o pesa s\u00f3 na balan\u00e7a. Ele tamb\u00e9m se relaciona com mem\u00f3ria, inflama\u00e7\u00e3o, microbiota e resposta de defesa, pontos que ajudam a entender por que o hipocampo, o c\u00e9rebro e o sistema imunol\u00f3gico aparecem tanto nessa conversa. O tema chama aten\u00e7\u00e3o porque mistura alimenta\u00e7\u00e3o cotidiana [&hellip;]<\/p>\n","protected":false},"author":19,"featured_media":232383,"comment_status":"open","ping_status":"open","sticky":false,"template":"","format":"standard","meta":{"_yoast_wpseo_focuskw":"a\u00e7\u00facar branco refinado","_yoast_wpseo_title":"","_yoast_wpseo_metadesc":"A rela\u00e7\u00e3o entre a\u00e7\u00facar branco refinado, hipocampo e sistema imunol\u00f3gico vai al\u00e9m do \u00f3bvio, e um detalhe pouco citado muda essa leitura.","jnews-multi-image_gallery":[],"jnews_single_post":{"format":"standard"},"jnews_primary_category":[],"jnews_social_meta":[],"jnews_override_counter":[],"footnotes":""},"categories":[112],"post_tag":[6173,3287,565],"class_list":["post-232385","post","type-post","status-publish","format-standard","has-post-thumbnail","hentry","category-curiosidades","tag-comportamento-humano","tag-estudos","tag-saude"],"yoast_head":"<!-- This site is optimized with the Yoast SEO plugin v24.6 - https:\/\/yoast.com\/wordpress\/plugins\/seo\/ -->\n<title>O que o excesso de a\u00e7\u00facar branco refinado faz no hipocampo do c\u00e9rebro e no sistema imunol\u00f3gico - Correio Braziliense - Radar<\/title>\n<meta name=\"description\" content=\"A rela\u00e7\u00e3o entre a\u00e7\u00facar branco refinado, hipocampo e sistema imunol\u00f3gico vai al\u00e9m do \u00f3bvio, e um detalhe pouco citado muda essa leitura.\" \/>\n<meta name=\"robots\" content=\"index, follow, max-snippet:-1, max-image-preview:large, max-video-preview:-1\" \/>\n<link rel=\"canonical\" href=\"https:\/\/www.correiobraziliense.com.br\/cbradar\/o-que-o-excesso-de-acucar-branco-refinado-faz-no-hipocampo-do-cerebro-e-no-sistema-imunologico\/\" \/>\n<meta property=\"og:locale\" content=\"pt_BR\" \/>\n<meta property=\"og:type\" content=\"article\" \/>\n<meta property=\"og:title\" content=\"O que o excesso de a\u00e7\u00facar branco refinado faz no hipocampo do c\u00e9rebro e no sistema imunol\u00f3gico - Correio Braziliense - Radar\" \/>\n<meta property=\"og:description\" content=\"A rela\u00e7\u00e3o entre a\u00e7\u00facar branco refinado, hipocampo e sistema imunol\u00f3gico vai al\u00e9m do \u00f3bvio, e um detalhe pouco citado muda essa leitura.\" \/>\n<meta property=\"og:url\" content=\"https:\/\/www.correiobraziliense.com.br\/cbradar\/o-que-o-excesso-de-acucar-branco-refinado-faz-no-hipocampo-do-cerebro-e-no-sistema-imunologico\/\" \/>\n<meta property=\"og:site_name\" content=\"Correio Braziliense - Radar\" \/>\n<meta property=\"article:published_time\" content=\"2026-04-26T13:58:00+00:00\" \/>\n<meta property=\"og:image\" content=\"https:\/\/www.correiobraziliense.com.br\/cbradar\/wp-content\/uploads\/2026\/04\/o-que-o-excesso-de-acucar-branco-refinado-faz-no-hipocampo-d-1.jpg\" \/>\n\t<meta property=\"og:image:width\" content=\"1280\" \/>\n\t<meta property=\"og:image:height\" content=\"720\" \/>\n\t<meta property=\"og:image:type\" content=\"image\/jpeg\" \/>\n<meta name=\"author\" content=\"Nubia Rangel\" \/>\n<meta name=\"twitter:card\" content=\"summary_large_image\" \/>\n<meta name=\"twitter:label1\" content=\"Escrito por\" \/>\n\t<meta name=\"twitter:data1\" content=\"Nubia Rangel\" \/>\n\t<meta name=\"twitter:label2\" content=\"Est. tempo de leitura\" \/>\n\t<meta name=\"twitter:data2\" content=\"5 minutos\" \/>\n<!-- \/ Yoast SEO plugin. -->","yoast_head_json":{"title":"O que o excesso de a\u00e7\u00facar branco refinado faz no hipocampo do c\u00e9rebro e no sistema imunol\u00f3gico - Correio Braziliense - Radar","description":"A rela\u00e7\u00e3o entre a\u00e7\u00facar branco refinado, hipocampo e sistema imunol\u00f3gico vai al\u00e9m do \u00f3bvio, e um detalhe pouco citado muda essa leitura.","robots":{"index":"index","follow":"follow","max-snippet":"max-snippet:-1","max-image-preview":"max-image-preview:large","max-video-preview":"max-video-preview:-1"},"canonical":"https:\/\/www.correiobraziliense.com.br\/cbradar\/o-que-o-excesso-de-acucar-branco-refinado-faz-no-hipocampo-do-cerebro-e-no-sistema-imunologico\/","og_locale":"pt_BR","og_type":"article","og_title":"O que o excesso de a\u00e7\u00facar branco refinado faz no hipocampo do c\u00e9rebro e no sistema imunol\u00f3gico - Correio Braziliense - Radar","og_description":"A rela\u00e7\u00e3o entre a\u00e7\u00facar branco refinado, hipocampo e sistema imunol\u00f3gico vai al\u00e9m do \u00f3bvio, e um detalhe pouco citado muda essa leitura.","og_url":"https:\/\/www.correiobraziliense.com.br\/cbradar\/o-que-o-excesso-de-acucar-branco-refinado-faz-no-hipocampo-do-cerebro-e-no-sistema-imunologico\/","og_site_name":"Correio Braziliense - Radar","article_published_time":"2026-04-26T13:58:00+00:00","og_image":[{"width":1280,"height":720,"url":"https:\/\/www.correiobraziliense.com.br\/cbradar\/wp-content\/uploads\/2026\/04\/o-que-o-excesso-de-acucar-branco-refinado-faz-no-hipocampo-d-1.jpg","type":"image\/jpeg"}],"author":"Nubia Rangel","twitter_card":"summary_large_image","twitter_misc":{"Escrito por":"Nubia Rangel","Est. tempo de leitura":"5 minutos"},"schema":{"@context":"https:\/\/schema.org","@graph":[{"@type":"WebPage","@id":"https:\/\/www.correiobraziliense.com.br\/cbradar\/o-que-o-excesso-de-acucar-branco-refinado-faz-no-hipocampo-do-cerebro-e-no-sistema-imunologico\/","url":"https:\/\/www.correiobraziliense.com.br\/cbradar\/o-que-o-excesso-de-acucar-branco-refinado-faz-no-hipocampo-do-cerebro-e-no-sistema-imunologico\/","name":"O que o excesso de a\u00e7\u00facar branco refinado faz no hipocampo do c\u00e9rebro e no sistema imunol\u00f3gico - Correio Braziliense - Radar","isPartOf":{"@id":"https:\/\/www.correiobraziliense.com.br\/cbradar\/#website"},"primaryImageOfPage":{"@id":"https:\/\/www.correiobraziliense.com.br\/cbradar\/o-que-o-excesso-de-acucar-branco-refinado-faz-no-hipocampo-do-cerebro-e-no-sistema-imunologico\/#primaryimage"},"image":{"@id":"https:\/\/www.correiobraziliense.com.br\/cbradar\/o-que-o-excesso-de-acucar-branco-refinado-faz-no-hipocampo-do-cerebro-e-no-sistema-imunologico\/#primaryimage"},"thumbnailUrl":"https:\/\/www.correiobraziliense.com.br\/cbradar\/wp-content\/uploads\/2026\/04\/o-que-o-excesso-de-acucar-branco-refinado-faz-no-hipocampo-d-1.jpg","datePublished":"2026-04-26T13:58:00+00:00","author":{"@id":"https:\/\/www.correiobraziliense.com.br\/cbradar\/#\/schema\/person\/30abac48e98cee79b01faef7380df736"},"description":"A rela\u00e7\u00e3o entre a\u00e7\u00facar branco refinado, hipocampo e sistema imunol\u00f3gico vai al\u00e9m do \u00f3bvio, e um detalhe pouco citado muda essa leitura.","breadcrumb":{"@id":"https:\/\/www.correiobraziliense.com.br\/cbradar\/o-que-o-excesso-de-acucar-branco-refinado-faz-no-hipocampo-do-cerebro-e-no-sistema-imunologico\/#breadcrumb"},"inLanguage":"pt-BR","potentialAction":[{"@type":"ReadAction","target":["https:\/\/www.correiobraziliense.com.br\/cbradar\/o-que-o-excesso-de-acucar-branco-refinado-faz-no-hipocampo-do-cerebro-e-no-sistema-imunologico\/"]}]},{"@type":"ImageObject","inLanguage":"pt-BR","@id":"https:\/\/www.correiobraziliense.com.br\/cbradar\/o-que-o-excesso-de-acucar-branco-refinado-faz-no-hipocampo-do-cerebro-e-no-sistema-imunologico\/#primaryimage","url":"https:\/\/www.correiobraziliense.com.br\/cbradar\/wp-content\/uploads\/2026\/04\/o-que-o-excesso-de-acucar-branco-refinado-faz-no-hipocampo-d-1.jpg","contentUrl":"https:\/\/www.correiobraziliense.com.br\/cbradar\/wp-content\/uploads\/2026\/04\/o-que-o-excesso-de-acucar-branco-refinado-faz-no-hipocampo-d-1.jpg","width":1280,"height":720,"caption":"Excesso de a\u00e7\u00facar refinado pode afetar mem\u00f3ria, c\u00e9rebro e defesa do organismo."},{"@type":"BreadcrumbList","@id":"https:\/\/www.correiobraziliense.com.br\/cbradar\/o-que-o-excesso-de-acucar-branco-refinado-faz-no-hipocampo-do-cerebro-e-no-sistema-imunologico\/#breadcrumb","itemListElement":[{"@type":"ListItem","position":1,"name":"In\u00edcio","item":"https:\/\/www.correiobraziliense.com.br\/cbradar\/"},{"@type":"ListItem","position":2,"name":"O que o excesso de a\u00e7\u00facar branco refinado faz no hipocampo do c\u00e9rebro e no sistema imunol\u00f3gico"}]},{"@type":"WebSite","@id":"https:\/\/www.correiobraziliense.com.br\/cbradar\/#website","url":"https:\/\/www.correiobraziliense.com.br\/cbradar\/","name":"Correio Braziliense - Radar","description":"Acompanhe as \u00faltimas not\u00edcias e fique bem informado sobre tudo o que acontece no Brasil e no mundo.","potentialAction":[{"@type":"SearchAction","target":{"@type":"EntryPoint","urlTemplate":"https:\/\/www.correiobraziliense.com.br\/cbradar\/?s={search_term_string}"},"query-input":{"@type":"PropertyValueSpecification","valueRequired":true,"valueName":"search_term_string"}}],"inLanguage":"pt-BR"},{"@type":"Person","@id":"https:\/\/www.correiobraziliense.com.br\/cbradar\/#\/schema\/person\/30abac48e98cee79b01faef7380df736","name":"Nubia Rangel","image":{"@type":"ImageObject","inLanguage":"pt-BR","@id":"https:\/\/www.correiobraziliense.com.br\/cbradar\/#\/schema\/person\/image\/","url":"https:\/\/secure.gravatar.com\/avatar\/47cff2827a5ba23c37e8068c86817ea4?s=96&d=mm&r=g","contentUrl":"https:\/\/secure.gravatar.com\/avatar\/47cff2827a5ba23c37e8068c86817ea4?s=96&d=mm&r=g","caption":"Nubia Rangel"},"sameAs":["https:\/\/www.correiobraziliense.com.br\/cbradar\/"],"url":"https:\/\/www.correiobraziliense.com.br\/cbradar\/author\/nubia-rangel\/"}]}},"_links":{"self":[{"href":"https:\/\/www.correiobraziliense.com.br\/cbradar\/wp-json\/wp\/v2\/posts\/232385","targetHints":{"allow":["GET"]}}],"collection":[{"href":"https:\/\/www.correiobraziliense.com.br\/cbradar\/wp-json\/wp\/v2\/posts"}],"about":[{"href":"https:\/\/www.correiobraziliense.com.br\/cbradar\/wp-json\/wp\/v2\/types\/post"}],"author":[{"embeddable":true,"href":"https:\/\/www.correiobraziliense.com.br\/cbradar\/wp-json\/wp\/v2\/users\/19"}],"replies":[{"embeddable":true,"href":"https:\/\/www.correiobraziliense.com.br\/cbradar\/wp-json\/wp\/v2\/comments?post=232385"}],"version-history":[{"count":3,"href":"https:\/\/www.correiobraziliense.com.br\/cbradar\/wp-json\/wp\/v2\/posts\/232385\/revisions"}],"predecessor-version":[{"id":232445,"href":"https:\/\/www.correiobraziliense.com.br\/cbradar\/wp-json\/wp\/v2\/posts\/232385\/revisions\/232445"}],"wp:featuredmedia":[{"embeddable":true,"href":"https:\/\/www.correiobraziliense.com.br\/cbradar\/wp-json\/wp\/v2\/media\/232383"}],"wp:attachment":[{"href":"https:\/\/www.correiobraziliense.com.br\/cbradar\/wp-json\/wp\/v2\/media?parent=232385"}],"wp:term":[{"taxonomy":"category","embeddable":true,"href":"https:\/\/www.correiobraziliense.com.br\/cbradar\/wp-json\/wp\/v2\/categories?post=232385"},{"taxonomy":"post_tag","embeddable":true,"href":"https:\/\/www.correiobraziliense.com.br\/cbradar\/wp-json\/wp\/v2\/post_tag?post=232385"}],"curies":[{"name":"wp","href":"https:\/\/api.w.org\/{rel}","templated":true}]}}