{"id":232394,"date":"2026-04-26T13:58:00","date_gmt":"2026-04-26T16:58:00","guid":{"rendered":"https:\/\/www.correiobraziliense.com.br\/cbradar\/?p=232394"},"modified":"2026-04-26T06:32:56","modified_gmt":"2026-04-26T09:32:56","slug":"estudos-mostram-que-criancas-que-conversavam-e-desabafavam-com-seus-animais-de-estimacao-com-frequencia-estavam-fortalecendo-o-que-hoje-e-conhecido-como-regulacao-emocional-autonoma","status":"publish","type":"post","link":"https:\/\/www.correiobraziliense.com.br\/cbradar\/estudos-mostram-que-criancas-que-conversavam-e-desabafavam-com-seus-animais-de-estimacao-com-frequencia-estavam-fortalecendo-o-que-hoje-e-conhecido-como-regulacao-emocional-autonoma\/","title":{"rendered":"Estudos mostram que crian\u00e7as que conversavam e desabafavam com seus animais de estima\u00e7\u00e3o com frequ\u00eancia estavam fortalecendo o que hoje \u00e9 conhecido como regula\u00e7\u00e3o emocional aut\u00f4noma"},"content":{"rendered":"\n<p><strong>Animais de estima\u00e7\u00e3o<\/strong> ocupam um espa\u00e7o curioso na rotina infantil. Em muitas casas, eles viram companhia silenciosa, ponto de afeto e at\u00e9 interlocutores de pequenos desabafos. No campo do <strong>desenvolvimento infantil<\/strong>, esse v\u00ednculo chama aten\u00e7\u00e3o porque pode ajudar a crian\u00e7a a nomear emo\u00e7\u00f5es, reduzir tens\u00e3o e praticar formas de regula\u00e7\u00e3o emocional aut\u00f4noma no dia a dia.<\/p>\n\n\n\n<h2 class=\"wp-block-heading\">Por que as crian\u00e7as desabafam com os pets com tanta naturalidade?<\/h2>\n\n\n\n<p>O desabafo com c\u00e3es e gatos costuma acontecer sem o peso de julgamento, corre\u00e7\u00e3o imediata ou cobran\u00e7a por respostas. Para a crian\u00e7a, falar com o animal pode ser mais simples do que organizar a conversa com um adulto, especialmente em momentos de frustra\u00e7\u00e3o, medo, ci\u00fame ou tristeza. Esse gesto, que parece apenas fofo, envolve linguagem, apego, observa\u00e7\u00e3o do pr\u00f3prio estado emocional e busca por conforto.<\/p>\n\n\n\n<p>Animais de estima\u00e7\u00e3o tamb\u00e9m oferecem previsibilidade. A presen\u00e7a constante, o toque, a rotina de cuidado e a resposta corporal do pet, como se aproximar, deitar ao lado ou olhar com aten\u00e7\u00e3o, ajudam a criar um ambiente afetivo est\u00e1vel. Esse cen\u00e1rio favorece a autorregula\u00e7\u00e3o porque a crian\u00e7a aprende a desacelerar, respirar melhor e transformar emo\u00e7\u00e3o bruta em fala compreens\u00edvel.<\/p>\n\n\n\n<h2 class=\"wp-block-heading\">O que a regula\u00e7\u00e3o emocional aut\u00f4noma tem a ver com essa conversa?<\/h2>\n\n\n\n<p><strong>Regula\u00e7\u00e3o emocional aut\u00f4noma<\/strong> \u00e9 a capacidade de perceber o que se sente e usar recursos internos para recuperar equil\u00edbrio sem depender o tempo todo da interven\u00e7\u00e3o de outra pessoa. Na inf\u00e2ncia, isso n\u00e3o surge pronto. A habilidade vai sendo treinada em intera\u00e7\u00f5es repetidas, em experi\u00eancias de apego seguro e em situa\u00e7\u00f5es nas quais a crian\u00e7a consegue expressar desconforto sem ser interrompida.<\/p>\n\n\n\n<p>Quando o desabafo aparece na rotina com os animais de estima\u00e7\u00e3o, a crian\u00e7a ensaia processos importantes:<\/p>\n\n\n\n<ul class=\"wp-block-list\">\n<li>identificar a emo\u00e7\u00e3o antes que ela transborde<\/li>\n\n\n\n<li>transformar sensa\u00e7\u00e3o corporal em palavras<\/li>\n\n\n\n<li>buscar al\u00edvio em uma rela\u00e7\u00e3o percebida como segura<\/li>\n\n\n\n<li>retomar foco ap\u00f3s choro, irrita\u00e7\u00e3o ou ansiedade<\/li>\n<\/ul>\n\n\n\n<h2 class=\"wp-block-heading\">Esse h\u00e1bito pode influenciar o desenvolvimento infantil?<\/h2>\n\n\n\n<p>Desenvolvimento infantil envolve linguagem, cogni\u00e7\u00e3o, v\u00ednculo, empatia e manejo de frustra\u00e7\u00f5es. Nesse conjunto, o contato frequente com pets pode funcionar como um treino indireto de habilidades socioemocionais. A crian\u00e7a que conversa com o animal muitas vezes organiza melhor a narrativa do que aconteceu, revisa a pr\u00f3pria rea\u00e7\u00e3o e cria uma dist\u00e2ncia saud\u00e1vel do impulso inicial.<\/p>\n\n\n\n<p>Estudos sobre v\u00ednculo com pets apontam que a rela\u00e7\u00e3o n\u00e3o \u00e9 apenas recreativa. Ela pode servir como base de seguran\u00e7a emocional em certas situa\u00e7\u00f5es. Isso ajuda a explicar por que crian\u00e7as recorrem ao animal ap\u00f3s broncas, conflitos na escola, mudan\u00e7as de rotina ou noites mais agitadas. O pet n\u00e3o resolve o problema, mas pode facilitar o caminho at\u00e9 a calma e a elabora\u00e7\u00e3o interna.<\/p>\n\n\n\n<figure class=\"wp-block-image\"><img decoding=\"async\" width=\"1280\" height=\"720\" src=\"https:\/\/www.correiobraziliense.com.br\/cbradar\/wp-content\/uploads\/2026\/04\/estudos-mostram-que-criancas-que-conversavam-e-desabafa-corpo-1-1.jpg\" alt=\"O contato com o animal ajuda a reduzir tens\u00e3o ap\u00f3s frustra\u00e7\u00f5es.\" class=\"wp-image-232448\" srcset=\"https:\/\/www.correiobraziliense.com.br\/cbradar\/wp-content\/uploads\/2026\/04\/estudos-mostram-que-criancas-que-conversavam-e-desabafa-corpo-1-1.jpg 1280w, https:\/\/www.correiobraziliense.com.br\/cbradar\/wp-content\/uploads\/2026\/04\/estudos-mostram-que-criancas-que-conversavam-e-desabafa-corpo-1-1-300x169.jpg 300w, https:\/\/www.correiobraziliense.com.br\/cbradar\/wp-content\/uploads\/2026\/04\/estudos-mostram-que-criancas-que-conversavam-e-desabafa-corpo-1-1-768x432.jpg 768w, https:\/\/www.correiobraziliense.com.br\/cbradar\/wp-content\/uploads\/2026\/04\/estudos-mostram-que-criancas-que-conversavam-e-desabafa-corpo-1-1-750x422.jpg 750w, https:\/\/www.correiobraziliense.com.br\/cbradar\/wp-content\/uploads\/2026\/04\/estudos-mostram-que-criancas-que-conversavam-e-desabafa-corpo-1-1-1140x641.jpg 1140w\" sizes=\"(max-width: 1280px) 100vw, 1280px\" \/><figcaption class=\"wp-element-caption\">O contato com o animal ajuda a reduzir tens\u00e3o ap\u00f3s frustra\u00e7\u00f5es.<\/figcaption><\/figure>\n\n\n\n<h2 class=\"wp-block-heading\">O que os estudos cient\u00edficos j\u00e1 observaram sobre esse v\u00ednculo?<\/h2>\n\n\n\n<p>Essa leitura ganhou for\u00e7a quando pesquisadores passaram a observar n\u00e3o s\u00f3 o apego ao pet, mas a qualidade concreta das intera\u00e7\u00f5es. Segundo o estudo <strong>Child-Dog Attachment, Emotion Regulation and Psychopathology: The Mediating Role of Positive and Negative Behaviours<\/strong>, publicado no peri\u00f3dico <strong>Behavioral Sciences<\/strong>, os tipos de intera\u00e7\u00e3o entre crian\u00e7as e c\u00e3es tiveram efeito indireto significativo sobre regula\u00e7\u00e3o emocional, sintomas emocionais e comportamento pr\u00f3-social. O trabalho avaliou relatos de cuidadores e das pr\u00f3prias crian\u00e7as durante a inf\u00e2ncia e indicou que intera\u00e7\u00f5es positivas ajudam a entender como o apego ao c\u00e3o se conecta ao ajuste psicol\u00f3gico. O artigo pode ser lido em <a href=\"https:\/\/pubmed.ncbi.nlm.nih.gov\/35447681\/\" target=\"_blank\" rel=\"noopener noreferrer\">p\u00e1gina do estudo no PubMed com refer\u00eancia ao peri\u00f3dico original<\/a>.<\/p>\n\n\n\n<p>Isso n\u00e3o significa que toda conversa com um pet produza automaticamente maturidade emocional. O ponto mais interessante dos estudos \u00e9 outro: a repeti\u00e7\u00e3o de trocas afetivas est\u00e1veis, acolhedoras e previs\u00edveis cria oportunidades para a crian\u00e7a praticar calma, aten\u00e7\u00e3o e express\u00e3o emocional. Nessa l\u00f3gica, o desabafo com o animal deixa de parecer um detalhe dom\u00e9stico e passa a ser visto como comportamento relevante no repert\u00f3rio socioemocional.<\/p>\n\n\n\n<h2 class=\"wp-block-heading\">Quais sinais mostram que o desabafo com o animal est\u00e1 sendo saud\u00e1vel?<\/h2>\n\n\n\n<p>Nem todo apego funciona do mesmo jeito, e observar o contexto faz diferen\u00e7a. Quando a rela\u00e7\u00e3o \u00e9 equilibrada, os animais de estima\u00e7\u00e3o entram como apoio afetivo, n\u00e3o como \u00fanico canal de conforto da crian\u00e7a. Alguns sinais costumam aparecer com frequ\u00eancia:<\/p>\n\n\n\n<ul class=\"wp-block-list\">\n<li>a crian\u00e7a fala com o pet e depois consegue conversar com adultos tamb\u00e9m<\/li>\n\n\n\n<li>h\u00e1 redu\u00e7\u00e3o vis\u00edvel da agita\u00e7\u00e3o ap\u00f3s contato com o animal<\/li>\n\n\n\n<li>o cuidado com o pet envolve carinho, rotina e respeito aos limites do bicho<\/li>\n\n\n\n<li>o v\u00ednculo amplia empatia, n\u00e3o isolamento<\/li>\n<\/ul>\n\n\n\n<p>Estudos e observa\u00e7\u00f5es cl\u00ednicas em desenvolvimento infantil refor\u00e7am que esse processo funciona melhor quando a fam\u00edlia acompanha a experi\u00eancia. O animal pode acolher o momento do desabafo, mas adultos continuam essenciais para validar sentimentos, dar repert\u00f3rio verbal e ensinar estrat\u00e9gias de enfrentamento em situa\u00e7\u00f5es mais complexas.<\/p>\n\n\n\n<h2 class=\"wp-block-heading\">Por que esse tema aparece tanto nas curiosidades sobre inf\u00e2ncia e comportamento?<\/h2>\n\n\n\n<p>Porque ele re\u00fane duas coisas que raramente s\u00e3o vistas juntas \u00e0 primeira vista: uma cena cotidiana muito simples e mecanismos emocionais bastante sofisticados. Falar com um cachorro ou um gato parece brincadeira, mas ali podem estar em a\u00e7\u00e3o apego, linguagem emocional, sensa\u00e7\u00e3o de seguran\u00e7a, manejo de estresse e constru\u00e7\u00e3o gradual de autonomia ps\u00edquica.<\/p>\n\n\n\n<p>Nas curiosidades ligadas ao comportamento, poucos exemplos s\u00e3o t\u00e3o claros quanto esse. Animais de estima\u00e7\u00e3o, desabafo, estudos e desenvolvimento infantil se cruzam num ponto importante: a crian\u00e7a n\u00e3o est\u00e1 apenas imaginando uma conversa. Em muitos casos, ela est\u00e1 treinando recursos internos de regula\u00e7\u00e3o emocional aut\u00f4noma enquanto usa o v\u00ednculo com o pet como apoio afetivo concreto.<\/p>\n","protected":false},"excerpt":{"rendered":"<p>Animais de estima\u00e7\u00e3o ocupam um espa\u00e7o curioso na rotina infantil. Em muitas casas, eles viram companhia silenciosa, ponto de afeto e at\u00e9 interlocutores de pequenos desabafos. No campo do desenvolvimento infantil, esse v\u00ednculo chama aten\u00e7\u00e3o porque pode ajudar a crian\u00e7a a nomear emo\u00e7\u00f5es, reduzir tens\u00e3o e praticar formas de regula\u00e7\u00e3o emocional aut\u00f4noma no dia a [&hellip;]<\/p>\n","protected":false},"author":19,"featured_media":232390,"comment_status":"open","ping_status":"open","sticky":false,"template":"","format":"standard","meta":{"_yoast_wpseo_focuskw":"animais de estima\u00e7\u00e3o","_yoast_wpseo_title":"","_yoast_wpseo_metadesc":"Animais de estima\u00e7\u00e3o t\u00eam um papel que poucos consideram quando o assunto \u00e9 inf\u00e2ncia, afeto e regula\u00e7\u00e3o emocional aut\u00f4noma no dia a dia","jnews-multi-image_gallery":[],"jnews_single_post":{"format":"standard"},"jnews_primary_category":[],"jnews_social_meta":[],"jnews_override_counter":[],"footnotes":""},"categories":[112],"post_tag":[6173,3287,404],"class_list":["post-232394","post","type-post","status-publish","format-standard","has-post-thumbnail","hentry","category-curiosidades","tag-comportamento-humano","tag-estudos","tag-psicologia"],"yoast_head":"<!-- This site is optimized with the Yoast SEO plugin v24.6 - https:\/\/yoast.com\/wordpress\/plugins\/seo\/ -->\n<title>Estudos mostram que crian\u00e7as que conversavam e desabafavam com seus animais de estima\u00e7\u00e3o com frequ\u00eancia estavam fortalecendo o que hoje \u00e9 conhecido como regula\u00e7\u00e3o emocional aut\u00f4noma - Correio Braziliense - Radar<\/title>\n<meta name=\"description\" content=\"Animais de estima\u00e7\u00e3o t\u00eam um papel que poucos consideram quando o assunto \u00e9 inf\u00e2ncia, afeto e regula\u00e7\u00e3o emocional aut\u00f4noma no dia a dia\" \/>\n<meta name=\"robots\" content=\"index, follow, max-snippet:-1, max-image-preview:large, max-video-preview:-1\" \/>\n<link rel=\"canonical\" href=\"https:\/\/www.correiobraziliense.com.br\/cbradar\/estudos-mostram-que-criancas-que-conversavam-e-desabafavam-com-seus-animais-de-estimacao-com-frequencia-estavam-fortalecendo-o-que-hoje-e-conhecido-como-regulacao-emocional-autonoma\/\" \/>\n<meta property=\"og:locale\" content=\"pt_BR\" \/>\n<meta property=\"og:type\" content=\"article\" \/>\n<meta property=\"og:title\" content=\"Estudos mostram que crian\u00e7as que conversavam e desabafavam com seus animais de estima\u00e7\u00e3o com frequ\u00eancia estavam fortalecendo o que hoje \u00e9 conhecido como regula\u00e7\u00e3o emocional aut\u00f4noma - Correio Braziliense - Radar\" \/>\n<meta property=\"og:description\" content=\"Animais de estima\u00e7\u00e3o t\u00eam um papel que poucos consideram quando o assunto \u00e9 inf\u00e2ncia, afeto e regula\u00e7\u00e3o emocional aut\u00f4noma no dia a dia\" \/>\n<meta property=\"og:url\" content=\"https:\/\/www.correiobraziliense.com.br\/cbradar\/estudos-mostram-que-criancas-que-conversavam-e-desabafavam-com-seus-animais-de-estimacao-com-frequencia-estavam-fortalecendo-o-que-hoje-e-conhecido-como-regulacao-emocional-autonoma\/\" \/>\n<meta property=\"og:site_name\" content=\"Correio Braziliense - Radar\" \/>\n<meta property=\"article:published_time\" content=\"2026-04-26T16:58:00+00:00\" \/>\n<meta property=\"og:image\" content=\"https:\/\/www.correiobraziliense.com.br\/cbradar\/wp-content\/uploads\/2026\/04\/estudos-mostram-que-criancas-que-conversavam-e-desabafavam-c-1.jpg\" \/>\n\t<meta property=\"og:image:width\" content=\"1280\" \/>\n\t<meta property=\"og:image:height\" content=\"720\" \/>\n\t<meta property=\"og:image:type\" content=\"image\/jpeg\" \/>\n<meta name=\"author\" content=\"Nubia Rangel\" \/>\n<meta name=\"twitter:card\" content=\"summary_large_image\" \/>\n<meta name=\"twitter:label1\" content=\"Escrito por\" \/>\n\t<meta name=\"twitter:data1\" content=\"Nubia Rangel\" \/>\n\t<meta name=\"twitter:label2\" content=\"Est. tempo de leitura\" \/>\n\t<meta name=\"twitter:data2\" content=\"6 minutos\" \/>\n<!-- \/ Yoast SEO plugin. -->","yoast_head_json":{"title":"Estudos mostram que crian\u00e7as que conversavam e desabafavam com seus animais de estima\u00e7\u00e3o com frequ\u00eancia estavam fortalecendo o que hoje \u00e9 conhecido como regula\u00e7\u00e3o emocional aut\u00f4noma - Correio Braziliense - Radar","description":"Animais de estima\u00e7\u00e3o t\u00eam um papel que poucos consideram quando o assunto \u00e9 inf\u00e2ncia, afeto e regula\u00e7\u00e3o emocional aut\u00f4noma no dia a dia","robots":{"index":"index","follow":"follow","max-snippet":"max-snippet:-1","max-image-preview":"max-image-preview:large","max-video-preview":"max-video-preview:-1"},"canonical":"https:\/\/www.correiobraziliense.com.br\/cbradar\/estudos-mostram-que-criancas-que-conversavam-e-desabafavam-com-seus-animais-de-estimacao-com-frequencia-estavam-fortalecendo-o-que-hoje-e-conhecido-como-regulacao-emocional-autonoma\/","og_locale":"pt_BR","og_type":"article","og_title":"Estudos mostram que crian\u00e7as que conversavam e desabafavam com seus animais de estima\u00e7\u00e3o com frequ\u00eancia estavam fortalecendo o que hoje \u00e9 conhecido como regula\u00e7\u00e3o emocional aut\u00f4noma - Correio Braziliense - Radar","og_description":"Animais de estima\u00e7\u00e3o t\u00eam um papel que poucos consideram quando o assunto \u00e9 inf\u00e2ncia, afeto e regula\u00e7\u00e3o emocional aut\u00f4noma no dia a dia","og_url":"https:\/\/www.correiobraziliense.com.br\/cbradar\/estudos-mostram-que-criancas-que-conversavam-e-desabafavam-com-seus-animais-de-estimacao-com-frequencia-estavam-fortalecendo-o-que-hoje-e-conhecido-como-regulacao-emocional-autonoma\/","og_site_name":"Correio Braziliense - Radar","article_published_time":"2026-04-26T16:58:00+00:00","og_image":[{"width":1280,"height":720,"url":"https:\/\/www.correiobraziliense.com.br\/cbradar\/wp-content\/uploads\/2026\/04\/estudos-mostram-que-criancas-que-conversavam-e-desabafavam-c-1.jpg","type":"image\/jpeg"}],"author":"Nubia Rangel","twitter_card":"summary_large_image","twitter_misc":{"Escrito por":"Nubia Rangel","Est. tempo de leitura":"6 minutos"},"schema":{"@context":"https:\/\/schema.org","@graph":[{"@type":"WebPage","@id":"https:\/\/www.correiobraziliense.com.br\/cbradar\/estudos-mostram-que-criancas-que-conversavam-e-desabafavam-com-seus-animais-de-estimacao-com-frequencia-estavam-fortalecendo-o-que-hoje-e-conhecido-como-regulacao-emocional-autonoma\/","url":"https:\/\/www.correiobraziliense.com.br\/cbradar\/estudos-mostram-que-criancas-que-conversavam-e-desabafavam-com-seus-animais-de-estimacao-com-frequencia-estavam-fortalecendo-o-que-hoje-e-conhecido-como-regulacao-emocional-autonoma\/","name":"Estudos mostram que crian\u00e7as que conversavam e desabafavam com seus animais de estima\u00e7\u00e3o com frequ\u00eancia estavam fortalecendo o que hoje \u00e9 conhecido como regula\u00e7\u00e3o emocional aut\u00f4noma - Correio Braziliense - Radar","isPartOf":{"@id":"https:\/\/www.correiobraziliense.com.br\/cbradar\/#website"},"primaryImageOfPage":{"@id":"https:\/\/www.correiobraziliense.com.br\/cbradar\/estudos-mostram-que-criancas-que-conversavam-e-desabafavam-com-seus-animais-de-estimacao-com-frequencia-estavam-fortalecendo-o-que-hoje-e-conhecido-como-regulacao-emocional-autonoma\/#primaryimage"},"image":{"@id":"https:\/\/www.correiobraziliense.com.br\/cbradar\/estudos-mostram-que-criancas-que-conversavam-e-desabafavam-com-seus-animais-de-estimacao-com-frequencia-estavam-fortalecendo-o-que-hoje-e-conhecido-como-regulacao-emocional-autonoma\/#primaryimage"},"thumbnailUrl":"https:\/\/www.correiobraziliense.com.br\/cbradar\/wp-content\/uploads\/2026\/04\/estudos-mostram-que-criancas-que-conversavam-e-desabafavam-c-1.jpg","datePublished":"2026-04-26T16:58:00+00:00","author":{"@id":"https:\/\/www.correiobraziliense.com.br\/cbradar\/#\/schema\/person\/30abac48e98cee79b01faef7380df736"},"description":"Animais de estima\u00e7\u00e3o t\u00eam um papel que poucos consideram quando o assunto \u00e9 inf\u00e2ncia, afeto e regula\u00e7\u00e3o emocional aut\u00f4noma no dia a dia","breadcrumb":{"@id":"https:\/\/www.correiobraziliense.com.br\/cbradar\/estudos-mostram-que-criancas-que-conversavam-e-desabafavam-com-seus-animais-de-estimacao-com-frequencia-estavam-fortalecendo-o-que-hoje-e-conhecido-como-regulacao-emocional-autonoma\/#breadcrumb"},"inLanguage":"pt-BR","potentialAction":[{"@type":"ReadAction","target":["https:\/\/www.correiobraziliense.com.br\/cbradar\/estudos-mostram-que-criancas-que-conversavam-e-desabafavam-com-seus-animais-de-estimacao-com-frequencia-estavam-fortalecendo-o-que-hoje-e-conhecido-como-regulacao-emocional-autonoma\/"]}]},{"@type":"ImageObject","inLanguage":"pt-BR","@id":"https:\/\/www.correiobraziliense.com.br\/cbradar\/estudos-mostram-que-criancas-que-conversavam-e-desabafavam-com-seus-animais-de-estimacao-com-frequencia-estavam-fortalecendo-o-que-hoje-e-conhecido-como-regulacao-emocional-autonoma\/#primaryimage","url":"https:\/\/www.correiobraziliense.com.br\/cbradar\/wp-content\/uploads\/2026\/04\/estudos-mostram-que-criancas-que-conversavam-e-desabafavam-c-1.jpg","contentUrl":"https:\/\/www.correiobraziliense.com.br\/cbradar\/wp-content\/uploads\/2026\/04\/estudos-mostram-que-criancas-que-conversavam-e-desabafavam-c-1.jpg","width":1280,"height":720,"caption":"Crian\u00e7a encontra no pet um apoio afetivo para regular emo\u00e7\u00f5es."},{"@type":"BreadcrumbList","@id":"https:\/\/www.correiobraziliense.com.br\/cbradar\/estudos-mostram-que-criancas-que-conversavam-e-desabafavam-com-seus-animais-de-estimacao-com-frequencia-estavam-fortalecendo-o-que-hoje-e-conhecido-como-regulacao-emocional-autonoma\/#breadcrumb","itemListElement":[{"@type":"ListItem","position":1,"name":"In\u00edcio","item":"https:\/\/www.correiobraziliense.com.br\/cbradar\/"},{"@type":"ListItem","position":2,"name":"Estudos mostram que crian\u00e7as que conversavam e desabafavam com seus animais de estima\u00e7\u00e3o com frequ\u00eancia estavam fortalecendo o que hoje \u00e9 conhecido como regula\u00e7\u00e3o emocional aut\u00f4noma"}]},{"@type":"WebSite","@id":"https:\/\/www.correiobraziliense.com.br\/cbradar\/#website","url":"https:\/\/www.correiobraziliense.com.br\/cbradar\/","name":"Correio Braziliense - Radar","description":"Acompanhe as \u00faltimas not\u00edcias e fique bem informado sobre tudo o que acontece no Brasil e no mundo.","potentialAction":[{"@type":"SearchAction","target":{"@type":"EntryPoint","urlTemplate":"https:\/\/www.correiobraziliense.com.br\/cbradar\/?s={search_term_string}"},"query-input":{"@type":"PropertyValueSpecification","valueRequired":true,"valueName":"search_term_string"}}],"inLanguage":"pt-BR"},{"@type":"Person","@id":"https:\/\/www.correiobraziliense.com.br\/cbradar\/#\/schema\/person\/30abac48e98cee79b01faef7380df736","name":"Nubia Rangel","image":{"@type":"ImageObject","inLanguage":"pt-BR","@id":"https:\/\/www.correiobraziliense.com.br\/cbradar\/#\/schema\/person\/image\/","url":"https:\/\/secure.gravatar.com\/avatar\/47cff2827a5ba23c37e8068c86817ea4?s=96&d=mm&r=g","contentUrl":"https:\/\/secure.gravatar.com\/avatar\/47cff2827a5ba23c37e8068c86817ea4?s=96&d=mm&r=g","caption":"Nubia Rangel"},"sameAs":["https:\/\/www.correiobraziliense.com.br\/cbradar\/"],"url":"https:\/\/www.correiobraziliense.com.br\/cbradar\/author\/nubia-rangel\/"}]}},"_links":{"self":[{"href":"https:\/\/www.correiobraziliense.com.br\/cbradar\/wp-json\/wp\/v2\/posts\/232394","targetHints":{"allow":["GET"]}}],"collection":[{"href":"https:\/\/www.correiobraziliense.com.br\/cbradar\/wp-json\/wp\/v2\/posts"}],"about":[{"href":"https:\/\/www.correiobraziliense.com.br\/cbradar\/wp-json\/wp\/v2\/types\/post"}],"author":[{"embeddable":true,"href":"https:\/\/www.correiobraziliense.com.br\/cbradar\/wp-json\/wp\/v2\/users\/19"}],"replies":[{"embeddable":true,"href":"https:\/\/www.correiobraziliense.com.br\/cbradar\/wp-json\/wp\/v2\/comments?post=232394"}],"version-history":[{"count":3,"href":"https:\/\/www.correiobraziliense.com.br\/cbradar\/wp-json\/wp\/v2\/posts\/232394\/revisions"}],"predecessor-version":[{"id":232450,"href":"https:\/\/www.correiobraziliense.com.br\/cbradar\/wp-json\/wp\/v2\/posts\/232394\/revisions\/232450"}],"wp:featuredmedia":[{"embeddable":true,"href":"https:\/\/www.correiobraziliense.com.br\/cbradar\/wp-json\/wp\/v2\/media\/232390"}],"wp:attachment":[{"href":"https:\/\/www.correiobraziliense.com.br\/cbradar\/wp-json\/wp\/v2\/media?parent=232394"}],"wp:term":[{"taxonomy":"category","embeddable":true,"href":"https:\/\/www.correiobraziliense.com.br\/cbradar\/wp-json\/wp\/v2\/categories?post=232394"},{"taxonomy":"post_tag","embeddable":true,"href":"https:\/\/www.correiobraziliense.com.br\/cbradar\/wp-json\/wp\/v2\/post_tag?post=232394"}],"curies":[{"name":"wp","href":"https:\/\/api.w.org\/{rel}","templated":true}]}}