{"id":232397,"date":"2026-04-26T12:25:00","date_gmt":"2026-04-26T15:25:00","guid":{"rendered":"https:\/\/www.correiobraziliense.com.br\/cbradar\/?p=232397"},"modified":"2026-04-26T07:39:27","modified_gmt":"2026-04-26T10:39:27","slug":"a-psicologia-aponta-que-pessoas-que-preferem-a-madrugada-para-trabalhar-nao-sao-necessariamente-indisciplinadas-mas-encontram-no-silencio-noturno-o-alivio-da-ausencia-de-demandas-sociais","status":"publish","type":"post","link":"https:\/\/www.correiobraziliense.com.br\/cbradar\/a-psicologia-aponta-que-pessoas-que-preferem-a-madrugada-para-trabalhar-nao-sao-necessariamente-indisciplinadas-mas-encontram-no-silencio-noturno-o-alivio-da-ausencia-de-demandas-sociais\/","title":{"rendered":"A psicologia aponta que pessoas que preferem a madrugada para trabalhar n\u00e3o s\u00e3o necessariamente indisciplinadas, mas encontram no sil\u00eancio noturno o al\u00edvio da aus\u00eancia de demandas sociais"},"content":{"rendered":"\n<p>A <strong>psicologia<\/strong> ajuda a explicar por que o trabalho na madrugada n\u00e3o pode ser reduzido a desorganiza\u00e7\u00e3o ou falta de rotina. Para muita gente, o sil\u00eancio noturno diminui interrup\u00e7\u00f5es, baixa a press\u00e3o por resposta imediata e cria um estado de aten\u00e7\u00e3o mais est\u00e1vel. Nesse cen\u00e1rio, a produtividade aparece menos como for\u00e7a de vontade e mais como ajuste entre ritmo biol\u00f3gico, foco e ambiente.<\/p>\n\n\n\n<h2 class=\"wp-block-heading\">Por que algumas pessoas rendem melhor quando a casa inteira dorme?<\/h2>\n\n\n\n<p>O trabalho na madrugada costuma atrair perfis que sofrem mais com barulho, notifica\u00e7\u00f5es, conversas paralelas e cobran\u00e7as constantes ao longo do dia. Quando essas interfer\u00eancias somem, o c\u00e9rebro encontra uma faixa de concentra\u00e7\u00e3o mais limpa, com menos altern\u00e2ncia de tarefas e menos fadiga decis\u00f3ria.<\/p>\n\n\n\n<p>O sil\u00eancio noturno tamb\u00e9m reduz um tipo de vigil\u00e2ncia social que pesa sem ser percebido. Sem mensagens chegando, sem expectativa de disponibilidade e sem pequenos pedidos acumulados, muitas pessoas conseguem escrever, planejar, programar, estudar ou criar com continuidade, algo raro em hor\u00e1rios cheios de demandas sociais.<\/p>\n\n\n\n<h2 class=\"wp-block-heading\">Sil\u00eancio noturno melhora o foco ou apenas mascara o cansa\u00e7o?<\/h2>\n\n\n\n<p>Nem sempre o ganho vem de mais energia. Em muitos casos, ele vem de menos ru\u00eddo externo. A produtividade cresce porque a aten\u00e7\u00e3o n\u00e3o precisa se defender o tempo todo de interrup\u00e7\u00f5es. Esse efeito pode ser percebido em tarefas que exigem racioc\u00ednio, leitura longa, revis\u00e3o de texto, an\u00e1lise de dados e organiza\u00e7\u00e3o mental.<\/p>\n\n\n\n<p>H\u00e1 sinais pr\u00e1ticos de que o sil\u00eancio noturno est\u00e1 ajudando de verdade, e n\u00e3o apenas empurrando o corpo al\u00e9m do limite:<\/p>\n\n\n\n<ul class=\"wp-block-list\">\n<li>voc\u00ea entra em fluxo com rapidez e mant\u00e9m o foco por blocos longos<\/li>\n\n\n\n<li>o n\u00famero de pausas por distra\u00e7\u00e3o cai bastante<\/li>\n\n\n\n<li>erros por pressa diminuem durante a execu\u00e7\u00e3o<\/li>\n\n\n\n<li>a sensa\u00e7\u00e3o de exaust\u00e3o aparece depois, e n\u00e3o durante a tarefa<\/li>\n<\/ul>\n\n\n\n<figure class=\"wp-block-image\"><img decoding=\"async\" width=\"1280\" height=\"720\" src=\"https:\/\/www.correiobraziliense.com.br\/cbradar\/wp-content\/uploads\/2026\/04\/a-psicologia-aponta-que-pessoas-que-preferem-a-madrugad-corpo-1-1.jpg\" alt=\"Interrup\u00e7\u00f5es diurnas fragmentam a aten\u00e7\u00e3o e reduzem a produtividade mental.\" class=\"wp-image-232547\" srcset=\"https:\/\/www.correiobraziliense.com.br\/cbradar\/wp-content\/uploads\/2026\/04\/a-psicologia-aponta-que-pessoas-que-preferem-a-madrugad-corpo-1-1.jpg 1280w, https:\/\/www.correiobraziliense.com.br\/cbradar\/wp-content\/uploads\/2026\/04\/a-psicologia-aponta-que-pessoas-que-preferem-a-madrugad-corpo-1-1-300x169.jpg 300w, https:\/\/www.correiobraziliense.com.br\/cbradar\/wp-content\/uploads\/2026\/04\/a-psicologia-aponta-que-pessoas-que-preferem-a-madrugad-corpo-1-1-768x432.jpg 768w, https:\/\/www.correiobraziliense.com.br\/cbradar\/wp-content\/uploads\/2026\/04\/a-psicologia-aponta-que-pessoas-que-preferem-a-madrugad-corpo-1-1-750x422.jpg 750w, https:\/\/www.correiobraziliense.com.br\/cbradar\/wp-content\/uploads\/2026\/04\/a-psicologia-aponta-que-pessoas-que-preferem-a-madrugad-corpo-1-1-1140x641.jpg 1140w\" sizes=\"(max-width: 1280px) 100vw, 1280px\" \/><figcaption class=\"wp-element-caption\">Interrup\u00e7\u00f5es diurnas fragmentam a aten\u00e7\u00e3o e reduzem a produtividade mental.<\/figcaption><\/figure>\n\n\n\n<h2 class=\"wp-block-heading\">O que as demandas sociais tiram de quem tenta produzir durante o dia?<\/h2>\n\n\n\n<p>Demandas sociais n\u00e3o significam apenas encontros presenciais. Elas incluem mensagens, respostas esperadas, chamadas, pedidos pequenos, barulho dom\u00e9stico, reuni\u00f5es, avisos e a sensa\u00e7\u00e3o de estar permanentemente acess\u00edvel. Para certos perfis, esse contexto fragmenta a aten\u00e7\u00e3o mais do que parece.<\/p>\n\n\n\n<p>Na pr\u00e1tica, isso afeta a produtividade de formas bem concretas:<\/p>\n\n\n\n<ul class=\"wp-block-list\">\n<li>quebra o racioc\u00ednio em tarefas complexas<\/li>\n\n\n\n<li>aumenta o tempo para retomar uma atividade profunda<\/li>\n\n\n\n<li>gera ansiedade por antecipa\u00e7\u00e3o de novas interrup\u00e7\u00f5es<\/li>\n\n\n\n<li>troca trabalho de qualidade por trabalho reativo<\/li>\n<\/ul>\n\n\n\n<h2 class=\"wp-block-heading\">Existe base cient\u00edfica para essa prefer\u00eancia por hor\u00e1rios tardios?<\/h2>\n\n\n\n<p>A psicologia do sono e a cronobiologia j\u00e1 mostram que as pessoas n\u00e3o funcionam no mesmo rel\u00f3gio interno. Parte da popula\u00e7\u00e3o tende a ficar mais alerta no fim do dia e no in\u00edcio da noite, o que ajuda a entender por que o trabalho na madrugada pode parecer mais natural para alguns perfis, mesmo quando a rotina social empurra todos para hor\u00e1rios matinais.<\/p>\n\n\n\n<p>Segundo o estudo <strong>Circadian Type Determines Working Ability: Poorer Working Ability in Evening-Types is Mediated by Insufficient Sleep in a Large Population-Based Sample of Working-Age Adults<\/strong>, publicado no peri\u00f3dico <strong>Nature and Science of Sleep<\/strong>, pessoas de cronotipo vespertino relatam mais sono insuficiente e pior capacidade de trabalho quando precisam seguir hor\u00e1rios pouco alinhados ao pr\u00f3prio ritmo biol\u00f3gico. O artigo ajuda a separar prefer\u00eancia noturna de indisciplina, porque sugere que parte do problema est\u00e1 no desalinhamento entre rel\u00f3gio interno e agenda social, n\u00e3o em falta de compromisso. A pesquisa pode ser consultada neste <a href=\"https:\/\/pmc.ncbi.nlm.nih.gov\/articles\/PMC9056046\/\" target=\"_blank\" rel=\"noopener noreferrer\">registro completo do estudo<\/a>.<\/p>\n\n\n\n<h2 class=\"wp-block-heading\">Como distinguir h\u00e1bito funcional de rotina que cobra caro no dia seguinte?<\/h2>\n\n\n\n<p>Nem todo trabalho na madrugada \u00e9 sinal de bom encaixe com o pr\u00f3prio cronotipo. Se a pessoa dorme pouco, acorda exausta, depende de excesso de cafe\u00edna e passa o dia em n\u00e9voa mental, a conta aparece r\u00e1pido. O ponto central n\u00e3o \u00e9 amar a noite, e sim verificar se o corpo consegue sustentar recupera\u00e7\u00e3o, sono e desempenho ao longo da semana.<\/p>\n\n\n\n<p>Alguns crit\u00e9rios ajudam a observar esse limite com honestidade:<\/p>\n\n\n\n<ul class=\"wp-block-list\">\n<li>qualidade do sono nas horas seguintes ao expediente noturno<\/li>\n\n\n\n<li>n\u00edvel de irrita\u00e7\u00e3o ou lentid\u00e3o no dia posterior<\/li>\n\n\n\n<li>regularidade da rotina, sem grandes oscila\u00e7\u00f5es<\/li>\n\n\n\n<li>capacidade de manter aten\u00e7\u00e3o e humor sem compensa\u00e7\u00f5es extremas<\/li>\n<\/ul>\n\n\n\n<h2 class=\"wp-block-heading\">Produtividade \u00e0 noite significa personalidade antissocial?<\/h2>\n\n\n\n<p>N\u00e3o. Muitas vezes significa apenas menor desgaste com exposi\u00e7\u00e3o cont\u00ednua, menor toler\u00e2ncia a interrup\u00e7\u00f5es e melhor desempenho em ambientes previs\u00edveis. A psicologia observa que tra\u00e7os de sensibilidade, introvers\u00e3o, necessidade de autonomia e prefer\u00eancia por baixa estimula\u00e7\u00e3o podem tornar o sil\u00eancio noturno especialmente favor\u00e1vel.<\/p>\n\n\n\n<p>Quando o assunto \u00e9 curiosidade sobre comportamento, trabalho na madrugada, sil\u00eancio noturno e demandas sociais formam uma combina\u00e7\u00e3o reveladora. A produtividade n\u00e3o nasce s\u00f3 de disciplina vis\u00edvel. Ela tamb\u00e9m depende de contexto, ritmo circadiano, carga mental e da quantidade de energia gasta para lidar com a presen\u00e7a constante dos outros.<\/p>\n","protected":false},"excerpt":{"rendered":"<p>A psicologia ajuda a explicar por que o trabalho na madrugada n\u00e3o pode ser reduzido a desorganiza\u00e7\u00e3o ou falta de rotina. Para muita gente, o sil\u00eancio noturno diminui interrup\u00e7\u00f5es, baixa a press\u00e3o por resposta imediata e cria um estado de aten\u00e7\u00e3o mais est\u00e1vel. Nesse cen\u00e1rio, a produtividade aparece menos como for\u00e7a de vontade e mais [&hellip;]<\/p>\n","protected":false},"author":12,"featured_media":232395,"comment_status":"open","ping_status":"open","sticky":false,"template":"","format":"standard","meta":{"_yoast_wpseo_focuskw":"psicologia","_yoast_wpseo_title":"","_yoast_wpseo_metadesc":"A psicologia tem uma leitura menos \u00f3bvia sobre quem trabalha de madrugada, e o sil\u00eancio noturno pode ter um peso maior do que parece nisso","jnews-multi-image_gallery":[],"jnews_single_post":{"format":"standard"},"jnews_primary_category":[],"jnews_social_meta":[],"jnews_override_counter":[],"footnotes":""},"categories":[112],"post_tag":[],"class_list":["post-232397","post","type-post","status-publish","format-standard","has-post-thumbnail","hentry","category-curiosidades"],"yoast_head":"<!-- This site is optimized with the Yoast SEO plugin v24.6 - https:\/\/yoast.com\/wordpress\/plugins\/seo\/ -->\n<title>A psicologia aponta que pessoas que preferem a madrugada para trabalhar n\u00e3o s\u00e3o necessariamente indisciplinadas, mas encontram no sil\u00eancio noturno o al\u00edvio da aus\u00eancia de demandas sociais - Correio Braziliense - Radar<\/title>\n<meta name=\"description\" content=\"A psicologia tem uma leitura menos \u00f3bvia sobre quem trabalha de madrugada, e o sil\u00eancio noturno pode ter um peso maior do que parece nisso\" \/>\n<meta name=\"robots\" content=\"index, follow, max-snippet:-1, max-image-preview:large, max-video-preview:-1\" \/>\n<link rel=\"canonical\" href=\"https:\/\/www.correiobraziliense.com.br\/cbradar\/a-psicologia-aponta-que-pessoas-que-preferem-a-madrugada-para-trabalhar-nao-sao-necessariamente-indisciplinadas-mas-encontram-no-silencio-noturno-o-alivio-da-ausencia-de-demandas-sociais\/\" \/>\n<meta property=\"og:locale\" content=\"pt_BR\" \/>\n<meta property=\"og:type\" content=\"article\" \/>\n<meta property=\"og:title\" content=\"A psicologia aponta que pessoas que preferem a madrugada para trabalhar n\u00e3o s\u00e3o necessariamente indisciplinadas, mas encontram no sil\u00eancio noturno o al\u00edvio da aus\u00eancia de demandas sociais - Correio Braziliense - Radar\" \/>\n<meta property=\"og:description\" content=\"A psicologia tem uma leitura menos \u00f3bvia sobre quem trabalha de madrugada, e o sil\u00eancio noturno pode ter um peso maior do que parece nisso\" \/>\n<meta property=\"og:url\" content=\"https:\/\/www.correiobraziliense.com.br\/cbradar\/a-psicologia-aponta-que-pessoas-que-preferem-a-madrugada-para-trabalhar-nao-sao-necessariamente-indisciplinadas-mas-encontram-no-silencio-noturno-o-alivio-da-ausencia-de-demandas-sociais\/\" \/>\n<meta property=\"og:site_name\" content=\"Correio Braziliense - Radar\" \/>\n<meta property=\"article:published_time\" content=\"2026-04-26T15:25:00+00:00\" \/>\n<meta property=\"og:image\" content=\"https:\/\/www.correiobraziliense.com.br\/cbradar\/wp-content\/uploads\/2026\/04\/a-psicologia-aponta-que-pessoas-que-preferem-a-madrugada-par-1.jpg\" \/>\n\t<meta property=\"og:image:width\" content=\"1280\" \/>\n\t<meta property=\"og:image:height\" content=\"720\" \/>\n\t<meta property=\"og:image:type\" content=\"image\/jpeg\" \/>\n<meta name=\"author\" content=\"Gabriel Leme\" \/>\n<meta name=\"twitter:card\" content=\"summary_large_image\" \/>\n<meta name=\"twitter:label1\" content=\"Escrito por\" \/>\n\t<meta name=\"twitter:data1\" content=\"Gabriel Leme\" \/>\n\t<meta name=\"twitter:label2\" content=\"Est. tempo de leitura\" \/>\n\t<meta name=\"twitter:data2\" content=\"5 minutos\" \/>\n<!-- \/ Yoast SEO plugin. -->","yoast_head_json":{"title":"A psicologia aponta que pessoas que preferem a madrugada para trabalhar n\u00e3o s\u00e3o necessariamente indisciplinadas, mas encontram no sil\u00eancio noturno o al\u00edvio da aus\u00eancia de demandas sociais - Correio Braziliense - Radar","description":"A psicologia tem uma leitura menos \u00f3bvia sobre quem trabalha de madrugada, e o sil\u00eancio noturno pode ter um peso maior do que parece nisso","robots":{"index":"index","follow":"follow","max-snippet":"max-snippet:-1","max-image-preview":"max-image-preview:large","max-video-preview":"max-video-preview:-1"},"canonical":"https:\/\/www.correiobraziliense.com.br\/cbradar\/a-psicologia-aponta-que-pessoas-que-preferem-a-madrugada-para-trabalhar-nao-sao-necessariamente-indisciplinadas-mas-encontram-no-silencio-noturno-o-alivio-da-ausencia-de-demandas-sociais\/","og_locale":"pt_BR","og_type":"article","og_title":"A psicologia aponta que pessoas que preferem a madrugada para trabalhar n\u00e3o s\u00e3o necessariamente indisciplinadas, mas encontram no sil\u00eancio noturno o al\u00edvio da aus\u00eancia de demandas sociais - Correio Braziliense - Radar","og_description":"A psicologia tem uma leitura menos \u00f3bvia sobre quem trabalha de madrugada, e o sil\u00eancio noturno pode ter um peso maior do que parece nisso","og_url":"https:\/\/www.correiobraziliense.com.br\/cbradar\/a-psicologia-aponta-que-pessoas-que-preferem-a-madrugada-para-trabalhar-nao-sao-necessariamente-indisciplinadas-mas-encontram-no-silencio-noturno-o-alivio-da-ausencia-de-demandas-sociais\/","og_site_name":"Correio Braziliense - Radar","article_published_time":"2026-04-26T15:25:00+00:00","og_image":[{"width":1280,"height":720,"url":"https:\/\/www.correiobraziliense.com.br\/cbradar\/wp-content\/uploads\/2026\/04\/a-psicologia-aponta-que-pessoas-que-preferem-a-madrugada-par-1.jpg","type":"image\/jpeg"}],"author":"Gabriel Leme","twitter_card":"summary_large_image","twitter_misc":{"Escrito por":"Gabriel Leme","Est. tempo de leitura":"5 minutos"},"schema":{"@context":"https:\/\/schema.org","@graph":[{"@type":"WebPage","@id":"https:\/\/www.correiobraziliense.com.br\/cbradar\/a-psicologia-aponta-que-pessoas-que-preferem-a-madrugada-para-trabalhar-nao-sao-necessariamente-indisciplinadas-mas-encontram-no-silencio-noturno-o-alivio-da-ausencia-de-demandas-sociais\/","url":"https:\/\/www.correiobraziliense.com.br\/cbradar\/a-psicologia-aponta-que-pessoas-que-preferem-a-madrugada-para-trabalhar-nao-sao-necessariamente-indisciplinadas-mas-encontram-no-silencio-noturno-o-alivio-da-ausencia-de-demandas-sociais\/","name":"A psicologia aponta que pessoas que preferem a madrugada para trabalhar n\u00e3o s\u00e3o necessariamente indisciplinadas, mas encontram no sil\u00eancio noturno o al\u00edvio da aus\u00eancia de demandas sociais - Correio Braziliense - Radar","isPartOf":{"@id":"https:\/\/www.correiobraziliense.com.br\/cbradar\/#website"},"primaryImageOfPage":{"@id":"https:\/\/www.correiobraziliense.com.br\/cbradar\/a-psicologia-aponta-que-pessoas-que-preferem-a-madrugada-para-trabalhar-nao-sao-necessariamente-indisciplinadas-mas-encontram-no-silencio-noturno-o-alivio-da-ausencia-de-demandas-sociais\/#primaryimage"},"image":{"@id":"https:\/\/www.correiobraziliense.com.br\/cbradar\/a-psicologia-aponta-que-pessoas-que-preferem-a-madrugada-para-trabalhar-nao-sao-necessariamente-indisciplinadas-mas-encontram-no-silencio-noturno-o-alivio-da-ausencia-de-demandas-sociais\/#primaryimage"},"thumbnailUrl":"https:\/\/www.correiobraziliense.com.br\/cbradar\/wp-content\/uploads\/2026\/04\/a-psicologia-aponta-que-pessoas-que-preferem-a-madrugada-par-1.jpg","datePublished":"2026-04-26T15:25:00+00:00","author":{"@id":"https:\/\/www.correiobraziliense.com.br\/cbradar\/#\/schema\/person\/67a081d63a0fe55fb267145a7be2f7c1"},"description":"A psicologia tem uma leitura menos \u00f3bvia sobre quem trabalha de madrugada, e o sil\u00eancio noturno pode ter um peso maior do que parece nisso","breadcrumb":{"@id":"https:\/\/www.correiobraziliense.com.br\/cbradar\/a-psicologia-aponta-que-pessoas-que-preferem-a-madrugada-para-trabalhar-nao-sao-necessariamente-indisciplinadas-mas-encontram-no-silencio-noturno-o-alivio-da-ausencia-de-demandas-sociais\/#breadcrumb"},"inLanguage":"pt-BR","potentialAction":[{"@type":"ReadAction","target":["https:\/\/www.correiobraziliense.com.br\/cbradar\/a-psicologia-aponta-que-pessoas-que-preferem-a-madrugada-para-trabalhar-nao-sao-necessariamente-indisciplinadas-mas-encontram-no-silencio-noturno-o-alivio-da-ausencia-de-demandas-sociais\/"]}]},{"@type":"ImageObject","inLanguage":"pt-BR","@id":"https:\/\/www.correiobraziliense.com.br\/cbradar\/a-psicologia-aponta-que-pessoas-que-preferem-a-madrugada-para-trabalhar-nao-sao-necessariamente-indisciplinadas-mas-encontram-no-silencio-noturno-o-alivio-da-ausencia-de-demandas-sociais\/#primaryimage","url":"https:\/\/www.correiobraziliense.com.br\/cbradar\/wp-content\/uploads\/2026\/04\/a-psicologia-aponta-que-pessoas-que-preferem-a-madrugada-par-1.jpg","contentUrl":"https:\/\/www.correiobraziliense.com.br\/cbradar\/wp-content\/uploads\/2026\/04\/a-psicologia-aponta-que-pessoas-que-preferem-a-madrugada-par-1.jpg","width":1280,"height":720,"caption":"Sil\u00eancio noturno favorece foco profundo e trabalho alinhado ao ritmo biol\u00f3gico."},{"@type":"BreadcrumbList","@id":"https:\/\/www.correiobraziliense.com.br\/cbradar\/a-psicologia-aponta-que-pessoas-que-preferem-a-madrugada-para-trabalhar-nao-sao-necessariamente-indisciplinadas-mas-encontram-no-silencio-noturno-o-alivio-da-ausencia-de-demandas-sociais\/#breadcrumb","itemListElement":[{"@type":"ListItem","position":1,"name":"In\u00edcio","item":"https:\/\/www.correiobraziliense.com.br\/cbradar\/"},{"@type":"ListItem","position":2,"name":"A psicologia aponta que pessoas que preferem a madrugada para trabalhar n\u00e3o s\u00e3o necessariamente indisciplinadas, mas encontram no sil\u00eancio noturno o al\u00edvio da aus\u00eancia de demandas sociais"}]},{"@type":"WebSite","@id":"https:\/\/www.correiobraziliense.com.br\/cbradar\/#website","url":"https:\/\/www.correiobraziliense.com.br\/cbradar\/","name":"Correio Braziliense - Radar","description":"Acompanhe as \u00faltimas not\u00edcias e fique bem informado sobre tudo o que acontece no Brasil e no mundo.","potentialAction":[{"@type":"SearchAction","target":{"@type":"EntryPoint","urlTemplate":"https:\/\/www.correiobraziliense.com.br\/cbradar\/?s={search_term_string}"},"query-input":{"@type":"PropertyValueSpecification","valueRequired":true,"valueName":"search_term_string"}}],"inLanguage":"pt-BR"},{"@type":"Person","@id":"https:\/\/www.correiobraziliense.com.br\/cbradar\/#\/schema\/person\/67a081d63a0fe55fb267145a7be2f7c1","name":"Gabriel Leme","image":{"@type":"ImageObject","inLanguage":"pt-BR","@id":"https:\/\/www.correiobraziliense.com.br\/cbradar\/#\/schema\/person\/image\/","url":"https:\/\/secure.gravatar.com\/avatar\/85bf2e3517d27149969b72412b460c20?s=96&d=mm&r=g","contentUrl":"https:\/\/secure.gravatar.com\/avatar\/85bf2e3517d27149969b72412b460c20?s=96&d=mm&r=g","caption":"Gabriel Leme"},"sameAs":["https:\/\/www.correiobraziliense.com.br\/"],"url":"https:\/\/www.correiobraziliense.com.br\/cbradar\/author\/gabrielmyth\/"}]}},"_links":{"self":[{"href":"https:\/\/www.correiobraziliense.com.br\/cbradar\/wp-json\/wp\/v2\/posts\/232397","targetHints":{"allow":["GET"]}}],"collection":[{"href":"https:\/\/www.correiobraziliense.com.br\/cbradar\/wp-json\/wp\/v2\/posts"}],"about":[{"href":"https:\/\/www.correiobraziliense.com.br\/cbradar\/wp-json\/wp\/v2\/types\/post"}],"author":[{"embeddable":true,"href":"https:\/\/www.correiobraziliense.com.br\/cbradar\/wp-json\/wp\/v2\/users\/12"}],"replies":[{"embeddable":true,"href":"https:\/\/www.correiobraziliense.com.br\/cbradar\/wp-json\/wp\/v2\/comments?post=232397"}],"version-history":[{"count":3,"href":"https:\/\/www.correiobraziliense.com.br\/cbradar\/wp-json\/wp\/v2\/posts\/232397\/revisions"}],"predecessor-version":[{"id":232548,"href":"https:\/\/www.correiobraziliense.com.br\/cbradar\/wp-json\/wp\/v2\/posts\/232397\/revisions\/232548"}],"wp:featuredmedia":[{"embeddable":true,"href":"https:\/\/www.correiobraziliense.com.br\/cbradar\/wp-json\/wp\/v2\/media\/232395"}],"wp:attachment":[{"href":"https:\/\/www.correiobraziliense.com.br\/cbradar\/wp-json\/wp\/v2\/media?parent=232397"}],"wp:term":[{"taxonomy":"category","embeddable":true,"href":"https:\/\/www.correiobraziliense.com.br\/cbradar\/wp-json\/wp\/v2\/categories?post=232397"},{"taxonomy":"post_tag","embeddable":true,"href":"https:\/\/www.correiobraziliense.com.br\/cbradar\/wp-json\/wp\/v2\/post_tag?post=232397"}],"curies":[{"name":"wp","href":"https:\/\/api.w.org\/{rel}","templated":true}]}}