{"id":232400,"date":"2026-04-26T13:45:00","date_gmt":"2026-04-26T16:45:00","guid":{"rendered":"https:\/\/www.correiobraziliense.com.br\/cbradar\/?p=232400"},"modified":"2026-04-26T07:40:25","modified_gmt":"2026-04-26T10:40:25","slug":"a-psicologia-diz-que-ter-grandes-lacunas-de-memoria-em-relacao-aos-primeiros-anos-de-vida-nao-e-esquecimento-natural-mas-muitas-vezes-um-mecanismo-de-dissociacao-para-isolar-o-estresse-continuo","status":"publish","type":"post","link":"https:\/\/www.correiobraziliense.com.br\/cbradar\/a-psicologia-diz-que-ter-grandes-lacunas-de-memoria-em-relacao-aos-primeiros-anos-de-vida-nao-e-esquecimento-natural-mas-muitas-vezes-um-mecanismo-de-dissociacao-para-isolar-o-estresse-continuo\/","title":{"rendered":"A psicologia diz que ter grandes lacunas de mem\u00f3ria em rela\u00e7\u00e3o aos primeiros anos de vida n\u00e3o \u00e9 esquecimento natural, mas muitas vezes um mecanismo de dissocia\u00e7\u00e3o para isolar o estresse cont\u00ednuo"},"content":{"rendered":"\n<p><strong>Psicologia<\/strong> e neurodesenvolvimento tratam as lembran\u00e7as da inf\u00e2ncia como parte da mem\u00f3ria autobiogr\u00e1fica, um sistema que organiza experi\u00eancias, emo\u00e7\u00f5es e contexto. Quando surgem <strong>lacunas de mem\u00f3ria<\/strong> muito amplas nos primeiros anos, o debate cl\u00ednico vai al\u00e9m do esquecimento comum e inclui dissocia\u00e7\u00e3o, resposta ps\u00edquica que pode aparecer diante de estresse cont\u00ednuo e sobrecarga emocional na inf\u00e2ncia.<\/p>\n\n\n\n<h2 class=\"wp-block-heading\">Por que os primeiros anos nem sempre ficam claros na lembran\u00e7a?<\/h2>\n\n\n\n<p>Nem toda falha de recorda\u00e7\u00e3o indica problema. A inf\u00e2ncia precoce j\u00e1 costuma ser menos acess\u00edvel porque linguagem, percep\u00e7\u00e3o de tempo e consolida\u00e7\u00e3o da mem\u00f3ria ainda est\u00e3o em forma\u00e7\u00e3o. O ponto de aten\u00e7\u00e3o aparece quando a pessoa relata blocos inteiros apagados, dificuldade persistente para reconstruir cenas b\u00e1sicas e sensa\u00e7\u00e3o de desligamento ao tentar lembrar.<\/p>\n\n\n\n<p>Nesse cen\u00e1rio, a dissocia\u00e7\u00e3o entra como hip\u00f3tese importante. Em vez de registrar e integrar experi\u00eancias de forma cont\u00ednua, a mente pode separar partes da viv\u00eancia para reduzir impacto afetivo. Isso n\u00e3o significa que toda lembran\u00e7a ausente seja trauma, mas mostra que <strong>dissocia\u00e7\u00e3o<\/strong> e mem\u00f3ria podem se cruzar de forma mais complexa do que parece.<\/p>\n\n\n\n<h2 class=\"wp-block-heading\">O que diferencia o esquecimento natural das lacunas de mem\u00f3ria extensas?<\/h2>\n\n\n\n<p>O esquecimento natural costuma ser fragmentado. A pessoa n\u00e3o lembra de detalhes, datas ou sequ\u00eancias, mas preserva refer\u00eancias soltas, cheiros, ambientes e personagens. J\u00e1 as lacunas de mem\u00f3ria associadas a sofrimento ps\u00edquico tendem a envolver trechos longos, confus\u00e3o sobre per\u00edodos inteiros da inf\u00e2ncia e sensa\u00e7\u00e3o de estranhamento diante da pr\u00f3pria hist\u00f3ria.<\/p>\n\n\n\n<p>Alguns sinais pedem leitura cuidadosa no consult\u00f3rio e nunca uma conclus\u00e3o apressada:<\/p>\n\n\n\n<ul class=\"wp-block-list\">\n<li>apag\u00f5es recorrentes sobre fases espec\u00edficas da inf\u00e2ncia<\/li>\n\n\n\n<li>desconforto f\u00edsico ou emocional ao tentar recordar<\/li>\n\n\n\n<li>sensa\u00e7\u00e3o de estar vendo a pr\u00f3pria hist\u00f3ria de fora<\/li>\n\n\n\n<li>mem\u00f3rias muito desconexas, sem linha temporal m\u00ednima<\/li>\n<\/ul>\n\n\n\n<h2 class=\"wp-block-heading\">Como a dissocia\u00e7\u00e3o pode funcionar diante do estresse cont\u00ednuo?<\/h2>\n\n\n\n<p>Quando o ambiente infantil \u00e9 marcado por tens\u00e3o repetida, imprevisibilidade, medo ou vigil\u00e2ncia constante, o c\u00e9rebro prioriza sobreviv\u00eancia emocional. Em vez de elaborar cada epis\u00f3dio com come\u00e7o, meio e fim, a crian\u00e7a pode aprender a se desligar de sensa\u00e7\u00f5es, emo\u00e7\u00f5es e trechos da experi\u00eancia. Esse afastamento interno reduz o impacto imediato, mas pode cobrar um pre\u00e7o anos depois, inclusive na organiza\u00e7\u00e3o da mem\u00f3ria autobiogr\u00e1fica.<\/p>\n\n\n\n<p>O estresse cont\u00ednuo n\u00e3o precisa estar ligado apenas a um evento extremo isolado. Conflitos persistentes, humilha\u00e7\u00e3o frequente, neglig\u00eancia, instabilidade familiar e exposi\u00e7\u00e3o prolongada a amea\u00e7a tamb\u00e9m podem afetar a forma como a inf\u00e2ncia \u00e9 registrada. A psicologia cl\u00ednica observa esse padr\u00e3o com cautela, porque contexto, intensidade e dura\u00e7\u00e3o fazem diferen\u00e7a na leitura do caso.<\/p>\n\n\n\n<figure class=\"wp-block-image\"><img decoding=\"async\" width=\"1280\" height=\"720\" src=\"https:\/\/www.correiobraziliense.com.br\/cbradar\/wp-content\/uploads\/2026\/04\/a-psicologia-diz-que-ter-grandes-lacunas-de-memoria-em-corpo-1-1.jpg\" alt=\"Avalia\u00e7\u00e3o cl\u00ednica ajuda a diferenciar esquecimento natural de dissocia\u00e7\u00e3o persistente.\" class=\"wp-image-232553\" srcset=\"https:\/\/www.correiobraziliense.com.br\/cbradar\/wp-content\/uploads\/2026\/04\/a-psicologia-diz-que-ter-grandes-lacunas-de-memoria-em-corpo-1-1.jpg 1280w, https:\/\/www.correiobraziliense.com.br\/cbradar\/wp-content\/uploads\/2026\/04\/a-psicologia-diz-que-ter-grandes-lacunas-de-memoria-em-corpo-1-1-300x169.jpg 300w, https:\/\/www.correiobraziliense.com.br\/cbradar\/wp-content\/uploads\/2026\/04\/a-psicologia-diz-que-ter-grandes-lacunas-de-memoria-em-corpo-1-1-768x432.jpg 768w, https:\/\/www.correiobraziliense.com.br\/cbradar\/wp-content\/uploads\/2026\/04\/a-psicologia-diz-que-ter-grandes-lacunas-de-memoria-em-corpo-1-1-750x422.jpg 750w, https:\/\/www.correiobraziliense.com.br\/cbradar\/wp-content\/uploads\/2026\/04\/a-psicologia-diz-que-ter-grandes-lacunas-de-memoria-em-corpo-1-1-1140x641.jpg 1140w\" sizes=\"(max-width: 1280px) 100vw, 1280px\" \/><figcaption class=\"wp-element-caption\">Avalia\u00e7\u00e3o cl\u00ednica ajuda a diferenciar esquecimento natural de dissocia\u00e7\u00e3o persistente.<\/figcaption><\/figure>\n\n\n\n<h2 class=\"wp-block-heading\">O que os estudos mostram sobre inf\u00e2ncia, trauma e mem\u00f3ria autobiogr\u00e1fica?<\/h2>\n\n\n\n<p>A liga\u00e7\u00e3o entre inf\u00e2ncia, trauma e recorda\u00e7\u00e3o ganhou for\u00e7a justamente porque muitos pacientes descrevem mem\u00f3rias quebradas, vagas ou excessivamente gerais. Segundo a revis\u00e3o sistem\u00e1tica <strong>The relationship between childhood interpersonal and non-interpersonal trauma and autobiographical memory<\/strong>, publicada no peri\u00f3dico <strong>Frontiers in Psychology<\/strong>, a literatura aponta associa\u00e7\u00f5es entre trauma infantil e altera\u00e7\u00f5es na mem\u00f3ria autobiogr\u00e1fica, embora os resultados variem conforme tipo de trauma, idade e m\u00e9todo de avalia\u00e7\u00e3o. O estudo pode ser consultado em <a href=\"https:\/\/pubmed.ncbi.nlm.nih.gov\/38298520\/\" target=\"_blank\" rel=\"noopener noreferrer\">p\u00e1gina indexada no PubMed da revis\u00e3o publicada em Frontiers in Psychology<\/a>.<\/p>\n\n\n\n<p>Esse dado ajuda a entender por que as lacunas de mem\u00f3ria n\u00e3o devem ser tratadas como simples distra\u00e7\u00e3o ou falta de aten\u00e7\u00e3o. A revis\u00e3o mostra que experi\u00eancias interpessoais adversas na inf\u00e2ncia podem afetar a especificidade e a integra\u00e7\u00e3o das lembran\u00e7as. Em linguagem pr\u00e1tica, a pessoa pode guardar fragmentos emocionais intensos, mas ter dificuldade para montar a narrativa completa da pr\u00f3pria inf\u00e2ncia.<\/p>\n\n\n\n<h2 class=\"wp-block-heading\">Quando vale procurar avalia\u00e7\u00e3o cl\u00ednica?<\/h2>\n\n\n\n<p>Se as lacunas de mem\u00f3ria v\u00eam acompanhadas de ansiedade, epis\u00f3dios de desligamento, confus\u00e3o sobre fatos pessoais ou sofrimento ao tocar no tema, a avalia\u00e7\u00e3o profissional faz sentido. Psic\u00f3logo e psiquiatra investigam hist\u00f3rico, padr\u00e3o dos esquecimentos, sintomas associados e condi\u00e7\u00f5es neurol\u00f3gicas ou emocionais que possam interferir no quadro.<\/p>\n\n\n\n<p>Algumas situa\u00e7\u00f5es merecem mais aten\u00e7\u00e3o no dia a dia:<\/p>\n\n\n\n<ul class=\"wp-block-list\">\n<li>dificuldade em lembrar partes relevantes da pr\u00f3pria hist\u00f3ria<\/li>\n\n\n\n<li>sensa\u00e7\u00e3o frequente de irrealidade ou desconex\u00e3o<\/li>\n\n\n\n<li>rea\u00e7\u00f5es intensas a gatilhos sem lembran\u00e7a clara da origem<\/li>\n\n\n\n<li>impacto nas rela\u00e7\u00f5es, no trabalho ou na autoestima<\/li>\n<\/ul>\n\n\n\n<h2 class=\"wp-block-heading\">Por que esse tema desperta tanta curiosidade?<\/h2>\n\n\n\n<p>Porque ele mexe com uma cren\u00e7a comum, a de que mem\u00f3ria funciona como arquivo intacto. A psicologia mostra que lembrar depende de emo\u00e7\u00e3o, linguagem, v\u00ednculo, aten\u00e7\u00e3o e sensa\u00e7\u00e3o de seguran\u00e7a. Quando a inf\u00e2ncia foi atravessada por estresse cont\u00ednuo, a mente pode registrar menos uma sequ\u00eancia organizada e mais fragmentos dispersos.<\/p>\n\n\n\n<p>Esse olhar amplia a conversa sobre sa\u00fade mental sem transformar toda lembran\u00e7a falha em diagn\u00f3stico. Em Curiosidades, o tema chama aten\u00e7\u00e3o justamente por revelar que mem\u00f3ria, dissocia\u00e7\u00e3o e inf\u00e2ncia se encontram em um terreno delicado, onde o funcionamento ps\u00edquico tenta proteger a pessoa do excesso, mesmo que isso deixe marcas na forma de lembrar o passado.<\/p>\n","protected":false},"excerpt":{"rendered":"<p>Psicologia e neurodesenvolvimento tratam as lembran\u00e7as da inf\u00e2ncia como parte da mem\u00f3ria autobiogr\u00e1fica, um sistema que organiza experi\u00eancias, emo\u00e7\u00f5es e contexto. Quando surgem lacunas de mem\u00f3ria muito amplas nos primeiros anos, o debate cl\u00ednico vai al\u00e9m do esquecimento comum e inclui dissocia\u00e7\u00e3o, resposta ps\u00edquica que pode aparecer diante de estresse cont\u00ednuo e sobrecarga emocional na [&hellip;]<\/p>\n","protected":false},"author":12,"featured_media":232398,"comment_status":"open","ping_status":"open","sticky":false,"template":"","format":"standard","meta":{"_yoast_wpseo_focuskw":"psicologia","_yoast_wpseo_title":"","_yoast_wpseo_metadesc":"A psicologia tem um olhar pouco \u00f3bvio sobre lacunas de mem\u00f3ria na inf\u00e2ncia, e esse detalhe muda a forma de encarar o estresse cont\u00ednuo","jnews-multi-image_gallery":[],"jnews_single_post":{"format":"standard"},"jnews_primary_category":[],"jnews_social_meta":[],"jnews_override_counter":[],"footnotes":""},"categories":[112],"post_tag":[],"class_list":["post-232400","post","type-post","status-publish","format-standard","has-post-thumbnail","hentry","category-curiosidades"],"yoast_head":"<!-- This site is optimized with the Yoast SEO plugin v24.6 - https:\/\/yoast.com\/wordpress\/plugins\/seo\/ -->\n<title>A psicologia diz que ter grandes lacunas de mem\u00f3ria em rela\u00e7\u00e3o aos primeiros anos de vida n\u00e3o \u00e9 esquecimento natural, mas muitas vezes um mecanismo de dissocia\u00e7\u00e3o para isolar o estresse cont\u00ednuo - Correio Braziliense - Radar<\/title>\n<meta name=\"description\" content=\"A psicologia tem um olhar pouco \u00f3bvio sobre lacunas de mem\u00f3ria na inf\u00e2ncia, e esse detalhe muda a forma de encarar o estresse cont\u00ednuo\" \/>\n<meta name=\"robots\" content=\"index, follow, max-snippet:-1, max-image-preview:large, max-video-preview:-1\" \/>\n<link rel=\"canonical\" href=\"https:\/\/www.correiobraziliense.com.br\/cbradar\/a-psicologia-diz-que-ter-grandes-lacunas-de-memoria-em-relacao-aos-primeiros-anos-de-vida-nao-e-esquecimento-natural-mas-muitas-vezes-um-mecanismo-de-dissociacao-para-isolar-o-estresse-continuo\/\" \/>\n<meta property=\"og:locale\" content=\"pt_BR\" \/>\n<meta property=\"og:type\" content=\"article\" \/>\n<meta property=\"og:title\" content=\"A psicologia diz que ter grandes lacunas de mem\u00f3ria em rela\u00e7\u00e3o aos primeiros anos de vida n\u00e3o \u00e9 esquecimento natural, mas muitas vezes um mecanismo de dissocia\u00e7\u00e3o para isolar o estresse cont\u00ednuo - Correio Braziliense - Radar\" \/>\n<meta property=\"og:description\" content=\"A psicologia tem um olhar pouco \u00f3bvio sobre lacunas de mem\u00f3ria na inf\u00e2ncia, e esse detalhe muda a forma de encarar o estresse cont\u00ednuo\" \/>\n<meta property=\"og:url\" content=\"https:\/\/www.correiobraziliense.com.br\/cbradar\/a-psicologia-diz-que-ter-grandes-lacunas-de-memoria-em-relacao-aos-primeiros-anos-de-vida-nao-e-esquecimento-natural-mas-muitas-vezes-um-mecanismo-de-dissociacao-para-isolar-o-estresse-continuo\/\" \/>\n<meta property=\"og:site_name\" content=\"Correio Braziliense - Radar\" \/>\n<meta property=\"article:published_time\" content=\"2026-04-26T16:45:00+00:00\" \/>\n<meta property=\"og:image\" content=\"https:\/\/www.correiobraziliense.com.br\/cbradar\/wp-content\/uploads\/2026\/04\/a-psicologia-diz-que-ter-grandes-lacunas-de-memoria-em-relac-1.jpg\" \/>\n\t<meta property=\"og:image:width\" content=\"1280\" \/>\n\t<meta property=\"og:image:height\" content=\"720\" \/>\n\t<meta property=\"og:image:type\" content=\"image\/jpeg\" \/>\n<meta name=\"author\" content=\"Gabriel Leme\" \/>\n<meta name=\"twitter:card\" content=\"summary_large_image\" \/>\n<meta name=\"twitter:label1\" content=\"Escrito por\" \/>\n\t<meta name=\"twitter:data1\" content=\"Gabriel Leme\" \/>\n\t<meta name=\"twitter:label2\" content=\"Est. tempo de leitura\" \/>\n\t<meta name=\"twitter:data2\" content=\"5 minutos\" \/>\n<!-- \/ Yoast SEO plugin. -->","yoast_head_json":{"title":"A psicologia diz que ter grandes lacunas de mem\u00f3ria em rela\u00e7\u00e3o aos primeiros anos de vida n\u00e3o \u00e9 esquecimento natural, mas muitas vezes um mecanismo de dissocia\u00e7\u00e3o para isolar o estresse cont\u00ednuo - Correio Braziliense - Radar","description":"A psicologia tem um olhar pouco \u00f3bvio sobre lacunas de mem\u00f3ria na inf\u00e2ncia, e esse detalhe muda a forma de encarar o estresse cont\u00ednuo","robots":{"index":"index","follow":"follow","max-snippet":"max-snippet:-1","max-image-preview":"max-image-preview:large","max-video-preview":"max-video-preview:-1"},"canonical":"https:\/\/www.correiobraziliense.com.br\/cbradar\/a-psicologia-diz-que-ter-grandes-lacunas-de-memoria-em-relacao-aos-primeiros-anos-de-vida-nao-e-esquecimento-natural-mas-muitas-vezes-um-mecanismo-de-dissociacao-para-isolar-o-estresse-continuo\/","og_locale":"pt_BR","og_type":"article","og_title":"A psicologia diz que ter grandes lacunas de mem\u00f3ria em rela\u00e7\u00e3o aos primeiros anos de vida n\u00e3o \u00e9 esquecimento natural, mas muitas vezes um mecanismo de dissocia\u00e7\u00e3o para isolar o estresse cont\u00ednuo - Correio Braziliense - Radar","og_description":"A psicologia tem um olhar pouco \u00f3bvio sobre lacunas de mem\u00f3ria na inf\u00e2ncia, e esse detalhe muda a forma de encarar o estresse cont\u00ednuo","og_url":"https:\/\/www.correiobraziliense.com.br\/cbradar\/a-psicologia-diz-que-ter-grandes-lacunas-de-memoria-em-relacao-aos-primeiros-anos-de-vida-nao-e-esquecimento-natural-mas-muitas-vezes-um-mecanismo-de-dissociacao-para-isolar-o-estresse-continuo\/","og_site_name":"Correio Braziliense - Radar","article_published_time":"2026-04-26T16:45:00+00:00","og_image":[{"width":1280,"height":720,"url":"https:\/\/www.correiobraziliense.com.br\/cbradar\/wp-content\/uploads\/2026\/04\/a-psicologia-diz-que-ter-grandes-lacunas-de-memoria-em-relac-1.jpg","type":"image\/jpeg"}],"author":"Gabriel Leme","twitter_card":"summary_large_image","twitter_misc":{"Escrito por":"Gabriel Leme","Est. tempo de leitura":"5 minutos"},"schema":{"@context":"https:\/\/schema.org","@graph":[{"@type":"WebPage","@id":"https:\/\/www.correiobraziliense.com.br\/cbradar\/a-psicologia-diz-que-ter-grandes-lacunas-de-memoria-em-relacao-aos-primeiros-anos-de-vida-nao-e-esquecimento-natural-mas-muitas-vezes-um-mecanismo-de-dissociacao-para-isolar-o-estresse-continuo\/","url":"https:\/\/www.correiobraziliense.com.br\/cbradar\/a-psicologia-diz-que-ter-grandes-lacunas-de-memoria-em-relacao-aos-primeiros-anos-de-vida-nao-e-esquecimento-natural-mas-muitas-vezes-um-mecanismo-de-dissociacao-para-isolar-o-estresse-continuo\/","name":"A psicologia diz que ter grandes lacunas de mem\u00f3ria em rela\u00e7\u00e3o aos primeiros anos de vida n\u00e3o \u00e9 esquecimento natural, mas muitas vezes um mecanismo de dissocia\u00e7\u00e3o para isolar o estresse cont\u00ednuo - Correio Braziliense - Radar","isPartOf":{"@id":"https:\/\/www.correiobraziliense.com.br\/cbradar\/#website"},"primaryImageOfPage":{"@id":"https:\/\/www.correiobraziliense.com.br\/cbradar\/a-psicologia-diz-que-ter-grandes-lacunas-de-memoria-em-relacao-aos-primeiros-anos-de-vida-nao-e-esquecimento-natural-mas-muitas-vezes-um-mecanismo-de-dissociacao-para-isolar-o-estresse-continuo\/#primaryimage"},"image":{"@id":"https:\/\/www.correiobraziliense.com.br\/cbradar\/a-psicologia-diz-que-ter-grandes-lacunas-de-memoria-em-relacao-aos-primeiros-anos-de-vida-nao-e-esquecimento-natural-mas-muitas-vezes-um-mecanismo-de-dissociacao-para-isolar-o-estresse-continuo\/#primaryimage"},"thumbnailUrl":"https:\/\/www.correiobraziliense.com.br\/cbradar\/wp-content\/uploads\/2026\/04\/a-psicologia-diz-que-ter-grandes-lacunas-de-memoria-em-relac-1.jpg","datePublished":"2026-04-26T16:45:00+00:00","author":{"@id":"https:\/\/www.correiobraziliense.com.br\/cbradar\/#\/schema\/person\/67a081d63a0fe55fb267145a7be2f7c1"},"description":"A psicologia tem um olhar pouco \u00f3bvio sobre lacunas de mem\u00f3ria na inf\u00e2ncia, e esse detalhe muda a forma de encarar o estresse cont\u00ednuo","breadcrumb":{"@id":"https:\/\/www.correiobraziliense.com.br\/cbradar\/a-psicologia-diz-que-ter-grandes-lacunas-de-memoria-em-relacao-aos-primeiros-anos-de-vida-nao-e-esquecimento-natural-mas-muitas-vezes-um-mecanismo-de-dissociacao-para-isolar-o-estresse-continuo\/#breadcrumb"},"inLanguage":"pt-BR","potentialAction":[{"@type":"ReadAction","target":["https:\/\/www.correiobraziliense.com.br\/cbradar\/a-psicologia-diz-que-ter-grandes-lacunas-de-memoria-em-relacao-aos-primeiros-anos-de-vida-nao-e-esquecimento-natural-mas-muitas-vezes-um-mecanismo-de-dissociacao-para-isolar-o-estresse-continuo\/"]}]},{"@type":"ImageObject","inLanguage":"pt-BR","@id":"https:\/\/www.correiobraziliense.com.br\/cbradar\/a-psicologia-diz-que-ter-grandes-lacunas-de-memoria-em-relacao-aos-primeiros-anos-de-vida-nao-e-esquecimento-natural-mas-muitas-vezes-um-mecanismo-de-dissociacao-para-isolar-o-estresse-continuo\/#primaryimage","url":"https:\/\/www.correiobraziliense.com.br\/cbradar\/wp-content\/uploads\/2026\/04\/a-psicologia-diz-que-ter-grandes-lacunas-de-memoria-em-relac-1.jpg","contentUrl":"https:\/\/www.correiobraziliense.com.br\/cbradar\/wp-content\/uploads\/2026\/04\/a-psicologia-diz-que-ter-grandes-lacunas-de-memoria-em-relac-1.jpg","width":1280,"height":720,"caption":"Lacunas de mem\u00f3ria na inf\u00e2ncia podem vir acompanhadas de estranhamento pessoal."},{"@type":"BreadcrumbList","@id":"https:\/\/www.correiobraziliense.com.br\/cbradar\/a-psicologia-diz-que-ter-grandes-lacunas-de-memoria-em-relacao-aos-primeiros-anos-de-vida-nao-e-esquecimento-natural-mas-muitas-vezes-um-mecanismo-de-dissociacao-para-isolar-o-estresse-continuo\/#breadcrumb","itemListElement":[{"@type":"ListItem","position":1,"name":"In\u00edcio","item":"https:\/\/www.correiobraziliense.com.br\/cbradar\/"},{"@type":"ListItem","position":2,"name":"A psicologia diz que ter grandes lacunas de mem\u00f3ria em rela\u00e7\u00e3o aos primeiros anos de vida n\u00e3o \u00e9 esquecimento natural, mas muitas vezes um mecanismo de dissocia\u00e7\u00e3o para isolar o estresse cont\u00ednuo"}]},{"@type":"WebSite","@id":"https:\/\/www.correiobraziliense.com.br\/cbradar\/#website","url":"https:\/\/www.correiobraziliense.com.br\/cbradar\/","name":"Correio Braziliense - Radar","description":"Acompanhe as \u00faltimas not\u00edcias e fique bem informado sobre tudo o que acontece no Brasil e no mundo.","potentialAction":[{"@type":"SearchAction","target":{"@type":"EntryPoint","urlTemplate":"https:\/\/www.correiobraziliense.com.br\/cbradar\/?s={search_term_string}"},"query-input":{"@type":"PropertyValueSpecification","valueRequired":true,"valueName":"search_term_string"}}],"inLanguage":"pt-BR"},{"@type":"Person","@id":"https:\/\/www.correiobraziliense.com.br\/cbradar\/#\/schema\/person\/67a081d63a0fe55fb267145a7be2f7c1","name":"Gabriel Leme","image":{"@type":"ImageObject","inLanguage":"pt-BR","@id":"https:\/\/www.correiobraziliense.com.br\/cbradar\/#\/schema\/person\/image\/","url":"https:\/\/secure.gravatar.com\/avatar\/85bf2e3517d27149969b72412b460c20?s=96&d=mm&r=g","contentUrl":"https:\/\/secure.gravatar.com\/avatar\/85bf2e3517d27149969b72412b460c20?s=96&d=mm&r=g","caption":"Gabriel Leme"},"sameAs":["https:\/\/www.correiobraziliense.com.br\/"],"url":"https:\/\/www.correiobraziliense.com.br\/cbradar\/author\/gabrielmyth\/"}]}},"_links":{"self":[{"href":"https:\/\/www.correiobraziliense.com.br\/cbradar\/wp-json\/wp\/v2\/posts\/232400","targetHints":{"allow":["GET"]}}],"collection":[{"href":"https:\/\/www.correiobraziliense.com.br\/cbradar\/wp-json\/wp\/v2\/posts"}],"about":[{"href":"https:\/\/www.correiobraziliense.com.br\/cbradar\/wp-json\/wp\/v2\/types\/post"}],"author":[{"embeddable":true,"href":"https:\/\/www.correiobraziliense.com.br\/cbradar\/wp-json\/wp\/v2\/users\/12"}],"replies":[{"embeddable":true,"href":"https:\/\/www.correiobraziliense.com.br\/cbradar\/wp-json\/wp\/v2\/comments?post=232400"}],"version-history":[{"count":3,"href":"https:\/\/www.correiobraziliense.com.br\/cbradar\/wp-json\/wp\/v2\/posts\/232400\/revisions"}],"predecessor-version":[{"id":232554,"href":"https:\/\/www.correiobraziliense.com.br\/cbradar\/wp-json\/wp\/v2\/posts\/232400\/revisions\/232554"}],"wp:featuredmedia":[{"embeddable":true,"href":"https:\/\/www.correiobraziliense.com.br\/cbradar\/wp-json\/wp\/v2\/media\/232398"}],"wp:attachment":[{"href":"https:\/\/www.correiobraziliense.com.br\/cbradar\/wp-json\/wp\/v2\/media?parent=232400"}],"wp:term":[{"taxonomy":"category","embeddable":true,"href":"https:\/\/www.correiobraziliense.com.br\/cbradar\/wp-json\/wp\/v2\/categories?post=232400"},{"taxonomy":"post_tag","embeddable":true,"href":"https:\/\/www.correiobraziliense.com.br\/cbradar\/wp-json\/wp\/v2\/post_tag?post=232400"}],"curies":[{"name":"wp","href":"https:\/\/api.w.org\/{rel}","templated":true}]}}