{"id":232449,"date":"2026-04-26T08:25:00","date_gmt":"2026-04-26T11:25:00","guid":{"rendered":"https:\/\/www.correiobraziliense.com.br\/cbradar\/?p=232449"},"modified":"2026-04-26T07:04:34","modified_gmt":"2026-04-26T10:04:34","slug":"o-maior-rodeio-da-america-latina-e-o-hospital-que-atende-metade-do-brasil-fazem-parte-de-uma-mesma-cidade-do-interior","status":"publish","type":"post","link":"https:\/\/www.correiobraziliense.com.br\/cbradar\/o-maior-rodeio-da-america-latina-e-o-hospital-que-atende-metade-do-brasil-fazem-parte-de-uma-mesma-cidade-do-interior\/","title":{"rendered":"O maior rodeio da Am\u00e9rica Latina e o hospital que atende metade do Brasil fazem parte de uma mesma cidade do interior"},"content":{"rendered":"\n<p>No norte de <strong>S\u00e3o Paulo<\/strong>, <strong>Barretos<\/strong> guarda um contraste raro. O <strong>Parque do Pe\u00e3o<\/strong>, projetado por <strong>Oscar Niemeyer<\/strong>, tem 2 milh\u00f5es de metros quadrados e recebe quase 1 milh\u00e3o de pessoas em agosto. A poucos quil\u00f4metros dali, o <strong>Hospital de Amor<\/strong> atende pacientes vindos de quase metade das cidades do pa\u00eds.<\/p>\n\n\n\n<h2 class=\"wp-block-heading\">Como uma cidade no interior virou capital nacional do rodeio?<\/h2>\n\n\n\n<p>A resposta est\u00e1 em 1956, quando 20 jovens sentados numa mesa de bar fundaram a associa\u00e7\u00e3o <strong>Os Independentes<\/strong> e organizaram a primeira <strong>Festa do Pe\u00e3o de Boiadeiro<\/strong>. Sete d\u00e9cadas depois, o evento se tornou o maior rodeio da <strong>Am\u00e9rica Latina<\/strong>.<\/p>\n\n\n\n<p>A 70\u00aa edi\u00e7\u00e3o, em 2025, recebeu cerca de 900 mil visitantes em 11 dias e movimentou cerca de R$ 400 milh\u00f5es na economia regional. O complexo do Parque do Pe\u00e3o tem est\u00e1dio para 35 mil pessoas sentadas, \u00e1rea de camping para 15 mil e quatro palcos simult\u00e2neos. A pr\u00f3xima edi\u00e7\u00e3o j\u00e1 tem data: <strong>20 a 30 de agosto de 2026<\/strong>.<\/p>\n\n\n<div class=\"wp-block-image\">\n<figure class=\"aligncenter size-large\"><img decoding=\"async\" width=\"1024\" height=\"576\" src=\"https:\/\/www.correiobraziliense.com.br\/cbradar\/wp-content\/uploads\/2025\/12\/G-2025-12-09T000155.475-1024x576.png\" alt=\"A cidade do interior de S\u00e3o Paulo que une tradi\u00e7\u00e3o sertaneja e sistema de sa\u00fade referenciado\" class=\"wp-image-153082\" srcset=\"https:\/\/www.correiobraziliense.com.br\/cbradar\/wp-content\/uploads\/2025\/12\/G-2025-12-09T000155.475-1024x576.png 1024w, https:\/\/www.correiobraziliense.com.br\/cbradar\/wp-content\/uploads\/2025\/12\/G-2025-12-09T000155.475-300x169.png 300w, https:\/\/www.correiobraziliense.com.br\/cbradar\/wp-content\/uploads\/2025\/12\/G-2025-12-09T000155.475-768x432.png 768w, https:\/\/www.correiobraziliense.com.br\/cbradar\/wp-content\/uploads\/2025\/12\/G-2025-12-09T000155.475-750x422.png 750w, https:\/\/www.correiobraziliense.com.br\/cbradar\/wp-content\/uploads\/2025\/12\/G-2025-12-09T000155.475-1140x641.png 1140w, https:\/\/www.correiobraziliense.com.br\/cbradar\/wp-content\/uploads\/2025\/12\/G-2025-12-09T000155.475.png 1280w\" sizes=\"(max-width: 1024px) 100vw, 1024px\" \/><figcaption class=\"wp-element-caption\">Em Barretos, visite o Parque do Pe\u00e3o, museus, pra\u00e7as e churrascarias t\u00edpicas, vivenciando a hospitalidade interiorana e a cultura sertaneja aut\u00eantica.\u200b \/\/ Cr\u00e9ditos: Wikimedia Commons<\/figcaption><\/figure><\/div>\n\n\n<h2 class=\"wp-block-heading\">O hospital que faz a cidade caber no Brasil inteiro<\/h2>\n\n\n\n<p>O <strong>Hospital de Amor<\/strong>, antigo <strong>Hospital de C\u00e2ncer de Barretos<\/strong>, \u00e9 o maior centro oncol\u00f3gico de atendimento 100% gratuito do continente. Em 2024 foram <a href=\"https:\/\/hospitaldeamor.com.br\/quem-somos\/\" target=\"_blank\" rel=\"noreferrer noopener\"><strong>2.033.894 atendimentos<\/strong><\/a> a 598.229 pessoas vindas de 2.540 munic\u00edpios brasileiros, ou 45,6% das cidades do pa\u00eds.<\/p>\n\n\n\n<p>A institui\u00e7\u00e3o \u00e9 considerada irm\u00e3 do <strong>MD Anderson Cancer Center<\/strong> desde 2011 e mant\u00e9m unidades em <strong>Jales<\/strong>, <strong>Porto Velho<\/strong>, <strong>Campo Grande<\/strong>, <strong>Juazeiro<\/strong> e outras cidades. Os pavilh\u00f5es s\u00e3o batizados com nomes de artistas que doam para a obra: <strong>Chit\u00e3ozinho e Xoror\u00f3<\/strong>, <strong>Leandro e Leonardo<\/strong>, <strong>Jo\u00e3o Bosco e Vin\u00edcius<\/strong>.<\/p>\n\n\n\n<p>Este v\u00eddeo do canal <strong>Cidades &amp; Cia<\/strong> oferece uma vis\u00e3o abrangente de <strong>Barretos<\/strong>, S\u00e3o Paulo, destacando sua hist\u00f3ria, economia, sa\u00fade e o famoso turismo voltado ao rodeio.<\/p>\n\n\n\n<figure class=\"wp-block-embed aligncenter is-type-video is-provider-youtube wp-block-embed-youtube wp-embed-aspect-16-9 wp-has-aspect-ratio\"><div class=\"wp-block-embed__wrapper\">\n<div class=\"jeg_video_container jeg_video_content\"><iframe loading=\"lazy\" title=\"CONHE\u00c7A BARRETOS A CAPITAL DO RODEIO AQUI NO CIDADES &amp; CIA!\" width=\"500\" height=\"281\" src=\"https:\/\/www.youtube.com\/embed\/aQG0_didUYc?feature=oembed\" frameborder=\"0\" allow=\"accelerometer; autoplay; clipboard-write; encrypted-media; gyroscope; picture-in-picture; web-share\" referrerpolicy=\"strict-origin-when-cross-origin\" allowfullscreen><\/iframe><\/div>\n<\/div><\/figure>\n\n\n\n<h2 class=\"wp-block-heading\">Como \u00e9 viver em Barretos no dia a dia?<\/h2>\n\n\n\n<p>O cotidiano barretense tem ritmo de cidade m\u00e9dia do interior, com as vantagens que isso traz. Segundo o <a href=\"https:\/\/www.ibge.gov.br\/cidades-e-estados\/sp\/barretos.html\" target=\"_blank\" rel=\"noreferrer noopener\"><strong>Instituto Brasileiro de Geografia e Estat\u00edstica (IBGE)<\/strong><\/a>, a cidade tem popula\u00e7\u00e3o estimada de 126.957 habitantes em 2025, IDH de 0,789 (alto) e PIB per capita de R$ 54.826.<\/p>\n\n\n\n<p>O munic\u00edpio aparece na 30\u00aa posi\u00e7\u00e3o do <strong>Anu\u00e1rio Cidades Mais Seguras do Brasil 2025<\/strong>, com 7,36 mortes violentas por 100 mil habitantes. A economia se sustenta no agroneg\u00f3cio com a presen\u00e7a de gigantes como <strong>JBS<\/strong> e <strong>Minerva<\/strong>, no com\u00e9rcio regional e no turismo de eventos.<\/p>\n\n\n<div class=\"wp-block-image\">\n<figure class=\"aligncenter size-large\"><img decoding=\"async\" width=\"1024\" height=\"576\" src=\"https:\/\/www.correiobraziliense.com.br\/cbradar\/wp-content\/uploads\/2025\/12\/Design-sem-nome-10-2-1024x576.png\" alt=\"\" class=\"wp-image-166099\" srcset=\"https:\/\/www.correiobraziliense.com.br\/cbradar\/wp-content\/uploads\/2025\/12\/Design-sem-nome-10-2-1024x576.png 1024w, https:\/\/www.correiobraziliense.com.br\/cbradar\/wp-content\/uploads\/2025\/12\/Design-sem-nome-10-2-300x169.png 300w, https:\/\/www.correiobraziliense.com.br\/cbradar\/wp-content\/uploads\/2025\/12\/Design-sem-nome-10-2-768x432.png 768w, https:\/\/www.correiobraziliense.com.br\/cbradar\/wp-content\/uploads\/2025\/12\/Design-sem-nome-10-2-750x422.png 750w, https:\/\/www.correiobraziliense.com.br\/cbradar\/wp-content\/uploads\/2025\/12\/Design-sem-nome-10-2-1140x641.png 1140w, https:\/\/www.correiobraziliense.com.br\/cbradar\/wp-content\/uploads\/2025\/12\/Design-sem-nome-10-2.png 1280w\" sizes=\"(max-width: 1024px) 100vw, 1024px\" \/><figcaption class=\"wp-element-caption\">Viva a energia de Barretos, capital do rodeio, onde tradi\u00e7\u00e3o sertaneja encontra grandes oportunidades de neg\u00f3cios. \/\/ Cr\u00e9ditos: Wikimedia Commons <\/figcaption><\/figure><\/div>\n\n\n<h2 class=\"wp-block-heading\">O que ver fora dos dias de festa?<\/h2>\n\n\n\n<p>O Parque do Pe\u00e3o fica aberto \u00e0 visita\u00e7\u00e3o o ano inteiro e a cidade guarda atrativos discretos para quem chega fora de agosto. A maioria dos pontos est\u00e1 concentrada num raio curto do centro.<\/p>\n\n\n\n<ul class=\"wp-block-list\">\n<li><strong>Parque do Pe\u00e3o de Boiadeiro<\/strong>: complexo de 2 milh\u00f5es de m\u00b2 com museu do rodeio, est\u00e1tuas e arquitetura assinada por Oscar Niemeyer.<\/li>\n\n\n\n<li><strong>Catedral do Divino Esp\u00edrito Santo<\/strong>: marco arquitet\u00f4nico no centro, com linhas em estilo romano e colunas imponentes.<\/li>\n\n\n\n<li><strong>Museu Hist\u00f3rico, Art\u00edstico e Folcl\u00f3rico Ruy Menezes<\/strong>: acervo de documentos e objetos sobre os ciclos do caf\u00e9 e da pecu\u00e1ria.<\/li>\n\n\n\n<li><strong>Regi\u00e3o dos Lagos<\/strong>: \u00e1rea verde para caminhadas e fim de tarde, com vista do reservat\u00f3rio.<\/li>\n\n\n\n<li><strong>Marco Hist\u00f3rico<\/strong>: ponto onde foi instalada a primeira sede da Fazenda Fortaleza, origem da cidade em 1854.<\/li>\n<\/ul>\n\n\n\n<h2 class=\"wp-block-heading\">Queima do Alho: o prato que virou patrim\u00f4nio<\/h2>\n\n\n\n<p>A <a href=\"https:\/\/www.independentes.com.br\/festadopeao\/queima-do-alho\" target=\"_blank\" rel=\"noreferrer noopener\"><strong>Queima do Alho<\/strong><\/a> \u00e9 a culin\u00e1ria que os pe\u00f5es de boiadeiro preparavam nas comitivas a caminho de Barretos. Hoje \u00e9 reconhecida como patrim\u00f4nio cultural imaterial do <strong>Brasil<\/strong> e tem concurso oficial dentro da Festa do Pe\u00e3o desde 1956.<\/p>\n\n\n\n<ul class=\"wp-block-list\">\n<li><strong>Arroz carreteiro<\/strong>: arroz refogado com carne seca desfiada, banha e temperos, cozido em fogo de ch\u00e3o.<\/li>\n\n\n\n<li><strong>Feij\u00e3o gordo tropeiro<\/strong>: feij\u00e3o cozido com bacon, lingui\u00e7a, torresmo e carne seca, encorpado pela banha.<\/li>\n\n\n\n<li><strong>Pa\u00e7oca de carne<\/strong>: carne seca batida no pil\u00e3o com farinha de mandioca, prato emblem\u00e1tico das comitivas.<\/li>\n\n\n\n<li><strong>Carne serenada<\/strong>: pe\u00e7as grossas curtidas em sal e alho durante a noite, depois assadas em chapa.<\/li>\n<\/ul>\n\n\n\n<p><strong>Leia tamb\u00e9m: <a href=\"https:\/\/www.correiobraziliense.com.br\/cbradar\/como-a-primeira-capital-planejada-do-brasil-nasceu-de-um-tabuleiro-de-xadrez-e-encantou-com-sua-organizacao-a-366-km-do-mar\/\" target=\"_blank\" rel=\"noreferrer noopener\">Como a primeira capital planejada do Brasil nasceu de um tabuleiro de xadrez e encantou com sua organiza\u00e7\u00e3o a 366 km do mar.<\/a><\/strong><\/p>\n\n\n<div class=\"wp-block-image\">\n<figure class=\"aligncenter size-large\"><img decoding=\"async\" width=\"1024\" height=\"576\" src=\"https:\/\/www.correiobraziliense.com.br\/cbradar\/wp-content\/uploads\/2025\/12\/Barretos_1765249121163-1024x576.jpg\" alt=\"A cidade no norte paulista que abriga o maior rodeio e o maior hospital de c\u00e2ncer da Am\u00e9rica Latina\" class=\"wp-image-153073\" srcset=\"https:\/\/www.correiobraziliense.com.br\/cbradar\/wp-content\/uploads\/2025\/12\/Barretos_1765249121163-1024x576.jpg 1024w, https:\/\/www.correiobraziliense.com.br\/cbradar\/wp-content\/uploads\/2025\/12\/Barretos_1765249121163-300x169.jpg 300w, https:\/\/www.correiobraziliense.com.br\/cbradar\/wp-content\/uploads\/2025\/12\/Barretos_1765249121163-768x432.jpg 768w, https:\/\/www.correiobraziliense.com.br\/cbradar\/wp-content\/uploads\/2025\/12\/Barretos_1765249121163-750x422.jpg 750w, https:\/\/www.correiobraziliense.com.br\/cbradar\/wp-content\/uploads\/2025\/12\/Barretos_1765249121163-1140x641.jpg 1140w, https:\/\/www.correiobraziliense.com.br\/cbradar\/wp-content\/uploads\/2025\/12\/Barretos_1765249121163.jpg 1280w\" sizes=\"(max-width: 1024px) 100vw, 1024px\" \/><figcaption class=\"wp-element-caption\">Sinta a energia de Barretos durante a Festa do Pe\u00e3o, quando m\u00fasica, rodeio e cultura sertaneja transformam a cidade em palco de grandes emo\u00e7\u00f5es. \/\/ Cr\u00e9ditos: depositphotos.com \/ GersonFortes<\/figcaption><\/figure><\/div>\n\n\n<h2 class=\"wp-block-heading\">Quando o clima ajuda cada tipo de visita?<\/h2>\n\n\n\n<p>O ver\u00e3o \u00e9 quente e \u00famido, com chuvas concentradas. O inverno seco coincide com a alta temporada do rodeio.<\/p>\n\n\n\n<style>\n  \/* --- CONTAINER BLINDADO (PADR\u00c3O REGISTRADO) --- *\/\n  .clima-grid-final {\n    font-family: -apple-system, BlinkMacSystemFont, \"Segoe UI\", Roboto, Arial, sans-serif !important;\n    width: 100% !important;\n    max-width: 1200px !important;\n    margin: 20px auto !important;\n    display: grid !important;\n    \/* FOR\u00c7A 4 COLUNAS NO DESKTOP *\/\n    grid-template-columns: repeat(4, 1fr) !important; \n    gap: 15px !important;\n    box-sizing: border-box !important;\n  }\n\n  .clima-grid-final * {\n    box-sizing: border-box !important;\n  }\n\n  \/* --- BLINDAGEM CONTRA ADS E PLUGINS INTRUSOS --- *\/\n  .clima-grid-final > :not(.card-clima) {\n    display: none !important;\n    width: 0 !important;\n    height: 0 !important;\n    opacity: 0 !important;\n  }\n\n  \/* --- CARD AZUL --- *\/\n  .card-clima {\n    background: #ffffff !important;\n    border: 1px solid #e3f2fd !important;\n    border-radius: 20px !important;\n    padding: 20px 10px !important;\n    text-align: center !important;\n    display: flex !important;\n    flex-direction: column !important;\n    align-items: center !important;\n    box-shadow: 0 4px 10px rgba(13, 71, 161, 0.05) !important;\n    min-width: 0 !important; \n    transition: transform 0.2s ease !important;\n    overflow: hidden !important;\n    height: 100% !important;\n  }\n\n  .card-clima:hover {\n    transform: translateY(-5px) !important;\n    border-color: #90caf9 !important;\n  }\n\n  \/* --- CONTE\u00daDO --- *\/\n  .estacao-nome { \n    font-size: 14px !important; \n    font-weight: 800 !important; \n    color: #0d47a1 !important; \n    text-transform: uppercase !important; \n    margin: 0 0 5px 0 !important; \n  }\n  \n  .estacao-meses { \n    font-size: 10px !important; \n    font-weight: 700 !important; \n    color: #1565c0 !important; \n    text-transform: uppercase !important; \n    margin-bottom: 15px !important; \n    display: block !important;\n  }\n  \n  .temp-valor { \n    font-size: 24px !important; \n    font-weight: 800 !important; \n    color: #01579b !important; \n    line-height: 1.1 !important; \n    margin: 0 !important;\n  }\n  \n  .temp-label { \n    font-size: 9px !important; \n    font-weight: 600 !important; \n    color: #0288d1 !important; \n    text-transform: uppercase !important; \n    margin-bottom: 15px !important; \n    display: block !important;\n  }\n  \n  .clima-desc { \n    font-size: 12px !important; \n    line-height: 1.4 !important; \n    color: #37474f !important; \n    margin-bottom: 15px !important; \n    flex-grow: 1 !important; \n  }\n\n  .tag-status {\n    background-color: #e1f5fe !important;\n    border: 1px solid #b3e5fc !important;\n    color: #0d47a1 !important;\n    padding: 5px 12px !important;\n    border-radius: 20px !important;\n    font-size: 9px !important;\n    font-weight: 800 !important;\n    text-transform: uppercase !important;\n    margin-top: auto !important;\n  }\n\n  \/* --- RESPONSIVIDADE --- *\/\n  @media (max-width: 800px) {\n    .clima-grid-final {\n      grid-template-columns: 1fr !important; \n    }\n    .card-clima {\n      padding: 25px 20px !important;\n    }\n  }\n<\/style>\n\n<div class=\"google-auto-ads-ignore clima-grid-final\">\n  \n  <div class=\"card-clima\">\n    <div class=\"estacao-nome\">\u2600\ufe0f Ver\u00e3o<\/div>\n    <span class=\"estacao-meses\">Dez &#8211; Fev<\/span>\n    <div class=\"temp-valor\">22-32\u00b0C<\/div>\n    <span class=\"temp-label\">M\u00e9dia<\/span>\n    <div class=\"clima-desc\">Com a chuva em alta, aproveite o lazer na <b>Regi\u00e3o dos Lagos<\/b> ou explore a diversidade cultural dos <b>museus<\/b> locais.<\/div>\n    <div class=\"tag-status\">\ud83d\udca6 \u00c1guas<\/div>\n  <\/div>\n\n  <div class=\"card-clima\">\n    <div class=\"estacao-nome\">\ud83c\udf42 Outono<\/div>\n    <span class=\"estacao-meses\">Mar &#8211; Mai<\/span>\n    <div class=\"temp-valor\">19-31\u00b0C<\/div>\n    <span class=\"temp-label\">M\u00e9dia<\/span>\n    <div class=\"clima-desc\">O clima ameno favorece <b>passeios urbanos<\/b> e a explora\u00e7\u00e3o da <b>gastronomia<\/b> regional sob chuvas moderadas.<\/div>\n    <div class=\"tag-status\">\ud83c\udf7d\ufe0f Gastronomia<\/div>\n  <\/div>\n\n  <div class=\"card-clima\">\n    <div class=\"estacao-nome\">\ud83e\udde3 Inverno<\/div>\n    <span class=\"estacao-meses\">Jun &#8211; Ago<\/span>\n    <div class=\"temp-valor\">14-28\u00b0C<\/div>\n    <span class=\"temp-label\">M\u00e9dia<\/span>\n    <div class=\"clima-desc\">\u00c9 o \u00e1pice das tradi\u00e7\u00f5es com a <b>Festa do Pe\u00e3o<\/b> e a <b>Queima do Alho<\/b>, aproveitando o tempo firme e seco.<\/div>\n    <div class=\"tag-status\">\ud83e\udd20 Tradi\u00e7\u00e3o<\/div>\n  <\/div>\n\n  <div class=\"card-clima\">\n    <div class=\"estacao-nome\">\ud83c\udf38 Primavera<\/div>\n    <span class=\"estacao-meses\">Set &#8211; Nov<\/span>\n    <div class=\"temp-valor\">18-32\u00b0C<\/div>\n    <span class=\"temp-label\">M\u00e9dia<\/span>\n    <div class=\"clima-desc\">As chuvas come\u00e7am a retornar, cen\u00e1rio ideal para grandes <b>eventos<\/b>, compras no <b>com\u00e9rcio<\/b> e lazer nos <b>parques<\/b>.<\/div>\n    <div class=\"tag-status\">\ud83c\udf33 Urbanismo<\/div>\n  <\/div>\n\n<\/div>\n\n\n\n<p><em>Temperaturas aproximadas com base no <a href=\"https:\/\/www.climatempo.com.br\/previsao-do-tempo\/cidade\/404\/barretos-sp\" target=\"_blank\" rel=\"noreferrer noopener\"><strong>Climatempo<\/strong><\/a>. Condi\u00e7\u00f5es podem variar.<\/em><\/p>\n\n\n\n<h2 class=\"wp-block-heading\">Como chegar \u00e0 capital do rodeio?<\/h2>\n\n\n\n<p>Barretos fica a 421 km da capital paulista. O acesso mais usado \u00e9 pela <strong>Rodovia Anhanguera (SP-330)<\/strong> at\u00e9 <strong>Ribeir\u00e3o Preto<\/strong>, seguindo pela <strong>Brigadeiro Faria Lima (SP-326)<\/strong>. A cidade tem aeroporto regional com voos sazonais e \u00f4nibus diretos da <strong>Rodovi\u00e1ria do Tiet\u00ea<\/strong>.<\/p>\n\n\n\n<h2 class=\"wp-block-heading\">V\u00e1 conhecer a cidade que cuida do pa\u00eds<\/h2>\n\n\n\n<p>Barretos cabe num \u00fanico fim de semana, mas guarda uma escala incomum para uma cidade do interior. O barulho do rodeio em agosto e o sil\u00eancio dos corredores do Hospital de Amor fazem parte da mesma identidade.<\/p>\n\n\n\n<p>Voc\u00ea precisa visitar Barretos pelo menos uma vez e entender por que essa cidade ocupa um lugar t\u00e3o grande no imagin\u00e1rio sertanejo e no cora\u00e7\u00e3o de quem foi cuidado ali.<\/p>\n","protected":false},"excerpt":{"rendered":"<p>No norte de S\u00e3o Paulo, Barretos guarda um contraste raro. O Parque do Pe\u00e3o, projetado por Oscar Niemeyer, tem 2 milh\u00f5es de metros quadrados e recebe quase 1 milh\u00e3o de pessoas em agosto. A poucos quil\u00f4metros dali, o Hospital de Amor atende pacientes vindos de quase metade das cidades do pa\u00eds. Como uma cidade no [&hellip;]<\/p>\n","protected":false},"author":8,"featured_media":232488,"comment_status":"open","ping_status":"open","sticky":false,"template":"","format":"standard","meta":{"_yoast_wpseo_focuskw":"cidade","_yoast_wpseo_title":"","_yoast_wpseo_metadesc":"A cidade do interior re\u00fane o maior rodeio da Am\u00e9rica Latina e um hospital que atende pacientes de todo o Brasil.","jnews-multi-image_gallery":[],"jnews_single_post":{"format":"standard"},"jnews_primary_category":[],"jnews_social_meta":[],"jnews_override_counter":[],"footnotes":""},"categories":[108,111],"post_tag":[],"class_list":["post-232449","post","type-post","status-publish","format-standard","has-post-thumbnail","hentry","category-cidades","category-turismo"],"yoast_head":"<!-- This site is optimized with the Yoast SEO plugin v24.6 - https:\/\/yoast.com\/wordpress\/plugins\/seo\/ -->\n<title>O maior rodeio da Am\u00e9rica Latina e o hospital que atende metade do Brasil fazem parte de uma mesma cidade do interior - Correio Braziliense - Radar<\/title>\n<meta name=\"description\" content=\"A cidade do interior re\u00fane o maior rodeio da Am\u00e9rica Latina e um hospital que atende pacientes de todo o Brasil.\" \/>\n<meta name=\"robots\" content=\"index, follow, max-snippet:-1, max-image-preview:large, max-video-preview:-1\" \/>\n<link rel=\"canonical\" href=\"https:\/\/www.correiobraziliense.com.br\/cbradar\/o-maior-rodeio-da-america-latina-e-o-hospital-que-atende-metade-do-brasil-fazem-parte-de-uma-mesma-cidade-do-interior\/\" \/>\n<meta property=\"og:locale\" content=\"pt_BR\" \/>\n<meta property=\"og:type\" content=\"article\" \/>\n<meta property=\"og:title\" content=\"O maior rodeio da Am\u00e9rica Latina e o hospital que atende metade do Brasil fazem parte de uma mesma cidade do interior - Correio Braziliense - Radar\" \/>\n<meta property=\"og:description\" content=\"A cidade do interior re\u00fane o maior rodeio da Am\u00e9rica Latina e um hospital que atende pacientes de todo o Brasil.\" \/>\n<meta property=\"og:url\" content=\"https:\/\/www.correiobraziliense.com.br\/cbradar\/o-maior-rodeio-da-america-latina-e-o-hospital-que-atende-metade-do-brasil-fazem-parte-de-uma-mesma-cidade-do-interior\/\" \/>\n<meta property=\"og:site_name\" content=\"Correio Braziliense - Radar\" \/>\n<meta property=\"article:published_time\" content=\"2026-04-26T11:25:00+00:00\" \/>\n<meta property=\"og:image\" content=\"https:\/\/www.correiobraziliense.com.br\/cbradar\/wp-content\/uploads\/2026\/04\/aaa-2026-04-26T070248.937.png\" \/>\n\t<meta property=\"og:image:width\" content=\"1280\" \/>\n\t<meta property=\"og:image:height\" content=\"720\" \/>\n\t<meta property=\"og:image:type\" content=\"image\/png\" \/>\n<meta name=\"author\" content=\"Maura Pereira\" \/>\n<meta name=\"twitter:card\" content=\"summary_large_image\" \/>\n<meta name=\"twitter:label1\" content=\"Escrito por\" \/>\n\t<meta name=\"twitter:data1\" content=\"Maura Pereira\" \/>\n\t<meta name=\"twitter:label2\" content=\"Est. tempo de leitura\" \/>\n\t<meta name=\"twitter:data2\" content=\"7 minutos\" \/>\n<!-- \/ Yoast SEO plugin. -->","yoast_head_json":{"title":"O maior rodeio da Am\u00e9rica Latina e o hospital que atende metade do Brasil fazem parte de uma mesma cidade do interior - Correio Braziliense - Radar","description":"A cidade do interior re\u00fane o maior rodeio da Am\u00e9rica Latina e um hospital que atende pacientes de todo o Brasil.","robots":{"index":"index","follow":"follow","max-snippet":"max-snippet:-1","max-image-preview":"max-image-preview:large","max-video-preview":"max-video-preview:-1"},"canonical":"https:\/\/www.correiobraziliense.com.br\/cbradar\/o-maior-rodeio-da-america-latina-e-o-hospital-que-atende-metade-do-brasil-fazem-parte-de-uma-mesma-cidade-do-interior\/","og_locale":"pt_BR","og_type":"article","og_title":"O maior rodeio da Am\u00e9rica Latina e o hospital que atende metade do Brasil fazem parte de uma mesma cidade do interior - Correio Braziliense - Radar","og_description":"A cidade do interior re\u00fane o maior rodeio da Am\u00e9rica Latina e um hospital que atende pacientes de todo o Brasil.","og_url":"https:\/\/www.correiobraziliense.com.br\/cbradar\/o-maior-rodeio-da-america-latina-e-o-hospital-que-atende-metade-do-brasil-fazem-parte-de-uma-mesma-cidade-do-interior\/","og_site_name":"Correio Braziliense - Radar","article_published_time":"2026-04-26T11:25:00+00:00","og_image":[{"width":1280,"height":720,"url":"https:\/\/www.correiobraziliense.com.br\/cbradar\/wp-content\/uploads\/2026\/04\/aaa-2026-04-26T070248.937.png","type":"image\/png"}],"author":"Maura Pereira","twitter_card":"summary_large_image","twitter_misc":{"Escrito por":"Maura Pereira","Est. tempo de leitura":"7 minutos"},"schema":{"@context":"https:\/\/schema.org","@graph":[{"@type":"WebPage","@id":"https:\/\/www.correiobraziliense.com.br\/cbradar\/o-maior-rodeio-da-america-latina-e-o-hospital-que-atende-metade-do-brasil-fazem-parte-de-uma-mesma-cidade-do-interior\/","url":"https:\/\/www.correiobraziliense.com.br\/cbradar\/o-maior-rodeio-da-america-latina-e-o-hospital-que-atende-metade-do-brasil-fazem-parte-de-uma-mesma-cidade-do-interior\/","name":"O maior rodeio da Am\u00e9rica Latina e o hospital que atende metade do Brasil fazem parte de uma mesma cidade do interior - Correio Braziliense - Radar","isPartOf":{"@id":"https:\/\/www.correiobraziliense.com.br\/cbradar\/#website"},"primaryImageOfPage":{"@id":"https:\/\/www.correiobraziliense.com.br\/cbradar\/o-maior-rodeio-da-america-latina-e-o-hospital-que-atende-metade-do-brasil-fazem-parte-de-uma-mesma-cidade-do-interior\/#primaryimage"},"image":{"@id":"https:\/\/www.correiobraziliense.com.br\/cbradar\/o-maior-rodeio-da-america-latina-e-o-hospital-que-atende-metade-do-brasil-fazem-parte-de-uma-mesma-cidade-do-interior\/#primaryimage"},"thumbnailUrl":"https:\/\/www.correiobraziliense.com.br\/cbradar\/wp-content\/uploads\/2026\/04\/aaa-2026-04-26T070248.937.png","datePublished":"2026-04-26T11:25:00+00:00","author":{"@id":"https:\/\/www.correiobraziliense.com.br\/cbradar\/#\/schema\/person\/4053c651a9bfc785afc6f4cbc9032fd3"},"description":"A cidade do interior re\u00fane o maior rodeio da Am\u00e9rica Latina e um hospital que atende pacientes de todo o Brasil.","breadcrumb":{"@id":"https:\/\/www.correiobraziliense.com.br\/cbradar\/o-maior-rodeio-da-america-latina-e-o-hospital-que-atende-metade-do-brasil-fazem-parte-de-uma-mesma-cidade-do-interior\/#breadcrumb"},"inLanguage":"pt-BR","potentialAction":[{"@type":"ReadAction","target":["https:\/\/www.correiobraziliense.com.br\/cbradar\/o-maior-rodeio-da-america-latina-e-o-hospital-que-atende-metade-do-brasil-fazem-parte-de-uma-mesma-cidade-do-interior\/"]}]},{"@type":"ImageObject","inLanguage":"pt-BR","@id":"https:\/\/www.correiobraziliense.com.br\/cbradar\/o-maior-rodeio-da-america-latina-e-o-hospital-que-atende-metade-do-brasil-fazem-parte-de-uma-mesma-cidade-do-interior\/#primaryimage","url":"https:\/\/www.correiobraziliense.com.br\/cbradar\/wp-content\/uploads\/2026\/04\/aaa-2026-04-26T070248.937.png","contentUrl":"https:\/\/www.correiobraziliense.com.br\/cbradar\/wp-content\/uploads\/2026\/04\/aaa-2026-04-26T070248.937.png","width":1280,"height":720,"caption":"Em Barretos, o Hospital de Amor atende pacientes vindos de quase metade das cidades do pa\u00eds. \/ Imagem ilustrativa"},{"@type":"BreadcrumbList","@id":"https:\/\/www.correiobraziliense.com.br\/cbradar\/o-maior-rodeio-da-america-latina-e-o-hospital-que-atende-metade-do-brasil-fazem-parte-de-uma-mesma-cidade-do-interior\/#breadcrumb","itemListElement":[{"@type":"ListItem","position":1,"name":"In\u00edcio","item":"https:\/\/www.correiobraziliense.com.br\/cbradar\/"},{"@type":"ListItem","position":2,"name":"O maior rodeio da Am\u00e9rica Latina e o hospital que atende metade do Brasil fazem parte de uma mesma cidade do interior"}]},{"@type":"WebSite","@id":"https:\/\/www.correiobraziliense.com.br\/cbradar\/#website","url":"https:\/\/www.correiobraziliense.com.br\/cbradar\/","name":"Correio Braziliense - Radar","description":"Acompanhe as \u00faltimas not\u00edcias e fique bem informado sobre tudo o que acontece no Brasil e no mundo.","potentialAction":[{"@type":"SearchAction","target":{"@type":"EntryPoint","urlTemplate":"https:\/\/www.correiobraziliense.com.br\/cbradar\/?s={search_term_string}"},"query-input":{"@type":"PropertyValueSpecification","valueRequired":true,"valueName":"search_term_string"}}],"inLanguage":"pt-BR"},{"@type":"Person","@id":"https:\/\/www.correiobraziliense.com.br\/cbradar\/#\/schema\/person\/4053c651a9bfc785afc6f4cbc9032fd3","name":"Maura Pereira","image":{"@type":"ImageObject","inLanguage":"pt-BR","@id":"https:\/\/www.correiobraziliense.com.br\/cbradar\/#\/schema\/person\/image\/","url":"https:\/\/secure.gravatar.com\/avatar\/3effd6bdadfa447f15089c7f7144eaa6?s=96&d=mm&r=g","contentUrl":"https:\/\/secure.gravatar.com\/avatar\/3effd6bdadfa447f15089c7f7144eaa6?s=96&d=mm&r=g","caption":"Maura Pereira"},"sameAs":["https:\/\/www.correiobraziliense.com.br\/"],"url":"https:\/\/www.correiobraziliense.com.br\/cbradar\/author\/mauramyth\/"}]}},"_links":{"self":[{"href":"https:\/\/www.correiobraziliense.com.br\/cbradar\/wp-json\/wp\/v2\/posts\/232449","targetHints":{"allow":["GET"]}}],"collection":[{"href":"https:\/\/www.correiobraziliense.com.br\/cbradar\/wp-json\/wp\/v2\/posts"}],"about":[{"href":"https:\/\/www.correiobraziliense.com.br\/cbradar\/wp-json\/wp\/v2\/types\/post"}],"author":[{"embeddable":true,"href":"https:\/\/www.correiobraziliense.com.br\/cbradar\/wp-json\/wp\/v2\/users\/8"}],"replies":[{"embeddable":true,"href":"https:\/\/www.correiobraziliense.com.br\/cbradar\/wp-json\/wp\/v2\/comments?post=232449"}],"version-history":[{"count":9,"href":"https:\/\/www.correiobraziliense.com.br\/cbradar\/wp-json\/wp\/v2\/posts\/232449\/revisions"}],"predecessor-version":[{"id":232487,"href":"https:\/\/www.correiobraziliense.com.br\/cbradar\/wp-json\/wp\/v2\/posts\/232449\/revisions\/232487"}],"wp:featuredmedia":[{"embeddable":true,"href":"https:\/\/www.correiobraziliense.com.br\/cbradar\/wp-json\/wp\/v2\/media\/232488"}],"wp:attachment":[{"href":"https:\/\/www.correiobraziliense.com.br\/cbradar\/wp-json\/wp\/v2\/media?parent=232449"}],"wp:term":[{"taxonomy":"category","embeddable":true,"href":"https:\/\/www.correiobraziliense.com.br\/cbradar\/wp-json\/wp\/v2\/categories?post=232449"},{"taxonomy":"post_tag","embeddable":true,"href":"https:\/\/www.correiobraziliense.com.br\/cbradar\/wp-json\/wp\/v2\/post_tag?post=232449"}],"curies":[{"name":"wp","href":"https:\/\/api.w.org\/{rel}","templated":true}]}}