{"id":232465,"date":"2026-04-26T10:25:00","date_gmt":"2026-04-26T13:25:00","guid":{"rendered":"https:\/\/www.correiobraziliense.com.br\/cbradar\/?p=232465"},"modified":"2026-04-26T07:16:00","modified_gmt":"2026-04-26T10:16:00","slug":"uma-das-5-melhores-cidades-para-viver-no-brasil-esta-surpreendendo-com-lazer-garantido-e-gastronomia-premiada","status":"publish","type":"post","link":"https:\/\/www.correiobraziliense.com.br\/cbradar\/uma-das-5-melhores-cidades-para-viver-no-brasil-esta-surpreendendo-com-lazer-garantido-e-gastronomia-premiada\/","title":{"rendered":"Uma das 5 melhores cidades para viver no Brasil est\u00e1 surpreendendo com lazer garantido e gastronomia premiada"},"content":{"rendered":"\n<p>Cercada por montanhas e cortada por avenidas largas, <strong>Belo Horizonte<\/strong> foi a primeira capital planejada do <strong>Brasil<\/strong>. Inaugurada em 1897, virou a cidade onde o ritmo da metr\u00f3pole cabe num assento de boteco e a vista da serra encerra o expediente.<\/p>\n\n\n\n<h2 class=\"wp-block-heading\">Por que BH \u00e9 considerada a melhor capital para viver?<\/h2>\n\n\n\n<p><strong>A cidade combina indicadores s\u00f3lidos com algo que dificilmente se mede em planilha: <\/strong>rotina sem pressa. O <a href=\"https:\/\/cidades.ibge.gov.br\/brasil\/mg\/belo-horizonte\/\" target=\"_blank\" rel=\"noreferrer noopener\"><strong>Instituto Brasileiro de Geografia e Estat\u00edstica (IBGE)<\/strong><\/a> aponta IDH de 0,810, classificado como muito alto.<\/p>\n\n\n\n<p>O Programa das Na\u00e7\u00f5es Unidas para o Desenvolvimento coloca a regi\u00e3o metropolitana entre as<strong> cinco mais bem avaliadas do pa\u00eds.<\/strong> Quem chega de fora costuma estranhar a hospitalidade dos moradores e a oferta de servi\u00e7os de uma metr\u00f3pole que ainda preserva ar de cidade do interior.<\/p>\n\n\n<div class=\"wp-block-image\">\n<figure class=\"aligncenter size-large\"><img decoding=\"async\" width=\"1024\" height=\"576\" src=\"https:\/\/www.correiobraziliense.com.br\/cbradar\/wp-content\/uploads\/2025\/03\/belo-horizonte_1741057637038-1024x576.jpg\" alt=\"Eleita a 2\u00aa melhor para morar, essa capital une custo de vida baixo, 76 parques e a melhor gastronomia do pa\u00eds hoje\" class=\"wp-image-8694\" srcset=\"https:\/\/www.correiobraziliense.com.br\/cbradar\/wp-content\/uploads\/2025\/03\/belo-horizonte_1741057637038-1024x576.jpg 1024w, https:\/\/www.correiobraziliense.com.br\/cbradar\/wp-content\/uploads\/2025\/03\/belo-horizonte_1741057637038-300x169.jpg 300w, https:\/\/www.correiobraziliense.com.br\/cbradar\/wp-content\/uploads\/2025\/03\/belo-horizonte_1741057637038-768x432.jpg 768w, https:\/\/www.correiobraziliense.com.br\/cbradar\/wp-content\/uploads\/2025\/03\/belo-horizonte_1741057637038-750x422.jpg 750w, https:\/\/www.correiobraziliense.com.br\/cbradar\/wp-content\/uploads\/2025\/03\/belo-horizonte_1741057637038-1140x641.jpg 1140w, https:\/\/www.correiobraziliense.com.br\/cbradar\/wp-content\/uploads\/2025\/03\/belo-horizonte_1741057637038.jpg 1280w\" sizes=\"(max-width: 1024px) 100vw, 1024px\" \/><figcaption class=\"wp-element-caption\">Com planejamento urbano e mobilidade em expans\u00e3o, Belo Horizonte \u00e9 refer\u00eancia em gest\u00e3o municipal. \/\/ Cr\u00e9ditos: depositphotos.com \/ PedroTruffi<\/figcaption><\/figure><\/div>\n\n\n<h2 class=\"wp-block-heading\">Uma cidade desenhada antes de existir<\/h2>\n\n\n\n<p>Em 1893, o engenheiro <strong>Aar\u00e3o Reis<\/strong> recebeu uma miss\u00e3o incomum: projetar do zero a nova capital de <strong>Minas Gerais<\/strong>, que substituiria <strong>Ouro Preto<\/strong>. As avenidas largas, o tra\u00e7ado em xadrez e a <strong>Avenida do Contorno<\/strong> delimitando o centro original s\u00e3o heran\u00e7a direta desse projeto.<\/p>\n\n\n\n<p>Anos depois, em 1940, o ent\u00e3o prefeito <strong>Juscelino Kubitschek<\/strong> apostou num jovem arquiteto chamado <strong>Oscar Niemeyer<\/strong> para criar o <strong>Conjunto Moderno da Pampulha<\/strong>. A obra renderia ao Brasil seu primeiro Patrim\u00f4nio Mundial moderno reconhecido pela <strong>UNESCO<\/strong>, em 2016.<\/p>\n\n\n\n<p>Este v\u00eddeo do canal <strong>MAIS 50<\/strong> apresenta uma an\u00e1lise detalhada sobre a experi\u00eancia de viver em <strong>Belo Horizonte<\/strong>, destacando os pr\u00f3s e contras da capital mineira.<\/p>\n\n\n\n<figure class=\"wp-block-embed aligncenter is-type-video is-provider-youtube wp-block-embed-youtube wp-embed-aspect-16-9 wp-has-aspect-ratio\"><div class=\"wp-block-embed__wrapper\">\n<div class=\"jeg_video_container jeg_video_content\"><iframe loading=\"lazy\" title=\"MORAR EM BELO HORIZONTE - PONTOS POSITIVOS E NEGATIVOS\" width=\"500\" height=\"281\" src=\"https:\/\/www.youtube.com\/embed\/ny0nLJ680hc?feature=oembed\" frameborder=\"0\" allow=\"accelerometer; autoplay; clipboard-write; encrypted-media; gyroscope; picture-in-picture; web-share\" referrerpolicy=\"strict-origin-when-cross-origin\" allowfullscreen><\/iframe><\/div>\n<\/div><\/figure>\n\n\n\n<h2 class=\"wp-block-heading\">A vida nos bairros: onde o belorizontino se sente em casa<\/h2>\n\n\n\n<p>BH oferece bairros para diferentes estilos de vida, organizados em nove regi\u00f5es administrativas. A <strong>Savassi<\/strong> concentra a vida noturna, com bares e restaurantes que ficam abertos at\u00e9 tarde. <strong>Lourdes<\/strong> \u00e9 o endere\u00e7o da gastronomia mais sofisticada e da hotelaria executiva.<\/p>\n\n\n\n<p><strong>Santa Tereza<\/strong> guarda o ar bo\u00eamio em casas antigas e bares tradicionais. <strong>Buritis<\/strong>, <strong>Castelo<\/strong> e <strong>Cidade Nova<\/strong> aparecem entre os bairros familiares com boa infraestrutura. A regi\u00e3o centro-sul re\u00fane os melhores indicadores de desenvolvimento, enquanto a zona norte vem ganhando aten\u00e7\u00e3o do mercado imobili\u00e1rio.<\/p>\n\n\n\n<h2 class=\"wp-block-heading\">O que faz a rotina do belorizontino?<\/h2>\n\n\n\n<p>Sair para tomar uma cerveja ap\u00f3s o expediente \u00e9 praticamente uma institui\u00e7\u00e3o local. Segundo a <strong>Associa\u00e7\u00e3o Brasileira de Bares e Restaurantes (Abrasel)<\/strong>, BH tem 178 bares por 100 mil habitantes, o maior n\u00famero proporcional entre as capitais brasileiras.<\/p>\n\n\n\n<ul class=\"wp-block-list\">\n<li><strong>Mercado Central<\/strong>: aberto desde 1929, \u00e9 parada obrigat\u00f3ria nos s\u00e1bados de manh\u00e3 para queijos, cacha\u00e7as e o f\u00edgado com jil\u00f3 do Bar da Loura.<\/li>\n\n\n\n<li><strong>Comida di Buteco<\/strong>: festival nascido na cidade em 2000 que hoje acontece em mais de 20 cidades, sempre coroando os melhores petiscos.<\/li>\n\n\n\n<li><strong>Orla da Pampulha<\/strong>: 18 km de extens\u00e3o para caminhada, corrida e bicicleta, com a vista do conjunto modernista ao fundo.<\/li>\n\n\n\n<li><strong>Pra\u00e7a da Liberdade<\/strong>: ponto de encontro nos fins de tarde, cercada pelo <strong>Circuito Liberdade<\/strong> de museus.<\/li>\n<\/ul>\n\n\n<div class=\"wp-block-image\">\n<figure class=\"aligncenter size-large\"><img decoding=\"async\" width=\"1024\" height=\"576\" src=\"https:\/\/www.correiobraziliense.com.br\/cbradar\/wp-content\/uploads\/2025\/02\/belo-horizonte_1740635154150-1024x576.jpg\" alt=\"Onde a tradi\u00e7\u00e3o do p\u00e3o de queijo encontra uma vida tranquila e de qualidade em uma das capitais planejadas mais desejadas do pa\u00eds\" class=\"wp-image-6698\" srcset=\"https:\/\/www.correiobraziliense.com.br\/cbradar\/wp-content\/uploads\/2025\/02\/belo-horizonte_1740635154150-1024x576.jpg 1024w, https:\/\/www.correiobraziliense.com.br\/cbradar\/wp-content\/uploads\/2025\/02\/belo-horizonte_1740635154150-300x169.jpg 300w, https:\/\/www.correiobraziliense.com.br\/cbradar\/wp-content\/uploads\/2025\/02\/belo-horizonte_1740635154150-768x432.jpg 768w, https:\/\/www.correiobraziliense.com.br\/cbradar\/wp-content\/uploads\/2025\/02\/belo-horizonte_1740635154150-750x422.jpg 750w, https:\/\/www.correiobraziliense.com.br\/cbradar\/wp-content\/uploads\/2025\/02\/belo-horizonte_1740635154150-1140x641.jpg 1140w, https:\/\/www.correiobraziliense.com.br\/cbradar\/wp-content\/uploads\/2025\/02\/belo-horizonte_1740635154150.jpg 1280w\" sizes=\"(max-width: 1024px) 100vw, 1024px\" \/><figcaption class=\"wp-element-caption\">Belo Horizonte cresce de forma sustent\u00e1vel e se destaca como polo econ\u00f4mico e tur\u00edstico de Minas Gerais. \/\/ Cr\u00e9ditos: depositphotos.com \/ losak.napior<\/figcaption><\/figure><\/div>\n\n\n<h2 class=\"wp-block-heading\">O patrim\u00f4nio que a cidade v\u00ea todo dia<\/h2>\n\n\n\n<p>O <a href=\"http:\/\/portal.iphan.gov.br\/pagina\/detalhes\/820\/\" target=\"_blank\" rel=\"noreferrer noopener\"><strong>Conjunto Moderno da Pampulha<\/strong><\/a> recebeu o t\u00edtulo de <strong>Patrim\u00f4nio Mundial<\/strong> em 2016, na categoria Paisagem Cultural do Patrim\u00f4nio Moderno. S\u00e3o quatro edif\u00edcios projetados por Niemeyer entre 1942 e 1943: Igreja de S\u00e3o Francisco de Assis, Museu de Arte da Pampulha, Casa do Baile e Iate T\u00eanis Clube.<\/p>\n\n\n\n<p>O conjunto re\u00fane pain\u00e9is em azulejo de <strong>C\u00e2ndido Portinari<\/strong>, jardins de <strong>Roberto Burle Marx<\/strong> e esculturas de <strong>Alfredo Ceschiatti<\/strong>. O pr\u00f3prio Niemeyer dizia que a Pampulha foi o ensaio para Bras\u00edlia. Para o morador, \u00e9 o cen\u00e1rio de fim de tarde, com canoa no lago e p\u00f4r do sol atr\u00e1s da serra.<\/p>\n\n\n\n<h2 class=\"wp-block-heading\">O que se come quando se mora aqui?<\/h2>\n\n\n\n<p>BH \u00e9 Cidade Criativa da Gastronomia da UNESCO, ao lado de Florian\u00f3polis, Bel\u00e9m e Paraty. A culin\u00e1ria mineira \u00e9 base do dia a dia, em pratos que seguem fartos mesmo nos almo\u00e7os de semana.<\/p>\n\n\n\n<ul class=\"wp-block-list\">\n<li><strong>P\u00e3o de queijo<\/strong>: o lanche universal mineiro, comido com caf\u00e9 passado a qualquer hora do dia.<\/li>\n\n\n\n<li><strong>Feij\u00e3o tropeiro<\/strong>: feij\u00e3o com farinha de mandioca, ovo, lingui\u00e7a e couve, prato dos dias frios.<\/li>\n\n\n\n<li><strong>Frango com quiabo<\/strong>: cozido lento, geralmente acompanhado de angu e arroz branco.<\/li>\n\n\n\n<li><strong>Tutu de feij\u00e3o<\/strong>: feij\u00e3o batido com farinha, servido com lombo, torresmo ou lingui\u00e7a.<\/li>\n\n\n\n<li><strong>Doce de leite e queijo Canastra<\/strong>: a sobremesa que define o sabor da serra mineira.<\/li>\n<\/ul>\n\n\n\n<p><strong>Leia tamb\u00e9m: <a href=\"https:\/\/www.correiobraziliense.com.br\/cbradar\/como-a-primeira-capital-planejada-do-brasil-nasceu-de-um-tabuleiro-de-xadrez-e-encantou-com-sua-organizacao-a-366-km-do-mar\/\" target=\"_blank\" rel=\"noreferrer noopener\">Como a primeira capital planejada do Brasil nasceu de um tabuleiro de xadrez e encantou com sua organiza\u00e7\u00e3o a 366 km do mar.<\/a><\/strong><\/p>\n\n\n<div class=\"wp-block-image\">\n<figure class=\"aligncenter size-large\"><img decoding=\"async\" width=\"1024\" height=\"576\" src=\"https:\/\/www.correiobraziliense.com.br\/cbradar\/wp-content\/uploads\/2025\/07\/Edicoes-61-1-1024x576.png\" alt=\"Eleita a 2\u00aa melhor para morar, essa capital une custo de vida baixo, 76 parques e a melhor gastronomia do pa\u00eds hoje\" class=\"wp-image-72486\" srcset=\"https:\/\/www.correiobraziliense.com.br\/cbradar\/wp-content\/uploads\/2025\/07\/Edicoes-61-1-1024x576.png 1024w, https:\/\/www.correiobraziliense.com.br\/cbradar\/wp-content\/uploads\/2025\/07\/Edicoes-61-1-300x169.png 300w, https:\/\/www.correiobraziliense.com.br\/cbradar\/wp-content\/uploads\/2025\/07\/Edicoes-61-1-768x432.png 768w, https:\/\/www.correiobraziliense.com.br\/cbradar\/wp-content\/uploads\/2025\/07\/Edicoes-61-1-750x422.png 750w, https:\/\/www.correiobraziliense.com.br\/cbradar\/wp-content\/uploads\/2025\/07\/Edicoes-61-1-1140x641.png 1140w, https:\/\/www.correiobraziliense.com.br\/cbradar\/wp-content\/uploads\/2025\/07\/Edicoes-61-1.png 1280w\" sizes=\"(max-width: 1024px) 100vw, 1024px\" \/><figcaption class=\"wp-element-caption\">Belo Horizonte est\u00e1 entre as capitais brasileiras com melhor \u00edndice de desenvolvimento humano do pa\u00eds. \/\/ Cr\u00e9ditos: Wikipedia<\/figcaption><\/figure><\/div>\n\n\n<h2 class=\"wp-block-heading\">Como \u00e9 o clima ao longo do ano?<\/h2>\n\n\n\n<p>A altitude de 858 metros torna BH mais amena que outras capitais brasileiras. O ver\u00e3o \u00e9 chuvoso, e o inverno tem dias secos e noites frias.<\/p>\n\n\n\n<style>\n  \/* --- CONTAINER BLINDADO (PADR\u00c3O REGISTRADO) --- *\/\n  .clima-grid-final {\n    font-family: -apple-system, BlinkMacSystemFont, \"Segoe UI\", Roboto, Arial, sans-serif !important;\n    width: 100% !important;\n    max-width: 1200px !important;\n    margin: 20px auto !important;\n    display: grid !important;\n    \/* FOR\u00c7A 4 COLUNAS NO DESKTOP *\/\n    grid-template-columns: repeat(4, 1fr) !important; \n    gap: 15px !important;\n    box-sizing: border-box !important;\n  }\n\n  .clima-grid-final * {\n    box-sizing: border-box !important;\n  }\n\n  \/* --- BLINDAGEM CONTRA ADS E PLUGINS INTRUSOS --- *\/\n  .clima-grid-final > :not(.card-clima) {\n    display: none !important;\n    width: 0 !important;\n    height: 0 !important;\n    opacity: 0 !important;\n  }\n\n  \/* --- CARD AZUL --- *\/\n  .card-clima {\n    background: #ffffff !important;\n    border: 1px solid #e3f2fd !important;\n    border-radius: 20px !important;\n    padding: 20px 10px !important;\n    text-align: center !important;\n    display: flex !important;\n    flex-direction: column !important;\n    align-items: center !important;\n    box-shadow: 0 4px 10px rgba(13, 71, 161, 0.05) !important;\n    min-width: 0 !important; \n    transition: transform 0.2s ease !important;\n    overflow: hidden !important;\n    height: 100% !important;\n  }\n\n  .card-clima:hover {\n    transform: translateY(-5px) !important;\n    border-color: #90caf9 !important;\n  }\n\n  \/* --- CONTE\u00daDO --- *\/\n  .estacao-nome { \n    font-size: 14px !important; \n    font-weight: 800 !important; \n    color: #0d47a1 !important; \n    text-transform: uppercase !important; \n    margin: 0 0 5px 0 !important; \n  }\n  \n  .estacao-meses { \n    font-size: 10px !important; \n    font-weight: 700 !important; \n    color: #1565c0 !important; \n    text-transform: uppercase !important; \n    margin-bottom: 15px !important; \n    display: block !important;\n  }\n  \n  .temp-valor { \n    font-size: 24px !important; \n    font-weight: 800 !important; \n    color: #01579b !important; \n    line-height: 1.1 !important; \n    margin: 0 !important;\n  }\n  \n  .temp-label { \n    font-size: 9px !important; \n    font-weight: 600 !important; \n    color: #0288d1 !important; \n    text-transform: uppercase !important; \n    margin-bottom: 15px !important; \n    display: block !important;\n  }\n  \n  .clima-desc { \n    font-size: 12px !important; \n    line-height: 1.4 !important; \n    color: #37474f !important; \n    margin-bottom: 15px !important; \n    flex-grow: 1 !important; \n  }\n\n  .tag-status {\n    background-color: #e1f5fe !important;\n    border: 1px solid #b3e5fc !important;\n    color: #0d47a1 !important;\n    padding: 5px 12px !important;\n    border-radius: 20px !important;\n    font-size: 9px !important;\n    font-weight: 800 !important;\n    text-transform: uppercase !important;\n    margin-top: auto !important;\n  }\n\n  \/* --- RESPONSIVIDADE --- *\/\n  @media (max-width: 800px) {\n    .clima-grid-final {\n      grid-template-columns: 1fr !important; \n    }\n    .card-clima {\n      padding: 25px 20px !important;\n    }\n  }\n<\/style>\n\n<div class=\"google-auto-ads-ignore clima-grid-final\">\n  \n  <div class=\"card-clima\">\n    <div class=\"estacao-nome\">\u2600\ufe0f Ver\u00e3o<\/div>\n    <span class=\"estacao-meses\">Dez &#8211; Fev<\/span>\n    <div class=\"temp-valor\">18-29\u00b0C<\/div>\n    <span class=\"temp-label\">M\u00e9dia<\/span>\n    <div class=\"clima-desc\">Sob chuvas altas, aproveite para explorar os <b>museus<\/b> e a diversidade de sabores no tradicional <b>Mercado Central<\/b>.<\/div>\n    <div class=\"tag-status\">\ud83c\udfdb\ufe0f Cultura<\/div>\n  <\/div>\n\n  <div class=\"card-clima\">\n    <div class=\"estacao-nome\">\ud83c\udf42 Outono<\/div>\n    <span class=\"estacao-meses\">Mar &#8211; Mai<\/span>\n    <div class=\"temp-valor\">15-27\u00b0C<\/div>\n    <span class=\"temp-label\">M\u00e9dia<\/span>\n    <div class=\"clima-desc\">Com a redu\u00e7\u00e3o das chuvas, o clima torna-se perfeito para uma relaxante <b>caminhada na Pampulha<\/b> ao fim da tarde.<\/div>\n    <div class=\"tag-status\">\ud83d\udeb4 Lazer<\/div>\n  <\/div>\n\n  <div class=\"card-clima\">\n    <div class=\"estacao-nome\">\ud83e\udde3 Inverno<\/div>\n    <span class=\"estacao-meses\">Jun &#8211; Ago<\/span>\n    <div class=\"temp-valor\">11-25\u00b0C<\/div>\n    <span class=\"temp-label\">M\u00e9dia<\/span>\n    <div class=\"clima-desc\">A \u00e9poca mais seca convida a desbravar a famosa capital dos <b>botecos<\/b> e mergulhar na <b>gastronomia<\/b> mineira raiz.<\/div>\n    <div class=\"tag-status\">\ud83e\udd58 Sabores<\/div>\n  <\/div>\n\n  <div class=\"card-clima\">\n    <div class=\"estacao-nome\">\ud83c\udf38 Primavera<\/div>\n    <span class=\"estacao-meses\">Set &#8211; Nov<\/span>\n    <div class=\"temp-valor\">15-29\u00b0C<\/div>\n    <span class=\"temp-label\">M\u00e9dia<\/span>\n    <div class=\"clima-desc\">As cores retornam aos <b>parques<\/b> e o clima convida a percorrer as atra\u00e7\u00f5es hist\u00f3ricas do <b>Circuito Liberdade<\/b>.<\/div>\n    <div class=\"tag-status\">\ud83c\udf33 Cidade<\/div>\n  <\/div>\n\n<\/div>\n\n\n\n<p><em>Temperaturas aproximadas com base no <a href=\"https:\/\/www.climatempo.com.br\/previsao-do-tempo\/cidade\/107\/belohorizonte-mg\" target=\"_blank\" rel=\"noreferrer noopener\"><strong>Climatempo<\/strong><\/a>. Condi\u00e7\u00f5es podem variar.<\/em><\/p>\n\n\n\n<h2 class=\"wp-block-heading\">Como chegar e se mover dentro da capital?<\/h2>\n\n\n\n<p>O <strong>Aeroporto Internacional de Confins<\/strong> fica a 38 km do centro e recebe voos de todo o pa\u00eds. A cidade tem metr\u00f4 com linha \u00fanica ligando a regi\u00e3o oeste \u00e0 zona norte e uma rede ampla de \u00f4nibus integrados pelo cart\u00e3o BHBus.<\/p>\n\n\n\n<h2 class=\"wp-block-heading\">V\u00e1 viver Belo Horizonte<\/h2>\n\n\n\n<p><strong>BH \u00e9 uma daquelas cidades que cabe numa frase, mas que s\u00f3 faz sentido depois que se sente. <\/strong>Tem o sil\u00eancio das montanhas, o burburinho do boteco e a curva do concreto de Niemeyer no mesmo dia.<\/p>\n\n\n\n<p>Voc\u00ea precisa conhecer Belo Horizonte para entender por que tanta gente que veio passar uns dias acabou ficando uma vida inteira.<\/p>\n","protected":false},"excerpt":{"rendered":"<p>Cercada por montanhas e cortada por avenidas largas, Belo Horizonte foi a primeira capital planejada do Brasil. Inaugurada em 1897, virou a cidade onde o ritmo da metr\u00f3pole cabe num assento de boteco e a vista da serra encerra o expediente. Por que BH \u00e9 considerada a melhor capital para viver? A cidade combina indicadores [&hellip;]<\/p>\n","protected":false},"author":8,"featured_media":193958,"comment_status":"open","ping_status":"open","sticky":false,"template":"","format":"standard","meta":{"_yoast_wpseo_focuskw":"Brasil","_yoast_wpseo_title":"","_yoast_wpseo_metadesc":"Entre as 5 melhores cidades para viver no Brasil, essa cidade encanta com lazer completo e gastronomia premiada.","jnews-multi-image_gallery":[],"jnews_single_post":{"format":"standard"},"jnews_primary_category":[],"jnews_social_meta":[],"jnews_override_counter":[],"footnotes":""},"categories":[108,111],"post_tag":[],"class_list":["post-232465","post","type-post","status-publish","format-standard","has-post-thumbnail","hentry","category-cidades","category-turismo"],"yoast_head":"<!-- This site is optimized with the Yoast SEO plugin v24.6 - https:\/\/yoast.com\/wordpress\/plugins\/seo\/ -->\n<title>Uma das 5 melhores cidades para viver no Brasil est\u00e1 surpreendendo com lazer garantido e gastronomia premiada - Correio Braziliense - Radar<\/title>\n<meta name=\"description\" content=\"Entre as 5 melhores cidades para viver no Brasil, essa cidade encanta com lazer completo e gastronomia premiada.\" \/>\n<meta name=\"robots\" content=\"index, follow, max-snippet:-1, max-image-preview:large, max-video-preview:-1\" \/>\n<link rel=\"canonical\" href=\"https:\/\/www.correiobraziliense.com.br\/cbradar\/uma-das-5-melhores-cidades-para-viver-no-brasil-esta-surpreendendo-com-lazer-garantido-e-gastronomia-premiada\/\" \/>\n<meta property=\"og:locale\" content=\"pt_BR\" \/>\n<meta property=\"og:type\" content=\"article\" \/>\n<meta property=\"og:title\" content=\"Uma das 5 melhores cidades para viver no Brasil est\u00e1 surpreendendo com lazer garantido e gastronomia premiada - Correio Braziliense - Radar\" \/>\n<meta property=\"og:description\" content=\"Entre as 5 melhores cidades para viver no Brasil, essa cidade encanta com lazer completo e gastronomia premiada.\" \/>\n<meta property=\"og:url\" content=\"https:\/\/www.correiobraziliense.com.br\/cbradar\/uma-das-5-melhores-cidades-para-viver-no-brasil-esta-surpreendendo-com-lazer-garantido-e-gastronomia-premiada\/\" \/>\n<meta property=\"og:site_name\" content=\"Correio Braziliense - Radar\" \/>\n<meta property=\"article:published_time\" content=\"2026-04-26T13:25:00+00:00\" \/>\n<meta property=\"og:image\" content=\"https:\/\/www.correiobraziliense.com.br\/cbradar\/wp-content\/uploads\/2026\/02\/aaa-2026-02-15T035303.503.png\" \/>\n\t<meta property=\"og:image:width\" content=\"1280\" \/>\n\t<meta property=\"og:image:height\" content=\"720\" \/>\n\t<meta property=\"og:image:type\" content=\"image\/png\" \/>\n<meta name=\"author\" content=\"Maura Pereira\" \/>\n<meta name=\"twitter:card\" content=\"summary_large_image\" \/>\n<meta name=\"twitter:label1\" content=\"Escrito por\" \/>\n\t<meta name=\"twitter:data1\" content=\"Maura Pereira\" \/>\n\t<meta name=\"twitter:label2\" content=\"Est. tempo de leitura\" \/>\n\t<meta name=\"twitter:data2\" content=\"7 minutos\" \/>\n<!-- \/ Yoast SEO plugin. -->","yoast_head_json":{"title":"Uma das 5 melhores cidades para viver no Brasil est\u00e1 surpreendendo com lazer garantido e gastronomia premiada - Correio Braziliense - Radar","description":"Entre as 5 melhores cidades para viver no Brasil, essa cidade encanta com lazer completo e gastronomia premiada.","robots":{"index":"index","follow":"follow","max-snippet":"max-snippet:-1","max-image-preview":"max-image-preview:large","max-video-preview":"max-video-preview:-1"},"canonical":"https:\/\/www.correiobraziliense.com.br\/cbradar\/uma-das-5-melhores-cidades-para-viver-no-brasil-esta-surpreendendo-com-lazer-garantido-e-gastronomia-premiada\/","og_locale":"pt_BR","og_type":"article","og_title":"Uma das 5 melhores cidades para viver no Brasil est\u00e1 surpreendendo com lazer garantido e gastronomia premiada - Correio Braziliense - Radar","og_description":"Entre as 5 melhores cidades para viver no Brasil, essa cidade encanta com lazer completo e gastronomia premiada.","og_url":"https:\/\/www.correiobraziliense.com.br\/cbradar\/uma-das-5-melhores-cidades-para-viver-no-brasil-esta-surpreendendo-com-lazer-garantido-e-gastronomia-premiada\/","og_site_name":"Correio Braziliense - Radar","article_published_time":"2026-04-26T13:25:00+00:00","og_image":[{"width":1280,"height":720,"url":"https:\/\/www.correiobraziliense.com.br\/cbradar\/wp-content\/uploads\/2026\/02\/aaa-2026-02-15T035303.503.png","type":"image\/png"}],"author":"Maura Pereira","twitter_card":"summary_large_image","twitter_misc":{"Escrito por":"Maura Pereira","Est. tempo de leitura":"7 minutos"},"schema":{"@context":"https:\/\/schema.org","@graph":[{"@type":"WebPage","@id":"https:\/\/www.correiobraziliense.com.br\/cbradar\/uma-das-5-melhores-cidades-para-viver-no-brasil-esta-surpreendendo-com-lazer-garantido-e-gastronomia-premiada\/","url":"https:\/\/www.correiobraziliense.com.br\/cbradar\/uma-das-5-melhores-cidades-para-viver-no-brasil-esta-surpreendendo-com-lazer-garantido-e-gastronomia-premiada\/","name":"Uma das 5 melhores cidades para viver no Brasil est\u00e1 surpreendendo com lazer garantido e gastronomia premiada - Correio Braziliense - Radar","isPartOf":{"@id":"https:\/\/www.correiobraziliense.com.br\/cbradar\/#website"},"primaryImageOfPage":{"@id":"https:\/\/www.correiobraziliense.com.br\/cbradar\/uma-das-5-melhores-cidades-para-viver-no-brasil-esta-surpreendendo-com-lazer-garantido-e-gastronomia-premiada\/#primaryimage"},"image":{"@id":"https:\/\/www.correiobraziliense.com.br\/cbradar\/uma-das-5-melhores-cidades-para-viver-no-brasil-esta-surpreendendo-com-lazer-garantido-e-gastronomia-premiada\/#primaryimage"},"thumbnailUrl":"https:\/\/www.correiobraziliense.com.br\/cbradar\/wp-content\/uploads\/2026\/02\/aaa-2026-02-15T035303.503.png","datePublished":"2026-04-26T13:25:00+00:00","author":{"@id":"https:\/\/www.correiobraziliense.com.br\/cbradar\/#\/schema\/person\/4053c651a9bfc785afc6f4cbc9032fd3"},"description":"Entre as 5 melhores cidades para viver no Brasil, essa cidade encanta com lazer completo e gastronomia premiada.","breadcrumb":{"@id":"https:\/\/www.correiobraziliense.com.br\/cbradar\/uma-das-5-melhores-cidades-para-viver-no-brasil-esta-surpreendendo-com-lazer-garantido-e-gastronomia-premiada\/#breadcrumb"},"inLanguage":"pt-BR","potentialAction":[{"@type":"ReadAction","target":["https:\/\/www.correiobraziliense.com.br\/cbradar\/uma-das-5-melhores-cidades-para-viver-no-brasil-esta-surpreendendo-com-lazer-garantido-e-gastronomia-premiada\/"]}]},{"@type":"ImageObject","inLanguage":"pt-BR","@id":"https:\/\/www.correiobraziliense.com.br\/cbradar\/uma-das-5-melhores-cidades-para-viver-no-brasil-esta-surpreendendo-com-lazer-garantido-e-gastronomia-premiada\/#primaryimage","url":"https:\/\/www.correiobraziliense.com.br\/cbradar\/wp-content\/uploads\/2026\/02\/aaa-2026-02-15T035303.503.png","contentUrl":"https:\/\/www.correiobraziliense.com.br\/cbradar\/wp-content\/uploads\/2026\/02\/aaa-2026-02-15T035303.503.png","width":1280,"height":720,"caption":"Belo Horizonte foi a primeira cidade brasileira moderna planejada, fundada em 1897, desenhada com tra\u00e7ados geom\u00e9tricos inspirados em capitais europeias e americanas. \/ Imagem ilustrativa"},{"@type":"BreadcrumbList","@id":"https:\/\/www.correiobraziliense.com.br\/cbradar\/uma-das-5-melhores-cidades-para-viver-no-brasil-esta-surpreendendo-com-lazer-garantido-e-gastronomia-premiada\/#breadcrumb","itemListElement":[{"@type":"ListItem","position":1,"name":"In\u00edcio","item":"https:\/\/www.correiobraziliense.com.br\/cbradar\/"},{"@type":"ListItem","position":2,"name":"Uma das 5 melhores cidades para viver no Brasil est\u00e1 surpreendendo com lazer garantido e gastronomia premiada"}]},{"@type":"WebSite","@id":"https:\/\/www.correiobraziliense.com.br\/cbradar\/#website","url":"https:\/\/www.correiobraziliense.com.br\/cbradar\/","name":"Correio Braziliense - Radar","description":"Acompanhe as \u00faltimas not\u00edcias e fique bem informado sobre tudo o que acontece no Brasil e no mundo.","potentialAction":[{"@type":"SearchAction","target":{"@type":"EntryPoint","urlTemplate":"https:\/\/www.correiobraziliense.com.br\/cbradar\/?s={search_term_string}"},"query-input":{"@type":"PropertyValueSpecification","valueRequired":true,"valueName":"search_term_string"}}],"inLanguage":"pt-BR"},{"@type":"Person","@id":"https:\/\/www.correiobraziliense.com.br\/cbradar\/#\/schema\/person\/4053c651a9bfc785afc6f4cbc9032fd3","name":"Maura Pereira","image":{"@type":"ImageObject","inLanguage":"pt-BR","@id":"https:\/\/www.correiobraziliense.com.br\/cbradar\/#\/schema\/person\/image\/","url":"https:\/\/secure.gravatar.com\/avatar\/3effd6bdadfa447f15089c7f7144eaa6?s=96&d=mm&r=g","contentUrl":"https:\/\/secure.gravatar.com\/avatar\/3effd6bdadfa447f15089c7f7144eaa6?s=96&d=mm&r=g","caption":"Maura Pereira"},"sameAs":["https:\/\/www.correiobraziliense.com.br\/"],"url":"https:\/\/www.correiobraziliense.com.br\/cbradar\/author\/mauramyth\/"}]}},"_links":{"self":[{"href":"https:\/\/www.correiobraziliense.com.br\/cbradar\/wp-json\/wp\/v2\/posts\/232465","targetHints":{"allow":["GET"]}}],"collection":[{"href":"https:\/\/www.correiobraziliense.com.br\/cbradar\/wp-json\/wp\/v2\/posts"}],"about":[{"href":"https:\/\/www.correiobraziliense.com.br\/cbradar\/wp-json\/wp\/v2\/types\/post"}],"author":[{"embeddable":true,"href":"https:\/\/www.correiobraziliense.com.br\/cbradar\/wp-json\/wp\/v2\/users\/8"}],"replies":[{"embeddable":true,"href":"https:\/\/www.correiobraziliense.com.br\/cbradar\/wp-json\/wp\/v2\/comments?post=232465"}],"version-history":[{"count":11,"href":"https:\/\/www.correiobraziliense.com.br\/cbradar\/wp-json\/wp\/v2\/posts\/232465\/revisions"}],"predecessor-version":[{"id":232496,"href":"https:\/\/www.correiobraziliense.com.br\/cbradar\/wp-json\/wp\/v2\/posts\/232465\/revisions\/232496"}],"wp:featuredmedia":[{"embeddable":true,"href":"https:\/\/www.correiobraziliense.com.br\/cbradar\/wp-json\/wp\/v2\/media\/193958"}],"wp:attachment":[{"href":"https:\/\/www.correiobraziliense.com.br\/cbradar\/wp-json\/wp\/v2\/media?parent=232465"}],"wp:term":[{"taxonomy":"category","embeddable":true,"href":"https:\/\/www.correiobraziliense.com.br\/cbradar\/wp-json\/wp\/v2\/categories?post=232465"},{"taxonomy":"post_tag","embeddable":true,"href":"https:\/\/www.correiobraziliense.com.br\/cbradar\/wp-json\/wp\/v2\/post_tag?post=232465"}],"curies":[{"name":"wp","href":"https:\/\/api.w.org\/{rel}","templated":true}]}}