{"id":232610,"date":"2026-04-26T13:14:00","date_gmt":"2026-04-26T16:14:00","guid":{"rendered":"https:\/\/www.correiobraziliense.com.br\/cbradar\/?p=232610"},"modified":"2026-04-26T12:30:30","modified_gmt":"2026-04-26T15:30:30","slug":"o-que-a-psicologia-diz-sobre-movimentar-as-pernas-sem-parar-quando-voce-esta-sentado","status":"publish","type":"post","link":"https:\/\/www.correiobraziliense.com.br\/cbradar\/o-que-a-psicologia-diz-sobre-movimentar-as-pernas-sem-parar-quando-voce-esta-sentado\/","title":{"rendered":"O que a psicologia diz sobre movimentar as pernas sem parar quando voc\u00ea est\u00e1 sentado"},"content":{"rendered":"\n<p>Por que tanta gente <strong>movimenta a perna sem parar<\/strong> enquanto est\u00e1 sentada? A cena \u00e9 t\u00e3o comum quanto silenciosa: numa sala de espera ou diante do computador, a perna come\u00e7a a balan\u00e7ar sozinha num ritmo constante. A psicologia explica que esse comportamento, tecnicamente chamado de <strong>comportamento estereotipado<\/strong>, \u00e9 um mecanismo de autorregula\u00e7\u00e3o que o c\u00e9rebro utiliza para ajustar os n\u00edveis de aten\u00e7\u00e3o e aliviar tens\u00f5es.<\/p>\n\n\n\n<h2 class=\"wp-block-heading\">O que \u00e9 o comportamento estereotipado e por que ele surge?<\/h2>\n\n\n\n<p>A <a href=\"https:\/\/pt.wikipedia.org\/wiki\/Estereotipia\" target=\"_blank\" rel=\"noreferrer noopener\">estereotipia<\/a> \u00e9 definida pela psicologia como uma a\u00e7\u00e3o repetitiva, padronizada e muitas vezes involunt\u00e1ria. Apesar de parecer sem prop\u00f3sito funcional, ela cumpre um papel importante na economia mental do organismo.<\/p>\n\n\n\n<p>Quando o c\u00e9rebro enfrenta um estado de alerta elevado ou t\u00e9dio profundo, o movimento r\u00edtmico das pernas funciona como uma \u00e2ncora sensorial. Esse est\u00edmulo f\u00edsico constante ajuda a estabilizar o sistema nervoso e a manter o foco em situa\u00e7\u00f5es que exigem aten\u00e7\u00e3o prolongada.<\/p>\n\n\n<div class=\"wp-block-image\">\n<figure class=\"aligncenter size-full\"><img decoding=\"async\" width=\"1280\" height=\"720\" src=\"https:\/\/www.correiobraziliense.com.br\/cbradar\/wp-content\/uploads\/2026\/04\/IMAGEM_720p_1777217290628.jpg\" alt=\"O balan\u00e7ar repetitivo das pernas \u00e9 um mecanismo de autorregula\u00e7\u00e3o e n\u00e3o apenas um sinal de ansiedade\" class=\"wp-image-232612\" srcset=\"https:\/\/www.correiobraziliense.com.br\/cbradar\/wp-content\/uploads\/2026\/04\/IMAGEM_720p_1777217290628.jpg 1280w, https:\/\/www.correiobraziliense.com.br\/cbradar\/wp-content\/uploads\/2026\/04\/IMAGEM_720p_1777217290628-300x169.jpg 300w, https:\/\/www.correiobraziliense.com.br\/cbradar\/wp-content\/uploads\/2026\/04\/IMAGEM_720p_1777217290628-768x432.jpg 768w, https:\/\/www.correiobraziliense.com.br\/cbradar\/wp-content\/uploads\/2026\/04\/IMAGEM_720p_1777217290628-750x422.jpg 750w, https:\/\/www.correiobraziliense.com.br\/cbradar\/wp-content\/uploads\/2026\/04\/IMAGEM_720p_1777217290628-1140x641.jpg 1140w\" sizes=\"(max-width: 1280px) 100vw, 1280px\" \/><figcaption class=\"wp-element-caption\">O balan\u00e7ar repetitivo das pernas \u00e9 um mecanismo de autorregula\u00e7\u00e3o e n\u00e3o apenas um sinal de ansiedade<\/figcaption><\/figure><\/div>\n\n\n<h2 class=\"wp-block-heading\">Mover a perna \u00e9 sempre sinal de ansiedade?<\/h2>\n\n\n\n<p>N\u00e3o obrigatoriamente. Embora a ansiedade esteja entre as causas mais citadas, o contexto do movimento faz toda a diferen\u00e7a. Aumentos de cortisol e adrenalina realmente disparam respostas motoras, mas o balan\u00e7ar das pernas tamb\u00e9m aparece em estados de concentra\u00e7\u00e3o intensa ou simples t\u00e9dio.<\/p>\n\n\n\n<p>Quando o gesto surge durante uma tarefa que exige racioc\u00ednio, ele costuma operar como um regulador do <strong>n\u00edvel de estimula\u00e7\u00e3o cortical<\/strong>. Em outras palavras, o c\u00e9rebro usa o movimento para se manter acordado e atento, e n\u00e3o necessariamente para descarregar tens\u00e3o.<\/p>\n\n\n\n<p>Leia tamb\u00e9m: <a href=\"https:\/\/www.correiobraziliense.com.br\/cbradar\/segundo-especialistas-em-psicologia-pessoas-que-precisaram-se-virar-sozinhas-na-infancia-desenvolvem-independencia-emocional-que-poucos-entendem-hoje\/\" target=\"_blank\" rel=\"noreferrer noopener\">Segundo especialistas em psicologia, pessoas que precisaram se virar sozinhas na inf\u00e2ncia desenvolvem independ\u00eancia emocional que poucos entendem hoje<\/a><\/p>\n\n\n\n<h3 class=\"wp-block-heading\">Quando o movimento pode indicar um quadro cl\u00ednico<\/h3>\n\n\n\n<p>Se o movimento vier acompanhado de inquieta\u00e7\u00e3o interna intensa, sensa\u00e7\u00e3o de urg\u00eancia ou pensamentos acelerados, a psicologia recomenda investigar poss\u00edveis quadros de <strong>ansiedade<\/strong> ou <strong>transtorno de movimento estereotipado<\/strong>. Nesses casos, o balan\u00e7ar das pernas \u00e9 mais uma v\u00e1lvula de escape do que uma ferramenta de foco.<\/p>\n\n\n\n<h2 class=\"wp-block-heading\">Como esse mecanismo ajuda a manter a concentra\u00e7\u00e3o?<\/h2>\n\n\n\n<p>O movimento repetitivo ocupa circuitos motores que, de outra forma, competiriam com as \u00e1reas cerebrais respons\u00e1veis pela aten\u00e7\u00e3o. Ao fornecer um est\u00edmulo r\u00edtmico de baixo custo cognitivo, o balan\u00e7ar das pernas reduz a probabilidade de distra\u00e7\u00f5es internas.<\/p>\n\n\n\n<p>Um estudo publicado no <a href=\"https:\/\/pmc.ncbi.nlm.nih.gov\/articles\/PMC11045920\/\" target=\"_blank\" rel=\"noreferrer noopener\">PubMed Central<\/a> demonstrou que o h\u00e1bito de balan\u00e7ar as pernas aumenta o gasto energ\u00e9tico em cerca de <strong>16,3%<\/strong> e eleva a oxigena\u00e7\u00e3o sangu\u00ednea, sem sobrecarregar o sistema cardiovascular. Essa ativa\u00e7\u00e3o metab\u00f3lica discreta contribui para a manuten\u00e7\u00e3o do estado de alerta.<\/p>\n\n\n\n<h2 class=\"wp-block-heading\">Existe rela\u00e7\u00e3o entre personalidade e a necessidade de movimentar as pernas?<\/h2>\n\n\n\n<p>Pessoas com tra\u00e7os mais elevados de <strong>neuroticismo<\/strong> ou <strong>extrovers\u00e3o<\/strong> tendem a apresentar mais comportamentos motores repetitivos. No caso dos extrovertidos, o movimento pode refletir uma necessidade maior de estimula\u00e7\u00e3o externa para manter o equil\u00edbrio interno.<\/p>\n\n\n\n<p>J\u00e1 indiv\u00edduos com pontua\u00e7\u00f5es altas em <strong>conscienciosidade<\/strong> costumam usar o gesto de forma mais estrat\u00e9gica. Eles recorrem ao balan\u00e7ar das pernas como um recurso discreto para sustentar a produtividade mental durante longos per\u00edodos sentados.<\/p>\n\n\n<div class=\"wp-block-image\">\n<figure class=\"aligncenter size-full\"><img decoding=\"async\" width=\"1280\" height=\"720\" src=\"https:\/\/www.correiobraziliense.com.br\/cbradar\/wp-content\/uploads\/2026\/04\/IMAGEM_720p_1777217294534.jpg\" alt=\"O balan\u00e7ar repetitivo das pernas \u00e9 um mecanismo de autorregula\u00e7\u00e3o e n\u00e3o apenas um sinal de ansiedade\" class=\"wp-image-232611\" srcset=\"https:\/\/www.correiobraziliense.com.br\/cbradar\/wp-content\/uploads\/2026\/04\/IMAGEM_720p_1777217294534.jpg 1280w, https:\/\/www.correiobraziliense.com.br\/cbradar\/wp-content\/uploads\/2026\/04\/IMAGEM_720p_1777217294534-300x169.jpg 300w, https:\/\/www.correiobraziliense.com.br\/cbradar\/wp-content\/uploads\/2026\/04\/IMAGEM_720p_1777217294534-768x432.jpg 768w, https:\/\/www.correiobraziliense.com.br\/cbradar\/wp-content\/uploads\/2026\/04\/IMAGEM_720p_1777217294534-750x422.jpg 750w, https:\/\/www.correiobraziliense.com.br\/cbradar\/wp-content\/uploads\/2026\/04\/IMAGEM_720p_1777217294534-1140x641.jpg 1140w\" sizes=\"(max-width: 1280px) 100vw, 1280px\" \/><figcaption class=\"wp-element-caption\">O balan\u00e7ar repetitivo das pernas \u00e9 um mecanismo de autorregula\u00e7\u00e3o e n\u00e3o apenas um sinal de ansiedade<\/figcaption><\/figure><\/div>\n\n\n<h2 class=\"wp-block-heading\">O que mais o corpo revela quando as pernas n\u00e3o param?<\/h2>\n\n\n\n<p>Al\u00e9m dos fatores psicol\u00f3gicos, o movimento das pernas tamb\u00e9m pode ser interpretado como uma resposta do organismo ao sedentarismo imposto. O corpo humano n\u00e3o foi projetado para permanecer im\u00f3vel por horas, e o balan\u00e7ar das pernas surge como uma tentativa natural de manter a atividade metab\u00f3lica basal.<\/p>\n\n\n\n<p>Confira outros sinais que costumam acompanhar o balan\u00e7ar das pernas e o que eles revelam:<\/p>\n\n\n\n<ul class=\"wp-block-list\">\n<li><strong>Tamborilar os dedos<\/strong>: t\u00e9dio ou expectativa por uma resposta iminente<\/li>\n\n\n\n<li><strong>Mexer os p\u00e9s sob a mesa<\/strong>: desconforto leve ou microdescarga de tens\u00e3o<\/li>\n\n\n\n<li><strong>Alternar o peso do corpo na cadeira<\/strong>: necessidade de mudar o foco atencional<\/li>\n\n\n\n<li><strong>Balan\u00e7ar ambas as pernas em ritmo acelerado<\/strong>: pico de estresse ou excita\u00e7\u00e3o intelectual<\/li>\n<\/ul>\n\n\n\n<h2 class=\"wp-block-heading\">O que fazer quando o movimento se torna um problema?<\/h2>\n\n\n\n<p>Na maioria das vezes, o h\u00e1bito \u00e9 inofensivo e at\u00e9 \u00fatil. Mas quando ele come\u00e7a a incomodar outras pessoas ou a interferir na qualidade de vida, pequenas adapta\u00e7\u00f5es resolvem. Trocar o balan\u00e7o das pernas por um objeto de <strong>fidget toy<\/strong> ou levantar para caminhar alguns minutos ajuda a redirecionar a energia acumulada.<\/p>\n\n\n\n<p>A chave est\u00e1 em reconhecer o movimento como uma linguagem do corpo, e n\u00e3o como um defeito. O que a psicologia mostra, afinal, \u00e9 que o c\u00e9rebro inquieto muitas vezes \u00e9 apenas um c\u00e9rebro tentando se ajustar ao ritmo do mundo ao redor.<\/p>\n","protected":false},"excerpt":{"rendered":"<p>Por que tanta gente movimenta a perna sem parar enquanto est\u00e1 sentada? A cena \u00e9 t\u00e3o comum quanto silenciosa: numa sala de espera ou diante do computador, a perna come\u00e7a a balan\u00e7ar sozinha num ritmo constante. A psicologia explica que esse comportamento, tecnicamente chamado de comportamento estereotipado, \u00e9 um mecanismo de autorregula\u00e7\u00e3o que o c\u00e9rebro [&hellip;]<\/p>\n","protected":false},"author":11,"featured_media":232613,"comment_status":"open","ping_status":"open","sticky":false,"template":"","format":"standard","meta":{"_yoast_wpseo_focuskw":"movimentar a perna sem parar","_yoast_wpseo_title":"","_yoast_wpseo_metadesc":"Movimentar a perna sem parar vai muito al\u00e9m de um tique nervoso. Entenda o que a psicologia revela sobre esse mecanismo de autorregula\u00e7\u00e3o.","jnews-multi-image_gallery":[],"jnews_single_post":{"format":"standard"},"jnews_primary_category":[],"jnews_social_meta":[],"jnews_override_counter":[],"footnotes":""},"categories":[119],"post_tag":[812,4718,8192,404],"class_list":["post-232610","post","type-post","status-publish","format-standard","has-post-thumbnail","hentry","category-bem-estar","tag-ansiedade","tag-comportamento","tag-foco","tag-psicologia"],"yoast_head":"<!-- This site is optimized with the Yoast SEO plugin v24.6 - https:\/\/yoast.com\/wordpress\/plugins\/seo\/ -->\n<title>O que a psicologia diz sobre movimentar as pernas sem parar quando voc\u00ea est\u00e1 sentado - Correio Braziliense - Radar<\/title>\n<meta name=\"description\" content=\"Movimentar a perna sem parar vai muito al\u00e9m de um tique nervoso. Entenda o que a psicologia revela sobre esse mecanismo de autorregula\u00e7\u00e3o.\" \/>\n<meta name=\"robots\" content=\"index, follow, max-snippet:-1, max-image-preview:large, max-video-preview:-1\" \/>\n<link rel=\"canonical\" href=\"https:\/\/www.correiobraziliense.com.br\/cbradar\/o-que-a-psicologia-diz-sobre-movimentar-as-pernas-sem-parar-quando-voce-esta-sentado\/\" \/>\n<meta property=\"og:locale\" content=\"pt_BR\" \/>\n<meta property=\"og:type\" content=\"article\" \/>\n<meta property=\"og:title\" content=\"O que a psicologia diz sobre movimentar as pernas sem parar quando voc\u00ea est\u00e1 sentado - Correio Braziliense - Radar\" \/>\n<meta property=\"og:description\" content=\"Movimentar a perna sem parar vai muito al\u00e9m de um tique nervoso. Entenda o que a psicologia revela sobre esse mecanismo de autorregula\u00e7\u00e3o.\" \/>\n<meta property=\"og:url\" content=\"https:\/\/www.correiobraziliense.com.br\/cbradar\/o-que-a-psicologia-diz-sobre-movimentar-as-pernas-sem-parar-quando-voce-esta-sentado\/\" \/>\n<meta property=\"og:site_name\" content=\"Correio Braziliense - Radar\" \/>\n<meta property=\"article:published_time\" content=\"2026-04-26T16:14:00+00:00\" \/>\n<meta property=\"og:image\" content=\"https:\/\/www.correiobraziliense.com.br\/cbradar\/wp-content\/uploads\/2026\/04\/IMAGEM_720p_1777217344480.jpg\" \/>\n\t<meta property=\"og:image:width\" content=\"1280\" \/>\n\t<meta property=\"og:image:height\" content=\"720\" \/>\n\t<meta property=\"og:image:type\" content=\"image\/jpeg\" \/>\n<meta name=\"author\" content=\"Paulo Custodio\" \/>\n<meta name=\"twitter:card\" content=\"summary_large_image\" \/>\n<meta name=\"twitter:label1\" content=\"Escrito por\" \/>\n\t<meta name=\"twitter:data1\" content=\"Paulo Custodio\" \/>\n\t<meta name=\"twitter:label2\" content=\"Est. tempo de leitura\" \/>\n\t<meta name=\"twitter:data2\" content=\"5 minutos\" \/>\n<!-- \/ Yoast SEO plugin. -->","yoast_head_json":{"title":"O que a psicologia diz sobre movimentar as pernas sem parar quando voc\u00ea est\u00e1 sentado - Correio Braziliense - Radar","description":"Movimentar a perna sem parar vai muito al\u00e9m de um tique nervoso. Entenda o que a psicologia revela sobre esse mecanismo de autorregula\u00e7\u00e3o.","robots":{"index":"index","follow":"follow","max-snippet":"max-snippet:-1","max-image-preview":"max-image-preview:large","max-video-preview":"max-video-preview:-1"},"canonical":"https:\/\/www.correiobraziliense.com.br\/cbradar\/o-que-a-psicologia-diz-sobre-movimentar-as-pernas-sem-parar-quando-voce-esta-sentado\/","og_locale":"pt_BR","og_type":"article","og_title":"O que a psicologia diz sobre movimentar as pernas sem parar quando voc\u00ea est\u00e1 sentado - Correio Braziliense - Radar","og_description":"Movimentar a perna sem parar vai muito al\u00e9m de um tique nervoso. Entenda o que a psicologia revela sobre esse mecanismo de autorregula\u00e7\u00e3o.","og_url":"https:\/\/www.correiobraziliense.com.br\/cbradar\/o-que-a-psicologia-diz-sobre-movimentar-as-pernas-sem-parar-quando-voce-esta-sentado\/","og_site_name":"Correio Braziliense - Radar","article_published_time":"2026-04-26T16:14:00+00:00","og_image":[{"width":1280,"height":720,"url":"https:\/\/www.correiobraziliense.com.br\/cbradar\/wp-content\/uploads\/2026\/04\/IMAGEM_720p_1777217344480.jpg","type":"image\/jpeg"}],"author":"Paulo Custodio","twitter_card":"summary_large_image","twitter_misc":{"Escrito por":"Paulo Custodio","Est. tempo de leitura":"5 minutos"},"schema":{"@context":"https:\/\/schema.org","@graph":[{"@type":"WebPage","@id":"https:\/\/www.correiobraziliense.com.br\/cbradar\/o-que-a-psicologia-diz-sobre-movimentar-as-pernas-sem-parar-quando-voce-esta-sentado\/","url":"https:\/\/www.correiobraziliense.com.br\/cbradar\/o-que-a-psicologia-diz-sobre-movimentar-as-pernas-sem-parar-quando-voce-esta-sentado\/","name":"O que a psicologia diz sobre movimentar as pernas sem parar quando voc\u00ea est\u00e1 sentado - Correio Braziliense - Radar","isPartOf":{"@id":"https:\/\/www.correiobraziliense.com.br\/cbradar\/#website"},"primaryImageOfPage":{"@id":"https:\/\/www.correiobraziliense.com.br\/cbradar\/o-que-a-psicologia-diz-sobre-movimentar-as-pernas-sem-parar-quando-voce-esta-sentado\/#primaryimage"},"image":{"@id":"https:\/\/www.correiobraziliense.com.br\/cbradar\/o-que-a-psicologia-diz-sobre-movimentar-as-pernas-sem-parar-quando-voce-esta-sentado\/#primaryimage"},"thumbnailUrl":"https:\/\/www.correiobraziliense.com.br\/cbradar\/wp-content\/uploads\/2026\/04\/IMAGEM_720p_1777217344480.jpg","datePublished":"2026-04-26T16:14:00+00:00","author":{"@id":"https:\/\/www.correiobraziliense.com.br\/cbradar\/#\/schema\/person\/4cec7857301a9a1a2ef249893cd908d3"},"description":"Movimentar a perna sem parar vai muito al\u00e9m de um tique nervoso. Entenda o que a psicologia revela sobre esse mecanismo de autorregula\u00e7\u00e3o.","breadcrumb":{"@id":"https:\/\/www.correiobraziliense.com.br\/cbradar\/o-que-a-psicologia-diz-sobre-movimentar-as-pernas-sem-parar-quando-voce-esta-sentado\/#breadcrumb"},"inLanguage":"pt-BR","potentialAction":[{"@type":"ReadAction","target":["https:\/\/www.correiobraziliense.com.br\/cbradar\/o-que-a-psicologia-diz-sobre-movimentar-as-pernas-sem-parar-quando-voce-esta-sentado\/"]}]},{"@type":"ImageObject","inLanguage":"pt-BR","@id":"https:\/\/www.correiobraziliense.com.br\/cbradar\/o-que-a-psicologia-diz-sobre-movimentar-as-pernas-sem-parar-quando-voce-esta-sentado\/#primaryimage","url":"https:\/\/www.correiobraziliense.com.br\/cbradar\/wp-content\/uploads\/2026\/04\/IMAGEM_720p_1777217344480.jpg","contentUrl":"https:\/\/www.correiobraziliense.com.br\/cbradar\/wp-content\/uploads\/2026\/04\/IMAGEM_720p_1777217344480.jpg","width":1280,"height":720,"caption":"O balan\u00e7ar repetitivo das pernas \u00e9 um mecanismo de autorregula\u00e7\u00e3o e n\u00e3o apenas um sinal de ansiedade"},{"@type":"BreadcrumbList","@id":"https:\/\/www.correiobraziliense.com.br\/cbradar\/o-que-a-psicologia-diz-sobre-movimentar-as-pernas-sem-parar-quando-voce-esta-sentado\/#breadcrumb","itemListElement":[{"@type":"ListItem","position":1,"name":"In\u00edcio","item":"https:\/\/www.correiobraziliense.com.br\/cbradar\/"},{"@type":"ListItem","position":2,"name":"O que a psicologia diz sobre movimentar as pernas sem parar quando voc\u00ea est\u00e1 sentado"}]},{"@type":"WebSite","@id":"https:\/\/www.correiobraziliense.com.br\/cbradar\/#website","url":"https:\/\/www.correiobraziliense.com.br\/cbradar\/","name":"Correio Braziliense - Radar","description":"Acompanhe as \u00faltimas not\u00edcias e fique bem informado sobre tudo o que acontece no Brasil e no mundo.","potentialAction":[{"@type":"SearchAction","target":{"@type":"EntryPoint","urlTemplate":"https:\/\/www.correiobraziliense.com.br\/cbradar\/?s={search_term_string}"},"query-input":{"@type":"PropertyValueSpecification","valueRequired":true,"valueName":"search_term_string"}}],"inLanguage":"pt-BR"},{"@type":"Person","@id":"https:\/\/www.correiobraziliense.com.br\/cbradar\/#\/schema\/person\/4cec7857301a9a1a2ef249893cd908d3","name":"Paulo Custodio","image":{"@type":"ImageObject","inLanguage":"pt-BR","@id":"https:\/\/www.correiobraziliense.com.br\/cbradar\/#\/schema\/person\/image\/","url":"https:\/\/secure.gravatar.com\/avatar\/bcd67168d1534e8fcf4f45c726a87cea?s=96&d=mm&r=g","contentUrl":"https:\/\/secure.gravatar.com\/avatar\/bcd67168d1534e8fcf4f45c726a87cea?s=96&d=mm&r=g","caption":"Paulo Custodio"},"sameAs":["https:\/\/www.correiobraziliense.com.br\/cbradar"],"url":"https:\/\/www.correiobraziliense.com.br\/cbradar\/author\/paulomyth\/"}]}},"_links":{"self":[{"href":"https:\/\/www.correiobraziliense.com.br\/cbradar\/wp-json\/wp\/v2\/posts\/232610","targetHints":{"allow":["GET"]}}],"collection":[{"href":"https:\/\/www.correiobraziliense.com.br\/cbradar\/wp-json\/wp\/v2\/posts"}],"about":[{"href":"https:\/\/www.correiobraziliense.com.br\/cbradar\/wp-json\/wp\/v2\/types\/post"}],"author":[{"embeddable":true,"href":"https:\/\/www.correiobraziliense.com.br\/cbradar\/wp-json\/wp\/v2\/users\/11"}],"replies":[{"embeddable":true,"href":"https:\/\/www.correiobraziliense.com.br\/cbradar\/wp-json\/wp\/v2\/comments?post=232610"}],"version-history":[{"count":1,"href":"https:\/\/www.correiobraziliense.com.br\/cbradar\/wp-json\/wp\/v2\/posts\/232610\/revisions"}],"predecessor-version":[{"id":232614,"href":"https:\/\/www.correiobraziliense.com.br\/cbradar\/wp-json\/wp\/v2\/posts\/232610\/revisions\/232614"}],"wp:featuredmedia":[{"embeddable":true,"href":"https:\/\/www.correiobraziliense.com.br\/cbradar\/wp-json\/wp\/v2\/media\/232613"}],"wp:attachment":[{"href":"https:\/\/www.correiobraziliense.com.br\/cbradar\/wp-json\/wp\/v2\/media?parent=232610"}],"wp:term":[{"taxonomy":"category","embeddable":true,"href":"https:\/\/www.correiobraziliense.com.br\/cbradar\/wp-json\/wp\/v2\/categories?post=232610"},{"taxonomy":"post_tag","embeddable":true,"href":"https:\/\/www.correiobraziliense.com.br\/cbradar\/wp-json\/wp\/v2\/post_tag?post=232610"}],"curies":[{"name":"wp","href":"https:\/\/api.w.org\/{rel}","templated":true}]}}