{"id":232616,"date":"2026-04-26T14:28:29","date_gmt":"2026-04-26T17:28:29","guid":{"rendered":"https:\/\/www.correiobraziliense.com.br\/cbradar\/?p=232616"},"modified":"2026-04-26T14:28:31","modified_gmt":"2026-04-26T17:28:31","slug":"brasil-se-junta-a-estados-unidos-canada-japao-e-alemanha-ao-adotar-blocos-de-isopor-estrutural-na-construcao-civil-o-que-muda-no-tempo-de-obra-isolamento-termico-e-custo-das-casas","status":"publish","type":"post","link":"https:\/\/www.correiobraziliense.com.br\/cbradar\/brasil-se-junta-a-estados-unidos-canada-japao-e-alemanha-ao-adotar-blocos-de-isopor-estrutural-na-construcao-civil-o-que-muda-no-tempo-de-obra-isolamento-termico-e-custo-das-casas\/","title":{"rendered":"Brasil se junta a Estados Unidos, Canad\u00e1, Jap\u00e3o e Alemanha ao adotar blocos de isopor estrutural na constru\u00e7\u00e3o civil: o que muda no tempo de obra, isolamento t\u00e9rmico e custo das casas"},"content":{"rendered":"\n<p>Isopor que vira parede? A ideia parece fr\u00e1gil, mas os <strong>blocos de isopor estrutural<\/strong> j\u00e1 sustentam casas e pr\u00e9dios h\u00e1 d\u00e9cadas nos <strong>Estados Unidos, Canad\u00e1, Jap\u00e3o e Alemanha<\/strong>. O <strong>Brasil <\/strong>acaba de entrar nesse grupo ao certificar o primeiro sistema ICF 100% nacional, abrindo caminho para obras mais r\u00e1pidas, silenciosas e com climatiza\u00e7\u00e3o natural que a alvenaria tradicional n\u00e3o consegue igualar.<\/p>\n\n\n\n<h2 class=\"wp-block-heading\">O que \u00e9 o sistema ICF e como o isopor se torna estrutura?<\/h2>\n\n\n\n<p>ICF significa Insulated Concrete Forms, ou f\u00f4rmas isolantes de concreto. Na pr\u00e1tica, s\u00e3o blocos ocos de <strong>EPS<\/strong>, o popular isopor, que funcionam como uma f\u00f4rma permanente. Eles s\u00e3o empilhados, recebem arma\u00e7\u00e3o de a\u00e7o e s\u00e3o preenchidos com concreto usinado.<\/p>\n\n\n\n<p>A diferen\u00e7a crucial est\u00e1 no que acontece depois: o isopor n\u00e3o \u00e9 retirado. Ele permanece colado ao concreto, formando uma parede monol\u00edtica com isolamento t\u00e9rmico e ac\u00fastico nas duas faces. O reboco externo deixa de ser necess\u00e1rio, e a obra ganha velocidade.<\/p>\n\n\n<div class=\"wp-block-image\">\n<figure class=\"aligncenter size-full\"><img decoding=\"async\" width=\"1280\" height=\"720\" src=\"https:\/\/www.correiobraziliense.com.br\/cbradar\/wp-content\/uploads\/2026\/04\/IMAGEM_720p_1777224159073.jpg\" alt=\"O sistema ICF com blocos de isopor estrutural, sua recente certifica\u00e7\u00e3o no Brasil\" class=\"wp-image-232619\" srcset=\"https:\/\/www.correiobraziliense.com.br\/cbradar\/wp-content\/uploads\/2026\/04\/IMAGEM_720p_1777224159073.jpg 1280w, https:\/\/www.correiobraziliense.com.br\/cbradar\/wp-content\/uploads\/2026\/04\/IMAGEM_720p_1777224159073-300x169.jpg 300w, https:\/\/www.correiobraziliense.com.br\/cbradar\/wp-content\/uploads\/2026\/04\/IMAGEM_720p_1777224159073-768x432.jpg 768w, https:\/\/www.correiobraziliense.com.br\/cbradar\/wp-content\/uploads\/2026\/04\/IMAGEM_720p_1777224159073-750x422.jpg 750w, https:\/\/www.correiobraziliense.com.br\/cbradar\/wp-content\/uploads\/2026\/04\/IMAGEM_720p_1777224159073-1140x641.jpg 1140w\" sizes=\"(max-width: 1280px) 100vw, 1280px\" \/><figcaption class=\"wp-element-caption\">O sistema ICF com blocos de isopor estrutural, sua recente certifica\u00e7\u00e3o no Brasil<\/figcaption><\/figure><\/div>\n\n\n<h2 class=\"wp-block-heading\">Por que o Brasil est\u00e1 adotando agora um m\u00e9todo que esses pa\u00edses j\u00e1 usam h\u00e1 d\u00e9cadas?<\/h2>\n\n\n\n<p>A constru\u00e7\u00e3o brasileira ainda depende da alvenaria convencional, que gera grande volume de entulho e exige etapas sucessivas de chapisco, reboco e pintura. Pa\u00edses do hemisf\u00e9rio norte migraram para o ICF justamente para reduzir desperd\u00edcios e enfrentar climas extremos com desempenho t\u00e9rmico superior.<\/p>\n\n\n\n<p>O impulso decisivo veio com a certifica\u00e7\u00e3o oficial do sistema ICF brasileiro, que atendeu \u00e0s normas t\u00e9cnicas exigidas e obteve a chancela para financiamento habitacional. Essa valida\u00e7\u00e3o destravou a ado\u00e7\u00e3o em escala comercial, permitindo que construtoras e fam\u00edlias utilizem o m\u00e9todo com seguran\u00e7a jur\u00eddica e t\u00e9cnica.<\/p>\n\n\n\n<h2 class=\"wp-block-heading\">O que muda no isolamento t\u00e9rmico com os blocos de isopor estrutural?<\/h2>\n\n\n\n<p>A diferen\u00e7a de desempenho t\u00e9rmico entre ICF e alvenaria convencional \u00e9 expressiva. Enquanto uma parede de bloco cer\u00e2mico transmite calor com facilidade, o sistema ICF cria uma barreira cont\u00ednua de isopor que reduz drasticamente a troca t\u00e9rmica entre o ambiente externo e o interior da casa.<\/p>\n\n\n\n<p>Medi\u00e7\u00f5es de campo indicam que constru\u00e7\u00f5es com ICF conseguem reduzir de <strong>5\u00b0C a 7\u00b0C<\/strong> a temperatura interna em compara\u00e7\u00e3o com casas convencionais sem isolamento. O impacto na conta de luz \u00e9 direto, j\u00e1 que o ar-condicionado passa a operar por menos horas ao longo do dia.<\/p>\n\n\n\n<p>Leia tamb\u00e9m: <a href=\"https:\/\/www.correiobraziliense.com.br\/cbradar\/por-que-arquitetos-estao-colocando-tubos-de-plastico-a-2-metros-de-profundidade-no-quintal-para-gelar-a-casa-sem-energia\/\" target=\"_blank\" rel=\"noreferrer noopener\">Por que arquitetos est\u00e3o colocando tubos de pl\u00e1stico a 2 metros de profundidade no quintal para gelar a casa sem energia<\/a><\/p>\n\n\n\n<h2 class=\"wp-block-heading\">Em quanto tempo se constr\u00f3i uma casa com ICF?<\/h2>\n\n\n\n<p>Os blocos se encaixam no estilo macho-e-f\u00eamea, dispensando argamassa entre fiadas e eliminando boa parte do tempo gasto com nivelamento. Uma equipe reduzida ergue a f\u00f4rma de <strong>100 m\u00b2 de parede em menos de dois dias<\/strong>, ritmo que a alvenaria comum n\u00e3o alcan\u00e7a.<\/p>\n\n\n\n<p>Quando se olha para a obra completa, a diferen\u00e7a fica ainda mais evidente. Uma casa de 200 m\u00b2 \u00e9 conclu\u00edda em aproximadamente <strong>110 a 125 dias<\/strong> com ICF, contra os <strong>160 a 175 dias<\/strong> exigidos pelo m\u00e9todo convencional. A etapa de paredes, que costuma consumir 15 dias, cai para 10 dias e exige menos oper\u00e1rios por metro quadrado.<\/p>\n\n\n\n<h3 class=\"wp-block-heading\">Por que o cronograma mais curto tamb\u00e9m reduz custos indiretos<\/h3>\n\n\n\n<p>Menos dias de obra significam economia com m\u00e3o de obra, loca\u00e7\u00e3o de equipamentos e administra\u00e7\u00e3o do canteiro. Al\u00e9m disso, o ICF elimina etapas como chapisco e reboco, que demandam tempo e geram retrabalho em caso de falhas na aplica\u00e7\u00e3o.<\/p>\n\n\n\n<p>No v\u00eddeo a seguir, o canal do <strong>Estruturas &amp; BIM &#8211; Eng. Pedro<\/strong>, com mais de 100 mil inscritos, fala um pouco sobre o assunto:<\/p>\n\n\n\n<iframe loading=\"lazy\" width=\"342\" height=\"608\" src=\"https:\/\/www.youtube.com\/embed\/naguYdfxyvA\" title=\"Sistema Construtivo ICF: Vantagens e Desvantagens  em 2025\" frameborder=\"0\" allow=\"accelerometer; autoplay; clipboard-write; encrypted-media; gyroscope; picture-in-picture; web-share\" referrerpolicy=\"strict-origin-when-cross-origin\" allowfullscreen><\/iframe>\n\n\n\n<h2 class=\"wp-block-heading\">O custo da casa ICF ainda \u00e9 um obst\u00e1culo ou j\u00e1 vale a pena?<\/h2>\n\n\n\n<p>O custo inicial do ICF pode ser um pouco maior do que o da alvenaria comum, mas a equa\u00e7\u00e3o muda quando se colocam na balan\u00e7a fatores que pesam ao longo da vida \u00fatil do im\u00f3vel. A redu\u00e7\u00e3o de desperd\u00edcios \u00e9 um dos principais trunfos: a alvenaria tradicional pode responder por <strong>at\u00e9 50% do volume de res\u00edduos<\/strong> de uma obra.<\/p>\n\n\n\n<p>Confira onde o ICF entrega economia ao longo do tempo:<\/p>\n\n\n\n<ul class=\"wp-block-list\">\n<li><strong>Climatiza\u00e7\u00e3o:<\/strong> gasto menor com ar-condicionado e aquecedores<\/li>\n\n\n\n<li><strong>Manuten\u00e7\u00e3o:<\/strong> menos fissuras e patologias comuns da alvenaria<\/li>\n\n\n\n<li><strong>Velocidade:<\/strong> obra mais curta reduz custos de canteiro<\/li>\n\n\n\n<li><strong>Durabilidade:<\/strong> estrutura monol\u00edtica resiste melhor a impactos e intemp\u00e9ries<\/li>\n<\/ul>\n\n\n<div class=\"wp-block-image\">\n<figure class=\"aligncenter size-full\"><img decoding=\"async\" width=\"1280\" height=\"720\" src=\"https:\/\/www.correiobraziliense.com.br\/cbradar\/wp-content\/uploads\/2026\/04\/IMAGEM_720p_1777224156383.jpg\" alt=\"O sistema ICF com blocos de isopor estrutural, sua recente certifica\u00e7\u00e3o no Brasil\" class=\"wp-image-232618\" srcset=\"https:\/\/www.correiobraziliense.com.br\/cbradar\/wp-content\/uploads\/2026\/04\/IMAGEM_720p_1777224156383.jpg 1280w, https:\/\/www.correiobraziliense.com.br\/cbradar\/wp-content\/uploads\/2026\/04\/IMAGEM_720p_1777224156383-300x169.jpg 300w, https:\/\/www.correiobraziliense.com.br\/cbradar\/wp-content\/uploads\/2026\/04\/IMAGEM_720p_1777224156383-768x432.jpg 768w, https:\/\/www.correiobraziliense.com.br\/cbradar\/wp-content\/uploads\/2026\/04\/IMAGEM_720p_1777224156383-750x422.jpg 750w, https:\/\/www.correiobraziliense.com.br\/cbradar\/wp-content\/uploads\/2026\/04\/IMAGEM_720p_1777224156383-1140x641.jpg 1140w\" sizes=\"(max-width: 1280px) 100vw, 1280px\" \/><figcaption class=\"wp-element-caption\">O sistema ICF com blocos de isopor estrutural, sua recente certifica\u00e7\u00e3o no Brasil<\/figcaption><\/figure><\/div>\n\n\n<h2 class=\"wp-block-heading\">ICF \u00e9 tend\u00eancia passageira ou novo padr\u00e3o construtivo?<\/h2>\n\n\n\n<p>O sistema ICF chegou ao Brasil com lastro internacional de mais de cinquenta anos e agora conta com certifica\u00e7\u00e3o oficial para avan\u00e7ar. A <a href=\"https:\/\/pt.wikipedia.org\/wiki\/Constru%C3%A7%C3%A3o_em_concreto\" target=\"_blank\" rel=\"noreferrer noopener\">constru\u00e7\u00e3o em concreto<\/a> j\u00e1 domina o mercado de edif\u00edcios altos, e o isopor estrutural permite levar a mesma l\u00f3gica para casas e sobrados com ganhos t\u00e9rmicos que a alvenaria n\u00e3o oferece.<\/p>\n\n\n\n<p>O avan\u00e7o do ICF no pa\u00eds n\u00e3o \u00e9 apenas uma c\u00f3pia do que <a href=\"https:\/\/www.westmanlumber.com\/glossary\/insulated-concrete-forms-(icfs)#:~:text=Insulated%20Concrete%20Forms%20(ICFs)%20are,energy%20efficiency%2C%20and%20structural%20strength.\" target=\"_blank\" rel=\"noreferrer noopener\">Estados Unidos e Canad\u00e1<\/a> j\u00e1 fazem. \u00c9 uma adapta\u00e7\u00e3o \u00e0s necessidades brasileiras, onde o calor excessivo e o custo da energia tornam o isolamento t\u00e9rmico um diferencial que pesa tanto no conforto quanto no bolso.<\/p>\n","protected":false},"excerpt":{"rendered":"<p>Isopor que vira parede? A ideia parece fr\u00e1gil, mas os blocos de isopor estrutural j\u00e1 sustentam casas e pr\u00e9dios h\u00e1 d\u00e9cadas nos Estados Unidos, Canad\u00e1, Jap\u00e3o e Alemanha. O Brasil acaba de entrar nesse grupo ao certificar o primeiro sistema ICF 100% nacional, abrindo caminho para obras mais r\u00e1pidas, silenciosas e com climatiza\u00e7\u00e3o natural que [&hellip;]<\/p>\n","protected":false},"author":11,"featured_media":232620,"comment_status":"open","ping_status":"open","sticky":false,"template":"","format":"standard","meta":{"_yoast_wpseo_focuskw":"blocos de isopor estrutural","_yoast_wpseo_title":"","_yoast_wpseo_metadesc":"Isopor que vira parede? O Brasil acaba de certificar o sistema ICF e se junta a pot\u00eancias como EUA e Jap\u00e3o. Veja o que muda no tempo de obra e no conforto t\u00e9rmico.","jnews-multi-image_gallery":[],"jnews_single_post":{"format":"standard"},"jnews_primary_category":[],"jnews_social_meta":[],"jnews_override_counter":[],"footnotes":""},"categories":[143],"post_tag":[16661,18201,16071,18202],"class_list":["post-232616","post","type-post","status-publish","format-standard","has-post-thumbnail","hentry","category-casa-e-decoracao","tag-construcao-civil","tag-icf","tag-isolamento-termico","tag-sistema-construtivo"],"yoast_head":"<!-- This site is optimized with the Yoast SEO plugin v24.6 - https:\/\/yoast.com\/wordpress\/plugins\/seo\/ -->\n<title>Brasil se junta a Estados Unidos, Canad\u00e1, Jap\u00e3o e Alemanha ao adotar blocos de isopor estrutural na constru\u00e7\u00e3o civil: o que muda no tempo de obra, isolamento t\u00e9rmico e custo das casas - Correio Braziliense - Radar<\/title>\n<meta name=\"description\" content=\"Isopor que vira parede? O Brasil acaba de certificar o sistema ICF e se junta a pot\u00eancias como EUA e Jap\u00e3o. Veja o que muda no tempo de obra e no conforto t\u00e9rmico.\" \/>\n<meta name=\"robots\" content=\"index, follow, max-snippet:-1, max-image-preview:large, max-video-preview:-1\" \/>\n<link rel=\"canonical\" href=\"https:\/\/www.correiobraziliense.com.br\/cbradar\/brasil-se-junta-a-estados-unidos-canada-japao-e-alemanha-ao-adotar-blocos-de-isopor-estrutural-na-construcao-civil-o-que-muda-no-tempo-de-obra-isolamento-termico-e-custo-das-casas\/\" \/>\n<meta property=\"og:locale\" content=\"pt_BR\" \/>\n<meta property=\"og:type\" content=\"article\" \/>\n<meta property=\"og:title\" content=\"Brasil se junta a Estados Unidos, Canad\u00e1, Jap\u00e3o e Alemanha ao adotar blocos de isopor estrutural na constru\u00e7\u00e3o civil: o que muda no tempo de obra, isolamento t\u00e9rmico e custo das casas - Correio Braziliense - Radar\" \/>\n<meta property=\"og:description\" content=\"Isopor que vira parede? O Brasil acaba de certificar o sistema ICF e se junta a pot\u00eancias como EUA e Jap\u00e3o. Veja o que muda no tempo de obra e no conforto t\u00e9rmico.\" \/>\n<meta property=\"og:url\" content=\"https:\/\/www.correiobraziliense.com.br\/cbradar\/brasil-se-junta-a-estados-unidos-canada-japao-e-alemanha-ao-adotar-blocos-de-isopor-estrutural-na-construcao-civil-o-que-muda-no-tempo-de-obra-isolamento-termico-e-custo-das-casas\/\" \/>\n<meta property=\"og:site_name\" content=\"Correio Braziliense - Radar\" \/>\n<meta property=\"article:published_time\" content=\"2026-04-26T17:28:29+00:00\" \/>\n<meta property=\"article:modified_time\" content=\"2026-04-26T17:28:31+00:00\" \/>\n<meta property=\"og:image\" content=\"https:\/\/www.correiobraziliense.com.br\/cbradar\/wp-content\/uploads\/2026\/04\/IMAGEM_720p_1777224260409.jpg\" \/>\n\t<meta property=\"og:image:width\" content=\"1280\" \/>\n\t<meta property=\"og:image:height\" content=\"720\" \/>\n\t<meta property=\"og:image:type\" content=\"image\/jpeg\" \/>\n<meta name=\"author\" content=\"Paulo Custodio\" \/>\n<meta name=\"twitter:card\" content=\"summary_large_image\" \/>\n<meta name=\"twitter:label1\" content=\"Escrito por\" \/>\n\t<meta name=\"twitter:data1\" content=\"Paulo Custodio\" \/>\n\t<meta name=\"twitter:label2\" content=\"Est. tempo de leitura\" \/>\n\t<meta name=\"twitter:data2\" content=\"6 minutos\" \/>\n<!-- \/ Yoast SEO plugin. -->","yoast_head_json":{"title":"Brasil se junta a Estados Unidos, Canad\u00e1, Jap\u00e3o e Alemanha ao adotar blocos de isopor estrutural na constru\u00e7\u00e3o civil: o que muda no tempo de obra, isolamento t\u00e9rmico e custo das casas - Correio Braziliense - Radar","description":"Isopor que vira parede? O Brasil acaba de certificar o sistema ICF e se junta a pot\u00eancias como EUA e Jap\u00e3o. Veja o que muda no tempo de obra e no conforto t\u00e9rmico.","robots":{"index":"index","follow":"follow","max-snippet":"max-snippet:-1","max-image-preview":"max-image-preview:large","max-video-preview":"max-video-preview:-1"},"canonical":"https:\/\/www.correiobraziliense.com.br\/cbradar\/brasil-se-junta-a-estados-unidos-canada-japao-e-alemanha-ao-adotar-blocos-de-isopor-estrutural-na-construcao-civil-o-que-muda-no-tempo-de-obra-isolamento-termico-e-custo-das-casas\/","og_locale":"pt_BR","og_type":"article","og_title":"Brasil se junta a Estados Unidos, Canad\u00e1, Jap\u00e3o e Alemanha ao adotar blocos de isopor estrutural na constru\u00e7\u00e3o civil: o que muda no tempo de obra, isolamento t\u00e9rmico e custo das casas - Correio Braziliense - Radar","og_description":"Isopor que vira parede? O Brasil acaba de certificar o sistema ICF e se junta a pot\u00eancias como EUA e Jap\u00e3o. Veja o que muda no tempo de obra e no conforto t\u00e9rmico.","og_url":"https:\/\/www.correiobraziliense.com.br\/cbradar\/brasil-se-junta-a-estados-unidos-canada-japao-e-alemanha-ao-adotar-blocos-de-isopor-estrutural-na-construcao-civil-o-que-muda-no-tempo-de-obra-isolamento-termico-e-custo-das-casas\/","og_site_name":"Correio Braziliense - Radar","article_published_time":"2026-04-26T17:28:29+00:00","article_modified_time":"2026-04-26T17:28:31+00:00","og_image":[{"width":1280,"height":720,"url":"https:\/\/www.correiobraziliense.com.br\/cbradar\/wp-content\/uploads\/2026\/04\/IMAGEM_720p_1777224260409.jpg","type":"image\/jpeg"}],"author":"Paulo Custodio","twitter_card":"summary_large_image","twitter_misc":{"Escrito por":"Paulo Custodio","Est. tempo de leitura":"6 minutos"},"schema":{"@context":"https:\/\/schema.org","@graph":[{"@type":"WebPage","@id":"https:\/\/www.correiobraziliense.com.br\/cbradar\/brasil-se-junta-a-estados-unidos-canada-japao-e-alemanha-ao-adotar-blocos-de-isopor-estrutural-na-construcao-civil-o-que-muda-no-tempo-de-obra-isolamento-termico-e-custo-das-casas\/","url":"https:\/\/www.correiobraziliense.com.br\/cbradar\/brasil-se-junta-a-estados-unidos-canada-japao-e-alemanha-ao-adotar-blocos-de-isopor-estrutural-na-construcao-civil-o-que-muda-no-tempo-de-obra-isolamento-termico-e-custo-das-casas\/","name":"Brasil se junta a Estados Unidos, Canad\u00e1, Jap\u00e3o e Alemanha ao adotar blocos de isopor estrutural na constru\u00e7\u00e3o civil: o que muda no tempo de obra, isolamento t\u00e9rmico e custo das casas - Correio Braziliense - Radar","isPartOf":{"@id":"https:\/\/www.correiobraziliense.com.br\/cbradar\/#website"},"primaryImageOfPage":{"@id":"https:\/\/www.correiobraziliense.com.br\/cbradar\/brasil-se-junta-a-estados-unidos-canada-japao-e-alemanha-ao-adotar-blocos-de-isopor-estrutural-na-construcao-civil-o-que-muda-no-tempo-de-obra-isolamento-termico-e-custo-das-casas\/#primaryimage"},"image":{"@id":"https:\/\/www.correiobraziliense.com.br\/cbradar\/brasil-se-junta-a-estados-unidos-canada-japao-e-alemanha-ao-adotar-blocos-de-isopor-estrutural-na-construcao-civil-o-que-muda-no-tempo-de-obra-isolamento-termico-e-custo-das-casas\/#primaryimage"},"thumbnailUrl":"https:\/\/www.correiobraziliense.com.br\/cbradar\/wp-content\/uploads\/2026\/04\/IMAGEM_720p_1777224260409.jpg","datePublished":"2026-04-26T17:28:29+00:00","dateModified":"2026-04-26T17:28:31+00:00","author":{"@id":"https:\/\/www.correiobraziliense.com.br\/cbradar\/#\/schema\/person\/4cec7857301a9a1a2ef249893cd908d3"},"description":"Isopor que vira parede? O Brasil acaba de certificar o sistema ICF e se junta a pot\u00eancias como EUA e Jap\u00e3o. Veja o que muda no tempo de obra e no conforto t\u00e9rmico.","breadcrumb":{"@id":"https:\/\/www.correiobraziliense.com.br\/cbradar\/brasil-se-junta-a-estados-unidos-canada-japao-e-alemanha-ao-adotar-blocos-de-isopor-estrutural-na-construcao-civil-o-que-muda-no-tempo-de-obra-isolamento-termico-e-custo-das-casas\/#breadcrumb"},"inLanguage":"pt-BR","potentialAction":[{"@type":"ReadAction","target":["https:\/\/www.correiobraziliense.com.br\/cbradar\/brasil-se-junta-a-estados-unidos-canada-japao-e-alemanha-ao-adotar-blocos-de-isopor-estrutural-na-construcao-civil-o-que-muda-no-tempo-de-obra-isolamento-termico-e-custo-das-casas\/"]}]},{"@type":"ImageObject","inLanguage":"pt-BR","@id":"https:\/\/www.correiobraziliense.com.br\/cbradar\/brasil-se-junta-a-estados-unidos-canada-japao-e-alemanha-ao-adotar-blocos-de-isopor-estrutural-na-construcao-civil-o-que-muda-no-tempo-de-obra-isolamento-termico-e-custo-das-casas\/#primaryimage","url":"https:\/\/www.correiobraziliense.com.br\/cbradar\/wp-content\/uploads\/2026\/04\/IMAGEM_720p_1777224260409.jpg","contentUrl":"https:\/\/www.correiobraziliense.com.br\/cbradar\/wp-content\/uploads\/2026\/04\/IMAGEM_720p_1777224260409.jpg","width":1280,"height":720,"caption":"O sistema ICF com blocos de isopor estrutural, sua recente certifica\u00e7\u00e3o no Brasil"},{"@type":"BreadcrumbList","@id":"https:\/\/www.correiobraziliense.com.br\/cbradar\/brasil-se-junta-a-estados-unidos-canada-japao-e-alemanha-ao-adotar-blocos-de-isopor-estrutural-na-construcao-civil-o-que-muda-no-tempo-de-obra-isolamento-termico-e-custo-das-casas\/#breadcrumb","itemListElement":[{"@type":"ListItem","position":1,"name":"In\u00edcio","item":"https:\/\/www.correiobraziliense.com.br\/cbradar\/"},{"@type":"ListItem","position":2,"name":"Brasil se junta a Estados Unidos, Canad\u00e1, Jap\u00e3o e Alemanha ao adotar blocos de isopor estrutural na constru\u00e7\u00e3o civil: o que muda no tempo de obra, isolamento t\u00e9rmico e custo das casas"}]},{"@type":"WebSite","@id":"https:\/\/www.correiobraziliense.com.br\/cbradar\/#website","url":"https:\/\/www.correiobraziliense.com.br\/cbradar\/","name":"Correio Braziliense - Radar","description":"Acompanhe as \u00faltimas not\u00edcias e fique bem informado sobre tudo o que acontece no Brasil e no mundo.","potentialAction":[{"@type":"SearchAction","target":{"@type":"EntryPoint","urlTemplate":"https:\/\/www.correiobraziliense.com.br\/cbradar\/?s={search_term_string}"},"query-input":{"@type":"PropertyValueSpecification","valueRequired":true,"valueName":"search_term_string"}}],"inLanguage":"pt-BR"},{"@type":"Person","@id":"https:\/\/www.correiobraziliense.com.br\/cbradar\/#\/schema\/person\/4cec7857301a9a1a2ef249893cd908d3","name":"Paulo Custodio","image":{"@type":"ImageObject","inLanguage":"pt-BR","@id":"https:\/\/www.correiobraziliense.com.br\/cbradar\/#\/schema\/person\/image\/","url":"https:\/\/secure.gravatar.com\/avatar\/bcd67168d1534e8fcf4f45c726a87cea?s=96&d=mm&r=g","contentUrl":"https:\/\/secure.gravatar.com\/avatar\/bcd67168d1534e8fcf4f45c726a87cea?s=96&d=mm&r=g","caption":"Paulo Custodio"},"sameAs":["https:\/\/www.correiobraziliense.com.br\/cbradar"],"url":"https:\/\/www.correiobraziliense.com.br\/cbradar\/author\/paulomyth\/"}]}},"_links":{"self":[{"href":"https:\/\/www.correiobraziliense.com.br\/cbradar\/wp-json\/wp\/v2\/posts\/232616","targetHints":{"allow":["GET"]}}],"collection":[{"href":"https:\/\/www.correiobraziliense.com.br\/cbradar\/wp-json\/wp\/v2\/posts"}],"about":[{"href":"https:\/\/www.correiobraziliense.com.br\/cbradar\/wp-json\/wp\/v2\/types\/post"}],"author":[{"embeddable":true,"href":"https:\/\/www.correiobraziliense.com.br\/cbradar\/wp-json\/wp\/v2\/users\/11"}],"replies":[{"embeddable":true,"href":"https:\/\/www.correiobraziliense.com.br\/cbradar\/wp-json\/wp\/v2\/comments?post=232616"}],"version-history":[{"count":1,"href":"https:\/\/www.correiobraziliense.com.br\/cbradar\/wp-json\/wp\/v2\/posts\/232616\/revisions"}],"predecessor-version":[{"id":232621,"href":"https:\/\/www.correiobraziliense.com.br\/cbradar\/wp-json\/wp\/v2\/posts\/232616\/revisions\/232621"}],"wp:featuredmedia":[{"embeddable":true,"href":"https:\/\/www.correiobraziliense.com.br\/cbradar\/wp-json\/wp\/v2\/media\/232620"}],"wp:attachment":[{"href":"https:\/\/www.correiobraziliense.com.br\/cbradar\/wp-json\/wp\/v2\/media?parent=232616"}],"wp:term":[{"taxonomy":"category","embeddable":true,"href":"https:\/\/www.correiobraziliense.com.br\/cbradar\/wp-json\/wp\/v2\/categories?post=232616"},{"taxonomy":"post_tag","embeddable":true,"href":"https:\/\/www.correiobraziliense.com.br\/cbradar\/wp-json\/wp\/v2\/post_tag?post=232616"}],"curies":[{"name":"wp","href":"https:\/\/api.w.org\/{rel}","templated":true}]}}