{"id":232622,"date":"2026-04-26T15:04:00","date_gmt":"2026-04-26T18:04:00","guid":{"rendered":"https:\/\/www.correiobraziliense.com.br\/cbradar\/?p=232622"},"modified":"2026-04-26T14:54:24","modified_gmt":"2026-04-26T17:54:24","slug":"o-que-o-consumo-do-acucar-refinado-em-excesso-faz-no-figado-e-na-gordura-abdominal","status":"publish","type":"post","link":"https:\/\/www.correiobraziliense.com.br\/cbradar\/o-que-o-consumo-do-acucar-refinado-em-excesso-faz-no-figado-e-na-gordura-abdominal\/","title":{"rendered":"O que o consumo do a\u00e7\u00facar refinado em excesso faz no f\u00edgado e na gordura abdominal"},"content":{"rendered":"\n<p>Mais de trinta por cento dos adultos acumulam intensos lip\u00eddios viscerais devido ao alto impacto do <strong>a\u00e7\u00facar refinado no f\u00edgado<\/strong> diariamente. A pesada sobrecarga de mol\u00e9culas artificiais satura as c\u00e9lulas org\u00e2nicas rapidamente, transformando grande parte do longo excesso cal\u00f3rico em puras camadas inflamat\u00f3rias presas na barriga.<\/p>\n\n\n\n<h2 class=\"wp-block-heading\">Como o organismo humano processa a por\u00e7\u00e3o doce adicionada aos alimentos?<\/h2>\n\n\n\n<p>A veloz digest\u00e3o qu\u00edmica quebra a sacarose branca di\u00e1ria em duas mol\u00e9culas menores para facilitar a devida absor\u00e7\u00e3o intestinal. A glicose viaja livremente pelo sangue, enquanto a <a href=\"https:\/\/pt.wikipedia.org\/wiki\/Frutose\" target=\"_blank\" rel=\"noreferrer noopener\">frutose<\/a> segue um caminho bioqu\u00edmico muito restrito e exclusivo direto para a grande gl\u00e2ndula purificadora do corpo humano.<\/p>\n\n\n\n<p>Esse pesado processamento biol\u00f3gico centralizado exige imenso esfor\u00e7o celular cont\u00ednuo. Diferente de outros nutrientes saud\u00e1veis puros que alimentam o m\u00fasculo diretamente, esse forte composto demanda uma dif\u00edcil filtragem qu\u00edmica que estressa intensamente a estrutura glandular interna antes de gerar energia aproveit\u00e1vel.<\/p>\n\n\n<div class=\"wp-block-image\">\n<figure class=\"aligncenter size-full\"><img decoding=\"async\" width=\"1280\" height=\"720\" src=\"https:\/\/www.correiobraziliense.com.br\/cbradar\/wp-content\/uploads\/2026\/04\/IMAGEM_720p_1777225734491.jpg\" alt=\"O h\u00e1bito de pegar o celular ao acordar pode ser um sinal de hipervigil\u00e2ncia e como isso se conecta \u00e0 ansiedade antecipat\u00f3ria e \u00e0 fadiga mental\" class=\"wp-image-232624\" srcset=\"https:\/\/www.correiobraziliense.com.br\/cbradar\/wp-content\/uploads\/2026\/04\/IMAGEM_720p_1777225734491.jpg 1280w, https:\/\/www.correiobraziliense.com.br\/cbradar\/wp-content\/uploads\/2026\/04\/IMAGEM_720p_1777225734491-300x169.jpg 300w, https:\/\/www.correiobraziliense.com.br\/cbradar\/wp-content\/uploads\/2026\/04\/IMAGEM_720p_1777225734491-768x432.jpg 768w, https:\/\/www.correiobraziliense.com.br\/cbradar\/wp-content\/uploads\/2026\/04\/IMAGEM_720p_1777225734491-750x422.jpg 750w, https:\/\/www.correiobraziliense.com.br\/cbradar\/wp-content\/uploads\/2026\/04\/IMAGEM_720p_1777225734491-1140x641.jpg 1140w\" sizes=\"(max-width: 1280px) 100vw, 1280px\" \/><figcaption class=\"wp-element-caption\">Rela\u00e7\u00e3o fisiol\u00f3gica direta entre o metabolismo de carboidratos simples, a esteatose hep\u00e1tica e o aumento do tecido adiposo visceral.<\/figcaption><\/figure><\/div>\n\n\n<h2 class=\"wp-block-heading\">Por que essa longa filtragem celular gera estoques lip\u00eddicos t\u00e3o perigosos?<\/h2>\n\n\n\n<p>O grande volume ingerido nas refei\u00e7\u00f5es urbanas modernas ultrapassa brutalmente a capacidade m\u00e1xima de queima metab\u00f3lica das nossas eficientes mitoc\u00f4ndrias ativas. Quando o curto espa\u00e7o de armazenamento satura completamente, o \u00f3rg\u00e3o aciona o instinto org\u00e2nico natural de prote\u00e7\u00e3o contra picos glic\u00eamicos.<\/p>\n\n\n\n<p>O centro biol\u00f3gico converte obrigatoriamente todas as sobras abundantes de carboidratos simples em triglicer\u00eddeos circulantes. Esse mecanismo qu\u00edmico de pura sobreviv\u00eancia deposita grossas placas espessas diretamente sobre os tecidos nobres, bloqueando e sufocando as ricas vias funcionais de forma muito lenta.<\/p>\n\n\n\n<h2 class=\"wp-block-heading\">O que caracteriza a temida doen\u00e7a hep\u00e1tica gordurosa invis\u00edvel e silenciosa?<\/h2>\n\n\n\n<p>O ac\u00famulo cont\u00ednuo origina a popularmente conhecida esteatose, um cr\u00f4nico quadro m\u00e9dico complexo que dificilmente manifesta dores f\u00edsicas iniciais. A forte capa gordurosa inflama os \u00fateis dutos excretores e reduz drasticamente a r\u00e1pida remo\u00e7\u00e3o natural de pesadas toxinas di\u00e1rias circulantes na rede venosa.<\/p>\n\n\n\n<p>Pesquisadores do <a href=\"https:\/\/pmc.ncbi.nlm.nih.gov\/articles\/PMC7305712\/\" target=\"_blank\" rel=\"noreferrer noopener\"><strong>National Institutes of Health<\/strong><\/a> alertam que casos m\u00e9dicos avan\u00e7ados dessa densa inflama\u00e7\u00e3o progridem rapidamente para condi\u00e7\u00f5es graves e quadros de cirrose real. A detec\u00e7\u00e3o precoce exige avalia\u00e7\u00f5es ultrassonogr\u00e1ficas rotineiras frequentes para rastrear pequenos focos nocivos antes da generalizada falha sist\u00eamica perigosa.<\/p>\n\n\n\n<p>Leia tamb\u00e9m: <a href=\"https:\/\/www.correiobraziliense.com.br\/cbradar\/por-que-arquitetos-estao-colocando-tubos-de-plastico-a-2-metros-de-profundidade-no-quintal-para-gelar-a-casa-sem-energia\/\" target=\"_blank\" rel=\"noreferrer noopener\">Por que arquitetos est\u00e3o colocando tubos de pl\u00e1stico a 2 metros de profundidade no quintal para gelar a casa sem energia<\/a><\/p>\n\n\n\n<h2 class=\"wp-block-heading\">Como essa falha interna oculta afeta o aumento r\u00e1pido da cintura?<\/h2>\n\n\n\n<p>A acelerada produ\u00e7\u00e3o for\u00e7ada de duros lip\u00eddios n\u00e3o fica represada apenas nos estreitos dutos viscerais internos bloqueados. O eficiente sistema vascular transporta essas mol\u00e9culas pesadas sint\u00e9ticas e organiza o grande estoque adiposo de forma cont\u00ednua ao redor dos macios intestinos vitais.<\/p>\n\n\n\n<p>O tecido adiposo largo comporta-se quimicamente como uma imensa gl\u00e2ndula estranha t\u00f3xica bastante reativa e indesejada. Avalie os maiores danos hormonais pr\u00e1ticos causados por esse denso e perigoso aumento inflamat\u00f3rio constante no longo prazo:<\/p>\n\n\n\n<ul class=\"wp-block-list\">\n<li><strong>Resist\u00eancia insul\u00ednica:<\/strong> os tecidos inflamados ignoram sinais, obrigando o fr\u00e1gil p\u00e2ncreas a fabricar alt\u00edssimas doses cont\u00ednuas de <strong>insulina<\/strong>.<\/li>\n\n\n\n<li><strong>Hipertens\u00e3o arterial:<\/strong> os ruins res\u00edduos espessos enrijecem art\u00e9rias longas, exigindo violento esfor\u00e7o do grande m\u00fasculo card\u00edaco rotineiramente.<\/li>\n\n\n\n<li><strong>Cansa\u00e7o cr\u00f4nico:<\/strong> a ca\u00f3tica gest\u00e3o energ\u00e9tica rouba totalmente o necess\u00e1rio vigor mec\u00e2nico durante as longas tarefas matinais exaustivas.<\/li>\n<\/ul>\n\n\n<div class=\"wp-block-image\">\n<figure class=\"aligncenter size-full\"><img decoding=\"async\" width=\"1280\" height=\"720\" src=\"https:\/\/www.correiobraziliense.com.br\/cbradar\/wp-content\/uploads\/2026\/04\/IMAGEM_720p_1777225732008.jpg\" alt=\"O h\u00e1bito de pegar o celular ao acordar pode ser um sinal de hipervigil\u00e2ncia e como isso se conecta \u00e0 ansiedade antecipat\u00f3ria e \u00e0 fadiga mental\" class=\"wp-image-232625\" srcset=\"https:\/\/www.correiobraziliense.com.br\/cbradar\/wp-content\/uploads\/2026\/04\/IMAGEM_720p_1777225732008.jpg 1280w, https:\/\/www.correiobraziliense.com.br\/cbradar\/wp-content\/uploads\/2026\/04\/IMAGEM_720p_1777225732008-300x169.jpg 300w, https:\/\/www.correiobraziliense.com.br\/cbradar\/wp-content\/uploads\/2026\/04\/IMAGEM_720p_1777225732008-768x432.jpg 768w, https:\/\/www.correiobraziliense.com.br\/cbradar\/wp-content\/uploads\/2026\/04\/IMAGEM_720p_1777225732008-750x422.jpg 750w, https:\/\/www.correiobraziliense.com.br\/cbradar\/wp-content\/uploads\/2026\/04\/IMAGEM_720p_1777225732008-1140x641.jpg 1140w\" sizes=\"(max-width: 1280px) 100vw, 1280px\" \/><figcaption class=\"wp-element-caption\">Rela\u00e7\u00e3o fisiol\u00f3gica direta entre o metabolismo de carboidratos simples, a esteatose hep\u00e1tica e o aumento do tecido adiposo visceral.<\/figcaption><\/figure><\/div>\n\n\n<h2 class=\"wp-block-heading\">Quais t\u00e1ticas alimentares curam a perfeita fun\u00e7\u00e3o purificadora original do corpo?<\/h2>\n\n\n\n<p>A formid\u00e1vel plasticidade org\u00e2nica permite reverter danos superficiais caso voc\u00ea cancele imediatamente a alta oferta da sacarose pura industrializada. O longo jejum doce for\u00e7ar\u00e1 o tecido hep\u00e1tico a recrutar as vastas camadas engorduradas inflamadas para suprir e pagar a nova demanda cal\u00f3rica basal di\u00e1ria.<\/p>\n\n\n\n<p>Profissionais da \u00f3tima nutri\u00e7\u00e3o orientam dietas focadas em grandes folhagens verdes fibrosas e em boas prote\u00ednas puras que limpam ativamente o sangue espesso. As informa\u00e7\u00f5es deste artigo relatam processos sist\u00eamicos reais, mas jamais anulam a rigorosa e presencial consulta cl\u00ednica com especialistas da \u00e1rea digestiva.<\/p>\n","protected":false},"excerpt":{"rendered":"<p>Mais de trinta por cento dos adultos acumulam intensos lip\u00eddios viscerais devido ao alto impacto do a\u00e7\u00facar refinado no f\u00edgado diariamente. A pesada sobrecarga de mol\u00e9culas artificiais satura as c\u00e9lulas org\u00e2nicas rapidamente, transformando grande parte do longo excesso cal\u00f3rico em puras camadas inflamat\u00f3rias presas na barriga. Como o organismo humano processa a por\u00e7\u00e3o doce adicionada [&hellip;]<\/p>\n","protected":false},"author":11,"featured_media":232623,"comment_status":"open","ping_status":"open","sticky":false,"template":"","format":"standard","meta":{"_yoast_wpseo_focuskw":"a\u00e7\u00facar refinado no f\u00edgado","_yoast_wpseo_title":"","_yoast_wpseo_metadesc":"O excesso de doces rotineiros prejudica o seu metabolismo de forma silenciosa. Avalie como a pesada sobrecarga org\u00e2nica aumenta a barriga gradualmente.","jnews-multi-image_gallery":[],"jnews_single_post":{"format":"standard"},"jnews_primary_category":[],"jnews_social_meta":[],"jnews_override_counter":[],"footnotes":""},"categories":[124],"post_tag":[],"class_list":["post-232622","post","type-post","status-publish","format-standard","has-post-thumbnail","hentry","category-beleza"],"yoast_head":"<!-- This site is optimized with the Yoast SEO plugin v24.6 - https:\/\/yoast.com\/wordpress\/plugins\/seo\/ -->\n<title>O que o consumo do a\u00e7\u00facar refinado em excesso faz no f\u00edgado e na gordura abdominal - Correio Braziliense - Radar<\/title>\n<meta name=\"description\" content=\"O excesso de doces rotineiros prejudica o seu metabolismo de forma silenciosa. Avalie como a pesada sobrecarga org\u00e2nica aumenta a barriga gradualmente.\" \/>\n<meta name=\"robots\" content=\"index, follow, max-snippet:-1, max-image-preview:large, max-video-preview:-1\" \/>\n<link rel=\"canonical\" href=\"https:\/\/www.correiobraziliense.com.br\/cbradar\/o-que-o-consumo-do-acucar-refinado-em-excesso-faz-no-figado-e-na-gordura-abdominal\/\" \/>\n<meta property=\"og:locale\" content=\"pt_BR\" \/>\n<meta property=\"og:type\" content=\"article\" \/>\n<meta property=\"og:title\" content=\"O que o consumo do a\u00e7\u00facar refinado em excesso faz no f\u00edgado e na gordura abdominal - Correio Braziliense - Radar\" \/>\n<meta property=\"og:description\" content=\"O excesso de doces rotineiros prejudica o seu metabolismo de forma silenciosa. Avalie como a pesada sobrecarga org\u00e2nica aumenta a barriga gradualmente.\" \/>\n<meta property=\"og:url\" content=\"https:\/\/www.correiobraziliense.com.br\/cbradar\/o-que-o-consumo-do-acucar-refinado-em-excesso-faz-no-figado-e-na-gordura-abdominal\/\" \/>\n<meta property=\"og:site_name\" content=\"Correio Braziliense - Radar\" \/>\n<meta property=\"article:published_time\" content=\"2026-04-26T18:04:00+00:00\" \/>\n<meta property=\"og:image\" content=\"https:\/\/www.correiobraziliense.com.br\/cbradar\/wp-content\/uploads\/2026\/04\/IMAGEM_720p_1777225325327.jpg\" \/>\n\t<meta property=\"og:image:width\" content=\"1280\" \/>\n\t<meta property=\"og:image:height\" content=\"720\" \/>\n\t<meta property=\"og:image:type\" content=\"image\/jpeg\" \/>\n<meta name=\"author\" content=\"Paulo Custodio\" \/>\n<meta name=\"twitter:card\" content=\"summary_large_image\" \/>\n<meta name=\"twitter:label1\" content=\"Escrito por\" \/>\n\t<meta name=\"twitter:data1\" content=\"Paulo Custodio\" \/>\n\t<meta name=\"twitter:label2\" content=\"Est. tempo de leitura\" \/>\n\t<meta name=\"twitter:data2\" content=\"5 minutos\" \/>\n<!-- \/ Yoast SEO plugin. -->","yoast_head_json":{"title":"O que o consumo do a\u00e7\u00facar refinado em excesso faz no f\u00edgado e na gordura abdominal - Correio Braziliense - Radar","description":"O excesso de doces rotineiros prejudica o seu metabolismo de forma silenciosa. Avalie como a pesada sobrecarga org\u00e2nica aumenta a barriga gradualmente.","robots":{"index":"index","follow":"follow","max-snippet":"max-snippet:-1","max-image-preview":"max-image-preview:large","max-video-preview":"max-video-preview:-1"},"canonical":"https:\/\/www.correiobraziliense.com.br\/cbradar\/o-que-o-consumo-do-acucar-refinado-em-excesso-faz-no-figado-e-na-gordura-abdominal\/","og_locale":"pt_BR","og_type":"article","og_title":"O que o consumo do a\u00e7\u00facar refinado em excesso faz no f\u00edgado e na gordura abdominal - Correio Braziliense - Radar","og_description":"O excesso de doces rotineiros prejudica o seu metabolismo de forma silenciosa. Avalie como a pesada sobrecarga org\u00e2nica aumenta a barriga gradualmente.","og_url":"https:\/\/www.correiobraziliense.com.br\/cbradar\/o-que-o-consumo-do-acucar-refinado-em-excesso-faz-no-figado-e-na-gordura-abdominal\/","og_site_name":"Correio Braziliense - Radar","article_published_time":"2026-04-26T18:04:00+00:00","og_image":[{"width":1280,"height":720,"url":"https:\/\/www.correiobraziliense.com.br\/cbradar\/wp-content\/uploads\/2026\/04\/IMAGEM_720p_1777225325327.jpg","type":"image\/jpeg"}],"author":"Paulo Custodio","twitter_card":"summary_large_image","twitter_misc":{"Escrito por":"Paulo Custodio","Est. tempo de leitura":"5 minutos"},"schema":{"@context":"https:\/\/schema.org","@graph":[{"@type":"WebPage","@id":"https:\/\/www.correiobraziliense.com.br\/cbradar\/o-que-o-consumo-do-acucar-refinado-em-excesso-faz-no-figado-e-na-gordura-abdominal\/","url":"https:\/\/www.correiobraziliense.com.br\/cbradar\/o-que-o-consumo-do-acucar-refinado-em-excesso-faz-no-figado-e-na-gordura-abdominal\/","name":"O que o consumo do a\u00e7\u00facar refinado em excesso faz no f\u00edgado e na gordura abdominal - Correio Braziliense - Radar","isPartOf":{"@id":"https:\/\/www.correiobraziliense.com.br\/cbradar\/#website"},"primaryImageOfPage":{"@id":"https:\/\/www.correiobraziliense.com.br\/cbradar\/o-que-o-consumo-do-acucar-refinado-em-excesso-faz-no-figado-e-na-gordura-abdominal\/#primaryimage"},"image":{"@id":"https:\/\/www.correiobraziliense.com.br\/cbradar\/o-que-o-consumo-do-acucar-refinado-em-excesso-faz-no-figado-e-na-gordura-abdominal\/#primaryimage"},"thumbnailUrl":"https:\/\/www.correiobraziliense.com.br\/cbradar\/wp-content\/uploads\/2026\/04\/IMAGEM_720p_1777225325327.jpg","datePublished":"2026-04-26T18:04:00+00:00","author":{"@id":"https:\/\/www.correiobraziliense.com.br\/cbradar\/#\/schema\/person\/4cec7857301a9a1a2ef249893cd908d3"},"description":"O excesso de doces rotineiros prejudica o seu metabolismo de forma silenciosa. Avalie como a pesada sobrecarga org\u00e2nica aumenta a barriga gradualmente.","breadcrumb":{"@id":"https:\/\/www.correiobraziliense.com.br\/cbradar\/o-que-o-consumo-do-acucar-refinado-em-excesso-faz-no-figado-e-na-gordura-abdominal\/#breadcrumb"},"inLanguage":"pt-BR","potentialAction":[{"@type":"ReadAction","target":["https:\/\/www.correiobraziliense.com.br\/cbradar\/o-que-o-consumo-do-acucar-refinado-em-excesso-faz-no-figado-e-na-gordura-abdominal\/"]}]},{"@type":"ImageObject","inLanguage":"pt-BR","@id":"https:\/\/www.correiobraziliense.com.br\/cbradar\/o-que-o-consumo-do-acucar-refinado-em-excesso-faz-no-figado-e-na-gordura-abdominal\/#primaryimage","url":"https:\/\/www.correiobraziliense.com.br\/cbradar\/wp-content\/uploads\/2026\/04\/IMAGEM_720p_1777225325327.jpg","contentUrl":"https:\/\/www.correiobraziliense.com.br\/cbradar\/wp-content\/uploads\/2026\/04\/IMAGEM_720p_1777225325327.jpg","width":1280,"height":720,"caption":"Rela\u00e7\u00e3o fisiol\u00f3gica direta entre o metabolismo de carboidratos simples, a esteatose hep\u00e1tica e o aumento do tecido adiposo visceral."},{"@type":"BreadcrumbList","@id":"https:\/\/www.correiobraziliense.com.br\/cbradar\/o-que-o-consumo-do-acucar-refinado-em-excesso-faz-no-figado-e-na-gordura-abdominal\/#breadcrumb","itemListElement":[{"@type":"ListItem","position":1,"name":"In\u00edcio","item":"https:\/\/www.correiobraziliense.com.br\/cbradar\/"},{"@type":"ListItem","position":2,"name":"O que o consumo do a\u00e7\u00facar refinado em excesso faz no f\u00edgado e na gordura abdominal"}]},{"@type":"WebSite","@id":"https:\/\/www.correiobraziliense.com.br\/cbradar\/#website","url":"https:\/\/www.correiobraziliense.com.br\/cbradar\/","name":"Correio Braziliense - Radar","description":"Acompanhe as \u00faltimas not\u00edcias e fique bem informado sobre tudo o que acontece no Brasil e no mundo.","potentialAction":[{"@type":"SearchAction","target":{"@type":"EntryPoint","urlTemplate":"https:\/\/www.correiobraziliense.com.br\/cbradar\/?s={search_term_string}"},"query-input":{"@type":"PropertyValueSpecification","valueRequired":true,"valueName":"search_term_string"}}],"inLanguage":"pt-BR"},{"@type":"Person","@id":"https:\/\/www.correiobraziliense.com.br\/cbradar\/#\/schema\/person\/4cec7857301a9a1a2ef249893cd908d3","name":"Paulo Custodio","image":{"@type":"ImageObject","inLanguage":"pt-BR","@id":"https:\/\/www.correiobraziliense.com.br\/cbradar\/#\/schema\/person\/image\/","url":"https:\/\/secure.gravatar.com\/avatar\/bcd67168d1534e8fcf4f45c726a87cea?s=96&d=mm&r=g","contentUrl":"https:\/\/secure.gravatar.com\/avatar\/bcd67168d1534e8fcf4f45c726a87cea?s=96&d=mm&r=g","caption":"Paulo Custodio"},"sameAs":["https:\/\/www.correiobraziliense.com.br\/cbradar"],"url":"https:\/\/www.correiobraziliense.com.br\/cbradar\/author\/paulomyth\/"}]}},"_links":{"self":[{"href":"https:\/\/www.correiobraziliense.com.br\/cbradar\/wp-json\/wp\/v2\/posts\/232622","targetHints":{"allow":["GET"]}}],"collection":[{"href":"https:\/\/www.correiobraziliense.com.br\/cbradar\/wp-json\/wp\/v2\/posts"}],"about":[{"href":"https:\/\/www.correiobraziliense.com.br\/cbradar\/wp-json\/wp\/v2\/types\/post"}],"author":[{"embeddable":true,"href":"https:\/\/www.correiobraziliense.com.br\/cbradar\/wp-json\/wp\/v2\/users\/11"}],"replies":[{"embeddable":true,"href":"https:\/\/www.correiobraziliense.com.br\/cbradar\/wp-json\/wp\/v2\/comments?post=232622"}],"version-history":[{"count":2,"href":"https:\/\/www.correiobraziliense.com.br\/cbradar\/wp-json\/wp\/v2\/posts\/232622\/revisions"}],"predecessor-version":[{"id":232627,"href":"https:\/\/www.correiobraziliense.com.br\/cbradar\/wp-json\/wp\/v2\/posts\/232622\/revisions\/232627"}],"wp:featuredmedia":[{"embeddable":true,"href":"https:\/\/www.correiobraziliense.com.br\/cbradar\/wp-json\/wp\/v2\/media\/232623"}],"wp:attachment":[{"href":"https:\/\/www.correiobraziliense.com.br\/cbradar\/wp-json\/wp\/v2\/media?parent=232622"}],"wp:term":[{"taxonomy":"category","embeddable":true,"href":"https:\/\/www.correiobraziliense.com.br\/cbradar\/wp-json\/wp\/v2\/categories?post=232622"},{"taxonomy":"post_tag","embeddable":true,"href":"https:\/\/www.correiobraziliense.com.br\/cbradar\/wp-json\/wp\/v2\/post_tag?post=232622"}],"curies":[{"name":"wp","href":"https:\/\/api.w.org\/{rel}","templated":true}]}}