{"id":232628,"date":"2026-04-26T15:34:00","date_gmt":"2026-04-26T18:34:00","guid":{"rendered":"https:\/\/www.correiobraziliense.com.br\/cbradar\/?p=232628"},"modified":"2026-04-26T15:00:48","modified_gmt":"2026-04-26T18:00:48","slug":"segundo-estudos-pessoas-que-pegam-o-celular-assim-que-acordam-revelam-um-estado-de-hipervigilancia-que-poucos-compreendem-hoje","status":"publish","type":"post","link":"https:\/\/www.correiobraziliense.com.br\/cbradar\/segundo-estudos-pessoas-que-pegam-o-celular-assim-que-acordam-revelam-um-estado-de-hipervigilancia-que-poucos-compreendem-hoje\/","title":{"rendered":"Segundo estudos, pessoas que pegam o celular assim que acordam revelam um estado de hipervigil\u00e2ncia que poucos compreendem hoje"},"content":{"rendered":"\n<p>O que leva algu\u00e9m a estender a m\u00e3o para a tela antes mesmo de os p\u00e9s tocarem o ch\u00e3o? Para a psicologia contempor\u00e2nea, esse gesto autom\u00e1tico de <strong>pegar o celular ao acordar<\/strong> pode sinalizar um estado de <strong>hipervigil\u00e2ncia<\/strong> que persiste do despertar at\u00e9 a noite. Esse estado de alerta constante interrompe a transi\u00e7\u00e3o natural das ondas cerebrais e mant\u00e9m o c\u00e9rebro em modo de varredura por amea\u00e7as e recompensas logo nos primeiros minutos da manh\u00e3.<\/p>\n\n\n\n<h2 class=\"wp-block-heading\">O que \u00e9 hipervigil\u00e2ncia e como ela se manifesta?<\/h2>\n\n\n\n<p>A <a href=\"https:\/\/pt.wikipedia.org\/wiki\/Hipervigil%C3%A2ncia\" target=\"_blank\" rel=\"noreferrer noopener\">hipervigil\u00e2ncia<\/a> \u00e9 um estado de sensibilidade extrema do sistema nervoso, no qual a filtragem de est\u00edmulos acontece de forma acelerada e imprecisa. O organismo dispara alertas mesmo quando n\u00e3o h\u00e1 perigo real, mantendo a mente em constante estado de alerta.<\/p>\n\n\n\n<p>Na rotina, isso aparece na dificuldade de relaxar e na necessidade de checar o ambiente digital logo ao abrir os olhos. Para a psicologia, esse comportamento revela uma mente que aprendeu a se antecipar \u00e0s amea\u00e7as e agora n\u00e3o consegue mais se desligar.<\/p>\n\n\n<div class=\"wp-block-image\">\n<figure class=\"aligncenter size-full\"><img decoding=\"async\" width=\"1280\" height=\"720\" src=\"https:\/\/www.correiobraziliense.com.br\/cbradar\/wp-content\/uploads\/2026\/04\/IMAGEM_720p_1777226254130.jpg\" alt=\"O h\u00e1bito de pegar o celular ao acordar pode ser um sinal de hipervigil\u00e2ncia e como isso se conecta \u00e0 ansiedade antecipat\u00f3ria e \u00e0 fadiga mental\" class=\"wp-image-232631\" srcset=\"https:\/\/www.correiobraziliense.com.br\/cbradar\/wp-content\/uploads\/2026\/04\/IMAGEM_720p_1777226254130.jpg 1280w, https:\/\/www.correiobraziliense.com.br\/cbradar\/wp-content\/uploads\/2026\/04\/IMAGEM_720p_1777226254130-300x169.jpg 300w, https:\/\/www.correiobraziliense.com.br\/cbradar\/wp-content\/uploads\/2026\/04\/IMAGEM_720p_1777226254130-768x432.jpg 768w, https:\/\/www.correiobraziliense.com.br\/cbradar\/wp-content\/uploads\/2026\/04\/IMAGEM_720p_1777226254130-750x422.jpg 750w, https:\/\/www.correiobraziliense.com.br\/cbradar\/wp-content\/uploads\/2026\/04\/IMAGEM_720p_1777226254130-1140x641.jpg 1140w\" sizes=\"(max-width: 1280px) 100vw, 1280px\" \/><figcaption class=\"wp-element-caption\">O h\u00e1bito de pegar o celular ao acordar pode ser um sinal de hipervigil\u00e2ncia e como isso se conecta \u00e0 ansiedade antecipat\u00f3ria e \u00e0 fadiga mental<\/figcaption><\/figure><\/div>\n\n\n<h2 class=\"wp-block-heading\">Por que pegar o celular ao acordar est\u00e1 ligado \u00e0 hipervigil\u00e2ncia?<\/h2>\n\n\n\n<p>Quando a pessoa desbloqueia a tela antes de qualquer reflex\u00e3o, o que est\u00e1 em jogo n\u00e3o \u00e9 for\u00e7a de vontade, mas um padr\u00e3o de escaneamento constante. A hipervigil\u00e2ncia faz o c\u00e9rebro interpretar a calma da manh\u00e3 como um vazio perigoso, e a checagem do celular funciona como uma falsa garantia de controle.<\/p>\n\n\n\n<p>Segundo a <a href=\"https:\/\/www.apa.org\/monitor\/2017\/03\/sidebar-disconnected\" target=\"_blank\" rel=\"noreferrer noopener\"><strong>American Psychological Association<\/strong><\/a>, o pesquisador<strong> Larry Rosen <\/strong>recomenda evitar checar o celular logo ao acordar, pois isso condiciona o c\u00e9rebro a permanecer em alerta por horas. O gesto matinal n\u00e3o alivia a ansiedade; ele a confirma e a perpetua.<\/p>\n\n\n\n<h2 class=\"wp-block-heading\">O que acontece no c\u00e9rebro nos primeiros minutos ap\u00f3s o despertar?<\/h2>\n\n\n\n<p>O despertar natural envolve uma transi\u00e7\u00e3o suave das ondas <strong>theta<\/strong> para o ritmo <strong>alfa<\/strong> e depois <strong>beta<\/strong>. Quando a primeira a\u00e7\u00e3o do dia \u00e9 mergulhar em notifica\u00e7\u00f5es, o c\u00e9rebro salta abruptamente para ondas beta, sem passar pela etapa intermedi\u00e1ria de relaxamento.<\/p>\n\n\n\n<p>Esse atalho sobrecarrega o <strong>c\u00f3rtex pr\u00e9-frontal<\/strong>, respons\u00e1vel pela tomada de decis\u00f5es. Estudos indicam que pessoas que checam o celular imediatamente ao acordar apresentam n\u00edveis de cortisol significativamente mais altos do que aquelas que aguardam ao menos trinta minutos, ativando precocemente a resposta de estresse.<\/p>\n\n\n\n<h2 class=\"wp-block-heading\">Como os est\u00edmulos digitais ativam a ansiedade antecipat\u00f3ria?<\/h2>\n\n\n\n<p>Ao abrir o celular, o usu\u00e1rio \u00e9 exposto a dezenas de informa\u00e7\u00f5es que exigem processamento imediato. A <strong>ansiedade antecipat\u00f3ria<\/strong> surge quando a mente come\u00e7a a projetar preocupa\u00e7\u00f5es a partir dos est\u00edmulos rec\u00e9m-recebidos, gerando uma <strong>fadiga de decis\u00e3o<\/strong> antes mesmo do caf\u00e9 da manh\u00e3.<\/p>\n\n\n\n<p>A dopamina liberada a cada notifica\u00e7\u00e3o refor\u00e7a o ciclo. O c\u00e9rebro aprende que a recompensa est\u00e1 na confer\u00eancia seguinte, e o simples gesto de pegar o celular se transforma em um gatilho para o sistema de alerta.<\/p>\n\n\n\n<p>Leia tamb\u00e9m: <a href=\"https:\/\/www.correiobraziliense.com.br\/cbradar\/por-que-arquitetos-estao-colocando-tubos-de-plastico-a-2-metros-de-profundidade-no-quintal-para-gelar-a-casa-sem-energia\/\" target=\"_blank\" rel=\"noreferrer noopener\">Por que arquitetos est\u00e3o colocando tubos de pl\u00e1stico a 2 metros de profundidade no quintal para gelar a casa sem energia<\/a><\/p>\n\n\n\n<h2 class=\"wp-block-heading\">Quais sinais indicam que o uso do celular ao acordar ultrapassou o limite saud\u00e1vel?<\/h2>\n\n\n\n<p>O uso da tecnologia pela manh\u00e3 n\u00e3o \u00e9 prejudicial em todos os casos. A diferen\u00e7a est\u00e1 no tipo de conte\u00fado acessado e na sensa\u00e7\u00e3o que ele provoca. Rea\u00e7\u00f5es emocionais intensas a mensagens logo cedo e o h\u00e1bito de passar mais de dez minutos rolando a tela antes de levantar s\u00e3o indicativos de alerta.<\/p>\n\n\n\n<p>Confira os principais sinais de que o comportamento j\u00e1 se tornou um marcador de hipervigil\u00e2ncia:<\/p>\n\n\n\n<ul class=\"wp-block-list\">\n<li><strong>Pensamentos acelerados:<\/strong> a mente antecipa conflitos e cobran\u00e7as ao acordar<\/li>\n\n\n\n<li><strong>Sensa\u00e7\u00e3o de urg\u00eancia:<\/strong> o dia j\u00e1 come\u00e7a com a impress\u00e3o de que \u00e9 preciso correr<\/li>\n\n\n\n<li><strong>Compara\u00e7\u00e3o social:<\/strong> fotos e postagens matinais geram frustra\u00e7\u00e3o imediata<\/li>\n\n\n\n<li><strong>Cansa\u00e7o mental:<\/strong> a fadiga aparece antes das primeiras tarefas do dia<\/li>\n<\/ul>\n\n\n<div class=\"wp-block-image\">\n<figure class=\"aligncenter size-full\"><img decoding=\"async\" width=\"1280\" height=\"720\" src=\"https:\/\/www.correiobraziliense.com.br\/cbradar\/wp-content\/uploads\/2026\/04\/IMAGEM_720p_1777226250852.jpg\" alt=\"O h\u00e1bito de pegar o celular ao acordar pode ser um sinal de hipervigil\u00e2ncia e como isso se conecta \u00e0 ansiedade antecipat\u00f3ria e \u00e0 fadiga mental\" class=\"wp-image-232630\" srcset=\"https:\/\/www.correiobraziliense.com.br\/cbradar\/wp-content\/uploads\/2026\/04\/IMAGEM_720p_1777226250852.jpg 1280w, https:\/\/www.correiobraziliense.com.br\/cbradar\/wp-content\/uploads\/2026\/04\/IMAGEM_720p_1777226250852-300x169.jpg 300w, https:\/\/www.correiobraziliense.com.br\/cbradar\/wp-content\/uploads\/2026\/04\/IMAGEM_720p_1777226250852-768x432.jpg 768w, https:\/\/www.correiobraziliense.com.br\/cbradar\/wp-content\/uploads\/2026\/04\/IMAGEM_720p_1777226250852-750x422.jpg 750w, https:\/\/www.correiobraziliense.com.br\/cbradar\/wp-content\/uploads\/2026\/04\/IMAGEM_720p_1777226250852-1140x641.jpg 1140w\" sizes=\"(max-width: 1280px) 100vw, 1280px\" \/><figcaption class=\"wp-element-caption\">O h\u00e1bito de pegar o celular ao acordar pode ser um sinal de hipervigil\u00e2ncia e como isso se conecta \u00e0 ansiedade antecipat\u00f3ria e \u00e0 fadiga mental<\/figcaption><\/figure><\/div>\n\n\n<h2 class=\"wp-block-heading\">Como iniciar o dia com mais presen\u00e7a e menos alerta?<\/h2>\n\n\n\n<p>Reverter o quadro de hipervigil\u00e2ncia matinal n\u00e3o exige abandonar o celular. Basta adiar o primeiro contato com a tela por <strong>30 minutos<\/strong>, tempo suficiente para que o c\u00e9rebro complete a transi\u00e7\u00e3o natural das ondas cerebrais sem interfer\u00eancias externas.<\/p>\n\n\n\n<p>Pequenas barreiras f\u00edsicas tamb\u00e9m ajudam: carregar o celular fora do quarto ou usar um despertador anal\u00f3gico reduz o acesso impulsivo ao aparelho. O objetivo \u00e9 devolver ao c\u00e9rebro a capacidade de escolher quando e por que se conectar, em vez de reagir automaticamente a um comando de hipervigil\u00e2ncia que ele nem percebe que est\u00e1 seguindo.<\/p>\n","protected":false},"excerpt":{"rendered":"<p>O que leva algu\u00e9m a estender a m\u00e3o para a tela antes mesmo de os p\u00e9s tocarem o ch\u00e3o? Para a psicologia contempor\u00e2nea, esse gesto autom\u00e1tico de pegar o celular ao acordar pode sinalizar um estado de hipervigil\u00e2ncia que persiste do despertar at\u00e9 a noite. Esse estado de alerta constante interrompe a transi\u00e7\u00e3o natural das [&hellip;]<\/p>\n","protected":false},"author":11,"featured_media":232629,"comment_status":"open","ping_status":"open","sticky":false,"template":"","format":"standard","meta":{"_yoast_wpseo_focuskw":"hipervigil\u00e2ncia celular ao acordar","_yoast_wpseo_title":"","_yoast_wpseo_metadesc":"Pegar o celular assim que abre os olhos pode ser mais do que um h\u00e1bito moderno. A psicologia revela como esse gesto autom\u00e1tico est\u00e1 ligado \u00e0 hipervigil\u00e2ncia e \u00e0 ansiedade.","jnews-multi-image_gallery":[],"jnews_single_post":{"format":"standard"},"jnews_primary_category":[],"jnews_social_meta":[],"jnews_override_counter":[],"footnotes":""},"categories":[119],"post_tag":[812,322,14968,404],"class_list":["post-232628","post","type-post","status-publish","format-standard","has-post-thumbnail","hentry","category-bem-estar","tag-ansiedade","tag-celular","tag-hipervigilancia","tag-psicologia"],"yoast_head":"<!-- This site is optimized with the Yoast SEO plugin v24.6 - https:\/\/yoast.com\/wordpress\/plugins\/seo\/ -->\n<title>Segundo estudos, pessoas que pegam o celular assim que acordam revelam um estado de hipervigil\u00e2ncia que poucos compreendem hoje - Correio Braziliense - Radar<\/title>\n<meta name=\"description\" content=\"Pegar o celular assim que abre os olhos pode ser mais do que um h\u00e1bito moderno. A psicologia revela como esse gesto autom\u00e1tico est\u00e1 ligado \u00e0 hipervigil\u00e2ncia e \u00e0 ansiedade.\" \/>\n<meta name=\"robots\" content=\"index, follow, max-snippet:-1, max-image-preview:large, max-video-preview:-1\" \/>\n<link rel=\"canonical\" href=\"https:\/\/www.correiobraziliense.com.br\/cbradar\/segundo-estudos-pessoas-que-pegam-o-celular-assim-que-acordam-revelam-um-estado-de-hipervigilancia-que-poucos-compreendem-hoje\/\" \/>\n<meta property=\"og:locale\" content=\"pt_BR\" \/>\n<meta property=\"og:type\" content=\"article\" \/>\n<meta property=\"og:title\" content=\"Segundo estudos, pessoas que pegam o celular assim que acordam revelam um estado de hipervigil\u00e2ncia que poucos compreendem hoje - Correio Braziliense - Radar\" \/>\n<meta property=\"og:description\" content=\"Pegar o celular assim que abre os olhos pode ser mais do que um h\u00e1bito moderno. A psicologia revela como esse gesto autom\u00e1tico est\u00e1 ligado \u00e0 hipervigil\u00e2ncia e \u00e0 ansiedade.\" \/>\n<meta property=\"og:url\" content=\"https:\/\/www.correiobraziliense.com.br\/cbradar\/segundo-estudos-pessoas-que-pegam-o-celular-assim-que-acordam-revelam-um-estado-de-hipervigilancia-que-poucos-compreendem-hoje\/\" \/>\n<meta property=\"og:site_name\" content=\"Correio Braziliense - Radar\" \/>\n<meta property=\"article:published_time\" content=\"2026-04-26T18:34:00+00:00\" \/>\n<meta property=\"og:image\" content=\"https:\/\/www.correiobraziliense.com.br\/cbradar\/wp-content\/uploads\/2026\/04\/IMAGEM_720p_1777226260342.jpg\" \/>\n\t<meta property=\"og:image:width\" content=\"1280\" \/>\n\t<meta property=\"og:image:height\" content=\"720\" \/>\n\t<meta property=\"og:image:type\" content=\"image\/jpeg\" \/>\n<meta name=\"author\" content=\"Paulo Custodio\" \/>\n<meta name=\"twitter:card\" content=\"summary_large_image\" \/>\n<meta name=\"twitter:label1\" content=\"Escrito por\" \/>\n\t<meta name=\"twitter:data1\" content=\"Paulo Custodio\" \/>\n\t<meta name=\"twitter:label2\" content=\"Est. tempo de leitura\" \/>\n\t<meta name=\"twitter:data2\" content=\"5 minutos\" \/>\n<!-- \/ Yoast SEO plugin. -->","yoast_head_json":{"title":"Segundo estudos, pessoas que pegam o celular assim que acordam revelam um estado de hipervigil\u00e2ncia que poucos compreendem hoje - Correio Braziliense - Radar","description":"Pegar o celular assim que abre os olhos pode ser mais do que um h\u00e1bito moderno. A psicologia revela como esse gesto autom\u00e1tico est\u00e1 ligado \u00e0 hipervigil\u00e2ncia e \u00e0 ansiedade.","robots":{"index":"index","follow":"follow","max-snippet":"max-snippet:-1","max-image-preview":"max-image-preview:large","max-video-preview":"max-video-preview:-1"},"canonical":"https:\/\/www.correiobraziliense.com.br\/cbradar\/segundo-estudos-pessoas-que-pegam-o-celular-assim-que-acordam-revelam-um-estado-de-hipervigilancia-que-poucos-compreendem-hoje\/","og_locale":"pt_BR","og_type":"article","og_title":"Segundo estudos, pessoas que pegam o celular assim que acordam revelam um estado de hipervigil\u00e2ncia que poucos compreendem hoje - Correio Braziliense - Radar","og_description":"Pegar o celular assim que abre os olhos pode ser mais do que um h\u00e1bito moderno. A psicologia revela como esse gesto autom\u00e1tico est\u00e1 ligado \u00e0 hipervigil\u00e2ncia e \u00e0 ansiedade.","og_url":"https:\/\/www.correiobraziliense.com.br\/cbradar\/segundo-estudos-pessoas-que-pegam-o-celular-assim-que-acordam-revelam-um-estado-de-hipervigilancia-que-poucos-compreendem-hoje\/","og_site_name":"Correio Braziliense - Radar","article_published_time":"2026-04-26T18:34:00+00:00","og_image":[{"width":1280,"height":720,"url":"https:\/\/www.correiobraziliense.com.br\/cbradar\/wp-content\/uploads\/2026\/04\/IMAGEM_720p_1777226260342.jpg","type":"image\/jpeg"}],"author":"Paulo Custodio","twitter_card":"summary_large_image","twitter_misc":{"Escrito por":"Paulo Custodio","Est. tempo de leitura":"5 minutos"},"schema":{"@context":"https:\/\/schema.org","@graph":[{"@type":"WebPage","@id":"https:\/\/www.correiobraziliense.com.br\/cbradar\/segundo-estudos-pessoas-que-pegam-o-celular-assim-que-acordam-revelam-um-estado-de-hipervigilancia-que-poucos-compreendem-hoje\/","url":"https:\/\/www.correiobraziliense.com.br\/cbradar\/segundo-estudos-pessoas-que-pegam-o-celular-assim-que-acordam-revelam-um-estado-de-hipervigilancia-que-poucos-compreendem-hoje\/","name":"Segundo estudos, pessoas que pegam o celular assim que acordam revelam um estado de hipervigil\u00e2ncia que poucos compreendem hoje - Correio Braziliense - Radar","isPartOf":{"@id":"https:\/\/www.correiobraziliense.com.br\/cbradar\/#website"},"primaryImageOfPage":{"@id":"https:\/\/www.correiobraziliense.com.br\/cbradar\/segundo-estudos-pessoas-que-pegam-o-celular-assim-que-acordam-revelam-um-estado-de-hipervigilancia-que-poucos-compreendem-hoje\/#primaryimage"},"image":{"@id":"https:\/\/www.correiobraziliense.com.br\/cbradar\/segundo-estudos-pessoas-que-pegam-o-celular-assim-que-acordam-revelam-um-estado-de-hipervigilancia-que-poucos-compreendem-hoje\/#primaryimage"},"thumbnailUrl":"https:\/\/www.correiobraziliense.com.br\/cbradar\/wp-content\/uploads\/2026\/04\/IMAGEM_720p_1777226260342.jpg","datePublished":"2026-04-26T18:34:00+00:00","author":{"@id":"https:\/\/www.correiobraziliense.com.br\/cbradar\/#\/schema\/person\/4cec7857301a9a1a2ef249893cd908d3"},"description":"Pegar o celular assim que abre os olhos pode ser mais do que um h\u00e1bito moderno. A psicologia revela como esse gesto autom\u00e1tico est\u00e1 ligado \u00e0 hipervigil\u00e2ncia e \u00e0 ansiedade.","breadcrumb":{"@id":"https:\/\/www.correiobraziliense.com.br\/cbradar\/segundo-estudos-pessoas-que-pegam-o-celular-assim-que-acordam-revelam-um-estado-de-hipervigilancia-que-poucos-compreendem-hoje\/#breadcrumb"},"inLanguage":"pt-BR","potentialAction":[{"@type":"ReadAction","target":["https:\/\/www.correiobraziliense.com.br\/cbradar\/segundo-estudos-pessoas-que-pegam-o-celular-assim-que-acordam-revelam-um-estado-de-hipervigilancia-que-poucos-compreendem-hoje\/"]}]},{"@type":"ImageObject","inLanguage":"pt-BR","@id":"https:\/\/www.correiobraziliense.com.br\/cbradar\/segundo-estudos-pessoas-que-pegam-o-celular-assim-que-acordam-revelam-um-estado-de-hipervigilancia-que-poucos-compreendem-hoje\/#primaryimage","url":"https:\/\/www.correiobraziliense.com.br\/cbradar\/wp-content\/uploads\/2026\/04\/IMAGEM_720p_1777226260342.jpg","contentUrl":"https:\/\/www.correiobraziliense.com.br\/cbradar\/wp-content\/uploads\/2026\/04\/IMAGEM_720p_1777226260342.jpg","width":1280,"height":720,"caption":"O h\u00e1bito de pegar o celular ao acordar pode ser um sinal de hipervigil\u00e2ncia e como isso se conecta \u00e0 ansiedade antecipat\u00f3ria e \u00e0 fadiga mental"},{"@type":"BreadcrumbList","@id":"https:\/\/www.correiobraziliense.com.br\/cbradar\/segundo-estudos-pessoas-que-pegam-o-celular-assim-que-acordam-revelam-um-estado-de-hipervigilancia-que-poucos-compreendem-hoje\/#breadcrumb","itemListElement":[{"@type":"ListItem","position":1,"name":"In\u00edcio","item":"https:\/\/www.correiobraziliense.com.br\/cbradar\/"},{"@type":"ListItem","position":2,"name":"Segundo estudos, pessoas que pegam o celular assim que acordam revelam um estado de hipervigil\u00e2ncia que poucos compreendem hoje"}]},{"@type":"WebSite","@id":"https:\/\/www.correiobraziliense.com.br\/cbradar\/#website","url":"https:\/\/www.correiobraziliense.com.br\/cbradar\/","name":"Correio Braziliense - Radar","description":"Acompanhe as \u00faltimas not\u00edcias e fique bem informado sobre tudo o que acontece no Brasil e no mundo.","potentialAction":[{"@type":"SearchAction","target":{"@type":"EntryPoint","urlTemplate":"https:\/\/www.correiobraziliense.com.br\/cbradar\/?s={search_term_string}"},"query-input":{"@type":"PropertyValueSpecification","valueRequired":true,"valueName":"search_term_string"}}],"inLanguage":"pt-BR"},{"@type":"Person","@id":"https:\/\/www.correiobraziliense.com.br\/cbradar\/#\/schema\/person\/4cec7857301a9a1a2ef249893cd908d3","name":"Paulo Custodio","image":{"@type":"ImageObject","inLanguage":"pt-BR","@id":"https:\/\/www.correiobraziliense.com.br\/cbradar\/#\/schema\/person\/image\/","url":"https:\/\/secure.gravatar.com\/avatar\/bcd67168d1534e8fcf4f45c726a87cea?s=96&d=mm&r=g","contentUrl":"https:\/\/secure.gravatar.com\/avatar\/bcd67168d1534e8fcf4f45c726a87cea?s=96&d=mm&r=g","caption":"Paulo Custodio"},"sameAs":["https:\/\/www.correiobraziliense.com.br\/cbradar"],"url":"https:\/\/www.correiobraziliense.com.br\/cbradar\/author\/paulomyth\/"}]}},"_links":{"self":[{"href":"https:\/\/www.correiobraziliense.com.br\/cbradar\/wp-json\/wp\/v2\/posts\/232628","targetHints":{"allow":["GET"]}}],"collection":[{"href":"https:\/\/www.correiobraziliense.com.br\/cbradar\/wp-json\/wp\/v2\/posts"}],"about":[{"href":"https:\/\/www.correiobraziliense.com.br\/cbradar\/wp-json\/wp\/v2\/types\/post"}],"author":[{"embeddable":true,"href":"https:\/\/www.correiobraziliense.com.br\/cbradar\/wp-json\/wp\/v2\/users\/11"}],"replies":[{"embeddable":true,"href":"https:\/\/www.correiobraziliense.com.br\/cbradar\/wp-json\/wp\/v2\/comments?post=232628"}],"version-history":[{"count":1,"href":"https:\/\/www.correiobraziliense.com.br\/cbradar\/wp-json\/wp\/v2\/posts\/232628\/revisions"}],"predecessor-version":[{"id":232632,"href":"https:\/\/www.correiobraziliense.com.br\/cbradar\/wp-json\/wp\/v2\/posts\/232628\/revisions\/232632"}],"wp:featuredmedia":[{"embeddable":true,"href":"https:\/\/www.correiobraziliense.com.br\/cbradar\/wp-json\/wp\/v2\/media\/232629"}],"wp:attachment":[{"href":"https:\/\/www.correiobraziliense.com.br\/cbradar\/wp-json\/wp\/v2\/media?parent=232628"}],"wp:term":[{"taxonomy":"category","embeddable":true,"href":"https:\/\/www.correiobraziliense.com.br\/cbradar\/wp-json\/wp\/v2\/categories?post=232628"},{"taxonomy":"post_tag","embeddable":true,"href":"https:\/\/www.correiobraziliense.com.br\/cbradar\/wp-json\/wp\/v2\/post_tag?post=232628"}],"curies":[{"name":"wp","href":"https:\/\/api.w.org\/{rel}","templated":true}]}}