{"id":232633,"date":"2026-04-26T15:39:00","date_gmt":"2026-04-26T18:39:00","guid":{"rendered":"https:\/\/www.correiobraziliense.com.br\/cbradar\/?p=232633"},"modified":"2026-04-26T15:17:31","modified_gmt":"2026-04-26T18:17:31","slug":"a-frase-de-nietzsche-que-a-psicologia-comprovou-aquele-que-tem-um-porque-enfrenta-qualquer-como","status":"publish","type":"post","link":"https:\/\/www.correiobraziliense.com.br\/cbradar\/a-frase-de-nietzsche-que-a-psicologia-comprovou-aquele-que-tem-um-porque-enfrenta-qualquer-como\/","title":{"rendered":"Cita\u00e7\u00e3o do dia do fil\u00f3sofo Friedrich Nietzsche: \u201cAquele que tem um porqu\u00ea enfrenta qualquer como\u201d"},"content":{"rendered":"\n<p>O que faz uma pessoa suportar o insuport\u00e1vel? <strong>Friedrich Nietzsche<\/strong> respondeu h\u00e1 mais de um s\u00e9culo com uma senten\u00e7a que atravessou gera\u00e7\u00f5es: &#8220;Aquele que tem um porqu\u00ea enfrenta qualquer como&#8221;. A psicologia contempor\u00e2nea n\u00e3o apenas confirma a intui\u00e7\u00e3o do fil\u00f3sofo como a transformou em m\u00e9todo terap\u00eautico, demonstrando que o senso de prop\u00f3sito \u00e9 um dos maiores preditores de resili\u00eancia diante da dor.<\/p>\n\n\n\n<h2 class=\"wp-block-heading\">Por que a frase de Nietzsche continua t\u00e3o atual mais de um s\u00e9culo depois?<\/h2>\n\n\n\n<p>O aforismo foi escrito em um contexto de colapso pessoal e sa\u00fade fr\u00e1gil, mas sua for\u00e7a est\u00e1 em descrever uma verdade humana universal. O sofrimento n\u00e3o some quando se encontra um sentido, por\u00e9m a dire\u00e7\u00e3o muda radicalmente.<\/p>\n\n\n\n<p>A <a href=\"https:\/\/pt.wikipedia.org\/wiki\/Logoterapia\" target=\"_blank\" rel=\"noreferrer noopener\">logoterapia<\/a>, desenvolvida pelo psiquiatra <strong>Viktor Frankl<\/strong>, bebeu diretamente dessa ideia. <strong>Frankl <\/strong>sobreviveu a campos de concentra\u00e7\u00e3o e observou que os prisioneiros que mantinham um sentido de vida claro, fosse reencontrar algu\u00e9m ou concluir uma obra, resistiam mais tempo \u00e0s condi\u00e7\u00f5es degradantes.<\/p>\n\n\n<div class=\"wp-block-image\">\n<figure class=\"aligncenter size-full\"><img decoding=\"async\" width=\"1280\" height=\"720\" src=\"https:\/\/www.correiobraziliense.com.br\/cbradar\/wp-content\/uploads\/2026\/04\/IMAGEM_720p_1777227029033.jpg\" alt=\"O prop\u00f3sito existencial, sintetizado na frase de Nietzsche, atua como fator de resili\u00eancia comprovado pela logoterapia e por estudos psicol\u00f3gicos\" class=\"wp-image-232637\" srcset=\"https:\/\/www.correiobraziliense.com.br\/cbradar\/wp-content\/uploads\/2026\/04\/IMAGEM_720p_1777227029033.jpg 1280w, https:\/\/www.correiobraziliense.com.br\/cbradar\/wp-content\/uploads\/2026\/04\/IMAGEM_720p_1777227029033-300x169.jpg 300w, https:\/\/www.correiobraziliense.com.br\/cbradar\/wp-content\/uploads\/2026\/04\/IMAGEM_720p_1777227029033-768x432.jpg 768w, https:\/\/www.correiobraziliense.com.br\/cbradar\/wp-content\/uploads\/2026\/04\/IMAGEM_720p_1777227029033-750x422.jpg 750w, https:\/\/www.correiobraziliense.com.br\/cbradar\/wp-content\/uploads\/2026\/04\/IMAGEM_720p_1777227029033-1140x641.jpg 1140w\" sizes=\"(max-width: 1280px) 100vw, 1280px\" \/><figcaption class=\"wp-element-caption\">O prop\u00f3sito existencial, sintetizado na frase de Nietzsche, atua como fator de resili\u00eancia comprovado pela logoterapia e por estudos psicol\u00f3gicos<\/figcaption><\/figure><\/div>\n\n\n<h2 class=\"wp-block-heading\">Como a logoterapia transformou o &#8220;porqu\u00ea&#8221; em m\u00e9todo terap\u00eautico?<\/h2>\n\n\n\n<p>A logoterapia parte do princ\u00edpio de que a principal for\u00e7a motivacional do ser humano \u00e9 a busca por sentido, n\u00e3o por prazer ou poder. O terapeuta auxilia o paciente a identificar um prop\u00f3sito concreto que justifique o enfrentamento do sofrimento atual.<\/p>\n\n\n\n<p>Frankl usava a frase de Nietzsche como pilar filos\u00f3fico e cl\u00ednico. Ele contava que muitos pacientes s\u00f3 conseguiram superar lutos, doen\u00e7as ou crises quando conseguiram nomear um &#8220;porqu\u00ea&#8221; espec\u00edfico, que reorganizava a energia ps\u00edquica e reduzia a sensa\u00e7\u00e3o de caos interno.<\/p>\n\n\n\n<h2 class=\"wp-block-heading\">O que a psicologia descobriu sobre prop\u00f3sito e resist\u00eancia \u00e0 dor?<\/h2>\n\n\n\n<p>Estudos da<strong> <a href=\"https:\/\/www.apa.org\/monitor\/2023\/01\/trends-advancing-partnerships\" target=\"_blank\" rel=\"noreferrer noopener\">American Psychological Association<\/a><\/strong> indicam que pessoas com senso de prop\u00f3sito definido apresentam menor reatividade ao estresse e se recuperam mais r\u00e1pido de eventos traum\u00e1ticos. A resili\u00eancia n\u00e3o \u00e9 aus\u00eancia de emo\u00e7\u00e3o negativa, mas flexibilidade para process\u00e1-la e seguir adiante.<\/p>\n\n\n\n<p>Em laborat\u00f3rio, volunt\u00e1rios com prop\u00f3sito elevado suportaram testes de dor f\u00edsica por mais tempo e com menos ativa\u00e7\u00e3o das \u00e1reas cerebrais ligadas ao sofrimento. O &#8220;porqu\u00ea&#8221; de Nietzsche, traduzido em neuroci\u00eancia, funciona como um regulador da percep\u00e7\u00e3o de amea\u00e7a.<\/p>\n\n\n\n<h2 class=\"wp-block-heading\">Quais s\u00e3o os sinais de que uma pessoa tem um &#8220;porqu\u00ea&#8221; forte?<\/h2>\n\n\n\n<p>O prop\u00f3sito n\u00e3o precisa ser grandioso. Pode ser cuidar de um familiar, concluir um curso ou manter um neg\u00f3cio funcionando. O que importa \u00e9 a clareza com que a pessoa enxerga o sentido por tr\u00e1s das a\u00e7\u00f5es di\u00e1rias.<\/p>\n\n\n\n<p>Alguns indicadores de que algu\u00e9m possui um prop\u00f3sito bem definido aparecem na forma como enfrenta os obst\u00e1culos:<\/p>\n\n\n\n<ul class=\"wp-block-list\">\n<li><strong>Tomada de decis\u00e3o:<\/strong> escolhas dif\u00edceis s\u00e3o feitas com base no que sustenta o sentido de vida<\/li>\n\n\n\n<li><strong>Persist\u00eancia:<\/strong> a pessoa mant\u00e9m o esfor\u00e7o mesmo quando a recompensa n\u00e3o \u00e9 imediata<\/li>\n\n\n\n<li><strong>Menos rumina\u00e7\u00e3o:<\/strong> pensamentos repetitivos diminuem porque h\u00e1 uma dire\u00e7\u00e3o clara<\/li>\n\n\n\n<li><strong>Coer\u00eancia:<\/strong> a\u00e7\u00f5es e valores caminham na mesma dire\u00e7\u00e3o, reduzindo conflitos internos<\/li>\n<\/ul>\n\n\n<div class=\"wp-block-image\">\n<figure class=\"aligncenter size-full\"><img decoding=\"async\" width=\"1280\" height=\"720\" src=\"https:\/\/www.correiobraziliense.com.br\/cbradar\/wp-content\/uploads\/2026\/04\/IMAGEM_720p_1777227031724.jpg\" alt=\"O prop\u00f3sito existencial, sintetizado na frase de Nietzsche, atua como fator de resili\u00eancia comprovado pela logoterapia e por estudos psicol\u00f3gicos\" class=\"wp-image-232636\" srcset=\"https:\/\/www.correiobraziliense.com.br\/cbradar\/wp-content\/uploads\/2026\/04\/IMAGEM_720p_1777227031724.jpg 1280w, https:\/\/www.correiobraziliense.com.br\/cbradar\/wp-content\/uploads\/2026\/04\/IMAGEM_720p_1777227031724-300x169.jpg 300w, https:\/\/www.correiobraziliense.com.br\/cbradar\/wp-content\/uploads\/2026\/04\/IMAGEM_720p_1777227031724-768x432.jpg 768w, https:\/\/www.correiobraziliense.com.br\/cbradar\/wp-content\/uploads\/2026\/04\/IMAGEM_720p_1777227031724-750x422.jpg 750w, https:\/\/www.correiobraziliense.com.br\/cbradar\/wp-content\/uploads\/2026\/04\/IMAGEM_720p_1777227031724-1140x641.jpg 1140w\" sizes=\"(max-width: 1280px) 100vw, 1280px\" \/><figcaption class=\"wp-element-caption\">O prop\u00f3sito existencial, sintetizado na frase de Nietzsche, atua como fator de resili\u00eancia comprovado pela logoterapia e por estudos psicol\u00f3gicos<\/figcaption><\/figure><\/div>\n\n\n<h2 class=\"wp-block-heading\">Como encontrar um prop\u00f3sito que funcione como \u00e2ncora emocional?<\/h2>\n\n\n\n<p>O prop\u00f3sito raramente surge como um raio. Ele costuma ser constru\u00eddo a partir da combina\u00e7\u00e3o entre o que a pessoa valoriza, o que ela faz bem e o que o mundo ao redor demanda. A logoterapia sugere tr\u00eas caminhos principais: criar algo significativo, amar algu\u00e9m de forma genu\u00edna ou transformar o sofrimento em legado.<\/p>\n\n\n\n<p>Na psicologia aplicada, exerc\u00edcios de escrita reflexiva em que a pessoa descreve o que gostaria que dissessem sobre ela no futuro ajudam a mapear os valores centrais. O essencial \u00e9 lembrar que o &#8220;porqu\u00ea&#8221; n\u00e3o precisa ser fixo: ele pode evoluir com as fases da vida, desde que continue aut\u00eantico e mobilizador.<\/p>\n","protected":false},"excerpt":{"rendered":"<p>O que faz uma pessoa suportar o insuport\u00e1vel? Friedrich Nietzsche respondeu h\u00e1 mais de um s\u00e9culo com uma senten\u00e7a que atravessou gera\u00e7\u00f5es: &#8220;Aquele que tem um porqu\u00ea enfrenta qualquer como&#8221;. A psicologia contempor\u00e2nea n\u00e3o apenas confirma a intui\u00e7\u00e3o do fil\u00f3sofo como a transformou em m\u00e9todo terap\u00eautico, demonstrando que o senso de prop\u00f3sito \u00e9 um dos [&hellip;]<\/p>\n","protected":false},"author":11,"featured_media":232635,"comment_status":"open","ping_status":"open","sticky":false,"template":"","format":"standard","meta":{"_yoast_wpseo_focuskw":"Nietzsche prop\u00f3sito resili\u00eancia","_yoast_wpseo_title":"","_yoast_wpseo_metadesc":"\"Aquele que tem um porqu\u00ea enfrenta qualquer como.\" A psicologia mostra que Nietzsche estava certo: o prop\u00f3sito \u00e9 o que separa quem desiste de quem resiste.","jnews-multi-image_gallery":[],"jnews_single_post":{"format":"standard"},"jnews_primary_category":[],"jnews_social_meta":[],"jnews_override_counter":[],"footnotes":""},"categories":[112],"post_tag":[15321,12397,14926,7670],"class_list":["post-232633","post","type-post","status-publish","format-standard","has-post-thumbnail","hentry","category-curiosidades","tag-logoterapia","tag-nietzsche","tag-proposito","tag-resiliencia"],"yoast_head":"<!-- This site is optimized with the Yoast SEO plugin v24.6 - https:\/\/yoast.com\/wordpress\/plugins\/seo\/ -->\n<title>Cita\u00e7\u00e3o do dia do fil\u00f3sofo Friedrich Nietzsche: \u201cAquele que tem um porqu\u00ea enfrenta qualquer como\u201d - Correio Braziliense - Radar<\/title>\n<meta name=\"description\" content=\"&quot;Aquele que tem um porqu\u00ea enfrenta qualquer como.&quot; A psicologia mostra que Nietzsche estava certo: o prop\u00f3sito \u00e9 o que separa quem desiste de quem resiste.\" \/>\n<meta name=\"robots\" content=\"index, follow, max-snippet:-1, max-image-preview:large, max-video-preview:-1\" \/>\n<link rel=\"canonical\" href=\"https:\/\/www.correiobraziliense.com.br\/cbradar\/a-frase-de-nietzsche-que-a-psicologia-comprovou-aquele-que-tem-um-porque-enfrenta-qualquer-como\/\" \/>\n<meta property=\"og:locale\" content=\"pt_BR\" \/>\n<meta property=\"og:type\" content=\"article\" \/>\n<meta property=\"og:title\" content=\"Cita\u00e7\u00e3o do dia do fil\u00f3sofo Friedrich Nietzsche: \u201cAquele que tem um porqu\u00ea enfrenta qualquer como\u201d - Correio Braziliense - Radar\" \/>\n<meta property=\"og:description\" content=\"&quot;Aquele que tem um porqu\u00ea enfrenta qualquer como.&quot; A psicologia mostra que Nietzsche estava certo: o prop\u00f3sito \u00e9 o que separa quem desiste de quem resiste.\" \/>\n<meta property=\"og:url\" content=\"https:\/\/www.correiobraziliense.com.br\/cbradar\/a-frase-de-nietzsche-que-a-psicologia-comprovou-aquele-que-tem-um-porque-enfrenta-qualquer-como\/\" \/>\n<meta property=\"og:site_name\" content=\"Correio Braziliense - Radar\" \/>\n<meta property=\"article:published_time\" content=\"2026-04-26T18:39:00+00:00\" \/>\n<meta property=\"og:image\" content=\"https:\/\/www.correiobraziliense.com.br\/cbradar\/wp-content\/uploads\/2026\/04\/IMAGEM_720p_1777227019256.jpg\" \/>\n\t<meta property=\"og:image:width\" content=\"1280\" \/>\n\t<meta property=\"og:image:height\" content=\"720\" \/>\n\t<meta property=\"og:image:type\" content=\"image\/jpeg\" \/>\n<meta name=\"author\" content=\"Paulo Custodio\" \/>\n<meta name=\"twitter:card\" content=\"summary_large_image\" \/>\n<meta name=\"twitter:label1\" content=\"Escrito por\" \/>\n\t<meta name=\"twitter:data1\" content=\"Paulo Custodio\" \/>\n\t<meta name=\"twitter:label2\" content=\"Est. tempo de leitura\" \/>\n\t<meta name=\"twitter:data2\" content=\"4 minutos\" \/>\n<!-- \/ Yoast SEO plugin. -->","yoast_head_json":{"title":"Cita\u00e7\u00e3o do dia do fil\u00f3sofo Friedrich Nietzsche: \u201cAquele que tem um porqu\u00ea enfrenta qualquer como\u201d - Correio Braziliense - Radar","description":"\"Aquele que tem um porqu\u00ea enfrenta qualquer como.\" A psicologia mostra que Nietzsche estava certo: o prop\u00f3sito \u00e9 o que separa quem desiste de quem resiste.","robots":{"index":"index","follow":"follow","max-snippet":"max-snippet:-1","max-image-preview":"max-image-preview:large","max-video-preview":"max-video-preview:-1"},"canonical":"https:\/\/www.correiobraziliense.com.br\/cbradar\/a-frase-de-nietzsche-que-a-psicologia-comprovou-aquele-que-tem-um-porque-enfrenta-qualquer-como\/","og_locale":"pt_BR","og_type":"article","og_title":"Cita\u00e7\u00e3o do dia do fil\u00f3sofo Friedrich Nietzsche: \u201cAquele que tem um porqu\u00ea enfrenta qualquer como\u201d - Correio Braziliense - Radar","og_description":"\"Aquele que tem um porqu\u00ea enfrenta qualquer como.\" A psicologia mostra que Nietzsche estava certo: o prop\u00f3sito \u00e9 o que separa quem desiste de quem resiste.","og_url":"https:\/\/www.correiobraziliense.com.br\/cbradar\/a-frase-de-nietzsche-que-a-psicologia-comprovou-aquele-que-tem-um-porque-enfrenta-qualquer-como\/","og_site_name":"Correio Braziliense - Radar","article_published_time":"2026-04-26T18:39:00+00:00","og_image":[{"width":1280,"height":720,"url":"https:\/\/www.correiobraziliense.com.br\/cbradar\/wp-content\/uploads\/2026\/04\/IMAGEM_720p_1777227019256.jpg","type":"image\/jpeg"}],"author":"Paulo Custodio","twitter_card":"summary_large_image","twitter_misc":{"Escrito por":"Paulo Custodio","Est. tempo de leitura":"4 minutos"},"schema":{"@context":"https:\/\/schema.org","@graph":[{"@type":"WebPage","@id":"https:\/\/www.correiobraziliense.com.br\/cbradar\/a-frase-de-nietzsche-que-a-psicologia-comprovou-aquele-que-tem-um-porque-enfrenta-qualquer-como\/","url":"https:\/\/www.correiobraziliense.com.br\/cbradar\/a-frase-de-nietzsche-que-a-psicologia-comprovou-aquele-que-tem-um-porque-enfrenta-qualquer-como\/","name":"Cita\u00e7\u00e3o do dia do fil\u00f3sofo Friedrich Nietzsche: \u201cAquele que tem um porqu\u00ea enfrenta qualquer como\u201d - Correio Braziliense - Radar","isPartOf":{"@id":"https:\/\/www.correiobraziliense.com.br\/cbradar\/#website"},"primaryImageOfPage":{"@id":"https:\/\/www.correiobraziliense.com.br\/cbradar\/a-frase-de-nietzsche-que-a-psicologia-comprovou-aquele-que-tem-um-porque-enfrenta-qualquer-como\/#primaryimage"},"image":{"@id":"https:\/\/www.correiobraziliense.com.br\/cbradar\/a-frase-de-nietzsche-que-a-psicologia-comprovou-aquele-que-tem-um-porque-enfrenta-qualquer-como\/#primaryimage"},"thumbnailUrl":"https:\/\/www.correiobraziliense.com.br\/cbradar\/wp-content\/uploads\/2026\/04\/IMAGEM_720p_1777227019256.jpg","datePublished":"2026-04-26T18:39:00+00:00","author":{"@id":"https:\/\/www.correiobraziliense.com.br\/cbradar\/#\/schema\/person\/4cec7857301a9a1a2ef249893cd908d3"},"description":"\"Aquele que tem um porqu\u00ea enfrenta qualquer como.\" A psicologia mostra que Nietzsche estava certo: o prop\u00f3sito \u00e9 o que separa quem desiste de quem resiste.","breadcrumb":{"@id":"https:\/\/www.correiobraziliense.com.br\/cbradar\/a-frase-de-nietzsche-que-a-psicologia-comprovou-aquele-que-tem-um-porque-enfrenta-qualquer-como\/#breadcrumb"},"inLanguage":"pt-BR","potentialAction":[{"@type":"ReadAction","target":["https:\/\/www.correiobraziliense.com.br\/cbradar\/a-frase-de-nietzsche-que-a-psicologia-comprovou-aquele-que-tem-um-porque-enfrenta-qualquer-como\/"]}]},{"@type":"ImageObject","inLanguage":"pt-BR","@id":"https:\/\/www.correiobraziliense.com.br\/cbradar\/a-frase-de-nietzsche-que-a-psicologia-comprovou-aquele-que-tem-um-porque-enfrenta-qualquer-como\/#primaryimage","url":"https:\/\/www.correiobraziliense.com.br\/cbradar\/wp-content\/uploads\/2026\/04\/IMAGEM_720p_1777227019256.jpg","contentUrl":"https:\/\/www.correiobraziliense.com.br\/cbradar\/wp-content\/uploads\/2026\/04\/IMAGEM_720p_1777227019256.jpg","width":1280,"height":720,"caption":"O prop\u00f3sito existencial, sintetizado na frase de Nietzsche, atua como fator de resili\u00eancia comprovado pela logoterapia e por estudos psicol\u00f3gicos"},{"@type":"BreadcrumbList","@id":"https:\/\/www.correiobraziliense.com.br\/cbradar\/a-frase-de-nietzsche-que-a-psicologia-comprovou-aquele-que-tem-um-porque-enfrenta-qualquer-como\/#breadcrumb","itemListElement":[{"@type":"ListItem","position":1,"name":"In\u00edcio","item":"https:\/\/www.correiobraziliense.com.br\/cbradar\/"},{"@type":"ListItem","position":2,"name":"Cita\u00e7\u00e3o do dia do fil\u00f3sofo Friedrich Nietzsche: \u201cAquele que tem um porqu\u00ea enfrenta qualquer como\u201d"}]},{"@type":"WebSite","@id":"https:\/\/www.correiobraziliense.com.br\/cbradar\/#website","url":"https:\/\/www.correiobraziliense.com.br\/cbradar\/","name":"Correio Braziliense - Radar","description":"Acompanhe as \u00faltimas not\u00edcias e fique bem informado sobre tudo o que acontece no Brasil e no mundo.","potentialAction":[{"@type":"SearchAction","target":{"@type":"EntryPoint","urlTemplate":"https:\/\/www.correiobraziliense.com.br\/cbradar\/?s={search_term_string}"},"query-input":{"@type":"PropertyValueSpecification","valueRequired":true,"valueName":"search_term_string"}}],"inLanguage":"pt-BR"},{"@type":"Person","@id":"https:\/\/www.correiobraziliense.com.br\/cbradar\/#\/schema\/person\/4cec7857301a9a1a2ef249893cd908d3","name":"Paulo Custodio","image":{"@type":"ImageObject","inLanguage":"pt-BR","@id":"https:\/\/www.correiobraziliense.com.br\/cbradar\/#\/schema\/person\/image\/","url":"https:\/\/secure.gravatar.com\/avatar\/bcd67168d1534e8fcf4f45c726a87cea?s=96&d=mm&r=g","contentUrl":"https:\/\/secure.gravatar.com\/avatar\/bcd67168d1534e8fcf4f45c726a87cea?s=96&d=mm&r=g","caption":"Paulo Custodio"},"sameAs":["https:\/\/www.correiobraziliense.com.br\/cbradar"],"url":"https:\/\/www.correiobraziliense.com.br\/cbradar\/author\/paulomyth\/"}]}},"_links":{"self":[{"href":"https:\/\/www.correiobraziliense.com.br\/cbradar\/wp-json\/wp\/v2\/posts\/232633","targetHints":{"allow":["GET"]}}],"collection":[{"href":"https:\/\/www.correiobraziliense.com.br\/cbradar\/wp-json\/wp\/v2\/posts"}],"about":[{"href":"https:\/\/www.correiobraziliense.com.br\/cbradar\/wp-json\/wp\/v2\/types\/post"}],"author":[{"embeddable":true,"href":"https:\/\/www.correiobraziliense.com.br\/cbradar\/wp-json\/wp\/v2\/users\/11"}],"replies":[{"embeddable":true,"href":"https:\/\/www.correiobraziliense.com.br\/cbradar\/wp-json\/wp\/v2\/comments?post=232633"}],"version-history":[{"count":3,"href":"https:\/\/www.correiobraziliense.com.br\/cbradar\/wp-json\/wp\/v2\/posts\/232633\/revisions"}],"predecessor-version":[{"id":232640,"href":"https:\/\/www.correiobraziliense.com.br\/cbradar\/wp-json\/wp\/v2\/posts\/232633\/revisions\/232640"}],"wp:featuredmedia":[{"embeddable":true,"href":"https:\/\/www.correiobraziliense.com.br\/cbradar\/wp-json\/wp\/v2\/media\/232635"}],"wp:attachment":[{"href":"https:\/\/www.correiobraziliense.com.br\/cbradar\/wp-json\/wp\/v2\/media?parent=232633"}],"wp:term":[{"taxonomy":"category","embeddable":true,"href":"https:\/\/www.correiobraziliense.com.br\/cbradar\/wp-json\/wp\/v2\/categories?post=232633"},{"taxonomy":"post_tag","embeddable":true,"href":"https:\/\/www.correiobraziliense.com.br\/cbradar\/wp-json\/wp\/v2\/post_tag?post=232633"}],"curies":[{"name":"wp","href":"https:\/\/api.w.org\/{rel}","templated":true}]}}