{"id":232646,"date":"2026-04-26T16:27:00","date_gmt":"2026-04-26T19:27:00","guid":{"rendered":"https:\/\/www.correiobraziliense.com.br\/cbradar\/?p=232646"},"modified":"2026-04-26T15:48:34","modified_gmt":"2026-04-26T18:48:34","slug":"9-nomes-femininos-vintage-dos-anos-50-que-estao-voltando-com-tudo","status":"publish","type":"post","link":"https:\/\/www.correiobraziliense.com.br\/cbradar\/9-nomes-femininos-vintage-dos-anos-50-que-estao-voltando-com-tudo\/","title":{"rendered":"9 nomes femininos vintage dos anos 50 que est\u00e3o voltando com tudo"},"content":{"rendered":"\n<p>Por que escolher os velhos <strong>nomes femininos vintage dos anos 50<\/strong> atrai tantas m\u00e3es jovens de primeira viagem atualmente? A ado\u00e7\u00e3o dessa doce e antiga fon\u00e9tica familiar afasta o excesso de letras estrangeiras modernas, devolvendo grande pureza po\u00e9tica aos mais novos e dif\u00edceis registros civis.<\/p>\n\n\n\n<h2 class=\"wp-block-heading\">Por que a enorme nostalgia dita as novas tend\u00eancias de batismo no pa\u00eds?<\/h2>\n\n\n\n<p>O resgate hist\u00f3rico constante na <a href=\"https:\/\/pt.wikipedia.org\/wiki\/Onom%C3%A1stica\" target=\"_blank\" rel=\"noreferrer noopener\">onom\u00e1stica<\/a> prova que as prefer\u00eancias da grande sociedade funcionam em ciclos repetitivos de tempo. Os atuais jovens pais decidem homenagear as suas queridas e saudosas av\u00f3s, pulando exatamente duas velhas gera\u00e7\u00f5es para buscar registros reais que soam muito po\u00e9ticos e totalmente exclusivos na atualidade moderna.<\/p>\n\n\n\n<p>A enorme fadiga das in\u00fameras grafias estrangeiras complexas e das grossas letras dobradas for\u00e7ou um belo retorno imediato ao puro padr\u00e3o cl\u00e1ssico original. Essa forte prefer\u00eancia fon\u00e9tica prioriza pron\u00fancias suaves e mel\u00f3dicas, garantindo uma elegante e s\u00f3lida identidade verbal que amadurece perfeitamente junto com a fase adulta da crian\u00e7a amada.<\/p>\n\n\n<div class=\"wp-block-image\">\n<figure class=\"aligncenter size-full\"><img decoding=\"async\" width=\"1280\" height=\"720\" src=\"https:\/\/www.correiobraziliense.com.br\/cbradar\/wp-content\/uploads\/2026\/04\/IMAGEM_720p_1777229191418.jpg\" alt=\"Os nomes femininos cl\u00e1ssicos da d\u00e9cada de 50 que voltaram a ser tend\u00eancia, explicando o motivo cultural por tr\u00e1s dessa nostalgia.\" class=\"wp-image-232648\" srcset=\"https:\/\/www.correiobraziliense.com.br\/cbradar\/wp-content\/uploads\/2026\/04\/IMAGEM_720p_1777229191418.jpg 1280w, https:\/\/www.correiobraziliense.com.br\/cbradar\/wp-content\/uploads\/2026\/04\/IMAGEM_720p_1777229191418-300x169.jpg 300w, https:\/\/www.correiobraziliense.com.br\/cbradar\/wp-content\/uploads\/2026\/04\/IMAGEM_720p_1777229191418-768x432.jpg 768w, https:\/\/www.correiobraziliense.com.br\/cbradar\/wp-content\/uploads\/2026\/04\/IMAGEM_720p_1777229191418-750x422.jpg 750w, https:\/\/www.correiobraziliense.com.br\/cbradar\/wp-content\/uploads\/2026\/04\/IMAGEM_720p_1777229191418-1140x641.jpg 1140w\" sizes=\"(max-width: 1280px) 100vw, 1280px\" \/><figcaption class=\"wp-element-caption\">Os nomes femininos cl\u00e1ssicos da d\u00e9cada de 50 que voltaram a ser tend\u00eancia, explicando o motivo cultural por tr\u00e1s dessa nostalgia.<\/figcaption><\/figure><\/div>\n\n\n<h2 class=\"wp-block-heading\">Quais s\u00e3o os grandes fatores culturais que impulsionam esse belo retorno familiar?<\/h2>\n\n\n\n<p>As grandes e populares produ\u00e7\u00f5es cinematogr\u00e1ficas europeias de \u00e9poca e as luxuosas novelas televisivas afetam fortemente o atual imagin\u00e1rio popular brasileiro. Quando belas atrizes interpretam mulheres fortes do passado antigo, o enorme p\u00fablico absorve rapidamente a velha beleza est\u00e9tica oculta dessas antigas e puras op\u00e7\u00f5es fon\u00e9ticas quase esquecidas nas gavetas.<\/p>\n\n\n\n<p>O rigoroso banco de dados atual mantido pelo <a href=\"https:\/\/censo2010.ibge.gov.br\/nomes\/\" target=\"_blank\" rel=\"noreferrer noopener\"><strong>Instituto Brasileiro de Geografia e Estat\u00edstica<\/strong><\/a> mapeia essas n\u00edtidas curvas de grande popularidade temporal hist\u00f3rica. O vasto registro demogr\u00e1fico oficial atesta formalmente que velhas termina\u00e7\u00f5es voc\u00e1licas simples ganharam um forte e maci\u00e7o impulso estat\u00edstico ascendente durante esta \u00faltima d\u00e9cada \u00e1gil.<\/p>\n\n\n\n<p>Leia tamb\u00e9m: <a href=\"https:\/\/www.correiobraziliense.com.br\/cbradar\/por-que-arquitetos-estao-colocando-tubos-de-plastico-a-2-metros-de-profundidade-no-quintal-para-gelar-a-casa-sem-energia\/\" target=\"_blank\" rel=\"noreferrer noopener\">Por que arquitetos est\u00e3o colocando tubos de pl\u00e1stico a 2 metros de profundidade no quintal para gelar a casa sem energia<\/a><\/p>\n\n\n\n<h2 class=\"wp-block-heading\">Quais op\u00e7\u00f5es formam a linda lista adotada dentro das novas maternidades brasileiras?<\/h2>\n\n\n\n<p>O seleto perfil das antigas escolhas reflete perfeitamente uma enorme busca por extrema delicadeza e um imenso significado hist\u00f3rico familiar protetor. A suave e cont\u00ednua termina\u00e7\u00e3o terminada estritamente na linda vogal a domina absolutamente a longa lista das grandes prioridades atuais registradas na junta burocr\u00e1tica cartorial urbana.<\/p>\n\n\n\n<p>Analise atentamente a seleta e rigorosa composi\u00e7\u00e3o das nove belas op\u00e7\u00f5es hist\u00f3ricas que voltaram a brilhar intensamente nos longos corredores escolares di\u00e1rios:<\/p>\n\n\n\n<ul class=\"wp-block-list\">\n<li><strong>Aurora:<\/strong> a formid\u00e1vel e bela deusa do forte amanhecer irradia enorme renova\u00e7\u00e3o solar e muita luz natural limpa cont\u00ednua.<\/li>\n\n\n\n<li><strong>Cec\u00edlia:<\/strong> a doce e cega padroeira da m\u00fasica sacra carrega um denso tom liter\u00e1rio muito antigo, refinado e altamente sonoro.<\/li>\n\n\n\n<li><strong>Helena:<\/strong> o cl\u00e1ssico e famoso s\u00edmbolo m\u00edtico da bela beleza grega antiga lidera disparado as intensas e grandes buscas nacionais atuais.<\/li>\n\n\n\n<li><strong>Teresa:<\/strong> a firme e velha varia\u00e7\u00e3o religiosa rural evoca imensa resili\u00eancia di\u00e1ria e forte lideran\u00e7a feminina atuante nas grandes fam\u00edlias tradicionais ricas.<\/li>\n\n\n\n<li><strong>Elisa:<\/strong> a pura e leve promessa divina sagrada entrega uma exata grafia bastante curta, extremamente f\u00e1cil, muito objetiva e puramente rom\u00e2ntica.<\/li>\n\n\n\n<li><strong>Catarina:<\/strong> a poderosa e respeitada nobreza europeia antiga marca grande presen\u00e7a com sua ineg\u00e1vel e forte pron\u00fancia pura, rica e longa.<\/li>\n\n\n\n<li><strong>Dalva:<\/strong> a brilhante e reluzente estrela da manh\u00e3 clara resgata mem\u00f3rias muito v\u00edvidas dos grandes corais art\u00edsticos rurais dos tempos passados.<\/li>\n\n\n\n<li><strong>Ol\u00edvia:<\/strong> a bela ramifica\u00e7\u00e3o verde natural fortemente ligada \u00e0 pura paz cresce demais nos lares modernos e extremamente minimalistas e serenos.<\/li>\n\n\n\n<li><strong>Clarice:<\/strong> a brilhante e pura liga\u00e7\u00e3o com a velha intelig\u00eancia liter\u00e1ria famosa cativa rapidamente os novos e cultos pais leitores noturnos.<\/li>\n<\/ul>\n\n\n\n<h2 class=\"wp-block-heading\">Como equilibrar perfeitamente o peso natural dessas belas ra\u00edzes com longos sobrenomes modernos?<\/h2>\n\n\n\n<p>O longo e denso agrupamento fon\u00e9tico familiar paterno exige muita e rara harmonia sonora na hora da dura decis\u00e3o definitiva do casal ansioso. Combinar um belo e pequeno registro de \u00e9poca com um grande e pesado aglomerado de antigos sobrenomes compostos frequentemente cria exaustivas assinaturas burocr\u00e1ticas enormes e bastante longas.<\/p>\n\n\n\n<p>A grande e valiosa solu\u00e7\u00e3o pr\u00e1tica mora na alta e fluida simplicidade estrutural cont\u00ednua di\u00e1ria. Escolha de forma bem estrat\u00e9gica as puras op\u00e7\u00f5es de tamanho mediano que fluam naturalmente ao lado das antigas heran\u00e7as paternas, evitando rimas for\u00e7adas ou o excesso repetitivo de duras s\u00edlabas iniciais muito parecidas e cansativas.<\/p>\n\n\n<div class=\"wp-block-image\">\n<figure class=\"aligncenter size-full\"><img decoding=\"async\" width=\"1280\" height=\"720\" src=\"https:\/\/www.correiobraziliense.com.br\/cbradar\/wp-content\/uploads\/2026\/04\/IMAGEM_720p_1777229189690.jpg\" alt=\"Os nomes femininos cl\u00e1ssicos da d\u00e9cada de 50 que voltaram a ser tend\u00eancia, explicando o motivo cultural por tr\u00e1s dessa nostalgia.\" class=\"wp-image-232649\" srcset=\"https:\/\/www.correiobraziliense.com.br\/cbradar\/wp-content\/uploads\/2026\/04\/IMAGEM_720p_1777229189690.jpg 1280w, https:\/\/www.correiobraziliense.com.br\/cbradar\/wp-content\/uploads\/2026\/04\/IMAGEM_720p_1777229189690-300x169.jpg 300w, https:\/\/www.correiobraziliense.com.br\/cbradar\/wp-content\/uploads\/2026\/04\/IMAGEM_720p_1777229189690-768x432.jpg 768w, https:\/\/www.correiobraziliense.com.br\/cbradar\/wp-content\/uploads\/2026\/04\/IMAGEM_720p_1777229189690-750x422.jpg 750w, https:\/\/www.correiobraziliense.com.br\/cbradar\/wp-content\/uploads\/2026\/04\/IMAGEM_720p_1777229189690-1140x641.jpg 1140w\" sizes=\"(max-width: 1280px) 100vw, 1280px\" \/><figcaption class=\"wp-element-caption\">Os nomes femininos cl\u00e1ssicos da d\u00e9cada de 50 que voltaram a ser tend\u00eancia, explicando o motivo cultural por tr\u00e1s dessa nostalgia.<\/figcaption><\/figure><\/div>\n\n\n<h2 class=\"wp-block-heading\">A bela est\u00e9tica hist\u00f3rica de velha \u00e9poca influencia o grandioso mercado infanto-juvenil atual?<\/h2>\n\n\n\n<p>O valioso e forte mercado da moda infantil movimenta grandes montantes milion\u00e1rios di\u00e1rios acompanhando ativamente a forte ressurg\u00eancia est\u00e9tica comportamental familiar de velhas gera\u00e7\u00f5es maduras passadas. In\u00fameras grifes de alt\u00edssimo padr\u00e3o faturam muito alto vendendo velhos e lindos vestidos de tric\u00f4 macios e cal\u00e7ados totalmente r\u00fasticos para beb\u00eas rec\u00e9m-nascidos lindos.<\/p>\n\n\n\n<p>Essa profunda e silenciosa integra\u00e7\u00e3o estrutural entre a bela linguagem do antigo registro civil e o amplo estilo visual di\u00e1rio consolida uma forte identidade rom\u00e2ntica infantil. Voc\u00ea planeja utilizar fortes resqu\u00edcios sonoros da sua pr\u00f3pria \u00e1rvore geneal\u00f3gica na hora de preencher os futuros documentos burocr\u00e1ticos importantes da nova casa familiar?<\/p>\n","protected":false},"excerpt":{"rendered":"<p>Por que escolher os velhos nomes femininos vintage dos anos 50 atrai tantas m\u00e3es jovens de primeira viagem atualmente? A ado\u00e7\u00e3o dessa doce e antiga fon\u00e9tica familiar afasta o excesso de letras estrangeiras modernas, devolvendo grande pureza po\u00e9tica aos mais novos e dif\u00edceis registros civis. Por que a enorme nostalgia dita as novas tend\u00eancias de [&hellip;]<\/p>\n","protected":false},"author":11,"featured_media":232647,"comment_status":"open","ping_status":"open","sticky":false,"template":"","format":"standard","meta":{"_yoast_wpseo_focuskw":"nomes femininos vintage dos anos 50","_yoast_wpseo_title":"","_yoast_wpseo_metadesc":"A escolha de batismo reflete a heran\u00e7a cultural de uma gera\u00e7\u00e3o. Avalie quais op\u00e7\u00f5es cl\u00e1ssicas dominam os novos registros nas maternidades brasileiras.","jnews-multi-image_gallery":[],"jnews_single_post":{"format":"standard"},"jnews_primary_category":[],"jnews_social_meta":[],"jnews_override_counter":[],"footnotes":""},"categories":[112],"post_tag":[5704,5202,2286,1028],"class_list":["post-232646","post","type-post","status-publish","format-standard","has-post-thumbnail","hentry","category-curiosidades","tag-maternidade","tag-nomes","tag-nostalgia","tag-tendencias"],"yoast_head":"<!-- This site is optimized with the Yoast SEO plugin v24.6 - https:\/\/yoast.com\/wordpress\/plugins\/seo\/ -->\n<title>9 nomes femininos vintage dos anos 50 que est\u00e3o voltando com tudo - Correio Braziliense - Radar<\/title>\n<meta name=\"description\" content=\"A escolha de batismo reflete a heran\u00e7a cultural de uma gera\u00e7\u00e3o. Avalie quais op\u00e7\u00f5es cl\u00e1ssicas dominam os novos registros nas maternidades brasileiras.\" \/>\n<meta name=\"robots\" content=\"index, follow, max-snippet:-1, max-image-preview:large, max-video-preview:-1\" \/>\n<link rel=\"canonical\" href=\"https:\/\/www.correiobraziliense.com.br\/cbradar\/9-nomes-femininos-vintage-dos-anos-50-que-estao-voltando-com-tudo\/\" \/>\n<meta property=\"og:locale\" content=\"pt_BR\" \/>\n<meta property=\"og:type\" content=\"article\" \/>\n<meta property=\"og:title\" content=\"9 nomes femininos vintage dos anos 50 que est\u00e3o voltando com tudo - Correio Braziliense - Radar\" \/>\n<meta property=\"og:description\" content=\"A escolha de batismo reflete a heran\u00e7a cultural de uma gera\u00e7\u00e3o. Avalie quais op\u00e7\u00f5es cl\u00e1ssicas dominam os novos registros nas maternidades brasileiras.\" \/>\n<meta property=\"og:url\" content=\"https:\/\/www.correiobraziliense.com.br\/cbradar\/9-nomes-femininos-vintage-dos-anos-50-que-estao-voltando-com-tudo\/\" \/>\n<meta property=\"og:site_name\" content=\"Correio Braziliense - Radar\" \/>\n<meta property=\"article:published_time\" content=\"2026-04-26T19:27:00+00:00\" \/>\n<meta property=\"og:image\" content=\"https:\/\/www.correiobraziliense.com.br\/cbradar\/wp-content\/uploads\/2026\/04\/IMAGEM_720p_1777229178629.jpg\" \/>\n\t<meta property=\"og:image:width\" content=\"1280\" \/>\n\t<meta property=\"og:image:height\" content=\"720\" \/>\n\t<meta property=\"og:image:type\" content=\"image\/jpeg\" \/>\n<meta name=\"author\" content=\"Paulo Custodio\" \/>\n<meta name=\"twitter:card\" content=\"summary_large_image\" \/>\n<meta name=\"twitter:label1\" content=\"Escrito por\" \/>\n\t<meta name=\"twitter:data1\" content=\"Paulo Custodio\" \/>\n\t<meta name=\"twitter:label2\" content=\"Est. tempo de leitura\" \/>\n\t<meta name=\"twitter:data2\" content=\"6 minutos\" \/>\n<!-- \/ Yoast SEO plugin. -->","yoast_head_json":{"title":"9 nomes femininos vintage dos anos 50 que est\u00e3o voltando com tudo - Correio Braziliense - Radar","description":"A escolha de batismo reflete a heran\u00e7a cultural de uma gera\u00e7\u00e3o. Avalie quais op\u00e7\u00f5es cl\u00e1ssicas dominam os novos registros nas maternidades brasileiras.","robots":{"index":"index","follow":"follow","max-snippet":"max-snippet:-1","max-image-preview":"max-image-preview:large","max-video-preview":"max-video-preview:-1"},"canonical":"https:\/\/www.correiobraziliense.com.br\/cbradar\/9-nomes-femininos-vintage-dos-anos-50-que-estao-voltando-com-tudo\/","og_locale":"pt_BR","og_type":"article","og_title":"9 nomes femininos vintage dos anos 50 que est\u00e3o voltando com tudo - Correio Braziliense - Radar","og_description":"A escolha de batismo reflete a heran\u00e7a cultural de uma gera\u00e7\u00e3o. Avalie quais op\u00e7\u00f5es cl\u00e1ssicas dominam os novos registros nas maternidades brasileiras.","og_url":"https:\/\/www.correiobraziliense.com.br\/cbradar\/9-nomes-femininos-vintage-dos-anos-50-que-estao-voltando-com-tudo\/","og_site_name":"Correio Braziliense - Radar","article_published_time":"2026-04-26T19:27:00+00:00","og_image":[{"width":1280,"height":720,"url":"https:\/\/www.correiobraziliense.com.br\/cbradar\/wp-content\/uploads\/2026\/04\/IMAGEM_720p_1777229178629.jpg","type":"image\/jpeg"}],"author":"Paulo Custodio","twitter_card":"summary_large_image","twitter_misc":{"Escrito por":"Paulo Custodio","Est. tempo de leitura":"6 minutos"},"schema":{"@context":"https:\/\/schema.org","@graph":[{"@type":"WebPage","@id":"https:\/\/www.correiobraziliense.com.br\/cbradar\/9-nomes-femininos-vintage-dos-anos-50-que-estao-voltando-com-tudo\/","url":"https:\/\/www.correiobraziliense.com.br\/cbradar\/9-nomes-femininos-vintage-dos-anos-50-que-estao-voltando-com-tudo\/","name":"9 nomes femininos vintage dos anos 50 que est\u00e3o voltando com tudo - Correio Braziliense - Radar","isPartOf":{"@id":"https:\/\/www.correiobraziliense.com.br\/cbradar\/#website"},"primaryImageOfPage":{"@id":"https:\/\/www.correiobraziliense.com.br\/cbradar\/9-nomes-femininos-vintage-dos-anos-50-que-estao-voltando-com-tudo\/#primaryimage"},"image":{"@id":"https:\/\/www.correiobraziliense.com.br\/cbradar\/9-nomes-femininos-vintage-dos-anos-50-que-estao-voltando-com-tudo\/#primaryimage"},"thumbnailUrl":"https:\/\/www.correiobraziliense.com.br\/cbradar\/wp-content\/uploads\/2026\/04\/IMAGEM_720p_1777229178629.jpg","datePublished":"2026-04-26T19:27:00+00:00","author":{"@id":"https:\/\/www.correiobraziliense.com.br\/cbradar\/#\/schema\/person\/4cec7857301a9a1a2ef249893cd908d3"},"description":"A escolha de batismo reflete a heran\u00e7a cultural de uma gera\u00e7\u00e3o. Avalie quais op\u00e7\u00f5es cl\u00e1ssicas dominam os novos registros nas maternidades brasileiras.","breadcrumb":{"@id":"https:\/\/www.correiobraziliense.com.br\/cbradar\/9-nomes-femininos-vintage-dos-anos-50-que-estao-voltando-com-tudo\/#breadcrumb"},"inLanguage":"pt-BR","potentialAction":[{"@type":"ReadAction","target":["https:\/\/www.correiobraziliense.com.br\/cbradar\/9-nomes-femininos-vintage-dos-anos-50-que-estao-voltando-com-tudo\/"]}]},{"@type":"ImageObject","inLanguage":"pt-BR","@id":"https:\/\/www.correiobraziliense.com.br\/cbradar\/9-nomes-femininos-vintage-dos-anos-50-que-estao-voltando-com-tudo\/#primaryimage","url":"https:\/\/www.correiobraziliense.com.br\/cbradar\/wp-content\/uploads\/2026\/04\/IMAGEM_720p_1777229178629.jpg","contentUrl":"https:\/\/www.correiobraziliense.com.br\/cbradar\/wp-content\/uploads\/2026\/04\/IMAGEM_720p_1777229178629.jpg","width":1280,"height":720,"caption":"Os nomes femininos cl\u00e1ssicos da d\u00e9cada de 50 que voltaram a ser tend\u00eancia, explicando o motivo cultural por tr\u00e1s dessa nostalgia."},{"@type":"BreadcrumbList","@id":"https:\/\/www.correiobraziliense.com.br\/cbradar\/9-nomes-femininos-vintage-dos-anos-50-que-estao-voltando-com-tudo\/#breadcrumb","itemListElement":[{"@type":"ListItem","position":1,"name":"In\u00edcio","item":"https:\/\/www.correiobraziliense.com.br\/cbradar\/"},{"@type":"ListItem","position":2,"name":"9 nomes femininos vintage dos anos 50 que est\u00e3o voltando com tudo"}]},{"@type":"WebSite","@id":"https:\/\/www.correiobraziliense.com.br\/cbradar\/#website","url":"https:\/\/www.correiobraziliense.com.br\/cbradar\/","name":"Correio Braziliense - Radar","description":"Acompanhe as \u00faltimas not\u00edcias e fique bem informado sobre tudo o que acontece no Brasil e no mundo.","potentialAction":[{"@type":"SearchAction","target":{"@type":"EntryPoint","urlTemplate":"https:\/\/www.correiobraziliense.com.br\/cbradar\/?s={search_term_string}"},"query-input":{"@type":"PropertyValueSpecification","valueRequired":true,"valueName":"search_term_string"}}],"inLanguage":"pt-BR"},{"@type":"Person","@id":"https:\/\/www.correiobraziliense.com.br\/cbradar\/#\/schema\/person\/4cec7857301a9a1a2ef249893cd908d3","name":"Paulo Custodio","image":{"@type":"ImageObject","inLanguage":"pt-BR","@id":"https:\/\/www.correiobraziliense.com.br\/cbradar\/#\/schema\/person\/image\/","url":"https:\/\/secure.gravatar.com\/avatar\/bcd67168d1534e8fcf4f45c726a87cea?s=96&d=mm&r=g","contentUrl":"https:\/\/secure.gravatar.com\/avatar\/bcd67168d1534e8fcf4f45c726a87cea?s=96&d=mm&r=g","caption":"Paulo Custodio"},"sameAs":["https:\/\/www.correiobraziliense.com.br\/cbradar"],"url":"https:\/\/www.correiobraziliense.com.br\/cbradar\/author\/paulomyth\/"}]}},"_links":{"self":[{"href":"https:\/\/www.correiobraziliense.com.br\/cbradar\/wp-json\/wp\/v2\/posts\/232646","targetHints":{"allow":["GET"]}}],"collection":[{"href":"https:\/\/www.correiobraziliense.com.br\/cbradar\/wp-json\/wp\/v2\/posts"}],"about":[{"href":"https:\/\/www.correiobraziliense.com.br\/cbradar\/wp-json\/wp\/v2\/types\/post"}],"author":[{"embeddable":true,"href":"https:\/\/www.correiobraziliense.com.br\/cbradar\/wp-json\/wp\/v2\/users\/11"}],"replies":[{"embeddable":true,"href":"https:\/\/www.correiobraziliense.com.br\/cbradar\/wp-json\/wp\/v2\/comments?post=232646"}],"version-history":[{"count":1,"href":"https:\/\/www.correiobraziliense.com.br\/cbradar\/wp-json\/wp\/v2\/posts\/232646\/revisions"}],"predecessor-version":[{"id":232650,"href":"https:\/\/www.correiobraziliense.com.br\/cbradar\/wp-json\/wp\/v2\/posts\/232646\/revisions\/232650"}],"wp:featuredmedia":[{"embeddable":true,"href":"https:\/\/www.correiobraziliense.com.br\/cbradar\/wp-json\/wp\/v2\/media\/232647"}],"wp:attachment":[{"href":"https:\/\/www.correiobraziliense.com.br\/cbradar\/wp-json\/wp\/v2\/media?parent=232646"}],"wp:term":[{"taxonomy":"category","embeddable":true,"href":"https:\/\/www.correiobraziliense.com.br\/cbradar\/wp-json\/wp\/v2\/categories?post=232646"},{"taxonomy":"post_tag","embeddable":true,"href":"https:\/\/www.correiobraziliense.com.br\/cbradar\/wp-json\/wp\/v2\/post_tag?post=232646"}],"curies":[{"name":"wp","href":"https:\/\/api.w.org\/{rel}","templated":true}]}}