{"id":232651,"date":"2026-04-26T16:49:00","date_gmt":"2026-04-26T19:49:00","guid":{"rendered":"https:\/\/www.correiobraziliense.com.br\/cbradar\/?p=232651"},"modified":"2026-04-26T15:58:02","modified_gmt":"2026-04-26T18:58:02","slug":"as-2-vitaminas-caseiras-para-manter-os-musculos-sempre-fortes","status":"publish","type":"post","link":"https:\/\/www.correiobraziliense.com.br\/cbradar\/as-2-vitaminas-caseiras-para-manter-os-musculos-sempre-fortes\/","title":{"rendered":"As 2 vitaminas caseiras para manter os m\u00fasculos sempre fortes"},"content":{"rendered":"\n<p>Por que algo t\u00e3o simples como bater frutas no liquidificador faz diferen\u00e7a para os <strong>m\u00fasculos<\/strong>? Duas prepara\u00e7\u00f5es caseiras se destacam quando o assunto \u00e9 fornecer os tijolos que o corpo usa para manter a for\u00e7a. Uma leva banana com aveia e entrega o combust\u00edvel de queima lenta que a fibra muscular precisa. A outra usa ovo batido com cacau e despeja uma carga concentrada de amino\u00e1cidos direto no sangue.<\/p>\n\n\n\n<h2 class=\"wp-block-heading\">Por que as vitaminas caseiras ajudam a manter os m\u00fasculos fortes?<\/h2>\n\n\n\n<p>Os <a href=\"https:\/\/pt.wikipedia.org\/wiki\/M%C3%BAsculo\" target=\"_blank\" rel=\"noreferrer noopener\">m\u00fasculos<\/a> s\u00e3o tecidos vivos que dependem de um suprimento constante de <strong>prote\u00ednas<\/strong> e <strong>carboidratos<\/strong> para n\u00e3o se degradarem. Quando essas fontes faltam, o organismo recorre \u00e0 pr\u00f3pria massa magra para obter energia, um processo silencioso que reduz a for\u00e7a.<\/p>\n\n\n\n<p>Uma vitamina bem montada resolve isso em minutos. Os ingredientes certos oferecem <strong>prote\u00edna de alto valor biol\u00f3gico<\/strong> e <strong>carboidratos complexos<\/strong> que alimentam as fibras musculares de forma gradual, evitando picos e quedas de energia.<\/p>\n\n\n<div class=\"wp-block-image\">\n<figure class=\"aligncenter size-full\"><img decoding=\"async\" width=\"1280\" height=\"720\" src=\"https:\/\/www.correiobraziliense.com.br\/cbradar\/wp-content\/uploads\/2026\/04\/IMAGEM_720p_1777229517596.jpg\" alt=\"Duas receitas caseiras de vitaminas que auxiliam na manuten\u00e7\u00e3o da for\u00e7a muscular, explicando o papel dos nutrientes envolvidos\" class=\"wp-image-232653\" srcset=\"https:\/\/www.correiobraziliense.com.br\/cbradar\/wp-content\/uploads\/2026\/04\/IMAGEM_720p_1777229517596.jpg 1280w, https:\/\/www.correiobraziliense.com.br\/cbradar\/wp-content\/uploads\/2026\/04\/IMAGEM_720p_1777229517596-300x169.jpg 300w, https:\/\/www.correiobraziliense.com.br\/cbradar\/wp-content\/uploads\/2026\/04\/IMAGEM_720p_1777229517596-768x432.jpg 768w, https:\/\/www.correiobraziliense.com.br\/cbradar\/wp-content\/uploads\/2026\/04\/IMAGEM_720p_1777229517596-750x422.jpg 750w, https:\/\/www.correiobraziliense.com.br\/cbradar\/wp-content\/uploads\/2026\/04\/IMAGEM_720p_1777229517596-1140x641.jpg 1140w\" sizes=\"(max-width: 1280px) 100vw, 1280px\" \/><figcaption class=\"wp-element-caption\">Duas receitas caseiras de vitaminas que auxiliam na manuten\u00e7\u00e3o da for\u00e7a muscular, explicando o papel dos nutrientes envolvidos<\/figcaption><\/figure><\/div>\n\n\n<h2 class=\"wp-block-heading\">Como a vitamina de banana com aveia fortalece os m\u00fasculos?<\/h2>\n\n\n\n<p>A banana cont\u00e9m <strong>pot\u00e1ssio<\/strong>, mineral que regula a contra\u00e7\u00e3o muscular e reduz o risco de c\u00e3ibras. J\u00e1 a aveia carrega <strong>carboidratos de absor\u00e7\u00e3o lenta<\/strong>, que liberam glicose aos poucos na corrente sangu\u00ednea, mantendo o tanque cheio por horas.<\/p>\n\n\n\n<p>Para preparar, bata uma banana prata bem madura, duas colheres de sopa de aveia em flocos grossos e 200 ml de leite integral ou vegetal gelado. A textura cremosa dispensa a\u00e7\u00facar e a bebida sustenta o corpo at\u00e9 a pr\u00f3xima refei\u00e7\u00e3o.<\/p>\n\n\n\n<h2 class=\"wp-block-heading\">Por que a vitamina com ovo \u00e9 uma segunda op\u00e7\u00e3o t\u00e3o poderosa?<\/h2>\n\n\n\n<p>O ovo entrega <strong>albumina<\/strong>, uma prote\u00edna de absor\u00e7\u00e3o lenta que fica dispon\u00edvel por horas na corrente sangu\u00ednea. A clara \u00e9 rica em <strong>amino\u00e1cidos essenciais<\/strong>, os tijolos que o corpo usa para reparar as microfissuras que surgem nas fibras musculares durante o esfor\u00e7o di\u00e1rio.<\/p>\n\n\n\n<p>Para preparar, bata um ovo pasteurizado com 200 ml de leite, uma colher de cacau em p\u00f3 e gelo. O cacau disfar\u00e7a o sabor e adiciona flavonoides que favorecem a oxigena\u00e7\u00e3o do tecido muscular.<\/p>\n\n\n\n<p>Leia tamb\u00e9m: <a href=\"https:\/\/www.correiobraziliense.com.br\/cbradar\/por-que-arquitetos-estao-colocando-tubos-de-plastico-a-2-metros-de-profundidade-no-quintal-para-gelar-a-casa-sem-energia\/\" target=\"_blank\" rel=\"noreferrer noopener\">Por que arquitetos est\u00e3o colocando tubos de pl\u00e1stico a 2 metros de profundidade no quintal para gelar a casa sem energia<\/a><\/p>\n\n\n\n<h2 class=\"wp-block-heading\">Qual a diferen\u00e7a nutricional entre as duas vitaminas?<\/h2>\n\n\n\n<p>A vitamina de banana com aveia \u00e9 ideal para quem precisa de <strong>energia duradoura<\/strong>. Ela abastece os m\u00fasculos antes de atividades prolongadas e funciona bem logo pela manh\u00e3. A aveia ainda contribui com fibras que estabilizam o apetite.<\/p>\n\n\n\n<p>Confira as principais diferen\u00e7as:<\/p>\n\n\n\n<ul class=\"wp-block-list\">\n<li><strong>Banana com aveia:<\/strong> mais carboidratos, libera\u00e7\u00e3o gradual de energia, rica em pot\u00e1ssio<\/li>\n\n\n\n<li><strong>Ovo com cacau:<\/strong> mais prote\u00ednas, recupera\u00e7\u00e3o muscular mais r\u00e1pida, rica em amino\u00e1cidos<\/li>\n<\/ul>\n\n\n<div class=\"wp-block-image\">\n<figure class=\"aligncenter size-full\"><img decoding=\"async\" width=\"1280\" height=\"720\" src=\"https:\/\/www.correiobraziliense.com.br\/cbradar\/wp-content\/uploads\/2026\/04\/IMAGEM_720p_1777229515076.jpg\" alt=\"Duas receitas caseiras de vitaminas que auxiliam na manuten\u00e7\u00e3o da for\u00e7a muscular, explicando o papel dos nutrientes envolvidos\" class=\"wp-image-232654\" srcset=\"https:\/\/www.correiobraziliense.com.br\/cbradar\/wp-content\/uploads\/2026\/04\/IMAGEM_720p_1777229515076.jpg 1280w, https:\/\/www.correiobraziliense.com.br\/cbradar\/wp-content\/uploads\/2026\/04\/IMAGEM_720p_1777229515076-300x169.jpg 300w, https:\/\/www.correiobraziliense.com.br\/cbradar\/wp-content\/uploads\/2026\/04\/IMAGEM_720p_1777229515076-768x432.jpg 768w, https:\/\/www.correiobraziliense.com.br\/cbradar\/wp-content\/uploads\/2026\/04\/IMAGEM_720p_1777229515076-750x422.jpg 750w, https:\/\/www.correiobraziliense.com.br\/cbradar\/wp-content\/uploads\/2026\/04\/IMAGEM_720p_1777229515076-1140x641.jpg 1140w\" sizes=\"(max-width: 1280px) 100vw, 1280px\" \/><figcaption class=\"wp-element-caption\">Duas receitas caseiras de vitaminas que auxiliam na manuten\u00e7\u00e3o da for\u00e7a muscular, explicando o papel dos nutrientes envolvidos<\/figcaption><\/figure><\/div>\n\n\n<h2 class=\"wp-block-heading\">Como incluir essas vitaminas na rotina para obter resultados?<\/h2>\n\n\n\n<p>O hor\u00e1rio de consumo influencia o efeito. A banana com aveia funciona melhor no <strong>caf\u00e9 da manh\u00e3<\/strong> ou <strong>antes do exerc\u00edcio<\/strong>, quando o corpo precisa de combust\u00edvel. O ovo com cacau rende mais no <strong>p\u00f3s-esfor\u00e7o<\/strong>, momento em que a fibra muscular est\u00e1 mais receptiva aos amino\u00e1cidos.<\/p>\n\n\n\n<p>Estudos do <a href=\"https:\/\/www.nia.nih.gov\/health\/exercise-and-physical-activity\/how-older-adults-can-get-started-exercise\" target=\"_blank\" rel=\"noreferrer noopener\"><strong>National Institute on Aging<\/strong><\/a> indicam que a combina\u00e7\u00e3o de ingest\u00e3o adequada de prote\u00ednas com exerc\u00edcios de fortalecimento \u00e9 a estrat\u00e9gia mais eficaz para preservar a massa magra ao longo dos anos. A vitamina caseira funciona como aliada, mas \u00e9 o est\u00edmulo f\u00edsico que sinaliza ao m\u00fasculo a ordem de crescer.<\/p>\n\n\n\n<h2 class=\"wp-block-heading\">O que mais os m\u00fasculos precisam al\u00e9m da vitamina?<\/h2>\n\n\n\n<p>Nenhuma receita, por mais equilibrada que seja, substitui o est\u00edmulo do <strong>movimento<\/strong>. O tecido muscular precisa de carga mec\u00e2nica para entender que deve captar prote\u00edna do sangue e se regenerar. Sem esse sinal, os nutrientes passam sem serem aproveitados.<\/p>\n\n\n\n<p>Uma caminhada de trinta minutos di\u00e1rios, combinada com a vitamina certa no momento certo, cria o ambiente ideal para que os m\u00fasculos se mantenham fortes e ativos. Hidrata\u00e7\u00e3o constante tamb\u00e9m \u00e9 parte do pacote, j\u00e1 que a \u00e1gua participa de todas as rea\u00e7\u00f5es que sustentam a contra\u00e7\u00e3o muscular.<\/p>\n","protected":false},"excerpt":{"rendered":"<p>Por que algo t\u00e3o simples como bater frutas no liquidificador faz diferen\u00e7a para os m\u00fasculos? Duas prepara\u00e7\u00f5es caseiras se destacam quando o assunto \u00e9 fornecer os tijolos que o corpo usa para manter a for\u00e7a. Uma leva banana com aveia e entrega o combust\u00edvel de queima lenta que a fibra muscular precisa. A outra usa [&hellip;]<\/p>\n","protected":false},"author":11,"featured_media":232655,"comment_status":"open","ping_status":"open","sticky":false,"template":"","format":"standard","meta":{"_yoast_wpseo_focuskw":"vitaminas caseiras para m\u00fasculos","_yoast_wpseo_title":"","_yoast_wpseo_metadesc":"Duas receitas simples e baratas podem dar aos seus m\u00fasculos exatamente o que eles precisam para se manterem firmes. Veja como preparar em casa.","jnews-multi-image_gallery":[],"jnews_single_post":{"format":"standard"},"jnews_primary_category":[],"jnews_social_meta":[],"jnews_override_counter":[],"footnotes":""},"categories":[112],"post_tag":[877,5010,409,17816],"class_list":["post-232651","post","type-post","status-publish","format-standard","has-post-thumbnail","hentry","category-curiosidades","tag-banana","tag-fortalecimento-muscular","tag-ovo","tag-vitamina-caseira"],"yoast_head":"<!-- This site is optimized with the Yoast SEO plugin v24.6 - https:\/\/yoast.com\/wordpress\/plugins\/seo\/ -->\n<title>As 2 vitaminas caseiras para manter os m\u00fasculos sempre fortes - Correio Braziliense - Radar<\/title>\n<meta name=\"description\" content=\"Duas receitas simples e baratas podem dar aos seus m\u00fasculos exatamente o que eles precisam para se manterem firmes. Veja como preparar em casa.\" \/>\n<meta name=\"robots\" content=\"index, follow, max-snippet:-1, max-image-preview:large, max-video-preview:-1\" \/>\n<link rel=\"canonical\" href=\"https:\/\/www.correiobraziliense.com.br\/cbradar\/as-2-vitaminas-caseiras-para-manter-os-musculos-sempre-fortes\/\" \/>\n<meta property=\"og:locale\" content=\"pt_BR\" \/>\n<meta property=\"og:type\" content=\"article\" \/>\n<meta property=\"og:title\" content=\"As 2 vitaminas caseiras para manter os m\u00fasculos sempre fortes - Correio Braziliense - Radar\" \/>\n<meta property=\"og:description\" content=\"Duas receitas simples e baratas podem dar aos seus m\u00fasculos exatamente o que eles precisam para se manterem firmes. Veja como preparar em casa.\" \/>\n<meta property=\"og:url\" content=\"https:\/\/www.correiobraziliense.com.br\/cbradar\/as-2-vitaminas-caseiras-para-manter-os-musculos-sempre-fortes\/\" \/>\n<meta property=\"og:site_name\" content=\"Correio Braziliense - Radar\" \/>\n<meta property=\"article:published_time\" content=\"2026-04-26T19:49:00+00:00\" \/>\n<meta property=\"og:image\" content=\"https:\/\/www.correiobraziliense.com.br\/cbradar\/wp-content\/uploads\/2026\/04\/IMAGEM_720p_1777229807421.jpg\" \/>\n\t<meta property=\"og:image:width\" content=\"1280\" \/>\n\t<meta property=\"og:image:height\" content=\"720\" \/>\n\t<meta property=\"og:image:type\" content=\"image\/jpeg\" \/>\n<meta name=\"author\" content=\"Paulo Custodio\" \/>\n<meta name=\"twitter:card\" content=\"summary_large_image\" \/>\n<meta name=\"twitter:label1\" content=\"Escrito por\" \/>\n\t<meta name=\"twitter:data1\" content=\"Paulo Custodio\" \/>\n\t<meta name=\"twitter:label2\" content=\"Est. tempo de leitura\" \/>\n\t<meta name=\"twitter:data2\" content=\"5 minutos\" \/>\n<!-- \/ Yoast SEO plugin. -->","yoast_head_json":{"title":"As 2 vitaminas caseiras para manter os m\u00fasculos sempre fortes - Correio Braziliense - Radar","description":"Duas receitas simples e baratas podem dar aos seus m\u00fasculos exatamente o que eles precisam para se manterem firmes. Veja como preparar em casa.","robots":{"index":"index","follow":"follow","max-snippet":"max-snippet:-1","max-image-preview":"max-image-preview:large","max-video-preview":"max-video-preview:-1"},"canonical":"https:\/\/www.correiobraziliense.com.br\/cbradar\/as-2-vitaminas-caseiras-para-manter-os-musculos-sempre-fortes\/","og_locale":"pt_BR","og_type":"article","og_title":"As 2 vitaminas caseiras para manter os m\u00fasculos sempre fortes - Correio Braziliense - Radar","og_description":"Duas receitas simples e baratas podem dar aos seus m\u00fasculos exatamente o que eles precisam para se manterem firmes. Veja como preparar em casa.","og_url":"https:\/\/www.correiobraziliense.com.br\/cbradar\/as-2-vitaminas-caseiras-para-manter-os-musculos-sempre-fortes\/","og_site_name":"Correio Braziliense - Radar","article_published_time":"2026-04-26T19:49:00+00:00","og_image":[{"width":1280,"height":720,"url":"https:\/\/www.correiobraziliense.com.br\/cbradar\/wp-content\/uploads\/2026\/04\/IMAGEM_720p_1777229807421.jpg","type":"image\/jpeg"}],"author":"Paulo Custodio","twitter_card":"summary_large_image","twitter_misc":{"Escrito por":"Paulo Custodio","Est. tempo de leitura":"5 minutos"},"schema":{"@context":"https:\/\/schema.org","@graph":[{"@type":"WebPage","@id":"https:\/\/www.correiobraziliense.com.br\/cbradar\/as-2-vitaminas-caseiras-para-manter-os-musculos-sempre-fortes\/","url":"https:\/\/www.correiobraziliense.com.br\/cbradar\/as-2-vitaminas-caseiras-para-manter-os-musculos-sempre-fortes\/","name":"As 2 vitaminas caseiras para manter os m\u00fasculos sempre fortes - Correio Braziliense - Radar","isPartOf":{"@id":"https:\/\/www.correiobraziliense.com.br\/cbradar\/#website"},"primaryImageOfPage":{"@id":"https:\/\/www.correiobraziliense.com.br\/cbradar\/as-2-vitaminas-caseiras-para-manter-os-musculos-sempre-fortes\/#primaryimage"},"image":{"@id":"https:\/\/www.correiobraziliense.com.br\/cbradar\/as-2-vitaminas-caseiras-para-manter-os-musculos-sempre-fortes\/#primaryimage"},"thumbnailUrl":"https:\/\/www.correiobraziliense.com.br\/cbradar\/wp-content\/uploads\/2026\/04\/IMAGEM_720p_1777229807421.jpg","datePublished":"2026-04-26T19:49:00+00:00","author":{"@id":"https:\/\/www.correiobraziliense.com.br\/cbradar\/#\/schema\/person\/4cec7857301a9a1a2ef249893cd908d3"},"description":"Duas receitas simples e baratas podem dar aos seus m\u00fasculos exatamente o que eles precisam para se manterem firmes. Veja como preparar em casa.","breadcrumb":{"@id":"https:\/\/www.correiobraziliense.com.br\/cbradar\/as-2-vitaminas-caseiras-para-manter-os-musculos-sempre-fortes\/#breadcrumb"},"inLanguage":"pt-BR","potentialAction":[{"@type":"ReadAction","target":["https:\/\/www.correiobraziliense.com.br\/cbradar\/as-2-vitaminas-caseiras-para-manter-os-musculos-sempre-fortes\/"]}]},{"@type":"ImageObject","inLanguage":"pt-BR","@id":"https:\/\/www.correiobraziliense.com.br\/cbradar\/as-2-vitaminas-caseiras-para-manter-os-musculos-sempre-fortes\/#primaryimage","url":"https:\/\/www.correiobraziliense.com.br\/cbradar\/wp-content\/uploads\/2026\/04\/IMAGEM_720p_1777229807421.jpg","contentUrl":"https:\/\/www.correiobraziliense.com.br\/cbradar\/wp-content\/uploads\/2026\/04\/IMAGEM_720p_1777229807421.jpg","width":1280,"height":720,"caption":"Duas receitas caseiras de vitaminas que auxiliam na manuten\u00e7\u00e3o da for\u00e7a muscular, explicando o papel dos nutrientes envolvidos"},{"@type":"BreadcrumbList","@id":"https:\/\/www.correiobraziliense.com.br\/cbradar\/as-2-vitaminas-caseiras-para-manter-os-musculos-sempre-fortes\/#breadcrumb","itemListElement":[{"@type":"ListItem","position":1,"name":"In\u00edcio","item":"https:\/\/www.correiobraziliense.com.br\/cbradar\/"},{"@type":"ListItem","position":2,"name":"As 2 vitaminas caseiras para manter os m\u00fasculos sempre fortes"}]},{"@type":"WebSite","@id":"https:\/\/www.correiobraziliense.com.br\/cbradar\/#website","url":"https:\/\/www.correiobraziliense.com.br\/cbradar\/","name":"Correio Braziliense - Radar","description":"Acompanhe as \u00faltimas not\u00edcias e fique bem informado sobre tudo o que acontece no Brasil e no mundo.","potentialAction":[{"@type":"SearchAction","target":{"@type":"EntryPoint","urlTemplate":"https:\/\/www.correiobraziliense.com.br\/cbradar\/?s={search_term_string}"},"query-input":{"@type":"PropertyValueSpecification","valueRequired":true,"valueName":"search_term_string"}}],"inLanguage":"pt-BR"},{"@type":"Person","@id":"https:\/\/www.correiobraziliense.com.br\/cbradar\/#\/schema\/person\/4cec7857301a9a1a2ef249893cd908d3","name":"Paulo Custodio","image":{"@type":"ImageObject","inLanguage":"pt-BR","@id":"https:\/\/www.correiobraziliense.com.br\/cbradar\/#\/schema\/person\/image\/","url":"https:\/\/secure.gravatar.com\/avatar\/bcd67168d1534e8fcf4f45c726a87cea?s=96&d=mm&r=g","contentUrl":"https:\/\/secure.gravatar.com\/avatar\/bcd67168d1534e8fcf4f45c726a87cea?s=96&d=mm&r=g","caption":"Paulo Custodio"},"sameAs":["https:\/\/www.correiobraziliense.com.br\/cbradar"],"url":"https:\/\/www.correiobraziliense.com.br\/cbradar\/author\/paulomyth\/"}]}},"_links":{"self":[{"href":"https:\/\/www.correiobraziliense.com.br\/cbradar\/wp-json\/wp\/v2\/posts\/232651","targetHints":{"allow":["GET"]}}],"collection":[{"href":"https:\/\/www.correiobraziliense.com.br\/cbradar\/wp-json\/wp\/v2\/posts"}],"about":[{"href":"https:\/\/www.correiobraziliense.com.br\/cbradar\/wp-json\/wp\/v2\/types\/post"}],"author":[{"embeddable":true,"href":"https:\/\/www.correiobraziliense.com.br\/cbradar\/wp-json\/wp\/v2\/users\/11"}],"replies":[{"embeddable":true,"href":"https:\/\/www.correiobraziliense.com.br\/cbradar\/wp-json\/wp\/v2\/comments?post=232651"}],"version-history":[{"count":2,"href":"https:\/\/www.correiobraziliense.com.br\/cbradar\/wp-json\/wp\/v2\/posts\/232651\/revisions"}],"predecessor-version":[{"id":232656,"href":"https:\/\/www.correiobraziliense.com.br\/cbradar\/wp-json\/wp\/v2\/posts\/232651\/revisions\/232656"}],"wp:featuredmedia":[{"embeddable":true,"href":"https:\/\/www.correiobraziliense.com.br\/cbradar\/wp-json\/wp\/v2\/media\/232655"}],"wp:attachment":[{"href":"https:\/\/www.correiobraziliense.com.br\/cbradar\/wp-json\/wp\/v2\/media?parent=232651"}],"wp:term":[{"taxonomy":"category","embeddable":true,"href":"https:\/\/www.correiobraziliense.com.br\/cbradar\/wp-json\/wp\/v2\/categories?post=232651"},{"taxonomy":"post_tag","embeddable":true,"href":"https:\/\/www.correiobraziliense.com.br\/cbradar\/wp-json\/wp\/v2\/post_tag?post=232651"}],"curies":[{"name":"wp","href":"https:\/\/api.w.org\/{rel}","templated":true}]}}