{"id":232657,"date":"2026-04-26T17:14:00","date_gmt":"2026-04-26T20:14:00","guid":{"rendered":"https:\/\/www.correiobraziliense.com.br\/cbradar\/?p=232657"},"modified":"2026-04-26T16:05:05","modified_gmt":"2026-04-26T19:05:05","slug":"por-que-afastar-a-geladeira-apenas-5-cm-da-parede-pode-mudar-o-funcionamento-da-cozinha","status":"publish","type":"post","link":"https:\/\/www.correiobraziliense.com.br\/cbradar\/por-que-afastar-a-geladeira-apenas-5-cm-da-parede-pode-mudar-o-funcionamento-da-cozinha\/","title":{"rendered":"Por que afastar a geladeira apenas 5 cm da parede pode mudar o funcionamento da cozinha"},"content":{"rendered":"\n<p>A decis\u00e3o de <strong>afastar a geladeira<\/strong> resolve motores que ultrapassam os sessenta graus no ver\u00e3o intenso. Esse v\u00e3o livre de ar permite que a pesada troca t\u00e9rmica aconte\u00e7a rapidamente, gelando a sua comida fresca sem for\u00e7ar o sistema el\u00e9trico e sem estourar a sua fatura mensal.<\/p>\n\n\n\n<h2 class=\"wp-block-heading\">Por que o eletrodom\u00e9stico exige um grande vazio na parte traseira?<\/h2>\n\n\n\n<p>O sistema mec\u00e2nico frio n\u00e3o cria baixas temperaturas a partir do zero. Ele atua como um imenso sugador de calor interno, retirando as altas cargas da cabine e expulsando esse forte morma\u00e7o atrav\u00e9s da fina grade preta localizada nas costas do seu pesado equipamento prateado.<\/p>\n\n\n\n<p>Quando voc\u00ea bloqueia completamente essa \u00fanica rota, a densa bolha quente fica aprisionada. Essa falha na <a href=\"https:\/\/pt.wikipedia.org\/wiki\/Termodin%C3%A2mica\" target=\"_blank\" rel=\"noreferrer noopener\">termodin\u00e2mica<\/a> fluida obriga o seu compressor a operar dobrado, tentando resfriar um fechado ambiente externo que j\u00e1 est\u00e1 literalmente fervendo contra a forte alvenaria da casa.<\/p>\n\n\n<div class=\"wp-block-image\">\n<figure class=\"aligncenter size-full\"><img decoding=\"async\" width=\"1280\" height=\"720\" src=\"https:\/\/www.correiobraziliense.com.br\/cbradar\/wp-content\/uploads\/2026\/04\/IMAGEM_720p_1777230199750.jpg\" alt=\"Detalhadamente os ganhos mec\u00e2nicos e financeiros da ventila\u00e7\u00e3o traseira do refrigerador.\" class=\"wp-image-232659\" srcset=\"https:\/\/www.correiobraziliense.com.br\/cbradar\/wp-content\/uploads\/2026\/04\/IMAGEM_720p_1777230199750.jpg 1280w, https:\/\/www.correiobraziliense.com.br\/cbradar\/wp-content\/uploads\/2026\/04\/IMAGEM_720p_1777230199750-300x169.jpg 300w, https:\/\/www.correiobraziliense.com.br\/cbradar\/wp-content\/uploads\/2026\/04\/IMAGEM_720p_1777230199750-768x432.jpg 768w, https:\/\/www.correiobraziliense.com.br\/cbradar\/wp-content\/uploads\/2026\/04\/IMAGEM_720p_1777230199750-750x422.jpg 750w, https:\/\/www.correiobraziliense.com.br\/cbradar\/wp-content\/uploads\/2026\/04\/IMAGEM_720p_1777230199750-1140x641.jpg 1140w\" sizes=\"(max-width: 1280px) 100vw, 1280px\" \/><figcaption class=\"wp-element-caption\">Detalhadamente os ganhos mec\u00e2nicos e financeiros da ventila\u00e7\u00e3o traseira do refrigerador.<\/figcaption><\/figure><\/div>\n\n\n<h2 class=\"wp-block-heading\">Como essa pequena dist\u00e2ncia oca impacta o seu bolso no fim do m\u00eas?<\/h2>\n\n\n\n<p>Um silencioso compressor abafado trabalha de forma dura e ininterrupta durante as <strong>vinte e quatro horas<\/strong> do longo dia. Esse gigantesco esfor\u00e7o extra puxa uma quantidade massiva de eletricidade da sua tomada, elevando os altos custos residenciais di\u00e1rios de forma muito agressiva.<\/p>\n\n\n\n<p>Aparelhos sufocados perdem totalmente a alta efici\u00eancia energ\u00e9tica original, transformando os novos modelos super econ\u00f4micos em verdadeiros ralos cont\u00ednuos e sugadores de suado dinheiro dom\u00e9stico.<\/p>\n\n\n\n<p>Leia tamb\u00e9m: <a href=\"https:\/\/www.correiobraziliense.com.br\/cbradar\/por-que-arquitetos-estao-colocando-tubos-de-plastico-a-2-metros-de-profundidade-no-quintal-para-gelar-a-casa-sem-energia\/\" target=\"_blank\" rel=\"noreferrer noopener\">Por que arquitetos est\u00e3o colocando tubos de pl\u00e1stico a 2 metros de profundidade no quintal para gelar a casa sem energia<\/a><\/p>\n\n\n\n<h2 class=\"wp-block-heading\">O que acontece com as pe\u00e7as internas quando o ar fica preso?<\/h2>\n\n\n\n<p>As vitais borrachas grossas de veda\u00e7\u00e3o magn\u00e9tica e os finos fios isolantes derretem lentamente sob a alta exposi\u00e7\u00e3o t\u00e9rmica cont\u00ednua. O valioso motor atinge n\u00edveis cr\u00edticos velozmente, encurtando drasticamente o longo tempo de vida \u00fatil prometido pelas grandes f\u00e1bricas de eletrodom\u00e9sticos modernos.<\/p>\n\n\n\n<p>Voc\u00ea perceber\u00e1 esse enorme colapso mec\u00e2nico oculto quando o seu fundo congelador parar de fabricar as pesadas pedras de gelo. A sobrecarga estraga o pequeno rel\u00e9 de partida e obriga uma dolorosa substitui\u00e7\u00e3o imediata das raras pe\u00e7as que movem a sua grande m\u00e1quina familiar.<\/p>\n\n\n\n<h2 class=\"wp-block-heading\">Quais s\u00e3o as medidas espaciais exatas exigidas pelos manuais das fabricantes modernas?<\/h2>\n\n\n\n<p>Os caros m\u00f3veis embutidos priorizam visuais de marcenaria muito alinhados, espremendo enormes eletrodom\u00e9sticos em nichos apertados e totalmente asfixiantes. Essa forte tend\u00eancia est\u00e9tica ignora a grave e urgente necessidade de respira\u00e7\u00e3o t\u00e9cnica cont\u00ednua que o grande maquin\u00e1rio precisa para manter alimentos congelados.<\/p>\n\n\n\n<p>Respeite as precisas marca\u00e7\u00f5es espaciais recomendadas pelos experientes engenheiros para blindar a sua geladeira contra altas falhas de queima el\u00e9trica. Anote as importantes dist\u00e2ncias livres obrigat\u00f3rias:<\/p>\n\n\n\n<ul class=\"wp-block-list\">\n<li><strong>Teto livre:<\/strong> mantenha pelo menos <strong>dez cent\u00edmetros<\/strong> de folga superior exata para o ar fervente subir.<\/li>\n\n\n\n<li><strong>Laterais soltas:<\/strong> afaste os arm\u00e1rios grandes em <strong>tr\u00eas cent\u00edmetros<\/strong> para impedir a forte reverbera\u00e7\u00e3o sonora chata.<\/li>\n\n\n\n<li><strong>Fundo respir\u00e1vel:<\/strong> deixe exatos <strong>cinco cent\u00edmetros<\/strong> de vazio limpo entre a quente grade met\u00e1lica traseira e a parede.<\/li>\n<\/ul>\n\n\n<div class=\"wp-block-image\">\n<figure class=\"aligncenter size-full\"><img decoding=\"async\" width=\"1280\" height=\"720\" src=\"https:\/\/www.correiobraziliense.com.br\/cbradar\/wp-content\/uploads\/2026\/04\/IMAGEM_720p_1777230206208.jpg\" alt=\"Detalhadamente os ganhos mec\u00e2nicos e financeiros da ventila\u00e7\u00e3o traseira do refrigerador.\" class=\"wp-image-232660\" srcset=\"https:\/\/www.correiobraziliense.com.br\/cbradar\/wp-content\/uploads\/2026\/04\/IMAGEM_720p_1777230206208.jpg 1280w, https:\/\/www.correiobraziliense.com.br\/cbradar\/wp-content\/uploads\/2026\/04\/IMAGEM_720p_1777230206208-300x169.jpg 300w, https:\/\/www.correiobraziliense.com.br\/cbradar\/wp-content\/uploads\/2026\/04\/IMAGEM_720p_1777230206208-768x432.jpg 768w, https:\/\/www.correiobraziliense.com.br\/cbradar\/wp-content\/uploads\/2026\/04\/IMAGEM_720p_1777230206208-750x422.jpg 750w, https:\/\/www.correiobraziliense.com.br\/cbradar\/wp-content\/uploads\/2026\/04\/IMAGEM_720p_1777230206208-1140x641.jpg 1140w\" sizes=\"(max-width: 1280px) 100vw, 1280px\" \/><figcaption class=\"wp-element-caption\">Detalhadamente os ganhos mec\u00e2nicos e financeiros da ventila\u00e7\u00e3o traseira do refrigerador.<\/figcaption><\/figure><\/div>\n\n\n<h2 class=\"wp-block-heading\">Como manter a segura limpeza dessa \u00e1rea traseira sem causar curtos-circuitos el\u00e9tricos?<\/h2>\n\n\n\n<p>O estreito corredor de vento traseiro suga uma grande quantidade de fina poeira cinza e longos fios soltos diariamente. Essa grossa camada org\u00e2nica forma uma manta t\u00e9rmica espessa grudada nos pequenos canos, simulando perfeitamente o antigo e perigoso sufocamento imposto pelas velhas paredes muito coladas.<\/p>\n\n\n\n<p>Remova o antigo ac\u00famulo fofo das antigas grades escuras a cada seis meses prestando extremo cuidado visual. Utilize apenas finas escovas secas macias e o limpo bocal do seu potente aspirador flex\u00edvel, afastando totalmente os pesados panos molhados da exposta fia\u00e7\u00e3o energizada traseira e perigosa.<\/p>\n","protected":false},"excerpt":{"rendered":"<p>A decis\u00e3o de afastar a geladeira resolve motores que ultrapassam os sessenta graus no ver\u00e3o intenso. Esse v\u00e3o livre de ar permite que a pesada troca t\u00e9rmica aconte\u00e7a rapidamente, gelando a sua comida fresca sem for\u00e7ar o sistema el\u00e9trico e sem estourar a sua fatura mensal. Por que o eletrodom\u00e9stico exige um grande vazio na [&hellip;]<\/p>\n","protected":false},"author":11,"featured_media":232658,"comment_status":"open","ping_status":"open","sticky":false,"template":"","format":"standard","meta":{"_yoast_wpseo_focuskw":"afastar a geladeira","_yoast_wpseo_title":"","_yoast_wpseo_metadesc":"O seu eletrodom\u00e9stico trabalha sobrecarregado diariamente? Avalie como um pequeno espa\u00e7o livre na parte traseira reduz a alta conta de energia el\u00e9trica.","jnews-multi-image_gallery":[],"jnews_single_post":{"format":"standard"},"jnews_primary_category":[],"jnews_social_meta":[],"jnews_override_counter":[],"footnotes":""},"categories":[143],"post_tag":[687,129,1016,2894],"class_list":["post-232657","post","type-post","status-publish","format-standard","has-post-thumbnail","hentry","category-casa-e-decoracao","tag-cozinha","tag-economia","tag-geladeira","tag-manutencao"],"yoast_head":"<!-- This site is optimized with the Yoast SEO plugin v24.6 - https:\/\/yoast.com\/wordpress\/plugins\/seo\/ -->\n<title>Por que afastar a geladeira apenas 5 cm da parede pode mudar o funcionamento da cozinha - Correio Braziliense - Radar<\/title>\n<meta name=\"description\" content=\"O seu eletrodom\u00e9stico trabalha sobrecarregado diariamente? Avalie como um pequeno espa\u00e7o livre na parte traseira reduz a alta conta de energia el\u00e9trica.\" \/>\n<meta name=\"robots\" content=\"index, follow, max-snippet:-1, max-image-preview:large, max-video-preview:-1\" \/>\n<link rel=\"canonical\" href=\"https:\/\/www.correiobraziliense.com.br\/cbradar\/por-que-afastar-a-geladeira-apenas-5-cm-da-parede-pode-mudar-o-funcionamento-da-cozinha\/\" \/>\n<meta property=\"og:locale\" content=\"pt_BR\" \/>\n<meta property=\"og:type\" content=\"article\" \/>\n<meta property=\"og:title\" content=\"Por que afastar a geladeira apenas 5 cm da parede pode mudar o funcionamento da cozinha - Correio Braziliense - Radar\" \/>\n<meta property=\"og:description\" content=\"O seu eletrodom\u00e9stico trabalha sobrecarregado diariamente? Avalie como um pequeno espa\u00e7o livre na parte traseira reduz a alta conta de energia el\u00e9trica.\" \/>\n<meta property=\"og:url\" content=\"https:\/\/www.correiobraziliense.com.br\/cbradar\/por-que-afastar-a-geladeira-apenas-5-cm-da-parede-pode-mudar-o-funcionamento-da-cozinha\/\" \/>\n<meta property=\"og:site_name\" content=\"Correio Braziliense - Radar\" \/>\n<meta property=\"article:published_time\" content=\"2026-04-26T20:14:00+00:00\" \/>\n<meta property=\"og:image\" content=\"https:\/\/www.correiobraziliense.com.br\/cbradar\/wp-content\/uploads\/2026\/04\/IMAGEM_720p_1777230196499.jpg\" \/>\n\t<meta property=\"og:image:width\" content=\"1280\" \/>\n\t<meta property=\"og:image:height\" content=\"720\" \/>\n\t<meta property=\"og:image:type\" content=\"image\/jpeg\" \/>\n<meta name=\"author\" content=\"Paulo Custodio\" \/>\n<meta name=\"twitter:card\" content=\"summary_large_image\" \/>\n<meta name=\"twitter:label1\" content=\"Escrito por\" \/>\n\t<meta name=\"twitter:data1\" content=\"Paulo Custodio\" \/>\n\t<meta name=\"twitter:label2\" content=\"Est. tempo de leitura\" \/>\n\t<meta name=\"twitter:data2\" content=\"4 minutos\" \/>\n<!-- \/ Yoast SEO plugin. -->","yoast_head_json":{"title":"Por que afastar a geladeira apenas 5 cm da parede pode mudar o funcionamento da cozinha - Correio Braziliense - Radar","description":"O seu eletrodom\u00e9stico trabalha sobrecarregado diariamente? Avalie como um pequeno espa\u00e7o livre na parte traseira reduz a alta conta de energia el\u00e9trica.","robots":{"index":"index","follow":"follow","max-snippet":"max-snippet:-1","max-image-preview":"max-image-preview:large","max-video-preview":"max-video-preview:-1"},"canonical":"https:\/\/www.correiobraziliense.com.br\/cbradar\/por-que-afastar-a-geladeira-apenas-5-cm-da-parede-pode-mudar-o-funcionamento-da-cozinha\/","og_locale":"pt_BR","og_type":"article","og_title":"Por que afastar a geladeira apenas 5 cm da parede pode mudar o funcionamento da cozinha - Correio Braziliense - Radar","og_description":"O seu eletrodom\u00e9stico trabalha sobrecarregado diariamente? Avalie como um pequeno espa\u00e7o livre na parte traseira reduz a alta conta de energia el\u00e9trica.","og_url":"https:\/\/www.correiobraziliense.com.br\/cbradar\/por-que-afastar-a-geladeira-apenas-5-cm-da-parede-pode-mudar-o-funcionamento-da-cozinha\/","og_site_name":"Correio Braziliense - Radar","article_published_time":"2026-04-26T20:14:00+00:00","og_image":[{"width":1280,"height":720,"url":"https:\/\/www.correiobraziliense.com.br\/cbradar\/wp-content\/uploads\/2026\/04\/IMAGEM_720p_1777230196499.jpg","type":"image\/jpeg"}],"author":"Paulo Custodio","twitter_card":"summary_large_image","twitter_misc":{"Escrito por":"Paulo Custodio","Est. tempo de leitura":"4 minutos"},"schema":{"@context":"https:\/\/schema.org","@graph":[{"@type":"WebPage","@id":"https:\/\/www.correiobraziliense.com.br\/cbradar\/por-que-afastar-a-geladeira-apenas-5-cm-da-parede-pode-mudar-o-funcionamento-da-cozinha\/","url":"https:\/\/www.correiobraziliense.com.br\/cbradar\/por-que-afastar-a-geladeira-apenas-5-cm-da-parede-pode-mudar-o-funcionamento-da-cozinha\/","name":"Por que afastar a geladeira apenas 5 cm da parede pode mudar o funcionamento da cozinha - Correio Braziliense - Radar","isPartOf":{"@id":"https:\/\/www.correiobraziliense.com.br\/cbradar\/#website"},"primaryImageOfPage":{"@id":"https:\/\/www.correiobraziliense.com.br\/cbradar\/por-que-afastar-a-geladeira-apenas-5-cm-da-parede-pode-mudar-o-funcionamento-da-cozinha\/#primaryimage"},"image":{"@id":"https:\/\/www.correiobraziliense.com.br\/cbradar\/por-que-afastar-a-geladeira-apenas-5-cm-da-parede-pode-mudar-o-funcionamento-da-cozinha\/#primaryimage"},"thumbnailUrl":"https:\/\/www.correiobraziliense.com.br\/cbradar\/wp-content\/uploads\/2026\/04\/IMAGEM_720p_1777230196499.jpg","datePublished":"2026-04-26T20:14:00+00:00","author":{"@id":"https:\/\/www.correiobraziliense.com.br\/cbradar\/#\/schema\/person\/4cec7857301a9a1a2ef249893cd908d3"},"description":"O seu eletrodom\u00e9stico trabalha sobrecarregado diariamente? Avalie como um pequeno espa\u00e7o livre na parte traseira reduz a alta conta de energia el\u00e9trica.","breadcrumb":{"@id":"https:\/\/www.correiobraziliense.com.br\/cbradar\/por-que-afastar-a-geladeira-apenas-5-cm-da-parede-pode-mudar-o-funcionamento-da-cozinha\/#breadcrumb"},"inLanguage":"pt-BR","potentialAction":[{"@type":"ReadAction","target":["https:\/\/www.correiobraziliense.com.br\/cbradar\/por-que-afastar-a-geladeira-apenas-5-cm-da-parede-pode-mudar-o-funcionamento-da-cozinha\/"]}]},{"@type":"ImageObject","inLanguage":"pt-BR","@id":"https:\/\/www.correiobraziliense.com.br\/cbradar\/por-que-afastar-a-geladeira-apenas-5-cm-da-parede-pode-mudar-o-funcionamento-da-cozinha\/#primaryimage","url":"https:\/\/www.correiobraziliense.com.br\/cbradar\/wp-content\/uploads\/2026\/04\/IMAGEM_720p_1777230196499.jpg","contentUrl":"https:\/\/www.correiobraziliense.com.br\/cbradar\/wp-content\/uploads\/2026\/04\/IMAGEM_720p_1777230196499.jpg","width":1280,"height":720,"caption":"Detalhadamente os ganhos mec\u00e2nicos e financeiros da ventila\u00e7\u00e3o traseira do refrigerador."},{"@type":"BreadcrumbList","@id":"https:\/\/www.correiobraziliense.com.br\/cbradar\/por-que-afastar-a-geladeira-apenas-5-cm-da-parede-pode-mudar-o-funcionamento-da-cozinha\/#breadcrumb","itemListElement":[{"@type":"ListItem","position":1,"name":"In\u00edcio","item":"https:\/\/www.correiobraziliense.com.br\/cbradar\/"},{"@type":"ListItem","position":2,"name":"Por que afastar a geladeira apenas 5 cm da parede pode mudar o funcionamento da cozinha"}]},{"@type":"WebSite","@id":"https:\/\/www.correiobraziliense.com.br\/cbradar\/#website","url":"https:\/\/www.correiobraziliense.com.br\/cbradar\/","name":"Correio Braziliense - Radar","description":"Acompanhe as \u00faltimas not\u00edcias e fique bem informado sobre tudo o que acontece no Brasil e no mundo.","potentialAction":[{"@type":"SearchAction","target":{"@type":"EntryPoint","urlTemplate":"https:\/\/www.correiobraziliense.com.br\/cbradar\/?s={search_term_string}"},"query-input":{"@type":"PropertyValueSpecification","valueRequired":true,"valueName":"search_term_string"}}],"inLanguage":"pt-BR"},{"@type":"Person","@id":"https:\/\/www.correiobraziliense.com.br\/cbradar\/#\/schema\/person\/4cec7857301a9a1a2ef249893cd908d3","name":"Paulo Custodio","image":{"@type":"ImageObject","inLanguage":"pt-BR","@id":"https:\/\/www.correiobraziliense.com.br\/cbradar\/#\/schema\/person\/image\/","url":"https:\/\/secure.gravatar.com\/avatar\/bcd67168d1534e8fcf4f45c726a87cea?s=96&d=mm&r=g","contentUrl":"https:\/\/secure.gravatar.com\/avatar\/bcd67168d1534e8fcf4f45c726a87cea?s=96&d=mm&r=g","caption":"Paulo Custodio"},"sameAs":["https:\/\/www.correiobraziliense.com.br\/cbradar"],"url":"https:\/\/www.correiobraziliense.com.br\/cbradar\/author\/paulomyth\/"}]}},"_links":{"self":[{"href":"https:\/\/www.correiobraziliense.com.br\/cbradar\/wp-json\/wp\/v2\/posts\/232657","targetHints":{"allow":["GET"]}}],"collection":[{"href":"https:\/\/www.correiobraziliense.com.br\/cbradar\/wp-json\/wp\/v2\/posts"}],"about":[{"href":"https:\/\/www.correiobraziliense.com.br\/cbradar\/wp-json\/wp\/v2\/types\/post"}],"author":[{"embeddable":true,"href":"https:\/\/www.correiobraziliense.com.br\/cbradar\/wp-json\/wp\/v2\/users\/11"}],"replies":[{"embeddable":true,"href":"https:\/\/www.correiobraziliense.com.br\/cbradar\/wp-json\/wp\/v2\/comments?post=232657"}],"version-history":[{"count":1,"href":"https:\/\/www.correiobraziliense.com.br\/cbradar\/wp-json\/wp\/v2\/posts\/232657\/revisions"}],"predecessor-version":[{"id":232661,"href":"https:\/\/www.correiobraziliense.com.br\/cbradar\/wp-json\/wp\/v2\/posts\/232657\/revisions\/232661"}],"wp:featuredmedia":[{"embeddable":true,"href":"https:\/\/www.correiobraziliense.com.br\/cbradar\/wp-json\/wp\/v2\/media\/232658"}],"wp:attachment":[{"href":"https:\/\/www.correiobraziliense.com.br\/cbradar\/wp-json\/wp\/v2\/media?parent=232657"}],"wp:term":[{"taxonomy":"category","embeddable":true,"href":"https:\/\/www.correiobraziliense.com.br\/cbradar\/wp-json\/wp\/v2\/categories?post=232657"},{"taxonomy":"post_tag","embeddable":true,"href":"https:\/\/www.correiobraziliense.com.br\/cbradar\/wp-json\/wp\/v2\/post_tag?post=232657"}],"curies":[{"name":"wp","href":"https:\/\/api.w.org\/{rel}","templated":true}]}}