{"id":232662,"date":"2026-04-26T17:37:00","date_gmt":"2026-04-26T20:37:00","guid":{"rendered":"https:\/\/www.correiobraziliense.com.br\/cbradar\/?p=232662"},"modified":"2026-04-26T16:12:09","modified_gmt":"2026-04-26T19:12:09","slug":"as-pessoas-mais-felizes-costumam-nascer-nesses-3-meses-segundo-estudos","status":"publish","type":"post","link":"https:\/\/www.correiobraziliense.com.br\/cbradar\/as-pessoas-mais-felizes-costumam-nascer-nesses-3-meses-segundo-estudos\/","title":{"rendered":"As pessoas mais felizes costumam nascer nesses 3 meses, segundo estudos"},"content":{"rendered":"\n<p>Por que algumas pessoas parecem carregar o sol dentro de si enquanto outras batalham contra nuvens emocionais? Estudos recentes indicam que o m\u00eas de nascimento pode ter um papel importante nessa equa\u00e7\u00e3o. <strong>Pessoas mais felizes<\/strong> tendem a nascer em tr\u00eas meses espec\u00edficos do ano, e a explica\u00e7\u00e3o est\u00e1 na combina\u00e7\u00e3o de fatores biol\u00f3gicos e ambientais que atuam desde os primeiros dias de vida.<\/p>\n\n\n\n<h2 class=\"wp-block-heading\">O que dizem os estudos sobre nascimento e felicidade?<\/h2>\n\n\n\n<p>A rela\u00e7\u00e3o entre o m\u00eas de nascimento e o temperamento foi investigada por pesquisadores da <a href=\"https:\/\/pt.wikipedia.org\/wiki\/Felicidade\" target=\"_blank\" rel=\"noreferrer noopener\">felicidade<\/a> como tra\u00e7o subjetivo. Eles analisaram milhares de question\u00e1rios de bem-estar e cruzaram os dados com as datas de nascimento dos participantes, encontrando padr\u00f5es estatisticamente significativos.<\/p>\n\n\n\n<p>O estudo mais citado, publicado no<strong> <\/strong><a href=\"https:\/\/kurious.ku.edu.tr\/wp-content\/uploads\/2016\/02\/20160212093532-temparement_linked_to_birth_season_-_psychology_-_biology_-_pdf.pdf\" target=\"_blank\" rel=\"noreferrer noopener\"><strong>Journal of Affective Disorders<\/strong>, avaliou 400 indiv\u00edduos<\/a> e identificou que os nascidos na primavera e no ver\u00e3o apresentavam escores mais altos de <strong>hipertimia<\/strong>, um tra\u00e7o de temperamento caracterizado por otimismo e energia elevada. A diferen\u00e7a entre os grupos foi considerada relevante.<\/p>\n\n\n<div class=\"wp-block-image\">\n<figure class=\"aligncenter size-full\"><img decoding=\"async\" width=\"1280\" height=\"720\" src=\"https:\/\/www.correiobraziliense.com.br\/cbradar\/wp-content\/uploads\/2026\/04\/IMAGEM_720p_1777230627854.jpg\" alt=\"A correla\u00e7\u00e3o entre o m\u00eas de nascimento e os n\u00edveis de felicidade, mostrando os meses mais associados ao otimismo e como fatores ambientais e biol\u00f3gicos influenciam o temperamento\" class=\"wp-image-232664\" srcset=\"https:\/\/www.correiobraziliense.com.br\/cbradar\/wp-content\/uploads\/2026\/04\/IMAGEM_720p_1777230627854.jpg 1280w, https:\/\/www.correiobraziliense.com.br\/cbradar\/wp-content\/uploads\/2026\/04\/IMAGEM_720p_1777230627854-300x169.jpg 300w, https:\/\/www.correiobraziliense.com.br\/cbradar\/wp-content\/uploads\/2026\/04\/IMAGEM_720p_1777230627854-768x432.jpg 768w, https:\/\/www.correiobraziliense.com.br\/cbradar\/wp-content\/uploads\/2026\/04\/IMAGEM_720p_1777230627854-750x422.jpg 750w, https:\/\/www.correiobraziliense.com.br\/cbradar\/wp-content\/uploads\/2026\/04\/IMAGEM_720p_1777230627854-1140x641.jpg 1140w\" sizes=\"(max-width: 1280px) 100vw, 1280px\" \/><figcaption class=\"wp-element-caption\">A correla\u00e7\u00e3o entre o m\u00eas de nascimento e os n\u00edveis de felicidade, mostrando os meses mais associados ao otimismo e como fatores ambientais e biol\u00f3gicos influenciam o temperamento<\/figcaption><\/figure><\/div>\n\n\n<h2 class=\"wp-block-heading\">Quais s\u00e3o os tr\u00eas meses em que nascem as pessoas mais felizes?<\/h2>\n\n\n\n<p>Os dados convergem para tr\u00eas meses que coincidem com a transi\u00e7\u00e3o da primavera para o ver\u00e3o no hemisf\u00e9rio norte. Os nascidos nesse per\u00edodo apresentam maior tend\u00eancia a relatar emo\u00e7\u00f5es positivas e menor risco de transtornos de humor ao longo da vida.<\/p>\n\n\n\n<p>Confira os meses mais associados \u00e0 felicidade, de acordo com os estudos:<\/p>\n\n\n\n<ul class=\"wp-block-list\">\n<li><strong>Maio<\/strong>: o pico da primavera, com dias mais longos e temperaturas amenas<\/li>\n\n\n\n<li><strong>Junho<\/strong>: in\u00edcio do ver\u00e3o, com m\u00e1xima exposi\u00e7\u00e3o \u00e0 luz natural<\/li>\n\n\n\n<li><strong>Julho<\/strong>: ver\u00e3o pleno, calor e alta luminosidade que beneficiam o rec\u00e9m-nascido<\/li>\n<\/ul>\n\n\n\n<p>Leia tamb\u00e9m: <a href=\"https:\/\/www.correiobraziliense.com.br\/cbradar\/por-que-arquitetos-estao-colocando-tubos-de-plastico-a-2-metros-de-profundidade-no-quintal-para-gelar-a-casa-sem-energia\/\" target=\"_blank\" rel=\"noreferrer noopener\">Por que arquitetos est\u00e3o colocando tubos de pl\u00e1stico a 2 metros de profundidade no quintal para gelar a casa sem energia<\/a><\/p>\n\n\n\n<h2 class=\"wp-block-heading\">Por que nascer em maio, junho e julho est\u00e1 associado a mais felicidade?<\/h2>\n\n\n\n<p>A explica\u00e7\u00e3o principal est\u00e1 na <strong>luz solar<\/strong>. Beb\u00eas nascidos no final da primavera e no ver\u00e3o s\u00e3o expostos a n\u00edveis mais altos de vitamina D logo nos primeiros meses de vida, o que influencia a produ\u00e7\u00e3o de serotonina, o neurotransmissor do bem-estar.<\/p>\n\n\n\n<p>Al\u00e9m disso, as m\u00e3es que passam o terceiro trimestre de gesta\u00e7\u00e3o durante a primavera recebem mais luz natural, o que regula o rel\u00f3gio biol\u00f3gico do feto e favorece um temperamento mais positivo. O ambiente externo mais acolhedor e a maior facilidade para passeios tamb\u00e9m contribuem para um in\u00edcio de vida menos estressante.<\/p>\n\n\n\n<h2 class=\"wp-block-heading\">Como a esta\u00e7\u00e3o do nascimento influencia o temperamento?<\/h2>\n\n\n\n<p>O temperamento n\u00e3o \u00e9 destino, mas tem ra\u00edzes biol\u00f3gicas. A <a href=\"https:\/\/pubmed.ncbi.nlm.nih.gov\/21596071\/\" target=\"_blank\" rel=\"noreferrer noopener\">pesquisa conduzida por <strong>Huber <\/strong>e colaboradores<\/a> mostrou que os nascidos no ver\u00e3o tinham escores significativamente mais altos de temperamento hipert\u00edmico em compara\u00e7\u00e3o com os nascidos no inverno, com p = 0,008.<\/p>\n\n\n\n<p>Os cientistas acreditam que a programa\u00e7\u00e3o de neurotransmissores como a <strong>dopamina<\/strong> e a <strong>serotonina<\/strong> pode ser modulada pelo ambiente luminoso nos primeiros meses. Isso n\u00e3o determina a felicidade absoluta, mas cria uma predisposi\u00e7\u00e3o que pode ser ampliada ou atenuada pelas experi\u00eancias de vida.<\/p>\n\n\n<div class=\"wp-block-image\">\n<figure class=\"aligncenter size-full\"><img decoding=\"async\" width=\"1280\" height=\"720\" src=\"https:\/\/www.correiobraziliense.com.br\/cbradar\/wp-content\/uploads\/2026\/04\/IMAGEM_720p_1777230625643.jpg\" alt=\"A correla\u00e7\u00e3o entre o m\u00eas de nascimento e os n\u00edveis de felicidade, mostrando os meses mais associados ao otimismo e como fatores ambientais e biol\u00f3gicos influenciam o temperamento\" class=\"wp-image-232665\" srcset=\"https:\/\/www.correiobraziliense.com.br\/cbradar\/wp-content\/uploads\/2026\/04\/IMAGEM_720p_1777230625643.jpg 1280w, https:\/\/www.correiobraziliense.com.br\/cbradar\/wp-content\/uploads\/2026\/04\/IMAGEM_720p_1777230625643-300x169.jpg 300w, https:\/\/www.correiobraziliense.com.br\/cbradar\/wp-content\/uploads\/2026\/04\/IMAGEM_720p_1777230625643-768x432.jpg 768w, https:\/\/www.correiobraziliense.com.br\/cbradar\/wp-content\/uploads\/2026\/04\/IMAGEM_720p_1777230625643-750x422.jpg 750w, https:\/\/www.correiobraziliense.com.br\/cbradar\/wp-content\/uploads\/2026\/04\/IMAGEM_720p_1777230625643-1140x641.jpg 1140w\" sizes=\"(max-width: 1280px) 100vw, 1280px\" \/><figcaption class=\"wp-element-caption\">A correla\u00e7\u00e3o entre o m\u00eas de nascimento e os n\u00edveis de felicidade, mostrando os meses mais associados ao otimismo e como fatores ambientais e biol\u00f3gicos influenciam o temperamento<\/figcaption><\/figure><\/div>\n\n\n<h2 class=\"wp-block-heading\">Isso significa que quem nasce em outros meses ser\u00e1 infeliz?<\/h2>\n\n\n\n<p>De forma alguma. A correla\u00e7\u00e3o encontrada nos estudos \u00e9 estat\u00edstica e n\u00e3o condena ningu\u00e9m a um destino emocional. A felicidade \u00e9 constru\u00edda diariamente por meio de escolhas, v\u00ednculos e h\u00e1bitos que cada pessoa cultiva.<\/p>\n\n\n\n<p>Os pesquisadores fazem quest\u00e3o de ressaltar que o m\u00eas de nascimento \u00e9 apenas um fator entre dezenas. A resili\u00eancia, o suporte social e a capacidade de encontrar prop\u00f3sito na vida s\u00e3o muito mais determinantes para o bem-estar do que a esta\u00e7\u00e3o em que se nasceu.<\/p>\n\n\n\n<h2 class=\"wp-block-heading\">Como cultivar a felicidade independentemente do m\u00eas de nascimento?<\/h2>\n\n\n\n<p>A melhor not\u00edcia \u00e9 que a felicidade pode ser treinada. Pr\u00e1ticas como a gratid\u00e3o, a medita\u00e7\u00e3o e o conv\u00edvio com pessoas queridas estimulam os mesmos circuitos cerebrais que a gen\u00e9tica ou a esta\u00e7\u00e3o de nascimento favorecem.<\/p>\n\n\n\n<p>Construir uma rotina com pequenos prazeres di\u00e1rios, manter o corpo em movimento e buscar ajuda profissional quando necess\u00e1rio s\u00e3o atitudes que pesam muito mais na balan\u00e7a da felicidade do que qualquer fator fora do nosso controle. O que os estudos mostram, no fim, \u00e9 que a vida oferece infinitas janelas para quem decide abri-las.<\/p>\n","protected":false},"excerpt":{"rendered":"<p>Por que algumas pessoas parecem carregar o sol dentro de si enquanto outras batalham contra nuvens emocionais? Estudos recentes indicam que o m\u00eas de nascimento pode ter um papel importante nessa equa\u00e7\u00e3o. Pessoas mais felizes tendem a nascer em tr\u00eas meses espec\u00edficos do ano, e a explica\u00e7\u00e3o est\u00e1 na combina\u00e7\u00e3o de fatores biol\u00f3gicos e ambientais [&hellip;]<\/p>\n","protected":false},"author":11,"featured_media":232663,"comment_status":"open","ping_status":"open","sticky":false,"template":"","format":"standard","meta":{"_yoast_wpseo_focuskw":"pessoas mais felizes nascem","_yoast_wpseo_title":"","_yoast_wpseo_metadesc":"A ci\u00eancia descobriu uma rela\u00e7\u00e3o intrigante entre o m\u00eas de nascimento e a predisposi\u00e7\u00e3o \u00e0 felicidade. Veja os 3 meses em que nascem as pessoas mais felizes e o que isso revela.","jnews-multi-image_gallery":[],"jnews_single_post":{"format":"standard"},"jnews_primary_category":[],"jnews_social_meta":[],"jnews_override_counter":[],"footnotes":""},"categories":[112],"post_tag":[120,3449,4664,17831],"class_list":["post-232662","post","type-post","status-publish","format-standard","has-post-thumbnail","hentry","category-curiosidades","tag-bem-estar","tag-felicidade","tag-nascimento","tag-temperamento"],"yoast_head":"<!-- This site is optimized with the Yoast SEO plugin v24.6 - https:\/\/yoast.com\/wordpress\/plugins\/seo\/ -->\n<title>As pessoas mais felizes costumam nascer nesses 3 meses, segundo estudos - Correio Braziliense - Radar<\/title>\n<meta name=\"description\" content=\"A ci\u00eancia descobriu uma rela\u00e7\u00e3o intrigante entre o m\u00eas de nascimento e a predisposi\u00e7\u00e3o \u00e0 felicidade. Veja os 3 meses em que nascem as pessoas mais felizes e o que isso revela.\" \/>\n<meta name=\"robots\" content=\"index, follow, max-snippet:-1, max-image-preview:large, max-video-preview:-1\" \/>\n<link rel=\"canonical\" href=\"https:\/\/www.correiobraziliense.com.br\/cbradar\/as-pessoas-mais-felizes-costumam-nascer-nesses-3-meses-segundo-estudos\/\" \/>\n<meta property=\"og:locale\" content=\"pt_BR\" \/>\n<meta property=\"og:type\" content=\"article\" \/>\n<meta property=\"og:title\" content=\"As pessoas mais felizes costumam nascer nesses 3 meses, segundo estudos - Correio Braziliense - Radar\" \/>\n<meta property=\"og:description\" content=\"A ci\u00eancia descobriu uma rela\u00e7\u00e3o intrigante entre o m\u00eas de nascimento e a predisposi\u00e7\u00e3o \u00e0 felicidade. Veja os 3 meses em que nascem as pessoas mais felizes e o que isso revela.\" \/>\n<meta property=\"og:url\" content=\"https:\/\/www.correiobraziliense.com.br\/cbradar\/as-pessoas-mais-felizes-costumam-nascer-nesses-3-meses-segundo-estudos\/\" \/>\n<meta property=\"og:site_name\" content=\"Correio Braziliense - Radar\" \/>\n<meta property=\"article:published_time\" content=\"2026-04-26T20:37:00+00:00\" \/>\n<meta property=\"og:image\" content=\"https:\/\/www.correiobraziliense.com.br\/cbradar\/wp-content\/uploads\/2026\/04\/IMAGEM_720p_1777230581290.jpg\" \/>\n\t<meta property=\"og:image:width\" content=\"1280\" \/>\n\t<meta property=\"og:image:height\" content=\"720\" \/>\n\t<meta property=\"og:image:type\" content=\"image\/jpeg\" \/>\n<meta name=\"author\" content=\"Paulo Custodio\" \/>\n<meta name=\"twitter:card\" content=\"summary_large_image\" \/>\n<meta name=\"twitter:label1\" content=\"Escrito por\" \/>\n\t<meta name=\"twitter:data1\" content=\"Paulo Custodio\" \/>\n\t<meta name=\"twitter:label2\" content=\"Est. tempo de leitura\" \/>\n\t<meta name=\"twitter:data2\" content=\"5 minutos\" \/>\n<!-- \/ Yoast SEO plugin. -->","yoast_head_json":{"title":"As pessoas mais felizes costumam nascer nesses 3 meses, segundo estudos - Correio Braziliense - Radar","description":"A ci\u00eancia descobriu uma rela\u00e7\u00e3o intrigante entre o m\u00eas de nascimento e a predisposi\u00e7\u00e3o \u00e0 felicidade. Veja os 3 meses em que nascem as pessoas mais felizes e o que isso revela.","robots":{"index":"index","follow":"follow","max-snippet":"max-snippet:-1","max-image-preview":"max-image-preview:large","max-video-preview":"max-video-preview:-1"},"canonical":"https:\/\/www.correiobraziliense.com.br\/cbradar\/as-pessoas-mais-felizes-costumam-nascer-nesses-3-meses-segundo-estudos\/","og_locale":"pt_BR","og_type":"article","og_title":"As pessoas mais felizes costumam nascer nesses 3 meses, segundo estudos - Correio Braziliense - Radar","og_description":"A ci\u00eancia descobriu uma rela\u00e7\u00e3o intrigante entre o m\u00eas de nascimento e a predisposi\u00e7\u00e3o \u00e0 felicidade. Veja os 3 meses em que nascem as pessoas mais felizes e o que isso revela.","og_url":"https:\/\/www.correiobraziliense.com.br\/cbradar\/as-pessoas-mais-felizes-costumam-nascer-nesses-3-meses-segundo-estudos\/","og_site_name":"Correio Braziliense - Radar","article_published_time":"2026-04-26T20:37:00+00:00","og_image":[{"width":1280,"height":720,"url":"https:\/\/www.correiobraziliense.com.br\/cbradar\/wp-content\/uploads\/2026\/04\/IMAGEM_720p_1777230581290.jpg","type":"image\/jpeg"}],"author":"Paulo Custodio","twitter_card":"summary_large_image","twitter_misc":{"Escrito por":"Paulo Custodio","Est. tempo de leitura":"5 minutos"},"schema":{"@context":"https:\/\/schema.org","@graph":[{"@type":"WebPage","@id":"https:\/\/www.correiobraziliense.com.br\/cbradar\/as-pessoas-mais-felizes-costumam-nascer-nesses-3-meses-segundo-estudos\/","url":"https:\/\/www.correiobraziliense.com.br\/cbradar\/as-pessoas-mais-felizes-costumam-nascer-nesses-3-meses-segundo-estudos\/","name":"As pessoas mais felizes costumam nascer nesses 3 meses, segundo estudos - Correio Braziliense - Radar","isPartOf":{"@id":"https:\/\/www.correiobraziliense.com.br\/cbradar\/#website"},"primaryImageOfPage":{"@id":"https:\/\/www.correiobraziliense.com.br\/cbradar\/as-pessoas-mais-felizes-costumam-nascer-nesses-3-meses-segundo-estudos\/#primaryimage"},"image":{"@id":"https:\/\/www.correiobraziliense.com.br\/cbradar\/as-pessoas-mais-felizes-costumam-nascer-nesses-3-meses-segundo-estudos\/#primaryimage"},"thumbnailUrl":"https:\/\/www.correiobraziliense.com.br\/cbradar\/wp-content\/uploads\/2026\/04\/IMAGEM_720p_1777230581290.jpg","datePublished":"2026-04-26T20:37:00+00:00","author":{"@id":"https:\/\/www.correiobraziliense.com.br\/cbradar\/#\/schema\/person\/4cec7857301a9a1a2ef249893cd908d3"},"description":"A ci\u00eancia descobriu uma rela\u00e7\u00e3o intrigante entre o m\u00eas de nascimento e a predisposi\u00e7\u00e3o \u00e0 felicidade. Veja os 3 meses em que nascem as pessoas mais felizes e o que isso revela.","breadcrumb":{"@id":"https:\/\/www.correiobraziliense.com.br\/cbradar\/as-pessoas-mais-felizes-costumam-nascer-nesses-3-meses-segundo-estudos\/#breadcrumb"},"inLanguage":"pt-BR","potentialAction":[{"@type":"ReadAction","target":["https:\/\/www.correiobraziliense.com.br\/cbradar\/as-pessoas-mais-felizes-costumam-nascer-nesses-3-meses-segundo-estudos\/"]}]},{"@type":"ImageObject","inLanguage":"pt-BR","@id":"https:\/\/www.correiobraziliense.com.br\/cbradar\/as-pessoas-mais-felizes-costumam-nascer-nesses-3-meses-segundo-estudos\/#primaryimage","url":"https:\/\/www.correiobraziliense.com.br\/cbradar\/wp-content\/uploads\/2026\/04\/IMAGEM_720p_1777230581290.jpg","contentUrl":"https:\/\/www.correiobraziliense.com.br\/cbradar\/wp-content\/uploads\/2026\/04\/IMAGEM_720p_1777230581290.jpg","width":1280,"height":720,"caption":"A correla\u00e7\u00e3o entre o m\u00eas de nascimento e os n\u00edveis de felicidade, mostrando os meses mais associados ao otimismo e como fatores ambientais e biol\u00f3gicos influenciam o temperamento"},{"@type":"BreadcrumbList","@id":"https:\/\/www.correiobraziliense.com.br\/cbradar\/as-pessoas-mais-felizes-costumam-nascer-nesses-3-meses-segundo-estudos\/#breadcrumb","itemListElement":[{"@type":"ListItem","position":1,"name":"In\u00edcio","item":"https:\/\/www.correiobraziliense.com.br\/cbradar\/"},{"@type":"ListItem","position":2,"name":"As pessoas mais felizes costumam nascer nesses 3 meses, segundo estudos"}]},{"@type":"WebSite","@id":"https:\/\/www.correiobraziliense.com.br\/cbradar\/#website","url":"https:\/\/www.correiobraziliense.com.br\/cbradar\/","name":"Correio Braziliense - Radar","description":"Acompanhe as \u00faltimas not\u00edcias e fique bem informado sobre tudo o que acontece no Brasil e no mundo.","potentialAction":[{"@type":"SearchAction","target":{"@type":"EntryPoint","urlTemplate":"https:\/\/www.correiobraziliense.com.br\/cbradar\/?s={search_term_string}"},"query-input":{"@type":"PropertyValueSpecification","valueRequired":true,"valueName":"search_term_string"}}],"inLanguage":"pt-BR"},{"@type":"Person","@id":"https:\/\/www.correiobraziliense.com.br\/cbradar\/#\/schema\/person\/4cec7857301a9a1a2ef249893cd908d3","name":"Paulo Custodio","image":{"@type":"ImageObject","inLanguage":"pt-BR","@id":"https:\/\/www.correiobraziliense.com.br\/cbradar\/#\/schema\/person\/image\/","url":"https:\/\/secure.gravatar.com\/avatar\/bcd67168d1534e8fcf4f45c726a87cea?s=96&d=mm&r=g","contentUrl":"https:\/\/secure.gravatar.com\/avatar\/bcd67168d1534e8fcf4f45c726a87cea?s=96&d=mm&r=g","caption":"Paulo Custodio"},"sameAs":["https:\/\/www.correiobraziliense.com.br\/cbradar"],"url":"https:\/\/www.correiobraziliense.com.br\/cbradar\/author\/paulomyth\/"}]}},"_links":{"self":[{"href":"https:\/\/www.correiobraziliense.com.br\/cbradar\/wp-json\/wp\/v2\/posts\/232662","targetHints":{"allow":["GET"]}}],"collection":[{"href":"https:\/\/www.correiobraziliense.com.br\/cbradar\/wp-json\/wp\/v2\/posts"}],"about":[{"href":"https:\/\/www.correiobraziliense.com.br\/cbradar\/wp-json\/wp\/v2\/types\/post"}],"author":[{"embeddable":true,"href":"https:\/\/www.correiobraziliense.com.br\/cbradar\/wp-json\/wp\/v2\/users\/11"}],"replies":[{"embeddable":true,"href":"https:\/\/www.correiobraziliense.com.br\/cbradar\/wp-json\/wp\/v2\/comments?post=232662"}],"version-history":[{"count":1,"href":"https:\/\/www.correiobraziliense.com.br\/cbradar\/wp-json\/wp\/v2\/posts\/232662\/revisions"}],"predecessor-version":[{"id":232666,"href":"https:\/\/www.correiobraziliense.com.br\/cbradar\/wp-json\/wp\/v2\/posts\/232662\/revisions\/232666"}],"wp:featuredmedia":[{"embeddable":true,"href":"https:\/\/www.correiobraziliense.com.br\/cbradar\/wp-json\/wp\/v2\/media\/232663"}],"wp:attachment":[{"href":"https:\/\/www.correiobraziliense.com.br\/cbradar\/wp-json\/wp\/v2\/media?parent=232662"}],"wp:term":[{"taxonomy":"category","embeddable":true,"href":"https:\/\/www.correiobraziliense.com.br\/cbradar\/wp-json\/wp\/v2\/categories?post=232662"},{"taxonomy":"post_tag","embeddable":true,"href":"https:\/\/www.correiobraziliense.com.br\/cbradar\/wp-json\/wp\/v2\/post_tag?post=232662"}],"curies":[{"name":"wp","href":"https:\/\/api.w.org\/{rel}","templated":true}]}}