{"id":232667,"date":"2026-04-26T18:24:00","date_gmt":"2026-04-26T21:24:00","guid":{"rendered":"https:\/\/www.correiobraziliense.com.br\/cbradar\/?p=232667"},"modified":"2026-04-26T16:21:03","modified_gmt":"2026-04-26T19:21:03","slug":"a-planta-aromatica-que-ajuda-a-espantar-mosquitos-naturalmente-e-cresce-bem-em-vasos","status":"publish","type":"post","link":"https:\/\/www.correiobraziliense.com.br\/cbradar\/a-planta-aromatica-que-ajuda-a-espantar-mosquitos-naturalmente-e-cresce-bem-em-vasos\/","title":{"rendered":"A planta arom\u00e1tica que ajuda a espantar mosquitos naturalmente e cresce bem em vasos"},"content":{"rendered":"\n<p>Exatos dez segundos bastam para uma <strong>planta arom\u00e1tica que ajuda a espantar mosquitos<\/strong> bloquear o faro apurado das pragas. O cheiro c\u00edtrico da folha de citronela amassada engana rapidamente os insetos famintos, garantindo um sono sereno e livre de antigas picadas noturnas.<\/p>\n\n\n\n<h2 class=\"wp-block-heading\">Por que a forte ess\u00eancia afeta o voo das pragas urbanas?<\/h2>\n\n\n\n<p>A famosa <a href=\"https:\/\/pt.wikipedia.org\/wiki\/Citronela\" target=\"_blank\" rel=\"noreferrer noopener\">citronela<\/a> concentra imensas quantidades de compostos qu\u00edmicos repelentes org\u00e2nicos. O intenso e marcante cheiro exalado pelas longas folhas confunde totalmente o complexo sistema olfativo das f\u00eameas doentes e agressivas, criando uma verdadeira barreira invis\u00edvel eficiente nas \u00e1reas fechadas.<\/p>\n\n\n\n<p>Esse denso bloqueio arom\u00e1tico mascara o di\u00f3xido de carbono que os nossos pulm\u00f5es liberam durante a respira\u00e7\u00e3o noturna profunda. Sem conseguir rastrear a origem do odor humano natural, o inseto perde a rota de ataque e abandona o quarto buscando alvos expostos mais f\u00e1ceis.<\/p>\n\n\n<div class=\"wp-block-image\">\n<figure class=\"aligncenter size-full\"><img decoding=\"async\" width=\"1280\" height=\"720\" src=\"https:\/\/www.correiobraziliense.com.br\/cbradar\/wp-content\/uploads\/2026\/04\/IMAGEM_720p_1777231118467.jpg\" alt=\"Como cultivar a citronela em vasos para aproveit\u00e1-la no bloqueio de pragas dom\u00e9sticas.\" class=\"wp-image-232669\" srcset=\"https:\/\/www.correiobraziliense.com.br\/cbradar\/wp-content\/uploads\/2026\/04\/IMAGEM_720p_1777231118467.jpg 1280w, https:\/\/www.correiobraziliense.com.br\/cbradar\/wp-content\/uploads\/2026\/04\/IMAGEM_720p_1777231118467-300x169.jpg 300w, https:\/\/www.correiobraziliense.com.br\/cbradar\/wp-content\/uploads\/2026\/04\/IMAGEM_720p_1777231118467-768x432.jpg 768w, https:\/\/www.correiobraziliense.com.br\/cbradar\/wp-content\/uploads\/2026\/04\/IMAGEM_720p_1777231118467-750x422.jpg 750w, https:\/\/www.correiobraziliense.com.br\/cbradar\/wp-content\/uploads\/2026\/04\/IMAGEM_720p_1777231118467-1140x641.jpg 1140w\" sizes=\"(max-width: 1280px) 100vw, 1280px\" \/><figcaption class=\"wp-element-caption\">Como cultivar a citronela em vasos para aproveit\u00e1-la no bloqueio de pragas dom\u00e9sticas.<\/figcaption><\/figure><\/div>\n\n\n<h2 class=\"wp-block-heading\">Como preparar o recipiente ideal para o plantio dom\u00e9stico?<\/h2>\n\n\n\n<p>Essa r\u00fastica esp\u00e9cie asi\u00e1tica possui ra\u00edzes bastante vigorosas que exigem espa\u00e7o de sobra para crescerem saud\u00e1veis nos apartamentos apertados. Escolher um vaso de barro largo e furado evita o temido apodrecimento radicular causado pelo severo ac\u00famulo da \u00e1gua da chuva.<\/p>\n\n\n\n<p>A montagem da base de drenagem define inteiramente o grande sucesso da sua prote\u00e7\u00e3o bot\u00e2nica di\u00e1ria. Siga rigorosamente estas etapas estruturais sequenciais:<\/p>\n\n\n\n<ul class=\"wp-block-list\">\n<li><strong>Camada de pedras:<\/strong> coloque algumas britas grossas cobrindo perfeitamente o buraco inferior para garantir o escoamento di\u00e1rio e cont\u00ednuo.<\/li>\n\n\n\n<li><strong>Manta perme\u00e1vel:<\/strong> adicione um pequeno peda\u00e7o de tecido sint\u00e9tico sobre as pedras pontiagudas para segurar os valiosos nutrientes org\u00e2nicos.<\/li>\n\n\n\n<li><strong>Substrato leve:<\/strong> preencha todo o restante do grande espa\u00e7o com terra vegetal misturada com areia grossa de constru\u00e7\u00e3o civil.<\/li>\n<\/ul>\n\n\n\n<p>Leia tamb\u00e9m: <a href=\"https:\/\/www.correiobraziliense.com.br\/cbradar\/por-que-arquitetos-estao-colocando-tubos-de-plastico-a-2-metros-de-profundidade-no-quintal-para-gelar-a-casa-sem-energia\/\" target=\"_blank\" rel=\"noreferrer noopener\">Por que arquitetos est\u00e3o colocando tubos de pl\u00e1stico a 2 metros de profundidade no quintal para gelar a casa sem energia<\/a><\/p>\n\n\n\n<h2 class=\"wp-block-heading\">Qual \u00e9 a frequ\u00eancia de rega exigida pela densa folhagem?<\/h2>\n\n\n\n<p>O solo escuro do seu recipiente precisa permanecer levemente \u00famido sem jamais virar um p\u00e2ntano pesado e asfixiante. Teste a superf\u00edcie terrosa afundando a ponta do dedo indicador logo pela manh\u00e3 quente para avaliar a sua real e urgente necessidade de hidrata\u00e7\u00e3o cont\u00ednua.<\/p>\n\n\n\n<p>Nos longos per\u00edodos do forte ver\u00e3o urbano, a irriga\u00e7\u00e3o abundante deve acontecer a cada dois dias sem falhas. Nas madrugadas muito frias, reduza o volume de l\u00edquidos pela metade para n\u00e3o congelar os tecidos capilares sens\u00edveis da sua espessa e grande muda verde.<\/p>\n\n\n\n<h2 class=\"wp-block-heading\">Onde posicionar o vaso para extrair a prote\u00e7\u00e3o m\u00e1xima?<\/h2>\n\n\n\n<p>As grossas touceiras protetoras necessitam absorver o grande calor direto dos raios solares por quatro ou cinco horas rotineiras. Posicionar o pesado equipamento nas bordas das janelas maiores garante o desenvolvimento altamente acelerado das complexas e \u00fateis subst\u00e2ncias qu\u00edmicas vol\u00e1teis locais.<\/p>\n\n\n\n<p>A estrat\u00e9gica posi\u00e7\u00e3o elevada tamb\u00e9m aproveita as suaves e leves correntes do vento da tarde para empurrar o perfume curativo diretamente para dentro das grandes salas. Esse fluxo constante espalha o odor repelente nos sombrios e temidos ambientes onde as pequenas pragas descansam quietas.<\/p>\n\n\n\n<h3 class=\"wp-block-heading\">Quais adubos naturais intensificam a produ\u00e7\u00e3o dos \u00f3leos curativos?<\/h3>\n\n\n\n<p>O cheiro pungente defensivo depende fortemente da excelente e cont\u00ednua nutri\u00e7\u00e3o mineral oferecida \u00e0s extremidades das longas ra\u00edzes espremidas. O puro <strong>h\u00famus de minhoca<\/strong> entrega o exato e grandioso volume de nitrog\u00eanio exigido na r\u00e1pida forma\u00e7\u00e3o de imensas hastes robustas e duras.<\/p>\n\n\n\n<p>Evite gastar com agressivos e fortes fertilizantes qu\u00edmicos sint\u00e9ticos nas espessas folhas que voc\u00ea tocar\u00e1 diariamente com muita for\u00e7a. Uma alternativa vi\u00e1vel exige pulverizar simples pitadas de <strong>cinzas de lenha<\/strong> dilu\u00eddas em jarros de \u00e1gua limpa a cada duas longas semanas.<\/p>\n\n\n<div class=\"wp-block-image\">\n<figure class=\"aligncenter size-full\"><img decoding=\"async\" width=\"1280\" height=\"720\" src=\"https:\/\/www.correiobraziliense.com.br\/cbradar\/wp-content\/uploads\/2026\/04\/IMAGEM_720p_1777231121015.jpg\" alt=\"Como cultivar a citronela em vasos para aproveit\u00e1-la no bloqueio de pragas dom\u00e9sticas.\" class=\"wp-image-232670\" srcset=\"https:\/\/www.correiobraziliense.com.br\/cbradar\/wp-content\/uploads\/2026\/04\/IMAGEM_720p_1777231121015.jpg 1280w, https:\/\/www.correiobraziliense.com.br\/cbradar\/wp-content\/uploads\/2026\/04\/IMAGEM_720p_1777231121015-300x169.jpg 300w, https:\/\/www.correiobraziliense.com.br\/cbradar\/wp-content\/uploads\/2026\/04\/IMAGEM_720p_1777231121015-768x432.jpg 768w, https:\/\/www.correiobraziliense.com.br\/cbradar\/wp-content\/uploads\/2026\/04\/IMAGEM_720p_1777231121015-750x422.jpg 750w, https:\/\/www.correiobraziliense.com.br\/cbradar\/wp-content\/uploads\/2026\/04\/IMAGEM_720p_1777231121015-1140x641.jpg 1140w\" sizes=\"(max-width: 1280px) 100vw, 1280px\" \/><figcaption class=\"wp-element-caption\">Como cultivar a citronela em vasos para aproveit\u00e1-la no bloqueio de pragas dom\u00e9sticas.<\/figcaption><\/figure><\/div>\n\n\n<h2 class=\"wp-block-heading\">Quais s\u00e3o os limites pr\u00e1ticos contra doen\u00e7as febris graves?<\/h2>\n\n\n\n<p>Deixar o belo vaso verde intacto e quieto na estante fria n\u00e3o blinda a sa\u00fade familiar contra graves e intensos surtos virais comunit\u00e1rios. O real mecanismo de defesa exige <strong>a\u00e7\u00e3o mec\u00e2nica agressiva<\/strong> nas hastes para arrancar e soltar a n\u00e9voa purificadora invis\u00edvel no ar.<\/p>\n\n\n\n<p>Quebre tr\u00eas grandes ramos firmes com as pr\u00f3prias m\u00e3os limpas e passe os valiosos fluidos na pele. Como voc\u00ea protege a sua casa nas quentes e \u00famidas noites tropicais?<\/p>\n","protected":false},"excerpt":{"rendered":"<p>Exatos dez segundos bastam para uma planta arom\u00e1tica que ajuda a espantar mosquitos bloquear o faro apurado das pragas. O cheiro c\u00edtrico da folha de citronela amassada engana rapidamente os insetos famintos, garantindo um sono sereno e livre de antigas picadas noturnas. Por que a forte ess\u00eancia afeta o voo das pragas urbanas? A famosa [&hellip;]<\/p>\n","protected":false},"author":11,"featured_media":232668,"comment_status":"open","ping_status":"open","sticky":false,"template":"","format":"standard","meta":{"_yoast_wpseo_focuskw":"planta arom\u00e1tica que ajuda a espantar mosquitos","_yoast_wpseo_title":"","_yoast_wpseo_metadesc":"Cansado das picadas noturnas e do cheiro forte de inseticidas? Avalie como cultivar mudas robustas na sua varanda para proteger a pele.","jnews-multi-image_gallery":[],"jnews_single_post":{"format":"standard"},"jnews_primary_category":[],"jnews_social_meta":[],"jnews_override_counter":[],"footnotes":""},"categories":[136],"post_tag":[3129,329,6446,6774],"class_list":["post-232667","post","type-post","status-publish","format-standard","has-post-thumbnail","hentry","category-jardinagem","tag-citronela","tag-jardinagem","tag-mosquitos","tag-protecao"],"yoast_head":"<!-- This site is optimized with the Yoast SEO plugin v24.6 - https:\/\/yoast.com\/wordpress\/plugins\/seo\/ -->\n<title>A planta arom\u00e1tica que ajuda a espantar mosquitos naturalmente e cresce bem em vasos - Correio Braziliense - Radar<\/title>\n<meta name=\"description\" content=\"Cansado das picadas noturnas e do cheiro forte de inseticidas? Avalie como cultivar mudas robustas na sua varanda para proteger a pele.\" \/>\n<meta name=\"robots\" content=\"index, follow, max-snippet:-1, max-image-preview:large, max-video-preview:-1\" \/>\n<link rel=\"canonical\" href=\"https:\/\/www.correiobraziliense.com.br\/cbradar\/a-planta-aromatica-que-ajuda-a-espantar-mosquitos-naturalmente-e-cresce-bem-em-vasos\/\" \/>\n<meta property=\"og:locale\" content=\"pt_BR\" \/>\n<meta property=\"og:type\" content=\"article\" \/>\n<meta property=\"og:title\" content=\"A planta arom\u00e1tica que ajuda a espantar mosquitos naturalmente e cresce bem em vasos - Correio Braziliense - Radar\" \/>\n<meta property=\"og:description\" content=\"Cansado das picadas noturnas e do cheiro forte de inseticidas? Avalie como cultivar mudas robustas na sua varanda para proteger a pele.\" \/>\n<meta property=\"og:url\" content=\"https:\/\/www.correiobraziliense.com.br\/cbradar\/a-planta-aromatica-que-ajuda-a-espantar-mosquitos-naturalmente-e-cresce-bem-em-vasos\/\" \/>\n<meta property=\"og:site_name\" content=\"Correio Braziliense - Radar\" \/>\n<meta property=\"article:published_time\" content=\"2026-04-26T21:24:00+00:00\" \/>\n<meta property=\"og:image\" content=\"https:\/\/www.correiobraziliense.com.br\/cbradar\/wp-content\/uploads\/2026\/04\/IMAGEM_720p_1777231113903.jpg\" \/>\n\t<meta property=\"og:image:width\" content=\"1280\" \/>\n\t<meta property=\"og:image:height\" content=\"720\" \/>\n\t<meta property=\"og:image:type\" content=\"image\/jpeg\" \/>\n<meta name=\"author\" content=\"Paulo Custodio\" \/>\n<meta name=\"twitter:card\" content=\"summary_large_image\" \/>\n<meta name=\"twitter:label1\" content=\"Escrito por\" \/>\n\t<meta name=\"twitter:data1\" content=\"Paulo Custodio\" \/>\n\t<meta name=\"twitter:label2\" content=\"Est. tempo de leitura\" \/>\n\t<meta name=\"twitter:data2\" content=\"5 minutos\" \/>\n<!-- \/ Yoast SEO plugin. -->","yoast_head_json":{"title":"A planta arom\u00e1tica que ajuda a espantar mosquitos naturalmente e cresce bem em vasos - Correio Braziliense - Radar","description":"Cansado das picadas noturnas e do cheiro forte de inseticidas? Avalie como cultivar mudas robustas na sua varanda para proteger a pele.","robots":{"index":"index","follow":"follow","max-snippet":"max-snippet:-1","max-image-preview":"max-image-preview:large","max-video-preview":"max-video-preview:-1"},"canonical":"https:\/\/www.correiobraziliense.com.br\/cbradar\/a-planta-aromatica-que-ajuda-a-espantar-mosquitos-naturalmente-e-cresce-bem-em-vasos\/","og_locale":"pt_BR","og_type":"article","og_title":"A planta arom\u00e1tica que ajuda a espantar mosquitos naturalmente e cresce bem em vasos - Correio Braziliense - Radar","og_description":"Cansado das picadas noturnas e do cheiro forte de inseticidas? Avalie como cultivar mudas robustas na sua varanda para proteger a pele.","og_url":"https:\/\/www.correiobraziliense.com.br\/cbradar\/a-planta-aromatica-que-ajuda-a-espantar-mosquitos-naturalmente-e-cresce-bem-em-vasos\/","og_site_name":"Correio Braziliense - Radar","article_published_time":"2026-04-26T21:24:00+00:00","og_image":[{"width":1280,"height":720,"url":"https:\/\/www.correiobraziliense.com.br\/cbradar\/wp-content\/uploads\/2026\/04\/IMAGEM_720p_1777231113903.jpg","type":"image\/jpeg"}],"author":"Paulo Custodio","twitter_card":"summary_large_image","twitter_misc":{"Escrito por":"Paulo Custodio","Est. tempo de leitura":"5 minutos"},"schema":{"@context":"https:\/\/schema.org","@graph":[{"@type":"WebPage","@id":"https:\/\/www.correiobraziliense.com.br\/cbradar\/a-planta-aromatica-que-ajuda-a-espantar-mosquitos-naturalmente-e-cresce-bem-em-vasos\/","url":"https:\/\/www.correiobraziliense.com.br\/cbradar\/a-planta-aromatica-que-ajuda-a-espantar-mosquitos-naturalmente-e-cresce-bem-em-vasos\/","name":"A planta arom\u00e1tica que ajuda a espantar mosquitos naturalmente e cresce bem em vasos - Correio Braziliense - Radar","isPartOf":{"@id":"https:\/\/www.correiobraziliense.com.br\/cbradar\/#website"},"primaryImageOfPage":{"@id":"https:\/\/www.correiobraziliense.com.br\/cbradar\/a-planta-aromatica-que-ajuda-a-espantar-mosquitos-naturalmente-e-cresce-bem-em-vasos\/#primaryimage"},"image":{"@id":"https:\/\/www.correiobraziliense.com.br\/cbradar\/a-planta-aromatica-que-ajuda-a-espantar-mosquitos-naturalmente-e-cresce-bem-em-vasos\/#primaryimage"},"thumbnailUrl":"https:\/\/www.correiobraziliense.com.br\/cbradar\/wp-content\/uploads\/2026\/04\/IMAGEM_720p_1777231113903.jpg","datePublished":"2026-04-26T21:24:00+00:00","author":{"@id":"https:\/\/www.correiobraziliense.com.br\/cbradar\/#\/schema\/person\/4cec7857301a9a1a2ef249893cd908d3"},"description":"Cansado das picadas noturnas e do cheiro forte de inseticidas? Avalie como cultivar mudas robustas na sua varanda para proteger a pele.","breadcrumb":{"@id":"https:\/\/www.correiobraziliense.com.br\/cbradar\/a-planta-aromatica-que-ajuda-a-espantar-mosquitos-naturalmente-e-cresce-bem-em-vasos\/#breadcrumb"},"inLanguage":"pt-BR","potentialAction":[{"@type":"ReadAction","target":["https:\/\/www.correiobraziliense.com.br\/cbradar\/a-planta-aromatica-que-ajuda-a-espantar-mosquitos-naturalmente-e-cresce-bem-em-vasos\/"]}]},{"@type":"ImageObject","inLanguage":"pt-BR","@id":"https:\/\/www.correiobraziliense.com.br\/cbradar\/a-planta-aromatica-que-ajuda-a-espantar-mosquitos-naturalmente-e-cresce-bem-em-vasos\/#primaryimage","url":"https:\/\/www.correiobraziliense.com.br\/cbradar\/wp-content\/uploads\/2026\/04\/IMAGEM_720p_1777231113903.jpg","contentUrl":"https:\/\/www.correiobraziliense.com.br\/cbradar\/wp-content\/uploads\/2026\/04\/IMAGEM_720p_1777231113903.jpg","width":1280,"height":720,"caption":"Como cultivar a citronela em vasos para aproveit\u00e1-la no bloqueio de pragas dom\u00e9sticas."},{"@type":"BreadcrumbList","@id":"https:\/\/www.correiobraziliense.com.br\/cbradar\/a-planta-aromatica-que-ajuda-a-espantar-mosquitos-naturalmente-e-cresce-bem-em-vasos\/#breadcrumb","itemListElement":[{"@type":"ListItem","position":1,"name":"In\u00edcio","item":"https:\/\/www.correiobraziliense.com.br\/cbradar\/"},{"@type":"ListItem","position":2,"name":"A planta arom\u00e1tica que ajuda a espantar mosquitos naturalmente e cresce bem em vasos"}]},{"@type":"WebSite","@id":"https:\/\/www.correiobraziliense.com.br\/cbradar\/#website","url":"https:\/\/www.correiobraziliense.com.br\/cbradar\/","name":"Correio Braziliense - Radar","description":"Acompanhe as \u00faltimas not\u00edcias e fique bem informado sobre tudo o que acontece no Brasil e no mundo.","potentialAction":[{"@type":"SearchAction","target":{"@type":"EntryPoint","urlTemplate":"https:\/\/www.correiobraziliense.com.br\/cbradar\/?s={search_term_string}"},"query-input":{"@type":"PropertyValueSpecification","valueRequired":true,"valueName":"search_term_string"}}],"inLanguage":"pt-BR"},{"@type":"Person","@id":"https:\/\/www.correiobraziliense.com.br\/cbradar\/#\/schema\/person\/4cec7857301a9a1a2ef249893cd908d3","name":"Paulo Custodio","image":{"@type":"ImageObject","inLanguage":"pt-BR","@id":"https:\/\/www.correiobraziliense.com.br\/cbradar\/#\/schema\/person\/image\/","url":"https:\/\/secure.gravatar.com\/avatar\/bcd67168d1534e8fcf4f45c726a87cea?s=96&d=mm&r=g","contentUrl":"https:\/\/secure.gravatar.com\/avatar\/bcd67168d1534e8fcf4f45c726a87cea?s=96&d=mm&r=g","caption":"Paulo Custodio"},"sameAs":["https:\/\/www.correiobraziliense.com.br\/cbradar"],"url":"https:\/\/www.correiobraziliense.com.br\/cbradar\/author\/paulomyth\/"}]}},"_links":{"self":[{"href":"https:\/\/www.correiobraziliense.com.br\/cbradar\/wp-json\/wp\/v2\/posts\/232667","targetHints":{"allow":["GET"]}}],"collection":[{"href":"https:\/\/www.correiobraziliense.com.br\/cbradar\/wp-json\/wp\/v2\/posts"}],"about":[{"href":"https:\/\/www.correiobraziliense.com.br\/cbradar\/wp-json\/wp\/v2\/types\/post"}],"author":[{"embeddable":true,"href":"https:\/\/www.correiobraziliense.com.br\/cbradar\/wp-json\/wp\/v2\/users\/11"}],"replies":[{"embeddable":true,"href":"https:\/\/www.correiobraziliense.com.br\/cbradar\/wp-json\/wp\/v2\/comments?post=232667"}],"version-history":[{"count":1,"href":"https:\/\/www.correiobraziliense.com.br\/cbradar\/wp-json\/wp\/v2\/posts\/232667\/revisions"}],"predecessor-version":[{"id":232671,"href":"https:\/\/www.correiobraziliense.com.br\/cbradar\/wp-json\/wp\/v2\/posts\/232667\/revisions\/232671"}],"wp:featuredmedia":[{"embeddable":true,"href":"https:\/\/www.correiobraziliense.com.br\/cbradar\/wp-json\/wp\/v2\/media\/232668"}],"wp:attachment":[{"href":"https:\/\/www.correiobraziliense.com.br\/cbradar\/wp-json\/wp\/v2\/media?parent=232667"}],"wp:term":[{"taxonomy":"category","embeddable":true,"href":"https:\/\/www.correiobraziliense.com.br\/cbradar\/wp-json\/wp\/v2\/categories?post=232667"},{"taxonomy":"post_tag","embeddable":true,"href":"https:\/\/www.correiobraziliense.com.br\/cbradar\/wp-json\/wp\/v2\/post_tag?post=232667"}],"curies":[{"name":"wp","href":"https:\/\/api.w.org\/{rel}","templated":true}]}}