{"id":232688,"date":"2026-04-27T16:25:00","date_gmt":"2026-04-27T19:25:00","guid":{"rendered":"https:\/\/www.correiobraziliense.com.br\/cbradar\/?p=232688"},"modified":"2026-04-26T18:17:56","modified_gmt":"2026-04-26T21:17:56","slug":"chamar-seu-gato-pelo-apelido-carinhoso-por-que-isso-pode-prender-mais-a-atencao-dele-do-que-o-proprio-nome","status":"publish","type":"post","link":"https:\/\/www.correiobraziliense.com.br\/cbradar\/chamar-seu-gato-pelo-apelido-carinhoso-por-que-isso-pode-prender-mais-a-atencao-dele-do-que-o-proprio-nome\/","title":{"rendered":"Chamar seu gato pelo apelido carinhoso, por que isso pode prender mais a aten\u00e7\u00e3o dele do que o pr\u00f3prio nome"},"content":{"rendered":"\n<p>Os lares com gatos cresceram de forma constante nos \u00faltimos anos e, junto com eles, surgiram novas perguntas sobre como melhorar a conviv\u00eancia com esses animais, em especial sobre a forma mais eficaz de se comunicar por meio da voz, do tom e do ritmo da fala.<\/p>\n\n\n\n<h2 class=\"wp-block-heading\">Como a fala humana influencia a comunica\u00e7\u00e3o com gatos<\/h2>\n\n\n\n<p>A comunica\u00e7\u00e3o entre humanos e gatos vai al\u00e9m de miados e car\u00edcias. O tom, a escolha de <a href=\"https:\/\/www.correiobraziliense.com.br\/cbradar\/as-3-palavras-com-a-letra-h-que-muita-gente-esquece-na-hora-de-escrever\/\" target=\"_blank\" rel=\"noreferrer noopener\">palavras <\/a>e o ritmo da fala podem influenciar a aten\u00e7\u00e3o e a resposta do animal, ajudando-o a diferenciar quando a mensagem \u00e9 direcionada a ele ou \u00e9 apenas conversa entre pessoas.<\/p>\n\n\n\n<p>Estudos indicam que os gatos conseguem reconhecer padr\u00f5es sonoros espec\u00edficos, como o pr\u00f3prio nome, a voz do tutor e o contexto em que est\u00e3o inseridos, o que refor\u00e7a a ideia de uma comunica\u00e7\u00e3o sutil, por\u00e9m significativa, entre esp\u00e9cie humana e felina.<\/p>\n\n\n\n<figure class=\"wp-block-image size-full\"><img decoding=\"async\" width=\"1280\" height=\"720\" src=\"https:\/\/www.correiobraziliense.com.br\/cbradar\/wp-content\/uploads\/2026\/04\/download-2-2.png\" alt=\"Chamar seu gato pelo apelido carinhoso, por que isso pode prender mais a aten\u00e7\u00e3o dele do que o pr\u00f3prio nome\" class=\"wp-image-232689\" srcset=\"https:\/\/www.correiobraziliense.com.br\/cbradar\/wp-content\/uploads\/2026\/04\/download-2-2.png 1280w, https:\/\/www.correiobraziliense.com.br\/cbradar\/wp-content\/uploads\/2026\/04\/download-2-2-300x169.png 300w, https:\/\/www.correiobraziliense.com.br\/cbradar\/wp-content\/uploads\/2026\/04\/download-2-2-768x432.png 768w, https:\/\/www.correiobraziliense.com.br\/cbradar\/wp-content\/uploads\/2026\/04\/download-2-2-750x422.png 750w, https:\/\/www.correiobraziliense.com.br\/cbradar\/wp-content\/uploads\/2026\/04\/download-2-2-1140x641.png 1140w\" sizes=\"(max-width: 1280px) 100vw, 1280px\" \/><figcaption class=\"wp-element-caption\">O segredo da \u201cvoz de gato\u201d que prende a aten\u00e7\u00e3o do felino<\/figcaption><\/figure>\n\n\n\n<h2 class=\"wp-block-heading\">Como a chamada \u201cvoz infantil para gatos\u201d pode ajudar<\/h2>\n\n\n\n<p>A chamada \u201cvoz infantil para gatos\u201d descreve uma fala mais aguda, suave e lenta, geralmente com destaque para o nome do animal. Pesquisas mostram que esse tipo de fala dirigida ao gato tende a capturar mais a aten\u00e7\u00e3o do felino do que uma<a href=\"https:\/\/link.springer.com\/article\/10.1007\/s10071-022-01674-w\" target=\"_blank\" rel=\"noreferrer noopener\"> voz adulta comum<\/a>.<\/p>\n\n\n\n<p>Esse padr\u00e3o lembra a forma como muitas pessoas falam com beb\u00eas: frases curtas, repeti\u00e7\u00e3o de palavras e forte carga emocional, o que facilita para o gato identificar que aquela mensagem \u00e9 relevante e diferente do ru\u00eddo de fundo das conversas di\u00e1rias.<\/p>\n\n\n\n<h2 class=\"wp-block-heading\">Como os gatos reconhecem a voz do tutor<\/h2>\n\n\n\n<p>Pesquisas sobre percep\u00e7\u00e3o vocal felina mostram que gatos que vivem em ambientes internos conseguem distinguir a voz do tutor da voz de desconhecidos. Em experimentos, eles reagem mais quando escutam o tutor falando em tom claramente dirigido a eles.<\/p>\n\n\n\n<p>Os gatos costumam demonstrar essa aten\u00e7\u00e3o por meio de movimentos de cabe\u00e7a, focinho e orelhas em dire\u00e7\u00e3o \u00e0 fonte do som, al\u00e9m de, \u00e0s vezes, se aproximarem fisicamente, associando a voz do tutor a momentos de cuidado, alimenta\u00e7\u00e3o e intera\u00e7\u00e3o positiva.<\/p>\n\n\n\n<p><br>Este v\u00eddeo do canal <strong>Um Bicho Curioso<\/strong>, que j\u00e1 re\u00fane 139 mil inscritos, foi selecionado especialmente para voc\u00ea que quer entender se os gatos realmente reconhecem seus tutores. A explica\u00e7\u00e3o \u00e9 direta e ajuda a esclarecer o comportamento felino de forma simples e curiosa.<\/p>\n\n\n\n<figure class=\"wp-block-embed is-type-video is-provider-youtube wp-block-embed-youtube wp-embed-aspect-16-9 wp-has-aspect-ratio\"><div class=\"wp-block-embed__wrapper\">\n<div class=\"jeg_video_container jeg_video_content\"><iframe loading=\"lazy\" title=\"Os gatos conseguem RECONHECER seus TUTORES?\" width=\"500\" height=\"281\" src=\"https:\/\/www.youtube.com\/embed\/Vd0D5BFCm1A?feature=oembed\" frameborder=\"0\" allow=\"accelerometer; autoplay; clipboard-write; encrypted-media; gyroscope; picture-in-picture; web-share\" referrerpolicy=\"strict-origin-when-cross-origin\" allowfullscreen><\/iframe><\/div>\n<\/div><\/figure>\n\n\n\n<h2 class=\"wp-block-heading\">Como falar com o gato no dia a dia<\/h2>\n\n\n\n<p>No cotidiano, adaptar a fala para uma \u201cvoz infantil para gatos\u201d n\u00e3o significa exagerar, mas tornar a comunica\u00e7\u00e3o mais clara e previs\u00edvel. Isso ajuda especialmente em casas com muitos est\u00edmulos sonoros, permitindo que o animal identifique quando est\u00e1 sendo chamado.<\/p>\n\n\n\n<p>Alguns cuidados simples podem organizar melhor essa intera\u00e7\u00e3o di\u00e1ria e refor\u00e7ar o entendimento do gato sobre o que est\u00e1 acontecendo ao redor:<\/p>\n\n\n\n<ul class=\"wp-block-list\">\n<li>Manter um tom de voz mais agudo e suave ao chamar o gato pelo nome.<\/li>\n\n\n\n<li>Usar frases curtas e repetitivas, associadas a a\u00e7\u00f5es espec\u00edficas, como refei\u00e7\u00e3o ou brincadeira.<\/li>\n\n\n\n<li>Evitar gritos ou mudan\u00e7as bruscas de volume, que podem afastar ou assustar o animal.<\/li>\n\n\n\n<li>Combinar a fala com gestos e rotinas previs\u00edveis, como hor\u00e1rios fixos de alimenta\u00e7\u00e3o.<\/li>\n<\/ul>\n\n\n\n<h2 class=\"wp-block-heading\">Qual \u00e9 o impacto da fala dirigida ao gato no v\u00ednculo afetivo<\/h2>\n\n\n\n<p>O uso consistente da fala dirigida ao gato pode fortalecer o v\u00ednculo entre tutor e animal, associando a voz humana a seguran\u00e7a, previsibilidade e intera\u00e7\u00e3o social positiva, o que reduz incertezas no ambiente dom\u00e9stico.<\/p>\n\n\n\n<p>Com o tempo, cada dupla gato\u2013tutor tende a desenvolver um \u201cidioma pr\u00f3prio\u201d, em que tom, ritmo e rotina se combinam com linguagem corporal e oferta de recursos adequados, tornando a conviv\u00eancia di\u00e1ria mais organizada e compreens\u00edvel para ambos.<\/p>\n","protected":false},"excerpt":{"rendered":"<p>Alongamentos fim do dia s\u00e3o uma forma simples de relaxar m\u00fasculos e diminuir rigidez acumulada ap\u00f3s a rotina di\u00e1ria intensa<\/p>\n","protected":false},"author":23,"featured_media":232690,"comment_status":"open","ping_status":"open","sticky":false,"template":"","format":"standard","meta":{"_yoast_wpseo_focuskw":"Gato pelo apelido","_yoast_wpseo_title":"","_yoast_wpseo_metadesc":"Alongamentos fim do dia s\u00e3o uma forma simples de relaxar m\u00fasculos e diminuir rigidez acumulada ap\u00f3s a rotina di\u00e1ria intensa","jnews-multi-image_gallery":[],"jnews_single_post":{"format":"standard"},"jnews_primary_category":[],"jnews_social_meta":[],"jnews_override_counter":[],"footnotes":""},"categories":[112],"post_tag":[230,18203,378],"class_list":["post-232688","post","type-post","status-publish","format-standard","has-post-thumbnail","hentry","category-curiosidades","tag-animais","tag-apelido","tag-cachorro"],"yoast_head":"<!-- This site is optimized with the Yoast SEO plugin v24.6 - https:\/\/yoast.com\/wordpress\/plugins\/seo\/ -->\n<title>Chamar seu gato pelo apelido carinhoso, por que isso pode prender mais a aten\u00e7\u00e3o dele do que o pr\u00f3prio nome - Correio Braziliense - Radar<\/title>\n<meta name=\"description\" content=\"Alongamentos fim do dia s\u00e3o uma forma simples de relaxar m\u00fasculos e diminuir rigidez acumulada ap\u00f3s a rotina di\u00e1ria intensa\" \/>\n<meta name=\"robots\" content=\"index, follow, max-snippet:-1, max-image-preview:large, max-video-preview:-1\" \/>\n<link rel=\"canonical\" href=\"https:\/\/www.correiobraziliense.com.br\/cbradar\/chamar-seu-gato-pelo-apelido-carinhoso-por-que-isso-pode-prender-mais-a-atencao-dele-do-que-o-proprio-nome\/\" \/>\n<meta property=\"og:locale\" content=\"pt_BR\" \/>\n<meta property=\"og:type\" content=\"article\" \/>\n<meta property=\"og:title\" content=\"Chamar seu gato pelo apelido carinhoso, por que isso pode prender mais a aten\u00e7\u00e3o dele do que o pr\u00f3prio nome - Correio Braziliense - Radar\" \/>\n<meta property=\"og:description\" content=\"Alongamentos fim do dia s\u00e3o uma forma simples de relaxar m\u00fasculos e diminuir rigidez acumulada ap\u00f3s a rotina di\u00e1ria intensa\" \/>\n<meta property=\"og:url\" content=\"https:\/\/www.correiobraziliense.com.br\/cbradar\/chamar-seu-gato-pelo-apelido-carinhoso-por-que-isso-pode-prender-mais-a-atencao-dele-do-que-o-proprio-nome\/\" \/>\n<meta property=\"og:site_name\" content=\"Correio Braziliense - Radar\" \/>\n<meta property=\"article:published_time\" content=\"2026-04-27T19:25:00+00:00\" \/>\n<meta property=\"og:image\" content=\"https:\/\/www.correiobraziliense.com.br\/cbradar\/wp-content\/uploads\/2026\/04\/download-1-1-1.png\" \/>\n\t<meta property=\"og:image:width\" content=\"1280\" \/>\n\t<meta property=\"og:image:height\" content=\"720\" \/>\n\t<meta property=\"og:image:type\" content=\"image\/png\" \/>\n<meta name=\"author\" content=\"Nicolas Otto\" \/>\n<meta name=\"twitter:card\" content=\"summary_large_image\" \/>\n<meta name=\"twitter:label1\" content=\"Escrito por\" \/>\n\t<meta name=\"twitter:data1\" content=\"Nicolas Otto\" \/>\n\t<meta name=\"twitter:label2\" content=\"Est. tempo de leitura\" \/>\n\t<meta name=\"twitter:data2\" content=\"4 minutos\" \/>\n<!-- \/ Yoast SEO plugin. -->","yoast_head_json":{"title":"Chamar seu gato pelo apelido carinhoso, por que isso pode prender mais a aten\u00e7\u00e3o dele do que o pr\u00f3prio nome - Correio Braziliense - Radar","description":"Alongamentos fim do dia s\u00e3o uma forma simples de relaxar m\u00fasculos e diminuir rigidez acumulada ap\u00f3s a rotina di\u00e1ria intensa","robots":{"index":"index","follow":"follow","max-snippet":"max-snippet:-1","max-image-preview":"max-image-preview:large","max-video-preview":"max-video-preview:-1"},"canonical":"https:\/\/www.correiobraziliense.com.br\/cbradar\/chamar-seu-gato-pelo-apelido-carinhoso-por-que-isso-pode-prender-mais-a-atencao-dele-do-que-o-proprio-nome\/","og_locale":"pt_BR","og_type":"article","og_title":"Chamar seu gato pelo apelido carinhoso, por que isso pode prender mais a aten\u00e7\u00e3o dele do que o pr\u00f3prio nome - Correio Braziliense - Radar","og_description":"Alongamentos fim do dia s\u00e3o uma forma simples de relaxar m\u00fasculos e diminuir rigidez acumulada ap\u00f3s a rotina di\u00e1ria intensa","og_url":"https:\/\/www.correiobraziliense.com.br\/cbradar\/chamar-seu-gato-pelo-apelido-carinhoso-por-que-isso-pode-prender-mais-a-atencao-dele-do-que-o-proprio-nome\/","og_site_name":"Correio Braziliense - Radar","article_published_time":"2026-04-27T19:25:00+00:00","og_image":[{"width":1280,"height":720,"url":"https:\/\/www.correiobraziliense.com.br\/cbradar\/wp-content\/uploads\/2026\/04\/download-1-1-1.png","type":"image\/png"}],"author":"Nicolas Otto","twitter_card":"summary_large_image","twitter_misc":{"Escrito por":"Nicolas Otto","Est. tempo de leitura":"4 minutos"},"schema":{"@context":"https:\/\/schema.org","@graph":[{"@type":"WebPage","@id":"https:\/\/www.correiobraziliense.com.br\/cbradar\/chamar-seu-gato-pelo-apelido-carinhoso-por-que-isso-pode-prender-mais-a-atencao-dele-do-que-o-proprio-nome\/","url":"https:\/\/www.correiobraziliense.com.br\/cbradar\/chamar-seu-gato-pelo-apelido-carinhoso-por-que-isso-pode-prender-mais-a-atencao-dele-do-que-o-proprio-nome\/","name":"Chamar seu gato pelo apelido carinhoso, por que isso pode prender mais a aten\u00e7\u00e3o dele do que o pr\u00f3prio nome - Correio Braziliense - Radar","isPartOf":{"@id":"https:\/\/www.correiobraziliense.com.br\/cbradar\/#website"},"primaryImageOfPage":{"@id":"https:\/\/www.correiobraziliense.com.br\/cbradar\/chamar-seu-gato-pelo-apelido-carinhoso-por-que-isso-pode-prender-mais-a-atencao-dele-do-que-o-proprio-nome\/#primaryimage"},"image":{"@id":"https:\/\/www.correiobraziliense.com.br\/cbradar\/chamar-seu-gato-pelo-apelido-carinhoso-por-que-isso-pode-prender-mais-a-atencao-dele-do-que-o-proprio-nome\/#primaryimage"},"thumbnailUrl":"https:\/\/www.correiobraziliense.com.br\/cbradar\/wp-content\/uploads\/2026\/04\/download-1-1-1.png","datePublished":"2026-04-27T19:25:00+00:00","author":{"@id":"https:\/\/www.correiobraziliense.com.br\/cbradar\/#\/schema\/person\/3221b250518e74ac52c442d1c1236aaa"},"description":"Alongamentos fim do dia s\u00e3o uma forma simples de relaxar m\u00fasculos e diminuir rigidez acumulada ap\u00f3s a rotina di\u00e1ria intensa","breadcrumb":{"@id":"https:\/\/www.correiobraziliense.com.br\/cbradar\/chamar-seu-gato-pelo-apelido-carinhoso-por-que-isso-pode-prender-mais-a-atencao-dele-do-que-o-proprio-nome\/#breadcrumb"},"inLanguage":"pt-BR","potentialAction":[{"@type":"ReadAction","target":["https:\/\/www.correiobraziliense.com.br\/cbradar\/chamar-seu-gato-pelo-apelido-carinhoso-por-que-isso-pode-prender-mais-a-atencao-dele-do-que-o-proprio-nome\/"]}]},{"@type":"ImageObject","inLanguage":"pt-BR","@id":"https:\/\/www.correiobraziliense.com.br\/cbradar\/chamar-seu-gato-pelo-apelido-carinhoso-por-que-isso-pode-prender-mais-a-atencao-dele-do-que-o-proprio-nome\/#primaryimage","url":"https:\/\/www.correiobraziliense.com.br\/cbradar\/wp-content\/uploads\/2026\/04\/download-1-1-1.png","contentUrl":"https:\/\/www.correiobraziliense.com.br\/cbradar\/wp-content\/uploads\/2026\/04\/download-1-1-1.png","width":1280,"height":720,"caption":"O segredo da \u201cvoz de gato\u201d que prende a aten\u00e7\u00e3o do felino"},{"@type":"BreadcrumbList","@id":"https:\/\/www.correiobraziliense.com.br\/cbradar\/chamar-seu-gato-pelo-apelido-carinhoso-por-que-isso-pode-prender-mais-a-atencao-dele-do-que-o-proprio-nome\/#breadcrumb","itemListElement":[{"@type":"ListItem","position":1,"name":"In\u00edcio","item":"https:\/\/www.correiobraziliense.com.br\/cbradar\/"},{"@type":"ListItem","position":2,"name":"Chamar seu gato pelo apelido carinhoso, por que isso pode prender mais a aten\u00e7\u00e3o dele do que o pr\u00f3prio nome"}]},{"@type":"WebSite","@id":"https:\/\/www.correiobraziliense.com.br\/cbradar\/#website","url":"https:\/\/www.correiobraziliense.com.br\/cbradar\/","name":"Correio Braziliense - Radar","description":"Acompanhe as \u00faltimas not\u00edcias e fique bem informado sobre tudo o que acontece no Brasil e no mundo.","potentialAction":[{"@type":"SearchAction","target":{"@type":"EntryPoint","urlTemplate":"https:\/\/www.correiobraziliense.com.br\/cbradar\/?s={search_term_string}"},"query-input":{"@type":"PropertyValueSpecification","valueRequired":true,"valueName":"search_term_string"}}],"inLanguage":"pt-BR"},{"@type":"Person","@id":"https:\/\/www.correiobraziliense.com.br\/cbradar\/#\/schema\/person\/3221b250518e74ac52c442d1c1236aaa","name":"Nicolas Otto","image":{"@type":"ImageObject","inLanguage":"pt-BR","@id":"https:\/\/www.correiobraziliense.com.br\/cbradar\/#\/schema\/person\/image\/","url":"https:\/\/secure.gravatar.com\/avatar\/05925f730d72f0ea0df144f236adfb18?s=96&d=mm&r=g","contentUrl":"https:\/\/secure.gravatar.com\/avatar\/05925f730d72f0ea0df144f236adfb18?s=96&d=mm&r=g","caption":"Nicolas Otto"},"sameAs":["https:\/\/www.correiobraziliense.com.br\/cbradar\/"],"url":"https:\/\/www.correiobraziliense.com.br\/cbradar\/author\/nicolas-otto\/"}]}},"_links":{"self":[{"href":"https:\/\/www.correiobraziliense.com.br\/cbradar\/wp-json\/wp\/v2\/posts\/232688","targetHints":{"allow":["GET"]}}],"collection":[{"href":"https:\/\/www.correiobraziliense.com.br\/cbradar\/wp-json\/wp\/v2\/posts"}],"about":[{"href":"https:\/\/www.correiobraziliense.com.br\/cbradar\/wp-json\/wp\/v2\/types\/post"}],"author":[{"embeddable":true,"href":"https:\/\/www.correiobraziliense.com.br\/cbradar\/wp-json\/wp\/v2\/users\/23"}],"replies":[{"embeddable":true,"href":"https:\/\/www.correiobraziliense.com.br\/cbradar\/wp-json\/wp\/v2\/comments?post=232688"}],"version-history":[{"count":1,"href":"https:\/\/www.correiobraziliense.com.br\/cbradar\/wp-json\/wp\/v2\/posts\/232688\/revisions"}],"predecessor-version":[{"id":232691,"href":"https:\/\/www.correiobraziliense.com.br\/cbradar\/wp-json\/wp\/v2\/posts\/232688\/revisions\/232691"}],"wp:featuredmedia":[{"embeddable":true,"href":"https:\/\/www.correiobraziliense.com.br\/cbradar\/wp-json\/wp\/v2\/media\/232690"}],"wp:attachment":[{"href":"https:\/\/www.correiobraziliense.com.br\/cbradar\/wp-json\/wp\/v2\/media?parent=232688"}],"wp:term":[{"taxonomy":"category","embeddable":true,"href":"https:\/\/www.correiobraziliense.com.br\/cbradar\/wp-json\/wp\/v2\/categories?post=232688"},{"taxonomy":"post_tag","embeddable":true,"href":"https:\/\/www.correiobraziliense.com.br\/cbradar\/wp-json\/wp\/v2\/post_tag?post=232688"}],"curies":[{"name":"wp","href":"https:\/\/api.w.org\/{rel}","templated":true}]}}