{"id":232692,"date":"2026-04-27T12:55:00","date_gmt":"2026-04-27T15:55:00","guid":{"rendered":"https:\/\/www.correiobraziliense.com.br\/cbradar\/?p=232692"},"modified":"2026-04-26T18:33:49","modified_gmt":"2026-04-26T21:33:49","slug":"por-que-os-caes-seguem-os-donos-pela-casa-mesmo-quando-nao-querem-nada","status":"publish","type":"post","link":"https:\/\/www.correiobraziliense.com.br\/cbradar\/por-que-os-caes-seguem-os-donos-pela-casa-mesmo-quando-nao-querem-nada\/","title":{"rendered":"Por que os c\u00e3es inclinam a cabe\u00e7a quando conversam com seu dono"},"content":{"rendered":"\n<p>Ao conviver diariamente com c\u00e3es, muitas pessoas observam a inclina\u00e7\u00e3o de cabe\u00e7a quando escutam a voz humana. Esse gesto, que chama aten\u00e7\u00e3o em fotos e v\u00eddeos, vem sendo estudado como poss\u00edvel indicador de processamento de linguagem, sugerindo que os c\u00e3es usam mecanismos cerebrais espec\u00edficos para interpretar palavras, entona\u00e7\u00f5es e sinais sociais emitidos por humanos.<\/p>\n\n\n\n<h2 class=\"wp-block-heading\">Inclina\u00e7\u00e3o de cabe\u00e7a em c\u00e3es e sua rela\u00e7\u00e3o com a comunica\u00e7\u00e3o<\/h2>\n\n\n\n<p>A inclina\u00e7\u00e3o de cabe\u00e7a em c\u00e3es deixou de ser apenas um gesto curioso e passou a ser investigada como comportamento social complexo. Em experimentos com fam\u00edlias e seus <a href=\"https:\/\/www.correiobraziliense.com.br\/cbradar\/animais-de-estimacao-que-dao-pouca-manutencao-e-fazem-companhia-para-criancas-opcoes-ideais-para-uma-rotina-leve-em-familia\/\" target=\"_blank\" rel=\"noreferrer noopener\">animais<\/a>, o gesto apareceu principalmente em momentos de intera\u00e7\u00e3o direta, contato visual e uso de linguagem conhecida pelo c\u00e3o.<\/p>\n\n\n\n<p>Os registros mostram que os c\u00e3es inclinam mais a cabe\u00e7a quando escutam termos associados a experi\u00eancias relevantes, como passeios, brincadeiras ou alimenta\u00e7\u00e3o. Nesses contextos, o animal parece engajar-se em uma esp\u00e9cie de \u201cdi\u00e1logo\u201d com o tutor, reagindo tanto ao conte\u00fado das palavras quanto ao tom emocional da fala humana.<\/p>\n\n\n\n<figure class=\"wp-block-image size-full\"><img decoding=\"async\" width=\"1280\" height=\"720\" src=\"https:\/\/www.correiobraziliense.com.br\/cbradar\/wp-content\/uploads\/2026\/04\/download-3-1-1.png\" alt=\"Por que os c\u00e3es seguem os donos pela casa mesmo quando n\u00e3o querem nada\" class=\"wp-image-232694\" srcset=\"https:\/\/www.correiobraziliense.com.br\/cbradar\/wp-content\/uploads\/2026\/04\/download-3-1-1.png 1280w, https:\/\/www.correiobraziliense.com.br\/cbradar\/wp-content\/uploads\/2026\/04\/download-3-1-1-300x169.png 300w, https:\/\/www.correiobraziliense.com.br\/cbradar\/wp-content\/uploads\/2026\/04\/download-3-1-1-768x432.png 768w, https:\/\/www.correiobraziliense.com.br\/cbradar\/wp-content\/uploads\/2026\/04\/download-3-1-1-750x422.png 750w, https:\/\/www.correiobraziliense.com.br\/cbradar\/wp-content\/uploads\/2026\/04\/download-3-1-1-1140x641.png 1140w\" sizes=\"(max-width: 1280px) 100vw, 1280px\" \/><figcaption class=\"wp-element-caption\">Seu cachorro faz isso ao te ouvir e o motivo surpreende<\/figcaption><\/figure>\n\n\n\n<h2 class=\"wp-block-heading\">Como o c\u00e9rebro do c\u00e3o processa palavras humanas<\/h2>\n\n\n\n<p>Pesquisas com resson\u00e2ncia magn\u00e9tica funcional indicam que o c\u00e9rebro canino apresenta certa organiza\u00e7\u00e3o funcional semelhante \u00e0 humana no processamento de linguagem. Palavras j\u00e1 conhecidas tendem a ativar mais o hemisf\u00e9rio esquerdo, enquanto sons novos ou inesperados geram maior resposta no hemisf\u00e9rio direito.<\/p>\n\n\n\n<p>Esse padr\u00e3o sugere que a inclina\u00e7\u00e3o de cabe\u00e7a do cachorro pode refletir a a\u00e7\u00e3o de \u00e1reas cerebrais envolvidas em distinguir termos familiares de est\u00edmulos pouco conhecidos. Em alguns casos, notou-se leve prefer\u00eancia por inclinar a cabe\u00e7a para o lado direito diante de palavras conhecidas, possivelmente ligada \u00e0 predomin\u00e2ncia do hemisf\u00e9rio esquerdo na interpreta\u00e7\u00e3o lingu\u00edstica.<\/p>\n\n\n\n<h2 class=\"wp-block-heading\">Quais fatores explicam por que alguns c\u00e3es inclinam mais a cabe\u00e7a<\/h2>\n\n\n\n<p>Estudos com grandes amostras mostram grande <a href=\"https:\/\/pubmed.ncbi.nlm.nih.gov\/34697669\/\" target=\"_blank\" rel=\"noreferrer noopener\">varia\u00e7\u00e3o individual <\/a>na inclina\u00e7\u00e3o de cabe\u00e7a. Alguns c\u00e3es manifestam o gesto de forma consistente em diferentes situa\u00e7\u00f5es, enquanto outros quase n\u00e3o o exibem, mesmo demonstrando aten\u00e7\u00e3o \u00e0 fala do tutor e obedecendo a comandos.<\/p>\n\n\n\n<p>Pesquisadores destacam m\u00faltiplos fatores que podem influenciar essa diferen\u00e7a entre animais, refor\u00e7ando que o comportamento n\u00e3o \u00e9 obrigat\u00f3rio nem exclusivo de c\u00e3es mais inteligentes:<\/p>\n\n\n\n<figure class=\"wp-block-image size-full\"><img decoding=\"async\" width=\"1280\" height=\"705\" src=\"https:\/\/www.correiobraziliense.com.br\/cbradar\/wp-content\/uploads\/2026\/04\/convertido-88.jpg\" alt=\"\" class=\"wp-image-232693\" srcset=\"https:\/\/www.correiobraziliense.com.br\/cbradar\/wp-content\/uploads\/2026\/04\/convertido-88.jpg 1280w, https:\/\/www.correiobraziliense.com.br\/cbradar\/wp-content\/uploads\/2026\/04\/convertido-88-300x165.jpg 300w, https:\/\/www.correiobraziliense.com.br\/cbradar\/wp-content\/uploads\/2026\/04\/convertido-88-768x423.jpg 768w, https:\/\/www.correiobraziliense.com.br\/cbradar\/wp-content\/uploads\/2026\/04\/convertido-88-750x413.jpg 750w, https:\/\/www.correiobraziliense.com.br\/cbradar\/wp-content\/uploads\/2026\/04\/convertido-88-1140x628.jpg 1140w\" sizes=\"(max-width: 1280px) 100vw, 1280px\" \/><\/figure>\n\n\n\n<h2 class=\"wp-block-heading\">A inclina\u00e7\u00e3o de cabe\u00e7a do cachorro \u00e9 apenas um gesto fofo<\/h2>\n\n\n\n<p>Do ponto de vista humano, o c\u00e3o que inclina a cabe\u00e7a costuma ser visto como mais \u201cbonito\u201d ou \u201cagrad\u00e1vel\u201d, o que gera avalia\u00e7\u00f5es mais positivas em fotos e v\u00eddeos. Entretanto, especialistas indicam que o animal n\u00e3o realiza o gesto de forma consciente para agradar, mas como parte de seu repert\u00f3rio natural de resposta \u00e0 comunica\u00e7\u00e3o humana.<\/p>\n\n\n\n<p>Esse efeito pode estar ligado \u00e0 neotenia, a manuten\u00e7\u00e3o de tra\u00e7os juvenis em adultos, como olhos grandes e express\u00e3o suave. Ao longo da domestica\u00e7\u00e3o, c\u00e3es mais aptos \u00e0 comunica\u00e7\u00e3o social e que despertavam maior cuidado teriam sido favorecidos, tornando a inclina\u00e7\u00e3o de cabe\u00e7a um sinal vis\u00edvel de engajamento e processamento social.<\/p>\n\n\n\n<p><br>Este v\u00eddeo do canal <strong>Alexandre Rossi Dr Pet<\/strong>, que j\u00e1 re\u00fane 330 mil inscritos, foi selecionado especialmente para voc\u00ea que quer entender por que os c\u00e3es inclinam a cabe\u00e7a. A explica\u00e7\u00e3o \u00e9 clara e baseada em ci\u00eancia, ajudando a interpretar melhor esse comportamento t\u00e3o comum no dia a dia.<\/p>\n\n\n\n<figure class=\"wp-block-embed is-type-video is-provider-youtube wp-block-embed-youtube wp-embed-aspect-16-9 wp-has-aspect-ratio\"><div class=\"wp-block-embed__wrapper\">\n<div class=\"jeg_video_container jeg_video_content\"><iframe loading=\"lazy\" title=\"Por que os c\u00e3es inclinam a cabe\u00e7a? O que diz a Ci\u00eancia sobre isso\" width=\"500\" height=\"281\" src=\"https:\/\/www.youtube.com\/embed\/A5Ojp2rflDU?feature=oembed\" frameborder=\"0\" allow=\"accelerometer; autoplay; clipboard-write; encrypted-media; gyroscope; picture-in-picture; web-share\" referrerpolicy=\"strict-origin-when-cross-origin\" allowfullscreen><\/iframe><\/div>\n<\/div><\/figure>\n\n\n\n<h2 class=\"wp-block-heading\">O que a inclina\u00e7\u00e3o de cabe\u00e7a em c\u00e3es revela sobre a conviv\u00eancia com humanos<\/h2>\n\n\n\n<p>A sequ\u00eancia de eventos que envolve esse gesto ajuda a entender melhor a comunica\u00e7\u00e3o entre c\u00e3es e pessoas. Ao ouvir o pr\u00f3prio nome, um comando ou uma express\u00e3o carinhosa, o c\u00e3o ativa circuitos cerebrais que distinguem termos conhecidos, direciona a aten\u00e7\u00e3o ao tutor e, em muitos casos, manifesta a inclina\u00e7\u00e3o de cabe\u00e7a.<\/p>\n\n\n\n<p>Para tutores, profissionais e pesquisadores, essa resposta oferece uma janela privilegiada para observar como os c\u00e3es escutam, interpretam e respondem \u00e0 fala humana. Mais do que um gesto fotog\u00eanico, trata-se de um indicativo de que a esp\u00e9cie canina desenvolveu habilidades refinadas para conviver e se comunicar conosco ao longo de milhares de anos de domestica\u00e7\u00e3o.<\/p>\n","protected":false},"excerpt":{"rendered":"<p>C\u00e3es inclinam a cabe\u00e7a ao escutar a voz do tutor. Entenda o que esse gesto revela sobre o c\u00e9rebro e o comportamento animal<\/p>\n","protected":false},"author":23,"featured_media":232695,"comment_status":"open","ping_status":"open","sticky":false,"template":"","format":"standard","meta":{"_yoast_wpseo_focuskw":"C\u00e3es seguem os donos","_yoast_wpseo_title":"","_yoast_wpseo_metadesc":"C\u00e3es inclinam a cabe\u00e7a ao escutar a voz do tutor. Entenda o que esse gesto revela sobre o c\u00e9rebro e o comportamento animal","jnews-multi-image_gallery":[],"jnews_single_post":{"format":"standard"},"jnews_primary_category":[],"jnews_social_meta":[],"jnews_override_counter":[],"footnotes":""},"categories":[112],"post_tag":[],"class_list":["post-232692","post","type-post","status-publish","format-standard","has-post-thumbnail","hentry","category-curiosidades"],"yoast_head":"<!-- This site is optimized with the Yoast SEO plugin v24.6 - https:\/\/yoast.com\/wordpress\/plugins\/seo\/ -->\n<title>Por que os c\u00e3es inclinam a cabe\u00e7a quando conversam com seu dono - Correio Braziliense - Radar<\/title>\n<meta name=\"description\" content=\"C\u00e3es inclinam a cabe\u00e7a ao escutar a voz do tutor. Entenda o que esse gesto revela sobre o c\u00e9rebro e o comportamento animal\" \/>\n<meta name=\"robots\" content=\"index, follow, max-snippet:-1, max-image-preview:large, max-video-preview:-1\" \/>\n<link rel=\"canonical\" href=\"https:\/\/www.correiobraziliense.com.br\/cbradar\/por-que-os-caes-seguem-os-donos-pela-casa-mesmo-quando-nao-querem-nada\/\" \/>\n<meta property=\"og:locale\" content=\"pt_BR\" \/>\n<meta property=\"og:type\" content=\"article\" \/>\n<meta property=\"og:title\" content=\"Por que os c\u00e3es inclinam a cabe\u00e7a quando conversam com seu dono - Correio Braziliense - Radar\" \/>\n<meta property=\"og:description\" content=\"C\u00e3es inclinam a cabe\u00e7a ao escutar a voz do tutor. Entenda o que esse gesto revela sobre o c\u00e9rebro e o comportamento animal\" \/>\n<meta property=\"og:url\" content=\"https:\/\/www.correiobraziliense.com.br\/cbradar\/por-que-os-caes-seguem-os-donos-pela-casa-mesmo-quando-nao-querem-nada\/\" \/>\n<meta property=\"og:site_name\" content=\"Correio Braziliense - Radar\" \/>\n<meta property=\"article:published_time\" content=\"2026-04-27T15:55:00+00:00\" \/>\n<meta property=\"og:image\" content=\"https:\/\/www.correiobraziliense.com.br\/cbradar\/wp-content\/uploads\/2026\/04\/download-4-1-1.png\" \/>\n\t<meta property=\"og:image:width\" content=\"1280\" \/>\n\t<meta property=\"og:image:height\" content=\"720\" \/>\n\t<meta property=\"og:image:type\" content=\"image\/png\" \/>\n<meta name=\"author\" content=\"Nicolas Otto\" \/>\n<meta name=\"twitter:card\" content=\"summary_large_image\" \/>\n<meta name=\"twitter:label1\" content=\"Escrito por\" \/>\n\t<meta name=\"twitter:data1\" content=\"Nicolas Otto\" \/>\n\t<meta name=\"twitter:label2\" content=\"Est. tempo de leitura\" \/>\n\t<meta name=\"twitter:data2\" content=\"5 minutos\" \/>\n<!-- \/ Yoast SEO plugin. -->","yoast_head_json":{"title":"Por que os c\u00e3es inclinam a cabe\u00e7a quando conversam com seu dono - Correio Braziliense - Radar","description":"C\u00e3es inclinam a cabe\u00e7a ao escutar a voz do tutor. Entenda o que esse gesto revela sobre o c\u00e9rebro e o comportamento animal","robots":{"index":"index","follow":"follow","max-snippet":"max-snippet:-1","max-image-preview":"max-image-preview:large","max-video-preview":"max-video-preview:-1"},"canonical":"https:\/\/www.correiobraziliense.com.br\/cbradar\/por-que-os-caes-seguem-os-donos-pela-casa-mesmo-quando-nao-querem-nada\/","og_locale":"pt_BR","og_type":"article","og_title":"Por que os c\u00e3es inclinam a cabe\u00e7a quando conversam com seu dono - Correio Braziliense - Radar","og_description":"C\u00e3es inclinam a cabe\u00e7a ao escutar a voz do tutor. Entenda o que esse gesto revela sobre o c\u00e9rebro e o comportamento animal","og_url":"https:\/\/www.correiobraziliense.com.br\/cbradar\/por-que-os-caes-seguem-os-donos-pela-casa-mesmo-quando-nao-querem-nada\/","og_site_name":"Correio Braziliense - Radar","article_published_time":"2026-04-27T15:55:00+00:00","og_image":[{"width":1280,"height":720,"url":"https:\/\/www.correiobraziliense.com.br\/cbradar\/wp-content\/uploads\/2026\/04\/download-4-1-1.png","type":"image\/png"}],"author":"Nicolas Otto","twitter_card":"summary_large_image","twitter_misc":{"Escrito por":"Nicolas Otto","Est. tempo de leitura":"5 minutos"},"schema":{"@context":"https:\/\/schema.org","@graph":[{"@type":"WebPage","@id":"https:\/\/www.correiobraziliense.com.br\/cbradar\/por-que-os-caes-seguem-os-donos-pela-casa-mesmo-quando-nao-querem-nada\/","url":"https:\/\/www.correiobraziliense.com.br\/cbradar\/por-que-os-caes-seguem-os-donos-pela-casa-mesmo-quando-nao-querem-nada\/","name":"Por que os c\u00e3es inclinam a cabe\u00e7a quando conversam com seu dono - Correio Braziliense - Radar","isPartOf":{"@id":"https:\/\/www.correiobraziliense.com.br\/cbradar\/#website"},"primaryImageOfPage":{"@id":"https:\/\/www.correiobraziliense.com.br\/cbradar\/por-que-os-caes-seguem-os-donos-pela-casa-mesmo-quando-nao-querem-nada\/#primaryimage"},"image":{"@id":"https:\/\/www.correiobraziliense.com.br\/cbradar\/por-que-os-caes-seguem-os-donos-pela-casa-mesmo-quando-nao-querem-nada\/#primaryimage"},"thumbnailUrl":"https:\/\/www.correiobraziliense.com.br\/cbradar\/wp-content\/uploads\/2026\/04\/download-4-1-1.png","datePublished":"2026-04-27T15:55:00+00:00","author":{"@id":"https:\/\/www.correiobraziliense.com.br\/cbradar\/#\/schema\/person\/3221b250518e74ac52c442d1c1236aaa"},"description":"C\u00e3es inclinam a cabe\u00e7a ao escutar a voz do tutor. Entenda o que esse gesto revela sobre o c\u00e9rebro e o comportamento animal","breadcrumb":{"@id":"https:\/\/www.correiobraziliense.com.br\/cbradar\/por-que-os-caes-seguem-os-donos-pela-casa-mesmo-quando-nao-querem-nada\/#breadcrumb"},"inLanguage":"pt-BR","potentialAction":[{"@type":"ReadAction","target":["https:\/\/www.correiobraziliense.com.br\/cbradar\/por-que-os-caes-seguem-os-donos-pela-casa-mesmo-quando-nao-querem-nada\/"]}]},{"@type":"ImageObject","inLanguage":"pt-BR","@id":"https:\/\/www.correiobraziliense.com.br\/cbradar\/por-que-os-caes-seguem-os-donos-pela-casa-mesmo-quando-nao-querem-nada\/#primaryimage","url":"https:\/\/www.correiobraziliense.com.br\/cbradar\/wp-content\/uploads\/2026\/04\/download-4-1-1.png","contentUrl":"https:\/\/www.correiobraziliense.com.br\/cbradar\/wp-content\/uploads\/2026\/04\/download-4-1-1.png","width":1280,"height":720,"caption":"Seu cachorro faz isso ao te ouvir e o motivo surpreende"},{"@type":"BreadcrumbList","@id":"https:\/\/www.correiobraziliense.com.br\/cbradar\/por-que-os-caes-seguem-os-donos-pela-casa-mesmo-quando-nao-querem-nada\/#breadcrumb","itemListElement":[{"@type":"ListItem","position":1,"name":"In\u00edcio","item":"https:\/\/www.correiobraziliense.com.br\/cbradar\/"},{"@type":"ListItem","position":2,"name":"Por que os c\u00e3es inclinam a cabe\u00e7a quando conversam com seu dono"}]},{"@type":"WebSite","@id":"https:\/\/www.correiobraziliense.com.br\/cbradar\/#website","url":"https:\/\/www.correiobraziliense.com.br\/cbradar\/","name":"Correio Braziliense - Radar","description":"Acompanhe as \u00faltimas not\u00edcias e fique bem informado sobre tudo o que acontece no Brasil e no mundo.","potentialAction":[{"@type":"SearchAction","target":{"@type":"EntryPoint","urlTemplate":"https:\/\/www.correiobraziliense.com.br\/cbradar\/?s={search_term_string}"},"query-input":{"@type":"PropertyValueSpecification","valueRequired":true,"valueName":"search_term_string"}}],"inLanguage":"pt-BR"},{"@type":"Person","@id":"https:\/\/www.correiobraziliense.com.br\/cbradar\/#\/schema\/person\/3221b250518e74ac52c442d1c1236aaa","name":"Nicolas Otto","image":{"@type":"ImageObject","inLanguage":"pt-BR","@id":"https:\/\/www.correiobraziliense.com.br\/cbradar\/#\/schema\/person\/image\/","url":"https:\/\/secure.gravatar.com\/avatar\/05925f730d72f0ea0df144f236adfb18?s=96&d=mm&r=g","contentUrl":"https:\/\/secure.gravatar.com\/avatar\/05925f730d72f0ea0df144f236adfb18?s=96&d=mm&r=g","caption":"Nicolas Otto"},"sameAs":["https:\/\/www.correiobraziliense.com.br\/cbradar\/"],"url":"https:\/\/www.correiobraziliense.com.br\/cbradar\/author\/nicolas-otto\/"}]}},"_links":{"self":[{"href":"https:\/\/www.correiobraziliense.com.br\/cbradar\/wp-json\/wp\/v2\/posts\/232692","targetHints":{"allow":["GET"]}}],"collection":[{"href":"https:\/\/www.correiobraziliense.com.br\/cbradar\/wp-json\/wp\/v2\/posts"}],"about":[{"href":"https:\/\/www.correiobraziliense.com.br\/cbradar\/wp-json\/wp\/v2\/types\/post"}],"author":[{"embeddable":true,"href":"https:\/\/www.correiobraziliense.com.br\/cbradar\/wp-json\/wp\/v2\/users\/23"}],"replies":[{"embeddable":true,"href":"https:\/\/www.correiobraziliense.com.br\/cbradar\/wp-json\/wp\/v2\/comments?post=232692"}],"version-history":[{"count":2,"href":"https:\/\/www.correiobraziliense.com.br\/cbradar\/wp-json\/wp\/v2\/posts\/232692\/revisions"}],"predecessor-version":[{"id":232698,"href":"https:\/\/www.correiobraziliense.com.br\/cbradar\/wp-json\/wp\/v2\/posts\/232692\/revisions\/232698"}],"wp:featuredmedia":[{"embeddable":true,"href":"https:\/\/www.correiobraziliense.com.br\/cbradar\/wp-json\/wp\/v2\/media\/232695"}],"wp:attachment":[{"href":"https:\/\/www.correiobraziliense.com.br\/cbradar\/wp-json\/wp\/v2\/media?parent=232692"}],"wp:term":[{"taxonomy":"category","embeddable":true,"href":"https:\/\/www.correiobraziliense.com.br\/cbradar\/wp-json\/wp\/v2\/categories?post=232692"},{"taxonomy":"post_tag","embeddable":true,"href":"https:\/\/www.correiobraziliense.com.br\/cbradar\/wp-json\/wp\/v2\/post_tag?post=232692"}],"curies":[{"name":"wp","href":"https:\/\/api.w.org\/{rel}","templated":true}]}}