{"id":232729,"date":"2026-04-28T10:45:00","date_gmt":"2026-04-28T13:45:00","guid":{"rendered":"https:\/\/www.correiobraziliense.com.br\/cbradar\/?p=232729"},"modified":"2026-04-27T14:24:47","modified_gmt":"2026-04-27T17:24:47","slug":"5-racas-de-cachorro-doceis-para-familias-que-querem-um-pet-tranquilo-com-criancas-em-casa","status":"publish","type":"post","link":"https:\/\/www.correiobraziliense.com.br\/cbradar\/5-racas-de-cachorro-doceis-para-familias-que-querem-um-pet-tranquilo-com-criancas-em-casa\/","title":{"rendered":"5 ra\u00e7as de cachorro d\u00f3ceis para fam\u00edlias que querem um pet tranquilo com crian\u00e7as em casa"},"content":{"rendered":"\n<p>Escolher o companheiro ideal para o ambiente familiar exige aten\u00e7\u00e3o ao temperamento do animal, priorizando <strong>ra\u00e7as de cachorro d\u00f3ceis<\/strong> que possuam paci\u00eancia elevada. Ter um pet tranquilo em casa transforma a din\u00e2mica com os pequenos, promovendo um senso de responsabilidade e oferecendo um suporte emocional inestim\u00e1vel para o desenvolvimento infantil.<\/p>\n\n\n\n<h2 class=\"wp-block-heading\">Por que a paci\u00eancia \u00e9 o atributo principal em c\u00e3es familiares<\/h2>\n\n\n\n<p>C\u00e3es que convivem com crian\u00e7as precisam ter um limite de toler\u00e2ncia alto, j\u00e1 que o ambiente dom\u00e9stico costuma ser repleto de barulhos e movimentos bruscos. A <strong>docilidade heredit\u00e1ria<\/strong> de certas linhagens garante que o animal reaja com calma a abra\u00e7os apertados ou brincadeiras inesperadas, evitando rea\u00e7\u00f5es de medo ou agressividade defensiva.<\/p>\n\n\n\n<p>Al\u00e9m da seguran\u00e7a, um animal sereno ajuda a estabilizar o n\u00edvel de estresse da casa, servindo como uma influ\u00eancia pacificadora durante os momentos de agita\u00e7\u00e3o. Ao selecionar ra\u00e7as conhecidas pelo <strong>equil\u00edbrio emocional<\/strong>, a fam\u00edlia garante que a introdu\u00e7\u00e3o do pet seja uma fonte de mem\u00f3rias positivas e aprendizado m\u00fatuo sobre respeito e cuidado com os seres vivos.<\/p>\n\n\n<div class=\"wp-block-image\">\n<figure class=\"aligncenter size-full\"><img decoding=\"async\" width=\"1280\" height=\"720\" src=\"https:\/\/www.correiobraziliense.com.br\/cbradar\/wp-content\/uploads\/2026\/04\/criancas-e-animais_1777241417008.jpg\" alt=\"\" class=\"wp-image-232703\" srcset=\"https:\/\/www.correiobraziliense.com.br\/cbradar\/wp-content\/uploads\/2026\/04\/criancas-e-animais_1777241417008.jpg 1280w, https:\/\/www.correiobraziliense.com.br\/cbradar\/wp-content\/uploads\/2026\/04\/criancas-e-animais_1777241417008-300x169.jpg 300w, https:\/\/www.correiobraziliense.com.br\/cbradar\/wp-content\/uploads\/2026\/04\/criancas-e-animais_1777241417008-768x432.jpg 768w, https:\/\/www.correiobraziliense.com.br\/cbradar\/wp-content\/uploads\/2026\/04\/criancas-e-animais_1777241417008-750x422.jpg 750w, https:\/\/www.correiobraziliense.com.br\/cbradar\/wp-content\/uploads\/2026\/04\/criancas-e-animais_1777241417008-1140x641.jpg 1140w\" sizes=\"(max-width: 1280px) 100vw, 1280px\" \/><figcaption class=\"wp-element-caption\">O contato frequente com c\u00e3es ajuda a estabelecer uma rotina estruturada, pois os animais demandam hor\u00e1rios fixos para alimenta\u00e7\u00e3o e higiene &#8211; Cr\u00e9ditos: depositphotos.com \/ alebloshka<\/figcaption><\/figure><\/div>\n\n\n<p>Leia tamb\u00e9m: <a href=\"https:\/\/www.correiobraziliense.com.br\/cbradar\/racas-de-caes-protetores-que-defendem-a-casa-sem-latir-o-tempo-todo\/\" target=\"_blank\" rel=\"noreferrer noopener\">Ra\u00e7as de c\u00e3es protetores que defendem a casa sem latir o tempo todo<\/a><\/p>\n\n\n\n<h2 class=\"wp-block-heading\">O papel do Golden Retriever e do Labrador na harmonia do lar<\/h2>\n\n\n\n<p>O <strong>Golden Retriever<\/strong> \u00e9 frequentemente citado por especialistas em comportamento animal no <strong>Brasil<\/strong> como o padr\u00e3o ouro de gentileza e intelig\u00eancia emocional. Sua natureza intuitiva permite que ele perceba a fragilidade das crian\u00e7as, agindo de forma extremamente cuidadosa e protetora, o que o torna um dos favoritos para a <strong>terapia assistida<\/strong> por animais em todo o mundo.<\/p>\n\n\n\n<p>Dica r\u00e1pida: embora sejam calmos dentro de casa, esses c\u00e3es precisam de doses di\u00e1rias de exerc\u00edcios ao ar livre para manterem o seu <strong>bem-estar f\u00edsico<\/strong>. Um <strong>Labrador<\/strong> bem exercitado \u00e9 um exemplo de paci\u00eancia absoluta, sendo capaz de passar horas deitado calmamente enquanto as crian\u00e7as brincam ao seu redor, desde que suas necessidades de gasto energ\u00e9tico sejam atendidas.<\/p>\n\n\n\n<h2 class=\"wp-block-heading\">C\u00e3es de porte m\u00e9dio e pequeno que amam a rotina familiar<\/h2>\n\n\n\n<p>Nem sempre o espa\u00e7o permite um c\u00e3o grande, por isso o <strong>Beagle<\/strong> e o <strong>Bichon Fris\u00e9<\/strong> surgem como alternativas vi\u00e1veis devido ao seu tamanho e disposi\u00e7\u00e3o alegre. O <strong>Beagle<\/strong> \u00e9 conhecido por ser &#8220;robusto&#8221; o suficiente para acompanhar as brincadeiras, enquanto o <strong>Bichon Fris\u00e9<\/strong> \u00e9 ideal para fam\u00edlias que sofrem com alergias, devido \u00e0 sua pelagem hipoalerg\u00eanica.<\/p>\n\n\n<div class=\"wp-block-image\">\n<figure class=\"aligncenter size-full\"><img decoding=\"async\" width=\"1280\" height=\"720\" src=\"https:\/\/www.correiobraziliense.com.br\/cbradar\/wp-content\/uploads\/2026\/04\/cachorros-3.jpg\" alt=\"\" class=\"wp-image-232731\" srcset=\"https:\/\/www.correiobraziliense.com.br\/cbradar\/wp-content\/uploads\/2026\/04\/cachorros-3.jpg 1280w, https:\/\/www.correiobraziliense.com.br\/cbradar\/wp-content\/uploads\/2026\/04\/cachorros-3-300x169.jpg 300w, https:\/\/www.correiobraziliense.com.br\/cbradar\/wp-content\/uploads\/2026\/04\/cachorros-3-768x432.jpg 768w, https:\/\/www.correiobraziliense.com.br\/cbradar\/wp-content\/uploads\/2026\/04\/cachorros-3-750x422.jpg 750w, https:\/\/www.correiobraziliense.com.br\/cbradar\/wp-content\/uploads\/2026\/04\/cachorros-3-1140x641.jpg 1140w\" sizes=\"(max-width: 1280px) 100vw, 1280px\" \/><figcaption class=\"wp-element-caption\">A chegada de um novo integrante exige planejamento para que a adapta\u00e7\u00e3o canina ocorra sem traumas<\/figcaption><\/figure><\/div>\n\n\n<p>Aten\u00e7\u00e3o: mesmo o c\u00e3o mais d\u00f3cil do mundo deve ser supervisionado quando estiver com crian\u00e7as pequenas para garantir a seguran\u00e7a de ambos. Ensinar os filhos a respeitar o espa\u00e7o de descanso do animal \u00e9 um passo fundamental para manter a <strong>seguran\u00e7a dom\u00e9stica<\/strong> e fortalecer o v\u00ednculo de confian\u00e7a entre o pet e a fam\u00edlia.<\/p>\n\n\n\n<h2 class=\"wp-block-heading\">Bernese Mountain Dog \u00e9 o gigante gentil para grandes espa\u00e7os<\/h2>\n\n\n\n<p>Para fam\u00edlias que residem em casas com quintais amplos, o <strong>Bernese Mountain Dog<\/strong> (ou <strong>Boiadeiro Bern\u00eas<\/strong>) \u00e9 a escolha perfeita de um c\u00e3o de porte grande e cora\u00e7\u00e3o enorme. Eles s\u00e3o conhecidos por serem extremamente devotados aos seus donos e por possu\u00edrem um andar lento e cauteloso, o que evita acidentes com beb\u00eas que est\u00e3o aprendendo a dar os primeiros passos.<\/p>\n\n\n\n<p>Sua manuten\u00e7\u00e3o envolve escova\u00e7\u00e3o frequente, mas o retorno em termos de <strong>companheirismo silencioso<\/strong> e prote\u00e7\u00e3o afetuosa compensa qualquer esfor\u00e7o extra com a limpeza. Eles se adaptam muito bem a climas amenos e s\u00e3o famosos por sua capacidade de &#8220;pastorear&#8221; as crian\u00e7as de forma carinhosa, mantendo-as sempre sob seu olhar atento e protetor.<\/p>\n\n\n\n<p>Se voc\u00ea gosta de curiosidades de animais, separamos esse v\u00eddeo do canal do <a href=\"https:\/\/www.youtube.com\/@RichardRasmussenSelvagem\" target=\"_blank\" rel=\"noreferrer noopener\">Richard Rasmussen<\/a> falando mais sobre o Bernese:<\/p>\n\n\n\n<figure class=\"wp-block-embed is-type-video is-provider-youtube wp-block-embed-youtube wp-embed-aspect-16-9 wp-has-aspect-ratio\"><div class=\"wp-block-embed__wrapper\">\n<div class=\"jeg_video_container jeg_video_content\"><iframe loading=\"lazy\" title=\"BERNESE, O C\u00c3O DOS ALPES SU\u00cd\u00c7OS! | RICHARD RASMUSSEN\" width=\"500\" height=\"281\" src=\"https:\/\/www.youtube.com\/embed\/vF2iL8_C-Vo?feature=oembed\" frameborder=\"0\" allow=\"accelerometer; autoplay; clipboard-write; encrypted-media; gyroscope; picture-in-picture; web-share\" referrerpolicy=\"strict-origin-when-cross-origin\" allowfullscreen><\/iframe><\/div>\n<\/div><\/figure>\n\n\n\n<h2 class=\"wp-block-heading\">Como integrar o novo pet na rotina das crian\u00e7as com sucesso<\/h2>\n\n\n\n<p>A chegada de um novo integrante exige planejamento para que a <strong>adapta\u00e7\u00e3o canina<\/strong> ocorra sem traumas ou ci\u00fames por parte dos moradores antigos da casa. Estabelecer regras claras sobre quem alimenta e quem passeia ajuda a criar uma hierarquia saud\u00e1vel, onde o c\u00e3o entende seu lugar na fam\u00edlia e se sente seguro para expressar sua personalidade tranquila.<\/p>\n\n\n\n<p>Manter uma rotina de hor\u00e1rios previs\u00edveis para alimenta\u00e7\u00e3o e sono ajuda o animal a baixar a ansiedade, resultando em um comportamento muito mais est\u00e1vel e previs\u00edvel. Utilize refor\u00e7o positivo e petiscos para premiar a <strong>calma e a paci\u00eancia<\/strong> do animal, refor\u00e7ando que o comportamento sereno \u00e9 o que a fam\u00edlia espera e valoriza em sua conviv\u00eancia di\u00e1ria.<\/p>\n\n\n\n<h2 class=\"wp-block-heading\">Invista no bem-estar coletivo com a escolha do pet ideal<\/h2>\n\n\n\n<p>Escolher uma ra\u00e7a d\u00f3cil \u00e9 o primeiro passo para garantir anos de felicidade e poucas preocupa\u00e7\u00f5es com incidentes comportamentais dentro do seu lar. A presen\u00e7a de um animal tranquilo ensina \u00e0s crian\u00e7as valores como <strong>empatia<\/strong>, paci\u00eancia e amor incondicional, preparando-as para serem adultos mais conscientes e sens\u00edveis ao mundo ao seu redor.<\/p>\n\n\n\n<p>Ao priorizar o temperamento em vez da est\u00e9tica, voc\u00ea garante que o ambiente familiar continue sendo um local de descanso e renova\u00e7\u00e3o para todos. Aproveite cada momento dessa jornada de amizade e sinta como a lealdade de um c\u00e3o d\u00f3cil pode transformar positivamente a energia da sua casa e o cora\u00e7\u00e3o de cada membro da sua fam\u00edlia.<\/p>\n","protected":false},"excerpt":{"rendered":"<p>Escolher o companheiro ideal para o ambiente familiar exige aten\u00e7\u00e3o ao temperamento do animal, priorizando ra\u00e7as de cachorro d\u00f3ceis que possuam paci\u00eancia elevada. Ter um pet tranquilo em casa transforma a din\u00e2mica com os pequenos, promovendo um senso de responsabilidade e oferecendo um suporte emocional inestim\u00e1vel para o desenvolvimento infantil. Por que a paci\u00eancia \u00e9 [&hellip;]<\/p>\n","protected":false},"author":9,"featured_media":233208,"comment_status":"open","ping_status":"open","sticky":false,"template":"","format":"standard","meta":{"_yoast_wpseo_focuskw":"ra\u00e7as de cachorro d\u00f3ceis","_yoast_wpseo_title":"","_yoast_wpseo_metadesc":"Saiba como escolher um companheiro tranquilo pode trazer mais harmonia, seguran\u00e7a e aprendizado para toda a fam\u00edlia.","jnews-multi-image_gallery":[],"jnews_single_post":{"format":"standard"},"jnews_primary_category":[],"jnews_social_meta":[],"jnews_override_counter":[],"footnotes":""},"categories":[112],"post_tag":[],"class_list":["post-232729","post","type-post","status-publish","format-standard","has-post-thumbnail","hentry","category-curiosidades"],"yoast_head":"<!-- This site is optimized with the Yoast SEO plugin v24.6 - https:\/\/yoast.com\/wordpress\/plugins\/seo\/ -->\n<title>5 ra\u00e7as de cachorro d\u00f3ceis para fam\u00edlias que querem um pet tranquilo com crian\u00e7as em casa - Correio Braziliense - Radar<\/title>\n<meta name=\"description\" content=\"Saiba como escolher um companheiro tranquilo pode trazer mais harmonia, seguran\u00e7a e aprendizado para toda a fam\u00edlia.\" \/>\n<meta name=\"robots\" content=\"index, follow, max-snippet:-1, max-image-preview:large, max-video-preview:-1\" \/>\n<link rel=\"canonical\" href=\"https:\/\/www.correiobraziliense.com.br\/cbradar\/5-racas-de-cachorro-doceis-para-familias-que-querem-um-pet-tranquilo-com-criancas-em-casa\/\" \/>\n<meta property=\"og:locale\" content=\"pt_BR\" \/>\n<meta property=\"og:type\" content=\"article\" \/>\n<meta property=\"og:title\" content=\"5 ra\u00e7as de cachorro d\u00f3ceis para fam\u00edlias que querem um pet tranquilo com crian\u00e7as em casa - Correio Braziliense - Radar\" \/>\n<meta property=\"og:description\" content=\"Saiba como escolher um companheiro tranquilo pode trazer mais harmonia, seguran\u00e7a e aprendizado para toda a fam\u00edlia.\" \/>\n<meta property=\"og:url\" content=\"https:\/\/www.correiobraziliense.com.br\/cbradar\/5-racas-de-cachorro-doceis-para-familias-que-querem-um-pet-tranquilo-com-criancas-em-casa\/\" \/>\n<meta property=\"og:site_name\" content=\"Correio Braziliense - Radar\" \/>\n<meta property=\"article:published_time\" content=\"2026-04-28T13:45:00+00:00\" \/>\n<meta property=\"og:image\" content=\"https:\/\/www.correiobraziliense.com.br\/cbradar\/wp-content\/uploads\/2026\/04\/Dog_with_child_202604271400.jpeg\" \/>\n\t<meta property=\"og:image:width\" content=\"1280\" \/>\n\t<meta property=\"og:image:height\" content=\"720\" \/>\n\t<meta property=\"og:image:type\" content=\"image\/jpeg\" \/>\n<meta name=\"author\" content=\"Daniely Cardoso\" \/>\n<meta name=\"twitter:card\" content=\"summary_large_image\" \/>\n<meta name=\"twitter:label1\" content=\"Escrito por\" \/>\n\t<meta name=\"twitter:data1\" content=\"Daniely Cardoso\" \/>\n\t<meta name=\"twitter:label2\" content=\"Est. tempo de leitura\" \/>\n\t<meta name=\"twitter:data2\" content=\"6 minutos\" \/>\n<!-- \/ Yoast SEO plugin. -->","yoast_head_json":{"title":"5 ra\u00e7as de cachorro d\u00f3ceis para fam\u00edlias que querem um pet tranquilo com crian\u00e7as em casa - Correio Braziliense - Radar","description":"Saiba como escolher um companheiro tranquilo pode trazer mais harmonia, seguran\u00e7a e aprendizado para toda a fam\u00edlia.","robots":{"index":"index","follow":"follow","max-snippet":"max-snippet:-1","max-image-preview":"max-image-preview:large","max-video-preview":"max-video-preview:-1"},"canonical":"https:\/\/www.correiobraziliense.com.br\/cbradar\/5-racas-de-cachorro-doceis-para-familias-que-querem-um-pet-tranquilo-com-criancas-em-casa\/","og_locale":"pt_BR","og_type":"article","og_title":"5 ra\u00e7as de cachorro d\u00f3ceis para fam\u00edlias que querem um pet tranquilo com crian\u00e7as em casa - Correio Braziliense - Radar","og_description":"Saiba como escolher um companheiro tranquilo pode trazer mais harmonia, seguran\u00e7a e aprendizado para toda a fam\u00edlia.","og_url":"https:\/\/www.correiobraziliense.com.br\/cbradar\/5-racas-de-cachorro-doceis-para-familias-que-querem-um-pet-tranquilo-com-criancas-em-casa\/","og_site_name":"Correio Braziliense - Radar","article_published_time":"2026-04-28T13:45:00+00:00","og_image":[{"width":1280,"height":720,"url":"https:\/\/www.correiobraziliense.com.br\/cbradar\/wp-content\/uploads\/2026\/04\/Dog_with_child_202604271400.jpeg","type":"image\/jpeg"}],"author":"Daniely Cardoso","twitter_card":"summary_large_image","twitter_misc":{"Escrito por":"Daniely Cardoso","Est. tempo de leitura":"6 minutos"},"schema":{"@context":"https:\/\/schema.org","@graph":[{"@type":"WebPage","@id":"https:\/\/www.correiobraziliense.com.br\/cbradar\/5-racas-de-cachorro-doceis-para-familias-que-querem-um-pet-tranquilo-com-criancas-em-casa\/","url":"https:\/\/www.correiobraziliense.com.br\/cbradar\/5-racas-de-cachorro-doceis-para-familias-que-querem-um-pet-tranquilo-com-criancas-em-casa\/","name":"5 ra\u00e7as de cachorro d\u00f3ceis para fam\u00edlias que querem um pet tranquilo com crian\u00e7as em casa - Correio Braziliense - Radar","isPartOf":{"@id":"https:\/\/www.correiobraziliense.com.br\/cbradar\/#website"},"primaryImageOfPage":{"@id":"https:\/\/www.correiobraziliense.com.br\/cbradar\/5-racas-de-cachorro-doceis-para-familias-que-querem-um-pet-tranquilo-com-criancas-em-casa\/#primaryimage"},"image":{"@id":"https:\/\/www.correiobraziliense.com.br\/cbradar\/5-racas-de-cachorro-doceis-para-familias-que-querem-um-pet-tranquilo-com-criancas-em-casa\/#primaryimage"},"thumbnailUrl":"https:\/\/www.correiobraziliense.com.br\/cbradar\/wp-content\/uploads\/2026\/04\/Dog_with_child_202604271400.jpeg","datePublished":"2026-04-28T13:45:00+00:00","author":{"@id":"https:\/\/www.correiobraziliense.com.br\/cbradar\/#\/schema\/person\/7356666e12ec0ee53f348ee5db227032"},"description":"Saiba como escolher um companheiro tranquilo pode trazer mais harmonia, seguran\u00e7a e aprendizado para toda a fam\u00edlia.","breadcrumb":{"@id":"https:\/\/www.correiobraziliense.com.br\/cbradar\/5-racas-de-cachorro-doceis-para-familias-que-querem-um-pet-tranquilo-com-criancas-em-casa\/#breadcrumb"},"inLanguage":"pt-BR","potentialAction":[{"@type":"ReadAction","target":["https:\/\/www.correiobraziliense.com.br\/cbradar\/5-racas-de-cachorro-doceis-para-familias-que-querem-um-pet-tranquilo-com-criancas-em-casa\/"]}]},{"@type":"ImageObject","inLanguage":"pt-BR","@id":"https:\/\/www.correiobraziliense.com.br\/cbradar\/5-racas-de-cachorro-doceis-para-familias-que-querem-um-pet-tranquilo-com-criancas-em-casa\/#primaryimage","url":"https:\/\/www.correiobraziliense.com.br\/cbradar\/wp-content\/uploads\/2026\/04\/Dog_with_child_202604271400.jpeg","contentUrl":"https:\/\/www.correiobraziliense.com.br\/cbradar\/wp-content\/uploads\/2026\/04\/Dog_with_child_202604271400.jpeg","width":1280,"height":720,"caption":"Algumas ra\u00e7as s\u00e3o conhecidas por comportamento mais calmo e soci\u00e1vel"},{"@type":"BreadcrumbList","@id":"https:\/\/www.correiobraziliense.com.br\/cbradar\/5-racas-de-cachorro-doceis-para-familias-que-querem-um-pet-tranquilo-com-criancas-em-casa\/#breadcrumb","itemListElement":[{"@type":"ListItem","position":1,"name":"In\u00edcio","item":"https:\/\/www.correiobraziliense.com.br\/cbradar\/"},{"@type":"ListItem","position":2,"name":"5 ra\u00e7as de cachorro d\u00f3ceis para fam\u00edlias que querem um pet tranquilo com crian\u00e7as em casa"}]},{"@type":"WebSite","@id":"https:\/\/www.correiobraziliense.com.br\/cbradar\/#website","url":"https:\/\/www.correiobraziliense.com.br\/cbradar\/","name":"Correio Braziliense - Radar","description":"Acompanhe as \u00faltimas not\u00edcias e fique bem informado sobre tudo o que acontece no Brasil e no mundo.","potentialAction":[{"@type":"SearchAction","target":{"@type":"EntryPoint","urlTemplate":"https:\/\/www.correiobraziliense.com.br\/cbradar\/?s={search_term_string}"},"query-input":{"@type":"PropertyValueSpecification","valueRequired":true,"valueName":"search_term_string"}}],"inLanguage":"pt-BR"},{"@type":"Person","@id":"https:\/\/www.correiobraziliense.com.br\/cbradar\/#\/schema\/person\/7356666e12ec0ee53f348ee5db227032","name":"Daniely Cardoso","image":{"@type":"ImageObject","inLanguage":"pt-BR","@id":"https:\/\/www.correiobraziliense.com.br\/cbradar\/#\/schema\/person\/image\/","url":"https:\/\/secure.gravatar.com\/avatar\/4b80ddbd124d1f071b626d52d62e5dff?s=96&d=mm&r=g","contentUrl":"https:\/\/secure.gravatar.com\/avatar\/4b80ddbd124d1f071b626d52d62e5dff?s=96&d=mm&r=g","caption":"Daniely Cardoso"},"description":"Redatora nos portais CB Radar e EM Foco, formada pela Universidade Federal de Goi\u00e1s, em Goi\u00e2nia. Apaixonada por comunica\u00e7\u00e3o, arte, decora\u00e7\u00e3o e tend\u00eancias, atuo na produ\u00e7\u00e3o de conte\u00fados envolventes sobre curiosidades, moda, beleza e paisagismo, sempre com um olhar atento \u00e0s novidades do momento.","sameAs":["https:\/\/www.correiobraziliense.com.br\/cbradar"],"url":"https:\/\/www.correiobraziliense.com.br\/cbradar\/author\/danielymyth\/"}]}},"_links":{"self":[{"href":"https:\/\/www.correiobraziliense.com.br\/cbradar\/wp-json\/wp\/v2\/posts\/232729","targetHints":{"allow":["GET"]}}],"collection":[{"href":"https:\/\/www.correiobraziliense.com.br\/cbradar\/wp-json\/wp\/v2\/posts"}],"about":[{"href":"https:\/\/www.correiobraziliense.com.br\/cbradar\/wp-json\/wp\/v2\/types\/post"}],"author":[{"embeddable":true,"href":"https:\/\/www.correiobraziliense.com.br\/cbradar\/wp-json\/wp\/v2\/users\/9"}],"replies":[{"embeddable":true,"href":"https:\/\/www.correiobraziliense.com.br\/cbradar\/wp-json\/wp\/v2\/comments?post=232729"}],"version-history":[{"count":1,"href":"https:\/\/www.correiobraziliense.com.br\/cbradar\/wp-json\/wp\/v2\/posts\/232729\/revisions"}],"predecessor-version":[{"id":232732,"href":"https:\/\/www.correiobraziliense.com.br\/cbradar\/wp-json\/wp\/v2\/posts\/232729\/revisions\/232732"}],"wp:featuredmedia":[{"embeddable":true,"href":"https:\/\/www.correiobraziliense.com.br\/cbradar\/wp-json\/wp\/v2\/media\/233208"}],"wp:attachment":[{"href":"https:\/\/www.correiobraziliense.com.br\/cbradar\/wp-json\/wp\/v2\/media?parent=232729"}],"wp:term":[{"taxonomy":"category","embeddable":true,"href":"https:\/\/www.correiobraziliense.com.br\/cbradar\/wp-json\/wp\/v2\/categories?post=232729"},{"taxonomy":"post_tag","embeddable":true,"href":"https:\/\/www.correiobraziliense.com.br\/cbradar\/wp-json\/wp\/v2\/post_tag?post=232729"}],"curies":[{"name":"wp","href":"https:\/\/api.w.org\/{rel}","templated":true}]}}