{"id":232737,"date":"2026-04-27T06:25:00","date_gmt":"2026-04-27T09:25:00","guid":{"rendered":"https:\/\/www.correiobraziliense.com.br\/cbradar\/?p=232737"},"modified":"2026-04-27T01:12:52","modified_gmt":"2026-04-27T04:12:52","slug":"a-porta-do-sol-nas-americas-tem-uma-floresta-inteira-e-praias-verdes-que-se-misturam-ao-centro-historico-de-1585","status":"publish","type":"post","link":"https:\/\/www.correiobraziliense.com.br\/cbradar\/a-porta-do-sol-nas-americas-tem-uma-floresta-inteira-e-praias-verdes-que-se-misturam-ao-centro-historico-de-1585\/","title":{"rendered":"A &#8220;Porta do Sol&#8221; nas Am\u00e9ricas tem uma floresta inteira e praias verdes que se misturam ao centro hist\u00f3rico de 1585"},"content":{"rendered":"\n<p>Em <strong>Jo\u00e3o Pessoa<\/strong>, capital da <strong>Para\u00edba<\/strong>, apelidada de &#8220;Porta do Sol&#8221;, o dia come\u00e7a antes que em qualquer outro ponto continental do continente americano. A <strong>Ponta do Seixas<\/strong> avan\u00e7a 1.683 metros a mais que a Ponta de Pedras, em <strong>Pernambuco<\/strong>, segundo medi\u00e7\u00e3o da Marinha de 1941.<\/p>\n\n\n\n<h2 class=\"wp-block-heading\">Por que o sol nasce primeiro na capital paraibana?<\/h2>\n\n\n\n<p>A resposta est\u00e1 na geografia. A Ponta do Seixas, no extremo da Praia do <strong>Cabo Branco<\/strong>, \u00e9 o ponto mais a leste de toda a massa continental das Am\u00e9ricas. No ver\u00e3o, os primeiros raios pintam o c\u00e9u por volta das 4h50.<\/p>\n\n\n\n<p>O fen\u00f4meno rendeu a Jo\u00e3o Pessoa o apelido de <strong>Porta do Sol<\/strong>. Acima da praia, sobre uma fal\u00e9sia de arenito, ergue-se o <strong>Farol do Cabo Branco<\/strong>, inaugurado em 1972 com formato triangular \u00fanico no <strong>Brasil<\/strong>. A vista alcan\u00e7a toda a orla pessoense.<\/p>\n\n\n<div class=\"wp-block-image\">\n<figure class=\"aligncenter size-large\"><img decoding=\"async\" width=\"1024\" height=\"576\" src=\"https:\/\/www.correiobraziliense.com.br\/cbradar\/wp-content\/uploads\/2025\/06\/joao-pessoa_1751163041136-1024x576.jpg\" alt=\"Brasileiros se mudam para a cidade que custa 30% menos viver que o Sudeste e tem praia, floresta urbana e o primeiro sol das Am\u00e9ricas\" class=\"wp-image-61085\" srcset=\"https:\/\/www.correiobraziliense.com.br\/cbradar\/wp-content\/uploads\/2025\/06\/joao-pessoa_1751163041136-1024x576.jpg 1024w, https:\/\/www.correiobraziliense.com.br\/cbradar\/wp-content\/uploads\/2025\/06\/joao-pessoa_1751163041136-300x169.jpg 300w, https:\/\/www.correiobraziliense.com.br\/cbradar\/wp-content\/uploads\/2025\/06\/joao-pessoa_1751163041136-768x432.jpg 768w, https:\/\/www.correiobraziliense.com.br\/cbradar\/wp-content\/uploads\/2025\/06\/joao-pessoa_1751163041136-750x422.jpg 750w, https:\/\/www.correiobraziliense.com.br\/cbradar\/wp-content\/uploads\/2025\/06\/joao-pessoa_1751163041136-1140x641.jpg 1140w, https:\/\/www.correiobraziliense.com.br\/cbradar\/wp-content\/uploads\/2025\/06\/joao-pessoa_1751163041136.jpg 1280w\" sizes=\"(max-width: 1024px) 100vw, 1024px\" \/><figcaption class=\"wp-element-caption\">Jo\u00e3o Pessoa ganha destaque por unir mar, tranquilidade e qualidade de vida \/\/ Cr\u00e9ditos: depositphotos.com \/ contato@caciomurilo.com.br<\/figcaption><\/figure><\/div>\n\n\n<h2 class=\"wp-block-heading\">O centro hist\u00f3rico que conta a hist\u00f3ria do Brasil<\/h2>\n\n\n\n<p>Fundada em 5 de agosto de 1585 \u00e0s margens do <strong>Rio Sanhau\u00e1<\/strong>, a cidade \u00e9 a terceira capital mais antiga do pa\u00eds. S\u00f3 o <strong>Rio de Janeiro<\/strong> e <strong>Salvador<\/strong> nasceram antes.<\/p>\n\n\n\n<p>O conjunto colonial foi reconhecido pelo <a href=\"http:\/\/portal.iphan.gov.br\/pagina\/detalhes\/349\/\" target=\"_blank\" rel=\"noreferrer noopener\"><strong>Instituto do Patrim\u00f4nio Hist\u00f3rico e Art\u00edstico Nacional (IPHAN)<\/strong><\/a> em 2009. O tombamento abrange 502 edifica\u00e7\u00f5es em 370 mil metros quadrados, distribu\u00eddas pelos bairros do Varadouro e Cidade Alta. O tra\u00e7ado urbano original ainda se mant\u00e9m, integrando manguezais, rio e mar em uma das paisagens coloniais mais preservadas do Nordeste.<\/p>\n\n\n\n<p>Jo\u00e3o Pessoa, a capital da Para\u00edba, \u00e9 apresentada neste v\u00eddeo do canal <strong>Gabi Aonde<\/strong> como um destino que equilibra custo-benef\u00edcio, seguran\u00e7a e belezas naturais que lembram o Caribe e Fernando de Noronha.<\/p>\n\n\n\n<figure class=\"wp-block-embed aligncenter is-type-video is-provider-youtube wp-block-embed-youtube wp-embed-aspect-16-9 wp-has-aspect-ratio\"><div class=\"wp-block-embed__wrapper\">\n<div class=\"jeg_video_container jeg_video_content\"><iframe loading=\"lazy\" title=\"Como \u00e9 a CIDADE MAIS BARATA do Brasil? Tudo sobre Jo\u00e3o Pessoa!\" width=\"500\" height=\"281\" src=\"https:\/\/www.youtube.com\/embed\/uMWM106dXG8?feature=oembed\" frameborder=\"0\" allow=\"accelerometer; autoplay; clipboard-write; encrypted-media; gyroscope; picture-in-picture; web-share\" referrerpolicy=\"strict-origin-when-cross-origin\" allowfullscreen><\/iframe><\/div>\n<\/div><\/figure>\n\n\n\n<h2 class=\"wp-block-heading\">O que fazer em Jo\u00e3o Pessoa al\u00e9m das praias urbanas?<\/h2>\n\n\n\n<p>O roteiro vai muito al\u00e9m de Tamba\u00fa. Em poucos minutos de carro, o visitante sai de uma piscina natural e chega a um conjunto barroco do s\u00e9culo 17.<\/p>\n\n\n\n<ul class=\"wp-block-list\">\n<li><strong>Piscinas Naturais do Seixas<\/strong>: forma\u00e7\u00f5es de corais acess\u00edveis por catamar\u00e3 na mar\u00e9 baixa, com peixes coloridos, algas e ocasionais tartarugas.<\/li>\n\n\n\n<li><strong>Centro Cultural S\u00e3o Francisco<\/strong>: complexo barroco com igreja, convento e a Capela Dourada, um dos legados mais not\u00e1veis do estilo no <a href=\"https:\/\/turismo.joaopessoa.pb.gov.br\/\" target=\"_blank\" rel=\"noreferrer noopener\"><strong>turismo paraibano<\/strong><\/a>.<\/li>\n\n\n\n<li><strong>Esta\u00e7\u00e3o Cabo Branco<\/strong>: projetada por <strong>Oscar Niemeyer<\/strong> e inaugurada em 2008, com 8.500 m\u00b2 dedicados a ci\u00eancia, cultura e arte. Entrada gratuita.<\/li>\n\n\n\n<li><strong>Jardim Bot\u00e2nico Benjamim Maranh\u00e3o<\/strong>: 515 hectares de Mata Atl\u00e2ntica nativa cercados por \u00e1rea urbana, com trilhas e mirantes.<\/li>\n\n\n\n<li><strong>Praia do Jacar\u00e9<\/strong>: praia fluvial em Cabedelo, palco do p\u00f4r do sol mais famoso do Nordeste.<\/li>\n<\/ul>\n\n\n\n<h2 class=\"wp-block-heading\">O Bolero de Ravel que virou patrim\u00f4nio cultural<\/h2>\n\n\n\n<p>Todo fim de tarde, o saxofonista <strong>Jurandy do Sax<\/strong> entra em uma canoa no Rio Para\u00edba e executa o <strong>Bolero de Ravel<\/strong> enquanto o sol desce sobre a Praia do Jacar\u00e9. A apresenta\u00e7\u00e3o dura cerca de 17 minutos, exatamente o tempo que o sol leva para se esconder atr\u00e1s da mata.<\/p>\n\n\n\n<p>A tradi\u00e7\u00e3o come\u00e7ou em 1999. Em 2025, foi reconhecida como <strong>Patrim\u00f4nio Cultural Imaterial do Estado da Para\u00edba<\/strong>. Jurandy tamb\u00e9m figura no <strong>Guinness Book<\/strong> como o artista que mais executou a obra de <strong>Maurice Ravel<\/strong> ao vivo. A entrada na orla \u00e9 gratuita, e barcos saem para acompanhar o espet\u00e1culo de perto.<\/p>\n\n\n\n<h2 class=\"wp-block-heading\">Quais sabores experimentar na mesa pessoense?<\/h2>\n\n\n\n<p>A culin\u00e1ria mistura mar, sert\u00e3o e tradi\u00e7\u00e3o nordestina. Os principais polos gastron\u00f4micos ficam em Tamba\u00fa, <strong>Mana\u00edra<\/strong> e Cabo Branco.<\/p>\n\n\n\n<ul class=\"wp-block-list\">\n<li><strong>Peixada \u00e0 paraibana<\/strong>: prato s\u00edmbolo da capital, feito com peixe fresco, leite de coco e legumes da esta\u00e7\u00e3o.<\/li>\n\n\n\n<li><strong>Cuscuz paraibano<\/strong>: feito de milho floculado, ganha sabor defumado quando servido com carne de sol ou bode guisado.<\/li>\n\n\n\n<li><strong>Carne de sol com macaxeira<\/strong>: cl\u00e1ssico do interior, presente em quase todos os restaurantes da orla.<\/li>\n\n\n\n<li><strong>Tapioca recheada<\/strong>: op\u00e7\u00e3o de caf\u00e9 da manh\u00e3 ou lanche, com dezenas de combina\u00e7\u00f5es nas feiras locais.<\/li>\n<\/ul>\n\n\n<div class=\"wp-block-image\">\n<figure class=\"aligncenter size-large\"><img decoding=\"async\" width=\"1024\" height=\"576\" src=\"https:\/\/www.correiobraziliense.com.br\/cbradar\/wp-content\/uploads\/2025\/11\/Santos-Dumont-64-1024x576.png\" alt=\"Uma cidade do Nordeste foi escolhida como a mais barata para se viver: qual \u00e9 e como chegar l\u00e1\" class=\"wp-image-135408\" srcset=\"https:\/\/www.correiobraziliense.com.br\/cbradar\/wp-content\/uploads\/2025\/11\/Santos-Dumont-64-1024x576.png 1024w, https:\/\/www.correiobraziliense.com.br\/cbradar\/wp-content\/uploads\/2025\/11\/Santos-Dumont-64-300x169.png 300w, https:\/\/www.correiobraziliense.com.br\/cbradar\/wp-content\/uploads\/2025\/11\/Santos-Dumont-64-768x432.png 768w, https:\/\/www.correiobraziliense.com.br\/cbradar\/wp-content\/uploads\/2025\/11\/Santos-Dumont-64-750x422.png 750w, https:\/\/www.correiobraziliense.com.br\/cbradar\/wp-content\/uploads\/2025\/11\/Santos-Dumont-64-1140x641.png 1140w, https:\/\/www.correiobraziliense.com.br\/cbradar\/wp-content\/uploads\/2025\/11\/Santos-Dumont-64.png 1280w\" sizes=\"(max-width: 1024px) 100vw, 1024px\" \/><figcaption class=\"wp-element-caption\">Jo\u00e3o Pessoa se destaca por sua qualidade de vida e patrim\u00f4nio hist\u00f3rico preservado. \/\/ Cr\u00e9ditos: Wikip\u00e9dia<\/figcaption><\/figure><\/div>\n\n\n<p><strong>Leia tamb\u00e9m: <a href=\"https:\/\/www.correiobraziliense.com.br\/cbradar\/a-gramado-mineira-encanta-com-uma-vila-a-1-500m-de-altitude-onde-casinhas-coloridas-simples-neblina-e-a-lareira-ditam-o-ritmo\/\" target=\"_blank\" rel=\"noreferrer noopener\">A &#8220;Gramado Mineira&#8221; encanta com uma vila a 1.500m de altitude onde casinhas coloridas simples, neblina e a lareira ditam o ritmo.<\/a><\/strong><\/p>\n\n\n\n<h2 class=\"wp-block-heading\">Quando viajar para a capital paraibana?<\/h2>\n\n\n\n<p><strong>O clima \u00e9 tropical o ano todo, com diferen\u00e7a pequena entre as esta\u00e7\u00f5es.<\/strong> O que dita o roteiro \u00e9 o regime de chuvas, mais intensas entre abril e julho.<\/p>\n\n\n\n<style>\n  \/* --- CONTAINER BLINDADO (PADR\u00c3O REGISTRADO) --- *\/\n  .clima-grid-final {\n    font-family: -apple-system, BlinkMacSystemFont, \"Segoe UI\", Roboto, Arial, sans-serif !important;\n    width: 100% !important;\n    max-width: 1200px !important;\n    margin: 20px auto !important;\n    display: grid !important;\n    \/* FOR\u00c7A 4 COLUNAS NO DESKTOP *\/\n    grid-template-columns: repeat(4, 1fr) !important; \n    gap: 15px !important;\n    box-sizing: border-box !important;\n  }\n\n  .clima-grid-final * {\n    box-sizing: border-box !important;\n  }\n\n  \/* --- BLINDAGEM CONTRA ADS E PLUGINS INTRUSOS --- *\/\n  .clima-grid-final > :not(.card-clima) {\n    display: none !important;\n    width: 0 !important;\n    height: 0 !important;\n    opacity: 0 !important;\n  }\n\n  \/* --- CARD AZUL --- *\/\n  .card-clima {\n    background: #ffffff !important;\n    border: 1px solid #e3f2fd !important;\n    border-radius: 20px !important;\n    padding: 20px 10px !important;\n    text-align: center !important;\n    display: flex !important;\n    flex-direction: column !important;\n    align-items: center !important;\n    box-shadow: 0 4px 10px rgba(13, 71, 161, 0.05) !important;\n    min-width: 0 !important; \n    transition: transform 0.2s ease !important;\n    overflow: hidden !important;\n    height: 100% !important;\n  }\n\n  .card-clima:hover {\n    transform: translateY(-5px) !important;\n    border-color: #90caf9 !important;\n  }\n\n  \/* --- CONTE\u00daDO --- *\/\n  .estacao-nome { \n    font-size: 14px !important; \n    font-weight: 800 !important; \n    color: #0d47a1 !important; \n    text-transform: uppercase !important; \n    margin: 0 0 5px 0 !important; \n  }\n  \n  .estacao-meses { \n    font-size: 10px !important; \n    font-weight: 700 !important; \n    color: #1565c0 !important; \n    text-transform: uppercase !important; \n    margin-bottom: 15px !important; \n    display: block !important;\n  }\n  \n  .temp-valor { \n    font-size: 24px !important; \n    font-weight: 800 !important; \n    color: #01579b !important; \n    line-height: 1.1 !important; \n    margin: 0 !important;\n  }\n  \n  .temp-label { \n    font-size: 9px !important; \n    font-weight: 600 !important; \n    color: #0288d1 !important; \n    text-transform: uppercase !important; \n    margin-bottom: 15px !important; \n    display: block !important;\n  }\n  \n  .clima-desc { \n    font-size: 12px !important; \n    line-height: 1.4 !important; \n    color: #37474f !important; \n    margin-bottom: 15px !important; \n    flex-grow: 1 !important; \n  }\n\n  .tag-status {\n    background-color: #e1f5fe !important;\n    border: 1px solid #b3e5fc !important;\n    color: #0d47a1 !important;\n    padding: 5px 12px !important;\n    border-radius: 20px !important;\n    font-size: 9px !important;\n    font-weight: 800 !important;\n    text-transform: uppercase !important;\n    margin-top: auto !important;\n  }\n\n  \/* --- RESPONSIVIDADE --- *\/\n  @media (max-width: 800px) {\n    .clima-grid-final {\n      grid-template-columns: 1fr !important; \n    }\n    .card-clima {\n      padding: 25px 20px !important;\n    }\n  }\n<\/style>\n\n<div class=\"google-auto-ads-ignore clima-grid-final\">\n  \n  <div class=\"card-clima\">\n    <div class=\"estacao-nome\">\u2600\ufe0f Ver\u00e3o<\/div>\n    <span class=\"estacao-meses\">Dez &#8211; Fev<\/span>\n    <div class=\"temp-valor\">25-30\u00b0C<\/div>\n    <span class=\"temp-label\">M\u00e9dia<\/span>\n    <div class=\"clima-desc\">Com o tempo seco e ensolarado, aproveite o m\u00e1ximo das <b>piscinas naturais<\/b> e realize passeios inesquec\u00edveis de <b>catamar\u00e3<\/b>.<\/div>\n    <div class=\"tag-status\">\ud83d\udef6 Mar Aberto<\/div>\n  <\/div>\n\n  <div class=\"card-clima\">\n    <div class=\"estacao-nome\">\ud83c\udf42 Outono<\/div>\n    <span class=\"estacao-meses\">Mar &#8211; Mai<\/span>\n    <div class=\"temp-valor\">24-29\u00b0C<\/div>\n    <span class=\"temp-label\">M\u00e9dia<\/span>\n    <div class=\"clima-desc\">O aumento das chuvas convida a roteiros protegidos; explore a riqueza do <b>centro hist\u00f3rico<\/b> e os diversos <b>museus<\/b> da regi\u00e3o.<\/div>\n    <div class=\"tag-status\">\ud83c\udfdb\ufe0f Patrim\u00f4nio<\/div>\n  <\/div>\n\n  <div class=\"card-clima\">\n    <div class=\"estacao-nome\">\ud83e\udde3 Inverno<\/div>\n    <span class=\"estacao-meses\">Jun &#8211; Ago<\/span>\n    <div class=\"temp-valor\">22-28\u00b0C<\/div>\n    <span class=\"temp-label\">M\u00e9dia<\/span>\n    <div class=\"clima-desc\">Apesar das chuvas, as temperaturas seguem altas; \u00e9 a \u00e9poca ideal para mergulhar na <b>gastronomia<\/b> local e eventos de <b>cultura<\/b>.<\/div>\n    <div class=\"tag-status\">\ud83e\udd58 Sabores<\/div>\n  <\/div>\n\n  <div class=\"card-clima\">\n    <div class=\"estacao-nome\">\ud83c\udf38 Primavera<\/div>\n    <span class=\"estacao-meses\">Set &#8211; Nov<\/span>\n    <div class=\"temp-valor\">24-29\u00b0C<\/div>\n    <span class=\"temp-label\">M\u00e9dia<\/span>\n    <div class=\"clima-desc\">Com a volta do tempo firme, curta as <b>praias<\/b> e n\u00e3o perca o espet\u00e1culo do <b>P\u00f4r do Sol no Jacar\u00e9<\/b> ao som do bolero.<\/div>\n    <div class=\"tag-status\">\ud83c\udf05 P\u00f4r do Sol<\/div>\n  <\/div>\n\n<\/div>\n\n\n\n<p><em>Temperaturas aproximadas com base no <a href=\"https:\/\/www.climatempo.com.br\/climatologia\/256\/joaopessoa-pb\" target=\"_blank\" rel=\"noreferrer noopener\"><strong>Climatempo<\/strong><\/a>. Condi\u00e7\u00f5es podem variar.<\/em><\/p>\n\n\n<div class=\"wp-block-image\">\n<figure class=\"aligncenter size-large\"><img decoding=\"async\" width=\"1024\" height=\"576\" src=\"https:\/\/www.correiobraziliense.com.br\/cbradar\/wp-content\/uploads\/2025\/06\/joao-pessoa_1751162859079-1024x576.jpg\" alt=\"Brasileiros se mudam para a cidade que custa 30% menos viver que o Sudeste e tem praia, floresta urbana e o primeiro sol das Am\u00e9ricas\" class=\"wp-image-61083\" srcset=\"https:\/\/www.correiobraziliense.com.br\/cbradar\/wp-content\/uploads\/2025\/06\/joao-pessoa_1751162859079-1024x576.jpg 1024w, https:\/\/www.correiobraziliense.com.br\/cbradar\/wp-content\/uploads\/2025\/06\/joao-pessoa_1751162859079-300x169.jpg 300w, https:\/\/www.correiobraziliense.com.br\/cbradar\/wp-content\/uploads\/2025\/06\/joao-pessoa_1751162859079-768x432.jpg 768w, https:\/\/www.correiobraziliense.com.br\/cbradar\/wp-content\/uploads\/2025\/06\/joao-pessoa_1751162859079-750x422.jpg 750w, https:\/\/www.correiobraziliense.com.br\/cbradar\/wp-content\/uploads\/2025\/06\/joao-pessoa_1751162859079-1140x641.jpg 1140w, https:\/\/www.correiobraziliense.com.br\/cbradar\/wp-content\/uploads\/2025\/06\/joao-pessoa_1751162859079.jpg 1280w\" sizes=\"(max-width: 1024px) 100vw, 1024px\" \/><figcaption class=\"wp-element-caption\">Jo\u00e3o Pessoa registra aumento na procura por moradia litor\u00e2nea e turismo voltado \u00e0 qualidade de vida. \/\/ Cr\u00e9ditos: depositphotos.com \/ contato@caciomurilo.com.br<\/figcaption><\/figure><\/div>\n\n\n<h2 class=\"wp-block-heading\">Como chegar \u00e0 Porta do Sol?<\/h2>\n\n\n\n<p>O <strong>Aeroporto Internacional Presidente Castro Pinto<\/strong> fica a 23 km da zona hoteleira da capital, no munic\u00edpio vizinho de <strong>Bayeux<\/strong>. Quem chega de carro pode usar a <strong>BR-101<\/strong>, com <strong>Recife<\/strong> a 116 km e <strong>Natal<\/strong> a 180 km.<\/p>\n\n\n\n<h2 class=\"wp-block-heading\">A cidade que v\u00ea o dia primeiro<\/h2>\n\n\n\n<p><strong>Jo\u00e3o Pessoa entrega uma combina\u00e7\u00e3o rara entre praia urbana, heran\u00e7a colonial e arquitetura modernista em dist\u00e2ncias curtas.<\/strong> Poucas capitais brasileiras oferecem o mesmo contraste em uma manh\u00e3 de passeio.<\/p>\n\n\n\n<p>Voc\u00ea precisa acordar antes do amanhecer e ir at\u00e9 a Ponta do Seixas para sentir o que \u00e9 estar no lugar onde o continente americano v\u00ea o dia nascer primeiro.<\/p>\n","protected":false},"excerpt":{"rendered":"<p>Em Jo\u00e3o Pessoa, capital da Para\u00edba, apelidada de &#8220;Porta do Sol&#8221;, o dia come\u00e7a antes que em qualquer outro ponto continental do continente americano. A Ponta do Seixas avan\u00e7a 1.683 metros a mais que a Ponta de Pedras, em Pernambuco, segundo medi\u00e7\u00e3o da Marinha de 1941. Por que o sol nasce primeiro na capital paraibana? [&hellip;]<\/p>\n","protected":false},"author":8,"featured_media":219934,"comment_status":"open","ping_status":"open","sticky":false,"template":"","format":"standard","meta":{"_yoast_wpseo_focuskw":"porta do sol","_yoast_wpseo_title":"","_yoast_wpseo_metadesc":"Conhecida como \u201cPorta do Sol\u201d, a cidade une floresta, praias verdes e um belo centro hist\u00f3rico fundado em 1585.","jnews-multi-image_gallery":[],"jnews_single_post":{"format":"standard"},"jnews_primary_category":[],"jnews_social_meta":[],"jnews_override_counter":[],"footnotes":""},"categories":[108,111],"post_tag":[515,536],"class_list":["post-232737","post","type-post","status-publish","format-standard","has-post-thumbnail","hentry","category-cidades","category-turismo","tag-joao-pessoa","tag-paraiba"],"yoast_head":"<!-- This site is optimized with the Yoast SEO plugin v24.6 - https:\/\/yoast.com\/wordpress\/plugins\/seo\/ -->\n<title>A &quot;Porta do Sol&quot; nas Am\u00e9ricas tem uma floresta inteira e praias verdes que se misturam ao centro hist\u00f3rico de 1585 - Correio Braziliense - Radar<\/title>\n<meta name=\"description\" content=\"Conhecida como \u201cPorta do Sol\u201d, a cidade une floresta, praias verdes e um belo centro hist\u00f3rico fundado em 1585.\" \/>\n<meta name=\"robots\" content=\"index, follow, max-snippet:-1, max-image-preview:large, max-video-preview:-1\" \/>\n<link rel=\"canonical\" href=\"https:\/\/www.correiobraziliense.com.br\/cbradar\/a-porta-do-sol-nas-americas-tem-uma-floresta-inteira-e-praias-verdes-que-se-misturam-ao-centro-historico-de-1585\/\" \/>\n<meta property=\"og:locale\" content=\"pt_BR\" \/>\n<meta property=\"og:type\" content=\"article\" \/>\n<meta property=\"og:title\" content=\"A &quot;Porta do Sol&quot; nas Am\u00e9ricas tem uma floresta inteira e praias verdes que se misturam ao centro hist\u00f3rico de 1585 - Correio Braziliense - Radar\" \/>\n<meta property=\"og:description\" content=\"Conhecida como \u201cPorta do Sol\u201d, a cidade une floresta, praias verdes e um belo centro hist\u00f3rico fundado em 1585.\" \/>\n<meta property=\"og:url\" content=\"https:\/\/www.correiobraziliense.com.br\/cbradar\/a-porta-do-sol-nas-americas-tem-uma-floresta-inteira-e-praias-verdes-que-se-misturam-ao-centro-historico-de-1585\/\" \/>\n<meta property=\"og:site_name\" content=\"Correio Braziliense - Radar\" \/>\n<meta property=\"article:published_time\" content=\"2026-04-27T09:25:00+00:00\" \/>\n<meta property=\"og:image\" content=\"https:\/\/www.correiobraziliense.com.br\/cbradar\/wp-content\/uploads\/2026\/04\/aaa-2026-04-04T023746.861.png\" \/>\n\t<meta property=\"og:image:width\" content=\"1280\" \/>\n\t<meta property=\"og:image:height\" content=\"720\" \/>\n\t<meta property=\"og:image:type\" content=\"image\/png\" \/>\n<meta name=\"author\" content=\"Maura Pereira\" \/>\n<meta name=\"twitter:card\" content=\"summary_large_image\" \/>\n<meta name=\"twitter:label1\" content=\"Escrito por\" \/>\n\t<meta name=\"twitter:data1\" content=\"Maura Pereira\" \/>\n\t<meta name=\"twitter:label2\" content=\"Est. tempo de leitura\" \/>\n\t<meta name=\"twitter:data2\" content=\"7 minutos\" \/>\n<!-- \/ Yoast SEO plugin. -->","yoast_head_json":{"title":"A \"Porta do Sol\" nas Am\u00e9ricas tem uma floresta inteira e praias verdes que se misturam ao centro hist\u00f3rico de 1585 - Correio Braziliense - Radar","description":"Conhecida como \u201cPorta do Sol\u201d, a cidade une floresta, praias verdes e um belo centro hist\u00f3rico fundado em 1585.","robots":{"index":"index","follow":"follow","max-snippet":"max-snippet:-1","max-image-preview":"max-image-preview:large","max-video-preview":"max-video-preview:-1"},"canonical":"https:\/\/www.correiobraziliense.com.br\/cbradar\/a-porta-do-sol-nas-americas-tem-uma-floresta-inteira-e-praias-verdes-que-se-misturam-ao-centro-historico-de-1585\/","og_locale":"pt_BR","og_type":"article","og_title":"A \"Porta do Sol\" nas Am\u00e9ricas tem uma floresta inteira e praias verdes que se misturam ao centro hist\u00f3rico de 1585 - Correio Braziliense - Radar","og_description":"Conhecida como \u201cPorta do Sol\u201d, a cidade une floresta, praias verdes e um belo centro hist\u00f3rico fundado em 1585.","og_url":"https:\/\/www.correiobraziliense.com.br\/cbradar\/a-porta-do-sol-nas-americas-tem-uma-floresta-inteira-e-praias-verdes-que-se-misturam-ao-centro-historico-de-1585\/","og_site_name":"Correio Braziliense - Radar","article_published_time":"2026-04-27T09:25:00+00:00","og_image":[{"width":1280,"height":720,"url":"https:\/\/www.correiobraziliense.com.br\/cbradar\/wp-content\/uploads\/2026\/04\/aaa-2026-04-04T023746.861.png","type":"image\/png"}],"author":"Maura Pereira","twitter_card":"summary_large_image","twitter_misc":{"Escrito por":"Maura Pereira","Est. tempo de leitura":"7 minutos"},"schema":{"@context":"https:\/\/schema.org","@graph":[{"@type":"WebPage","@id":"https:\/\/www.correiobraziliense.com.br\/cbradar\/a-porta-do-sol-nas-americas-tem-uma-floresta-inteira-e-praias-verdes-que-se-misturam-ao-centro-historico-de-1585\/","url":"https:\/\/www.correiobraziliense.com.br\/cbradar\/a-porta-do-sol-nas-americas-tem-uma-floresta-inteira-e-praias-verdes-que-se-misturam-ao-centro-historico-de-1585\/","name":"A \"Porta do Sol\" nas Am\u00e9ricas tem uma floresta inteira e praias verdes que se misturam ao centro hist\u00f3rico de 1585 - Correio Braziliense - Radar","isPartOf":{"@id":"https:\/\/www.correiobraziliense.com.br\/cbradar\/#website"},"primaryImageOfPage":{"@id":"https:\/\/www.correiobraziliense.com.br\/cbradar\/a-porta-do-sol-nas-americas-tem-uma-floresta-inteira-e-praias-verdes-que-se-misturam-ao-centro-historico-de-1585\/#primaryimage"},"image":{"@id":"https:\/\/www.correiobraziliense.com.br\/cbradar\/a-porta-do-sol-nas-americas-tem-uma-floresta-inteira-e-praias-verdes-que-se-misturam-ao-centro-historico-de-1585\/#primaryimage"},"thumbnailUrl":"https:\/\/www.correiobraziliense.com.br\/cbradar\/wp-content\/uploads\/2026\/04\/aaa-2026-04-04T023746.861.png","datePublished":"2026-04-27T09:25:00+00:00","author":{"@id":"https:\/\/www.correiobraziliense.com.br\/cbradar\/#\/schema\/person\/4053c651a9bfc785afc6f4cbc9032fd3"},"description":"Conhecida como \u201cPorta do Sol\u201d, a cidade une floresta, praias verdes e um belo centro hist\u00f3rico fundado em 1585.","breadcrumb":{"@id":"https:\/\/www.correiobraziliense.com.br\/cbradar\/a-porta-do-sol-nas-americas-tem-uma-floresta-inteira-e-praias-verdes-que-se-misturam-ao-centro-historico-de-1585\/#breadcrumb"},"inLanguage":"pt-BR","potentialAction":[{"@type":"ReadAction","target":["https:\/\/www.correiobraziliense.com.br\/cbradar\/a-porta-do-sol-nas-americas-tem-uma-floresta-inteira-e-praias-verdes-que-se-misturam-ao-centro-historico-de-1585\/"]}]},{"@type":"ImageObject","inLanguage":"pt-BR","@id":"https:\/\/www.correiobraziliense.com.br\/cbradar\/a-porta-do-sol-nas-americas-tem-uma-floresta-inteira-e-praias-verdes-que-se-misturam-ao-centro-historico-de-1585\/#primaryimage","url":"https:\/\/www.correiobraziliense.com.br\/cbradar\/wp-content\/uploads\/2026\/04\/aaa-2026-04-04T023746.861.png","contentUrl":"https:\/\/www.correiobraziliense.com.br\/cbradar\/wp-content\/uploads\/2026\/04\/aaa-2026-04-04T023746.861.png","width":1280,"height":720,"caption":"O mercado imobili\u00e1rio de Jo\u00e3o Pessoa vive um momento de valoriza\u00e7\u00e3o acelerada. \/ Imagem ilustrativa"},{"@type":"BreadcrumbList","@id":"https:\/\/www.correiobraziliense.com.br\/cbradar\/a-porta-do-sol-nas-americas-tem-uma-floresta-inteira-e-praias-verdes-que-se-misturam-ao-centro-historico-de-1585\/#breadcrumb","itemListElement":[{"@type":"ListItem","position":1,"name":"In\u00edcio","item":"https:\/\/www.correiobraziliense.com.br\/cbradar\/"},{"@type":"ListItem","position":2,"name":"A &#8220;Porta do Sol&#8221; nas Am\u00e9ricas tem uma floresta inteira e praias verdes que se misturam ao centro hist\u00f3rico de 1585"}]},{"@type":"WebSite","@id":"https:\/\/www.correiobraziliense.com.br\/cbradar\/#website","url":"https:\/\/www.correiobraziliense.com.br\/cbradar\/","name":"Correio Braziliense - Radar","description":"Acompanhe as \u00faltimas not\u00edcias e fique bem informado sobre tudo o que acontece no Brasil e no mundo.","potentialAction":[{"@type":"SearchAction","target":{"@type":"EntryPoint","urlTemplate":"https:\/\/www.correiobraziliense.com.br\/cbradar\/?s={search_term_string}"},"query-input":{"@type":"PropertyValueSpecification","valueRequired":true,"valueName":"search_term_string"}}],"inLanguage":"pt-BR"},{"@type":"Person","@id":"https:\/\/www.correiobraziliense.com.br\/cbradar\/#\/schema\/person\/4053c651a9bfc785afc6f4cbc9032fd3","name":"Maura Pereira","image":{"@type":"ImageObject","inLanguage":"pt-BR","@id":"https:\/\/www.correiobraziliense.com.br\/cbradar\/#\/schema\/person\/image\/","url":"https:\/\/secure.gravatar.com\/avatar\/3effd6bdadfa447f15089c7f7144eaa6?s=96&d=mm&r=g","contentUrl":"https:\/\/secure.gravatar.com\/avatar\/3effd6bdadfa447f15089c7f7144eaa6?s=96&d=mm&r=g","caption":"Maura Pereira"},"sameAs":["https:\/\/www.correiobraziliense.com.br\/"],"url":"https:\/\/www.correiobraziliense.com.br\/cbradar\/author\/mauramyth\/"}]}},"_links":{"self":[{"href":"https:\/\/www.correiobraziliense.com.br\/cbradar\/wp-json\/wp\/v2\/posts\/232737","targetHints":{"allow":["GET"]}}],"collection":[{"href":"https:\/\/www.correiobraziliense.com.br\/cbradar\/wp-json\/wp\/v2\/posts"}],"about":[{"href":"https:\/\/www.correiobraziliense.com.br\/cbradar\/wp-json\/wp\/v2\/types\/post"}],"author":[{"embeddable":true,"href":"https:\/\/www.correiobraziliense.com.br\/cbradar\/wp-json\/wp\/v2\/users\/8"}],"replies":[{"embeddable":true,"href":"https:\/\/www.correiobraziliense.com.br\/cbradar\/wp-json\/wp\/v2\/comments?post=232737"}],"version-history":[{"count":14,"href":"https:\/\/www.correiobraziliense.com.br\/cbradar\/wp-json\/wp\/v2\/posts\/232737\/revisions"}],"predecessor-version":[{"id":232841,"href":"https:\/\/www.correiobraziliense.com.br\/cbradar\/wp-json\/wp\/v2\/posts\/232737\/revisions\/232841"}],"wp:featuredmedia":[{"embeddable":true,"href":"https:\/\/www.correiobraziliense.com.br\/cbradar\/wp-json\/wp\/v2\/media\/219934"}],"wp:attachment":[{"href":"https:\/\/www.correiobraziliense.com.br\/cbradar\/wp-json\/wp\/v2\/media?parent=232737"}],"wp:term":[{"taxonomy":"category","embeddable":true,"href":"https:\/\/www.correiobraziliense.com.br\/cbradar\/wp-json\/wp\/v2\/categories?post=232737"},{"taxonomy":"post_tag","embeddable":true,"href":"https:\/\/www.correiobraziliense.com.br\/cbradar\/wp-json\/wp\/v2\/post_tag?post=232737"}],"curies":[{"name":"wp","href":"https:\/\/api.w.org\/{rel}","templated":true}]}}